{"id":19880,"date":"2020-05-26T19:38:23","date_gmt":"2020-05-26T17:38:23","guid":{"rendered":"https:\/\/www.uruloki.org\/felipeblog\/?p=19880"},"modified":"2020-05-26T19:38:23","modified_gmt":"2020-05-26T17:38:23","slug":"scott-derrickson-ha-dado-el-si-quiero-a-tristar-pictures-para-dirigir-una-secuela-de-dentro-del-laberinto-edgar-wright-confirma-que-last-night-in-soho-no-llegara-a-los-cines-hasta-el-23-de-abril-del","status":"publish","type":"post","link":"https:\/\/www.uruloki.org\/felipeblog\/cine-de-fantasia\/scott-derrickson-ha-dado-el-si-quiero-a-tristar-pictures-para-dirigir-una-secuela-de-dentro-del-laberinto-edgar-wright-confirma-que-last-night-in-soho-no-llegara-a-los-cines-hasta-el-23-de-abril-del","title":{"rendered":"Scott Derrickson ha dado el s\u00ed quiero a TriStar Pictures para dirigir una secuela de Dentro del Laberinto, Edgar Wright confirma que Last Night in Soho no llegar\u00e1 a los cines hasta el 23 de abril del 2021, y David Ayer deja claro que tambi\u00e9n tiene listo su montaje de Escuadr\u00f3n Suicida si HBO Max quiere&#8230;"},"content":{"rendered":"<p>Venga, entrada rapidita que hace un calor de tres pares. Por ejemplo, <strong>Scott Derrickson<\/strong> ha dado el s&iacute; quiero a <strong>TriStar Pictures<\/strong> para <a href=\"https:\/\/deadline.com\/2020\/05\/labyrinth-sequel-scott-derrickson-director-maggie-levin-write-script-doctor-strange-1202943188\/\" target=\"_blank\" rel=\"noopener noreferrer\">dirigir una secuela de la obra maestra de la animaci&oacute;n fant&aacute;stica <strong>Dentro del Laberinto<\/strong> (<em>Labyrinth<\/em>)<\/a> de <strong>Jim Henson<\/strong>. Tras abandonar por diferencias creativas el desarrollo de <strong>Doctor Strange 2: El multiverso de la locura<\/strong> (<em>Doctor Strange in the Multiverse of Madness<\/em>), ahora en manos de <strong>Sam Raimi<\/strong>, <strong>Derrickson<\/strong> trabajar&aacute; codo a codo junto a <strong>Maggie Levin<\/strong> (<em>&quot;Into the Dark&quot;<\/em>) en el gui&oacute;n de esta secuela. Cientos de dudas surgen ante una noticia como esta, sobre todo si tenemos en cuenta que <strong>David Bowie<\/strong> ya no est&aacute;, si bien <strong>Jennifer Connelly<\/strong> podr&iacute;a regresar. La duda es saber ahora qu&eacute; historia contar&aacute;n <strong>Derrickson<\/strong> y <strong>Levin<\/strong>, sin <em>Jareth<\/em> puede que nada sea igual&#8230; &iquest;y <em>Toby<\/em>?, &iquest;y <em>Hoggle<\/em>?, &iquest;y <em>Ludo<\/em>?, &iquest;y <em>Didymus<\/em>? En fin, millones de dudas, por ahora esto es una fase muy cero del proyecto.<\/p>\n<p class=\"centrado\"><img decoding=\"async\" src=\"\/felipeblog\/imagenes2020\/20200526-labyrinth.jpg\" alt=\"No toda la magia de Dentro del Laberinto regresar&aacute;\"><br \/><em>No toda la magia de Dentro del Laberinto regresar&aacute;<\/em><\/p>\n<p>La segunda sorpresa, o confirmaci&oacute;n, la ofrece el propio <strong>Edgar Wright<\/strong> indicando que <strong>Last Night in Soho<\/strong>, su nueva pel&iacute;cula, no llegar&aacute; a los cines hasta el 23 de abril del a&ntilde;o que viene, estaba prevista para septiembre de este a&ntilde;o. El aplazamiento es gordo, pero esperado dada la situaci&oacute;n actual. Por ahora lo que tenemos es una nueva imagen del film&#8230; en ella <strong>Matt Smith<\/strong> y <strong>Anya Taylor-Joy<\/strong> cara a cara.<\/p>\n<div class=\"twittercentrado\">\n<blockquote class=\"twitter-tweet\">\n<p lang=\"en\" dir=\"ltr\">Haunted by someone else\u2019s past, but we\u2019ll see you in the future&#8230; It\u2019s true, <a href=\"https:\/\/twitter.com\/hashtag\/LastNightInSoho?src=hash&amp;ref_src=twsrc%5Etfw\" target=\"_blank\" rel=\"noopener noreferrer\">#LastNightInSoho<\/a> is not quite finished yet due to Covid 19. But, I&#39;m excited for you all to experience it, at a big screen near you, on April 23, 2021. <a href=\"https:\/\/twitter.com\/lastnightinsoho?ref_src=twsrc%5Etfw\" target=\"_blank\" rel=\"noopener noreferrer\">@LastNightInSoho<\/a> <a href=\"https:\/\/twitter.com\/FocusFeatures?ref_src=twsrc%5Etfw\" target=\"_blank\" rel=\"noopener noreferrer\">@FocusFeatures<\/a> <a href=\"https:\/\/twitter.com\/universaluk?ref_src=twsrc%5Etfw\" target=\"_blank\" rel=\"noopener noreferrer\">@universaluk<\/a> <a href=\"https:\/\/t.co\/zmPnAZICkb\" target=\"_blank\" rel=\"noopener noreferrer\">pic.twitter.com\/zmPnAZICkb<\/a><\/p>\n<p>&mdash; edgarwright (@edgarwright) <a href=\"https:\/\/twitter.com\/edgarwright\/status\/1265296656217628673?ref_src=twsrc%5Etfw\" target=\"_blank\" rel=\"noopener noreferrer\">May 26, 2020<\/a><\/p><\/blockquote>\n<p> <script async src=\"https:\/\/platform.twitter.com\/widgets.js\" charset=\"utf-8\"><\/script><\/div>\n<p>Por otro lado, y con <strong>Zack Snyder<\/strong> sacando <strong>Liga de la Justicia<\/strong> (<em>Justice League<\/em>), su montaje, en <strong>HBO Max<\/strong>, ahora es <strong>David Ayer<\/strong> el que comenta que &eacute;l tambi&eacute;n tiene su montaje de <strong>Escuadr&oacute;n Suicida<\/strong> (<em>Suicide Squad<\/em>). En perfecto castellano Ayer indica que su pel&iacute;cula est&aacute; casi completa a falta de algunos efectos visuales. Por lo tanto, no ser&iacute;a de extra&ntilde;ar que si la <strong>Zack Snyder&#8217;s Justice League<\/strong> funciona en <strong>HBO Max<\/strong> como se espera, tiempo al tiempo que la plataforma nos ofrezca la <strong>David Ayer&#8217;s Suicide Squad<\/strong>. Tiempo al tiempo.<\/p>\n<div class=\"twittercentrado\">\n<blockquote class=\"twitter-tweet\">\n<p lang=\"es\" dir=\"ltr\">Claro que existe. Y esta casi completa menos unos efectos visuales. <a href=\"https:\/\/t.co\/pRsEpRTvEJ\" target=\"_blank\" rel=\"noopener noreferrer\">https:\/\/t.co\/pRsEpRTvEJ<\/a><\/p>\n<p>&mdash; David Ayer (@DavidAyerMovies) <a href=\"https:\/\/twitter.com\/DavidAyerMovies\/status\/1264614967535218693?ref_src=twsrc%5Etfw\" target=\"_blank\" rel=\"noopener noreferrer\">May 24, 2020<\/a><\/p><\/blockquote>\n<p> <script async src=\"https:\/\/platform.twitter.com\/widgets.js\" charset=\"utf-8\"><\/script><\/div>\n","protected":false},"excerpt":{"rendered":"<p>Venga, entrada rapidita que hace un calor de tres pares. Por ejemplo, Scott Derrickson ha dado el s&iacute; quiero a TriStar Pictures para dirigir una secuela de la obra maestra de la animaci&oacute;n fant&aacute;stica Dentro del Laberinto (Labyrinth) de Jim Henson. Tras abandonar por diferencias creativas el desarrollo de Doctor Strange 2: El multiverso de [&hellip;]<\/p>\n","protected":false},"author":28,"featured_media":0,"comment_status":"open","ping_status":"open","sticky":false,"template":"","format":"standard","meta":{"footnotes":""},"categories":[10,12,19],"tags":[3474,4217,1174],"class_list":["post-19880","post","type-post","status-publish","format-standard","hentry","category-cine-de-comics","category-cine-de-fantasia","category-cine-inclasificable","tag-labyrinth","tag-last-night-in-soho","tag-suicide-squad"],"yoast_head":"<!-- This site is optimized with the Yoast SEO plugin v24.3 - https:\/\/yoast.com\/wordpress\/plugins\/seo\/ -->\n<title>Scott Derrickson da el s\u00ed quiero a una secuela de Dentro del Laberinto<\/title>\n<meta name=\"description\" content=\"Scott Derrickson ha dado el s\u00ed quiero a TriStar Pictures para dirigir una secuela de la obra maestra de la animaci\u00f3n fant\u00e1stica Dentro del Laberinto.\" \/>\n<meta name=\"robots\" content=\"index, follow, max-snippet:-1, max-image-preview:large, max-video-preview:-1\" \/>\n<link rel=\"canonical\" href=\"https:\/\/www.uruloki.org\/felipeblog\/cine-de-fantasia\/scott-derrickson-ha-dado-el-si-quiero-a-tristar-pictures-para-dirigir-una-secuela-de-dentro-del-laberinto-edgar-wright-confirma-que-last-night-in-soho-no-llegara-a-los-cines-hasta-el-23-de-abril-del\" \/>\n<meta property=\"og:locale\" content=\"es_ES\" \/>\n<meta property=\"og:type\" content=\"article\" \/>\n<meta property=\"og:title\" content=\"Scott Derrickson da el s\u00ed quiero a una secuela de Dentro del Laberinto\" \/>\n<meta property=\"og:description\" content=\"Scott Derrickson ha dado el s\u00ed quiero a TriStar Pictures para dirigir una secuela de la obra maestra de la animaci\u00f3n fant\u00e1stica Dentro del Laberinto.\" \/>\n<meta property=\"og:url\" content=\"https:\/\/www.uruloki.org\/felipeblog\/cine-de-fantasia\/scott-derrickson-ha-dado-el-si-quiero-a-tristar-pictures-para-dirigir-una-secuela-de-dentro-del-laberinto-edgar-wright-confirma-que-last-night-in-soho-no-llegara-a-los-cines-hasta-el-23-de-abril-del\" \/>\n<meta property=\"og:site_name\" content=\"Uruloki :: Blog\" \/>\n<meta property=\"article:publisher\" content=\"https:\/\/www.facebook.com\/uruloki.org\" \/>\n<meta property=\"article:published_time\" content=\"2020-05-26T17:38:23+00:00\" \/>\n<meta property=\"og:image\" content=\"https:\/\/www.uruloki.org\/felipeblog\/wp-content\/uploads\/2020\/05\/20200526-labyrinth.jpg\" \/>\n\t<meta property=\"og:image:width\" content=\"625\" \/>\n\t<meta property=\"og:image:height\" content=\"352\" \/>\n\t<meta property=\"og:image:type\" content=\"image\/jpeg\" \/>\n<meta name=\"author\" content=\"Uruloki\" \/>\n<meta name=\"twitter:card\" content=\"summary_large_image\" \/>\n<meta name=\"twitter:creator\" content=\"@uruloki\" \/>\n<meta name=\"twitter:site\" content=\"@uruloki\" \/>\n<meta name=\"twitter:label1\" content=\"Escrito por\" \/>\n\t<meta name=\"twitter:data1\" content=\"Uruloki\" \/>\n\t<meta name=\"twitter:label2\" content=\"Tiempo de lectura\" \/>\n\t<meta name=\"twitter:data2\" content=\"2 minutos\" \/>\n<script type=\"application\/ld+json\" class=\"yoast-schema-graph\">{\"@context\":\"https:\/\/schema.org\",\"@graph\":[{\"@type\":\"WebPage\",\"@id\":\"https:\/\/www.uruloki.org\/felipeblog\/cine-de-fantasia\/scott-derrickson-ha-dado-el-si-quiero-a-tristar-pictures-para-dirigir-una-secuela-de-dentro-del-laberinto-edgar-wright-confirma-que-last-night-in-soho-no-llegara-a-los-cines-hasta-el-23-de-abril-del\",\"url\":\"https:\/\/www.uruloki.org\/felipeblog\/cine-de-fantasia\/scott-derrickson-ha-dado-el-si-quiero-a-tristar-pictures-para-dirigir-una-secuela-de-dentro-del-laberinto-edgar-wright-confirma-que-last-night-in-soho-no-llegara-a-los-cines-hasta-el-23-de-abril-del\",\"name\":\"Scott Derrickson da el s\u00ed quiero a una secuela de Dentro del Laberinto\",\"isPartOf\":{\"@id\":\"https:\/\/www.uruloki.org\/felipeblog\/#website\"},\"datePublished\":\"2020-05-26T17:38:23+00:00\",\"dateModified\":\"2020-05-26T17:38:23+00:00\",\"author\":{\"@id\":\"https:\/\/www.uruloki.org\/felipeblog\/#\/schema\/person\/ddba06ddaa27edf0c370460d05c51bb3\"},\"description\":\"Scott Derrickson ha dado el s\u00ed quiero a TriStar Pictures para dirigir una secuela de la obra maestra de la animaci\u00f3n fant\u00e1stica Dentro del Laberinto.\",\"breadcrumb\":{\"@id\":\"https:\/\/www.uruloki.org\/felipeblog\/cine-de-fantasia\/scott-derrickson-ha-dado-el-si-quiero-a-tristar-pictures-para-dirigir-una-secuela-de-dentro-del-laberinto-edgar-wright-confirma-que-last-night-in-soho-no-llegara-a-los-cines-hasta-el-23-de-abril-del#breadcrumb\"},\"inLanguage\":\"es\",\"potentialAction\":[{\"@type\":\"ReadAction\",\"target\":[\"https:\/\/www.uruloki.org\/felipeblog\/cine-de-fantasia\/scott-derrickson-ha-dado-el-si-quiero-a-tristar-pictures-para-dirigir-una-secuela-de-dentro-del-laberinto-edgar-wright-confirma-que-last-night-in-soho-no-llegara-a-los-cines-hasta-el-23-de-abril-del\"]}]},{\"@type\":\"BreadcrumbList\",\"@id\":\"https:\/\/www.uruloki.org\/felipeblog\/cine-de-fantasia\/scott-derrickson-ha-dado-el-si-quiero-a-tristar-pictures-para-dirigir-una-secuela-de-dentro-del-laberinto-edgar-wright-confirma-que-last-night-in-soho-no-llegara-a-los-cines-hasta-el-23-de-abril-del#breadcrumb\",\"itemListElement\":[{\"@type\":\"ListItem\",\"position\":1,\"name\":\"Portada\",\"item\":\"https:\/\/www.uruloki.org\/felipeblog\"},{\"@type\":\"ListItem\",\"position\":2,\"name\":\"Scott Derrickson ha dado el s\u00ed quiero a TriStar Pictures para dirigir una secuela de Dentro del Laberinto, Edgar Wright confirma que Last Night in Soho no llegar\u00e1 a los cines hasta el 23 de abril del 2021, y David Ayer deja claro que tambi\u00e9n tiene listo su montaje de Escuadr\u00f3n Suicida si HBO Max quiere&#8230;\"}]},{\"@type\":\"WebSite\",\"@id\":\"https:\/\/www.uruloki.org\/felipeblog\/#website\",\"url\":\"https:\/\/www.uruloki.org\/felipeblog\/\",\"name\":\"Uruloki :: Blog\",\"description\":\"Blog de cine, terror, ciencia ficci\u00f3n, fantas\u00eda y c\u00f3mics\",\"potentialAction\":[{\"@type\":\"SearchAction\",\"target\":{\"@type\":\"EntryPoint\",\"urlTemplate\":\"https:\/\/www.uruloki.org\/felipeblog\/?s={search_term_string}\"},\"query-input\":{\"@type\":\"PropertyValueSpecification\",\"valueRequired\":true,\"valueName\":\"search_term_string\"}}],\"inLanguage\":\"es\"},{\"@type\":\"Person\",\"@id\":\"https:\/\/www.uruloki.org\/felipeblog\/#\/schema\/person\/ddba06ddaa27edf0c370460d05c51bb3\",\"name\":\"Uruloki\",\"image\":{\"@type\":\"ImageObject\",\"inLanguage\":\"es\",\"@id\":\"https:\/\/www.uruloki.org\/felipeblog\/#\/schema\/person\/image\/\",\"url\":\"https:\/\/secure.gravatar.com\/avatar\/68d5301c5f52ba88fd63f02c75b8c4d1b3c3fc4b21e2998a1e98c4b3a54d9f7c?s=96&d=mm&r=g\",\"contentUrl\":\"https:\/\/secure.gravatar.com\/avatar\/68d5301c5f52ba88fd63f02c75b8c4d1b3c3fc4b21e2998a1e98c4b3a54d9f7c?s=96&d=mm&r=g\",\"caption\":\"Uruloki\"},\"sameAs\":[\"https:\/\/uruloki.org\"],\"url\":\"https:\/\/www.uruloki.org\/felipeblog\/author\/admin-2-2-2\"}]}<\/script>\n<!-- \/ Yoast SEO plugin. -->","yoast_head_json":{"title":"Scott Derrickson da el s\u00ed quiero a una secuela de Dentro del Laberinto","description":"Scott Derrickson ha dado el s\u00ed quiero a TriStar Pictures para dirigir una secuela de la obra maestra de la animaci\u00f3n fant\u00e1stica Dentro del Laberinto.","robots":{"index":"index","follow":"follow","max-snippet":"max-snippet:-1","max-image-preview":"max-image-preview:large","max-video-preview":"max-video-preview:-1"},"canonical":"https:\/\/www.uruloki.org\/felipeblog\/cine-de-fantasia\/scott-derrickson-ha-dado-el-si-quiero-a-tristar-pictures-para-dirigir-una-secuela-de-dentro-del-laberinto-edgar-wright-confirma-que-last-night-in-soho-no-llegara-a-los-cines-hasta-el-23-de-abril-del","og_locale":"es_ES","og_type":"article","og_title":"Scott Derrickson da el s\u00ed quiero a una secuela de Dentro del Laberinto","og_description":"Scott Derrickson ha dado el s\u00ed quiero a TriStar Pictures para dirigir una secuela de la obra maestra de la animaci\u00f3n fant\u00e1stica Dentro del Laberinto.","og_url":"https:\/\/www.uruloki.org\/felipeblog\/cine-de-fantasia\/scott-derrickson-ha-dado-el-si-quiero-a-tristar-pictures-para-dirigir-una-secuela-de-dentro-del-laberinto-edgar-wright-confirma-que-last-night-in-soho-no-llegara-a-los-cines-hasta-el-23-de-abril-del","og_site_name":"Uruloki :: Blog","article_publisher":"https:\/\/www.facebook.com\/uruloki.org","article_published_time":"2020-05-26T17:38:23+00:00","og_image":[{"width":625,"height":352,"url":"https:\/\/www.uruloki.org\/felipeblog\/wp-content\/uploads\/2020\/05\/20200526-labyrinth.jpg","type":"image\/jpeg"}],"author":"Uruloki","twitter_card":"summary_large_image","twitter_creator":"@uruloki","twitter_site":"@uruloki","twitter_misc":{"Escrito por":"Uruloki","Tiempo de lectura":"2 minutos"},"schema":{"@context":"https:\/\/schema.org","@graph":[{"@type":"WebPage","@id":"https:\/\/www.uruloki.org\/felipeblog\/cine-de-fantasia\/scott-derrickson-ha-dado-el-si-quiero-a-tristar-pictures-para-dirigir-una-secuela-de-dentro-del-laberinto-edgar-wright-confirma-que-last-night-in-soho-no-llegara-a-los-cines-hasta-el-23-de-abril-del","url":"https:\/\/www.uruloki.org\/felipeblog\/cine-de-fantasia\/scott-derrickson-ha-dado-el-si-quiero-a-tristar-pictures-para-dirigir-una-secuela-de-dentro-del-laberinto-edgar-wright-confirma-que-last-night-in-soho-no-llegara-a-los-cines-hasta-el-23-de-abril-del","name":"Scott Derrickson da el s\u00ed quiero a una secuela de Dentro del Laberinto","isPartOf":{"@id":"https:\/\/www.uruloki.org\/felipeblog\/#website"},"datePublished":"2020-05-26T17:38:23+00:00","dateModified":"2020-05-26T17:38:23+00:00","author":{"@id":"https:\/\/www.uruloki.org\/felipeblog\/#\/schema\/person\/ddba06ddaa27edf0c370460d05c51bb3"},"description":"Scott Derrickson ha dado el s\u00ed quiero a TriStar Pictures para dirigir una secuela de la obra maestra de la animaci\u00f3n fant\u00e1stica Dentro del Laberinto.","breadcrumb":{"@id":"https:\/\/www.uruloki.org\/felipeblog\/cine-de-fantasia\/scott-derrickson-ha-dado-el-si-quiero-a-tristar-pictures-para-dirigir-una-secuela-de-dentro-del-laberinto-edgar-wright-confirma-que-last-night-in-soho-no-llegara-a-los-cines-hasta-el-23-de-abril-del#breadcrumb"},"inLanguage":"es","potentialAction":[{"@type":"ReadAction","target":["https:\/\/www.uruloki.org\/felipeblog\/cine-de-fantasia\/scott-derrickson-ha-dado-el-si-quiero-a-tristar-pictures-para-dirigir-una-secuela-de-dentro-del-laberinto-edgar-wright-confirma-que-last-night-in-soho-no-llegara-a-los-cines-hasta-el-23-de-abril-del"]}]},{"@type":"BreadcrumbList","@id":"https:\/\/www.uruloki.org\/felipeblog\/cine-de-fantasia\/scott-derrickson-ha-dado-el-si-quiero-a-tristar-pictures-para-dirigir-una-secuela-de-dentro-del-laberinto-edgar-wright-confirma-que-last-night-in-soho-no-llegara-a-los-cines-hasta-el-23-de-abril-del#breadcrumb","itemListElement":[{"@type":"ListItem","position":1,"name":"Portada","item":"https:\/\/www.uruloki.org\/felipeblog"},{"@type":"ListItem","position":2,"name":"Scott Derrickson ha dado el s\u00ed quiero a TriStar Pictures para dirigir una secuela de Dentro del Laberinto, Edgar Wright confirma que Last Night in Soho no llegar\u00e1 a los cines hasta el 23 de abril del 2021, y David Ayer deja claro que tambi\u00e9n tiene listo su montaje de Escuadr\u00f3n Suicida si HBO Max quiere&#8230;"}]},{"@type":"WebSite","@id":"https:\/\/www.uruloki.org\/felipeblog\/#website","url":"https:\/\/www.uruloki.org\/felipeblog\/","name":"Uruloki :: Blog","description":"Blog de cine, terror, ciencia ficci\u00f3n, fantas\u00eda y c\u00f3mics","potentialAction":[{"@type":"SearchAction","target":{"@type":"EntryPoint","urlTemplate":"https:\/\/www.uruloki.org\/felipeblog\/?s={search_term_string}"},"query-input":{"@type":"PropertyValueSpecification","valueRequired":true,"valueName":"search_term_string"}}],"inLanguage":"es"},{"@type":"Person","@id":"https:\/\/www.uruloki.org\/felipeblog\/#\/schema\/person\/ddba06ddaa27edf0c370460d05c51bb3","name":"Uruloki","image":{"@type":"ImageObject","inLanguage":"es","@id":"https:\/\/www.uruloki.org\/felipeblog\/#\/schema\/person\/image\/","url":"https:\/\/secure.gravatar.com\/avatar\/68d5301c5f52ba88fd63f02c75b8c4d1b3c3fc4b21e2998a1e98c4b3a54d9f7c?s=96&d=mm&r=g","contentUrl":"https:\/\/secure.gravatar.com\/avatar\/68d5301c5f52ba88fd63f02c75b8c4d1b3c3fc4b21e2998a1e98c4b3a54d9f7c?s=96&d=mm&r=g","caption":"Uruloki"},"sameAs":["https:\/\/uruloki.org"],"url":"https:\/\/www.uruloki.org\/felipeblog\/author\/admin-2-2-2"}]}},"_links":{"self":[{"href":"https:\/\/www.uruloki.org\/felipeblog\/wp-json\/wp\/v2\/posts\/19880","targetHints":{"allow":["GET"]}}],"collection":[{"href":"https:\/\/www.uruloki.org\/felipeblog\/wp-json\/wp\/v2\/posts"}],"about":[{"href":"https:\/\/www.uruloki.org\/felipeblog\/wp-json\/wp\/v2\/types\/post"}],"author":[{"embeddable":true,"href":"https:\/\/www.uruloki.org\/felipeblog\/wp-json\/wp\/v2\/users\/28"}],"replies":[{"embeddable":true,"href":"https:\/\/www.uruloki.org\/felipeblog\/wp-json\/wp\/v2\/comments?post=19880"}],"version-history":[{"count":1,"href":"https:\/\/www.uruloki.org\/felipeblog\/wp-json\/wp\/v2\/posts\/19880\/revisions"}],"predecessor-version":[{"id":19882,"href":"https:\/\/www.uruloki.org\/felipeblog\/wp-json\/wp\/v2\/posts\/19880\/revisions\/19882"}],"wp:attachment":[{"href":"https:\/\/www.uruloki.org\/felipeblog\/wp-json\/wp\/v2\/media?parent=19880"}],"wp:term":[{"taxonomy":"category","embeddable":true,"href":"https:\/\/www.uruloki.org\/felipeblog\/wp-json\/wp\/v2\/categories?post=19880"},{"taxonomy":"post_tag","embeddable":true,"href":"https:\/\/www.uruloki.org\/felipeblog\/wp-json\/wp\/v2\/tags?post=19880"}],"curies":[{"name":"wp","href":"https:\/\/api.w.org\/{rel}","templated":true}]}}