{"id":19680,"date":"2020-03-12T23:49:40","date_gmt":"2020-03-12T22:49:40","guid":{"rendered":"https:\/\/www.uruloki.org\/felipeblog\/?p=19680"},"modified":"2020-03-28T12:38:16","modified_gmt":"2020-03-28T11:38:16","slug":"los-directores-de-noches-de-bodas-se-haran-cargo-del-reboot-de-scream-richard-e-grant-se-une-a-tom-hiddleston-en-loki-de-disney-spider-man-3-tiene-ya-fecha-de-inicio-de-rodaje-y-es-da","status":"publish","type":"post","link":"https:\/\/www.uruloki.org\/felipeblog\/cine-de-terror\/los-directores-de-noches-de-bodas-se-haran-cargo-del-reboot-de-scream-richard-e-grant-se-une-a-tom-hiddleston-en-loki-de-disney-spider-man-3-tiene-ya-fecha-de-inicio-de-rodaje-y-es-da","title":{"rendered":"Los directores de Noches de bodas se har\u00e1n cargo del reboot de Scream, Richard E. Grant se une a Tom Hiddleston en \u00abLoki\u00bb de Disney+, Spider-Man 3 tiene ya fecha de inicio de rodaje, y \u00bfes \u00abDawn of the Paladin\u00bb la ciencia ficci\u00f3n de una nueva generaci\u00f3n?&#8230;"},"content":{"rendered":"<p>Pues nada, en plena crisis de todo, y con el mundillo del cine apuntando a que entraremos en un par&oacute;n noticiero y de estrenos bastante largo, unos cuantos comentarios y a ver si ma&ntilde;ana tenemos buenas noticias en todos los aspectos posibles.<\/p>\n<p>La cosa m&aacute;s llamativa del d&iacute;a, entre aplazamientos varios, es el anuncio de que <a href=\"https:\/\/variety.com\/2020\/film\/news\/scream-reboot-ready-or-not-matthew-bettinelli-olpin-tyler-gillett-1203532289\/\" target=\"_blank\" rel=\"noopener noreferrer\"><strong>Matthew Bettinelli-Olpin<\/strong> y <strong>Tyler Gillett<\/strong> han sido fichados por <strong>Spyglass Entertainment<\/strong> para desarrollar un <em>reboot<\/em> de la saga <strong>Scream<\/strong><\/a>, que no <strong>Scream 5<\/strong>. Los directores de <strong>Noche de bodas<\/strong> (<em>Ready or Not<\/em>), tratar&aacute;n de reinventar la bomba gestada por <strong>Wes Craven<\/strong> y <strong>Kevin Williamson<\/strong> en 1996, y que cont&oacute; en su reparto con <strong>Neve Campbell<\/strong>, <strong>Courteney Cox<\/strong> y <strong>David Arquette<\/strong>&#8230; todos frente a <em>Ghostface<\/em>, un icono generacional y serial killer pop como ninguno. La saga original cont&oacute; con varias secuelas, 1997, 2000, una que no hac&iacute;a esperar mucho m&aacute;s, y 2011, que <a href=\"https:\/\/uruloki.org\/felipeblog\/cine-de-terror\/scream-4-opinin\">revitaliz&oacute; el tema si bien all&iacute; se qued&oacute; todo<\/a>. Pues eso, preparados para un nuevo <em>Ghostface<\/em> y una nueva serie de v&iacute;ctimas que ni aplican las reglas del cine de terror.<\/p>\n<p class=\"centrado\"><img decoding=\"async\" src=\"\/felipeblog\/imagenes2020\/20200312-scream.jpg\" alt=\"Ghostface... regresa. Reboot de Scream al canto\" width=\"625\"><br \/><em>Ghostface&#8230; regresa. Reboot de Scream al canto<\/em><\/p>\n<p>La que mueve ficha otra vez, en pleno rodaje, es <strong>&quot;Loki&quot;<\/strong> de <strong>Disney+<\/strong>. <a href=\"https:\/\/variety.com\/2020\/tv\/news\/loki-disney-plus-series-richard-e-grant-1203530333\/\" target=\"_blank\" rel=\"noopener noreferrer\">La serie incorpora ahora a <strong>Richard E. Grant<\/strong><\/a>, visto recientemente en <strong>Star Wars: El ascenso de Skywalker<\/strong> (<em>Star Wars: Episode IX &#8211; The Rise of Skywalker<\/em>), pero nominado al Oscar por <strong>&iquest;Podr&aacute;s perdonarme alg&uacute;n d&iacute;a?<\/strong> (<em>Can You Ever Forgive Me?<\/em>) y con pap&eacute;les relevantes en films como <strong>Gosford Park<\/strong>, <strong>Logan<\/strong>, <strong>&quot;Doctor Who&quot;<\/strong>, <strong>Dr&aacute;cula de Bram Stoker<\/strong> (<em>Dracula<\/em>) o <strong>El juego de Hollywood<\/strong> (<em>The Player<\/em>). Si bien dicen que Grant aparecer&aacute; en un &uacute;nico episodio, hay que decir eso de que se suma a <strong>Tom Hiddleston<\/strong>, <strong>Owen Wilson<\/strong>, <strong>Gugu Mbatha-Raw<\/strong> y <strong>Sophia Di Martino<\/strong>. Y hablando de cine comiquero, <a href=\"https:\/\/www.ign.com\/articles\/spider-man-3-mcu-tom-holland-july-2020-filming-zendaya\" target=\"_blank\" rel=\"noopener noreferrer\"><strong>Spider-Man 3<\/strong> tiene luz verde y cuenta <strong>Tom Holland<\/strong> que comenzar&aacute;n el rodaje en julio de este a&ntilde;o<\/a>, si lo permite el coronavirus, con <strong>Zendaya<\/strong> regresando como <em>MJ<\/em>.<\/p>\n<p>Para terminar comentar que <a href=\"https:\/\/deadline.com\/2020\/03\/dirk-hoogstra-chris-collins-team-on-dawn-of-the-paladin-sci-fi-movie-franchise-1202879341\/\" target=\"_blank\" rel=\"noopener noreferrer\">se nos viene encima <strong>Dawn of the Paladin<\/strong><\/a>, cuatro pel&iacute;culas escritas por <strong>Chris Collins<\/strong> (<em>&quot;The Wire&quot;<\/em>, <em>John Wick: Cap&iacute;tulo 3 &#8211; Parabellum<\/em>, <em>&quot;Hijos de la anarqu&iacute;a&quot;<\/em>, <em>&quot;El hombre en el castillo&quot;<\/em> y la futura <em>&quot;The Continental&quot;<\/em>). La historia, creada por <strong>Dirk Hoogstra<\/strong>, se centrar&aacute; en un peque&ntilde;o grupo de fuerzas de paz contratadas para proteger una remota colonia de tres planetas.<\/p>\n<p class=\"centrado\"><img decoding=\"async\" src=\"\/felipeblog\/imagenes2020\/20200312-dawn-of-the-paladine.jpg\" alt=\"Logo de Dawn of the Paladin\" width=\"625\"><br \/><em>Logo de Dawn of the Paladin<\/em><\/p>\n","protected":false},"excerpt":{"rendered":"<p>Pues nada, en plena crisis de todo, y con el mundillo del cine apuntando a que entraremos en un par&oacute;n noticiero y de estrenos bastante largo, unos cuantos comentarios y a ver si ma&ntilde;ana tenemos buenas noticias en todos los aspectos posibles. La cosa m&aacute;s llamativa del d&iacute;a, entre aplazamientos varios, es el anuncio de [&hellip;]<\/p>\n","protected":false},"author":28,"featured_media":0,"comment_status":"open","ping_status":"open","sticky":false,"template":"","format":"standard","meta":{"footnotes":""},"categories":[10,8,9],"tags":[4478,4238,923],"class_list":["post-19680","post","type-post","status-publish","format-standard","hentry","category-cine-de-comics","category-cine-de-ciencia-ficcion","category-cine-de-terror","tag-dawn-of-the-paladin","tag-loki","tag-scream"],"yoast_head":"<!-- This site is optimized with the Yoast SEO plugin v24.3 - https:\/\/yoast.com\/wordpress\/plugins\/seo\/ -->\n<title>Los directores de Noches de bodas se har\u00e1n cargo del reboot de Scream<\/title>\n<meta name=\"description\" content=\"Matthew Bettinelli-Olpin y Tyler Gillett han sido fichados por Spyglass para desarrollar un reboot de la saga Scream. Son los de &quot;Noche de bodas&quot;.\" \/>\n<meta name=\"robots\" content=\"index, follow, max-snippet:-1, max-image-preview:large, max-video-preview:-1\" \/>\n<link rel=\"canonical\" href=\"https:\/\/www.uruloki.org\/felipeblog\/cine-de-terror\/los-directores-de-noches-de-bodas-se-haran-cargo-del-reboot-de-scream-richard-e-grant-se-une-a-tom-hiddleston-en-loki-de-disney-spider-man-3-tiene-ya-fecha-de-inicio-de-rodaje-y-es-da\" \/>\n<meta property=\"og:locale\" content=\"es_ES\" \/>\n<meta property=\"og:type\" content=\"article\" \/>\n<meta property=\"og:title\" content=\"Los directores de Noches de bodas se har\u00e1n cargo del reboot de Scream\" \/>\n<meta property=\"og:description\" content=\"Matthew Bettinelli-Olpin y Tyler Gillett han sido fichados por Spyglass para desarrollar un reboot de la saga Scream. Son los de &quot;Noche de bodas&quot;.\" \/>\n<meta property=\"og:url\" content=\"https:\/\/www.uruloki.org\/felipeblog\/cine-de-terror\/los-directores-de-noches-de-bodas-se-haran-cargo-del-reboot-de-scream-richard-e-grant-se-une-a-tom-hiddleston-en-loki-de-disney-spider-man-3-tiene-ya-fecha-de-inicio-de-rodaje-y-es-da\" \/>\n<meta property=\"og:site_name\" content=\"Uruloki :: Blog\" \/>\n<meta property=\"article:publisher\" content=\"https:\/\/www.facebook.com\/uruloki.org\" \/>\n<meta property=\"article:published_time\" content=\"2020-03-12T22:49:40+00:00\" \/>\n<meta property=\"article:modified_time\" content=\"2020-03-28T11:38:16+00:00\" \/>\n<meta property=\"og:image\" content=\"https:\/\/www.uruloki.org\/felipeblog\/wp-content\/uploads\/2020\/03\/20200312-scream.jpg\" \/>\n\t<meta property=\"og:image:width\" content=\"625\" \/>\n\t<meta property=\"og:image:height\" content=\"352\" \/>\n\t<meta property=\"og:image:type\" content=\"image\/jpeg\" \/>\n<meta name=\"author\" content=\"Uruloki\" \/>\n<meta name=\"twitter:card\" content=\"summary_large_image\" \/>\n<meta name=\"twitter:creator\" content=\"@uruloki\" \/>\n<meta name=\"twitter:site\" content=\"@uruloki\" \/>\n<meta name=\"twitter:label1\" content=\"Escrito por\" \/>\n\t<meta name=\"twitter:data1\" content=\"Uruloki\" \/>\n\t<meta name=\"twitter:label2\" content=\"Tiempo de lectura\" \/>\n\t<meta name=\"twitter:data2\" content=\"2 minutos\" \/>\n<script type=\"application\/ld+json\" class=\"yoast-schema-graph\">{\"@context\":\"https:\/\/schema.org\",\"@graph\":[{\"@type\":\"WebPage\",\"@id\":\"https:\/\/www.uruloki.org\/felipeblog\/cine-de-terror\/los-directores-de-noches-de-bodas-se-haran-cargo-del-reboot-de-scream-richard-e-grant-se-une-a-tom-hiddleston-en-loki-de-disney-spider-man-3-tiene-ya-fecha-de-inicio-de-rodaje-y-es-da\",\"url\":\"https:\/\/www.uruloki.org\/felipeblog\/cine-de-terror\/los-directores-de-noches-de-bodas-se-haran-cargo-del-reboot-de-scream-richard-e-grant-se-une-a-tom-hiddleston-en-loki-de-disney-spider-man-3-tiene-ya-fecha-de-inicio-de-rodaje-y-es-da\",\"name\":\"Los directores de Noches de bodas se har\u00e1n cargo del reboot de Scream\",\"isPartOf\":{\"@id\":\"https:\/\/www.uruloki.org\/felipeblog\/#website\"},\"datePublished\":\"2020-03-12T22:49:40+00:00\",\"dateModified\":\"2020-03-28T11:38:16+00:00\",\"author\":{\"@id\":\"https:\/\/www.uruloki.org\/felipeblog\/#\/schema\/person\/ddba06ddaa27edf0c370460d05c51bb3\"},\"description\":\"Matthew Bettinelli-Olpin y Tyler Gillett han sido fichados por Spyglass para desarrollar un reboot de la saga Scream. Son los de \\\"Noche de bodas\\\".\",\"breadcrumb\":{\"@id\":\"https:\/\/www.uruloki.org\/felipeblog\/cine-de-terror\/los-directores-de-noches-de-bodas-se-haran-cargo-del-reboot-de-scream-richard-e-grant-se-une-a-tom-hiddleston-en-loki-de-disney-spider-man-3-tiene-ya-fecha-de-inicio-de-rodaje-y-es-da#breadcrumb\"},\"inLanguage\":\"es\",\"potentialAction\":[{\"@type\":\"ReadAction\",\"target\":[\"https:\/\/www.uruloki.org\/felipeblog\/cine-de-terror\/los-directores-de-noches-de-bodas-se-haran-cargo-del-reboot-de-scream-richard-e-grant-se-une-a-tom-hiddleston-en-loki-de-disney-spider-man-3-tiene-ya-fecha-de-inicio-de-rodaje-y-es-da\"]}]},{\"@type\":\"BreadcrumbList\",\"@id\":\"https:\/\/www.uruloki.org\/felipeblog\/cine-de-terror\/los-directores-de-noches-de-bodas-se-haran-cargo-del-reboot-de-scream-richard-e-grant-se-une-a-tom-hiddleston-en-loki-de-disney-spider-man-3-tiene-ya-fecha-de-inicio-de-rodaje-y-es-da#breadcrumb\",\"itemListElement\":[{\"@type\":\"ListItem\",\"position\":1,\"name\":\"Portada\",\"item\":\"https:\/\/www.uruloki.org\/felipeblog\"},{\"@type\":\"ListItem\",\"position\":2,\"name\":\"Los directores de Noches de bodas se har\u00e1n cargo del reboot de Scream, Richard E. Grant se une a Tom Hiddleston en \u00abLoki\u00bb de Disney+, Spider-Man 3 tiene ya fecha de inicio de rodaje, y \u00bfes \u00abDawn of the Paladin\u00bb la ciencia ficci\u00f3n de una nueva generaci\u00f3n?&#8230;\"}]},{\"@type\":\"WebSite\",\"@id\":\"https:\/\/www.uruloki.org\/felipeblog\/#website\",\"url\":\"https:\/\/www.uruloki.org\/felipeblog\/\",\"name\":\"Uruloki :: Blog\",\"description\":\"Blog de cine, terror, ciencia ficci\u00f3n, fantas\u00eda y c\u00f3mics\",\"potentialAction\":[{\"@type\":\"SearchAction\",\"target\":{\"@type\":\"EntryPoint\",\"urlTemplate\":\"https:\/\/www.uruloki.org\/felipeblog\/?s={search_term_string}\"},\"query-input\":{\"@type\":\"PropertyValueSpecification\",\"valueRequired\":true,\"valueName\":\"search_term_string\"}}],\"inLanguage\":\"es\"},{\"@type\":\"Person\",\"@id\":\"https:\/\/www.uruloki.org\/felipeblog\/#\/schema\/person\/ddba06ddaa27edf0c370460d05c51bb3\",\"name\":\"Uruloki\",\"image\":{\"@type\":\"ImageObject\",\"inLanguage\":\"es\",\"@id\":\"https:\/\/www.uruloki.org\/felipeblog\/#\/schema\/person\/image\/\",\"url\":\"https:\/\/secure.gravatar.com\/avatar\/68d5301c5f52ba88fd63f02c75b8c4d1b3c3fc4b21e2998a1e98c4b3a54d9f7c?s=96&d=mm&r=g\",\"contentUrl\":\"https:\/\/secure.gravatar.com\/avatar\/68d5301c5f52ba88fd63f02c75b8c4d1b3c3fc4b21e2998a1e98c4b3a54d9f7c?s=96&d=mm&r=g\",\"caption\":\"Uruloki\"},\"sameAs\":[\"https:\/\/uruloki.org\"],\"url\":\"https:\/\/www.uruloki.org\/felipeblog\/author\/admin-2-2-2\"}]}<\/script>\n<!-- \/ Yoast SEO plugin. -->","yoast_head_json":{"title":"Los directores de Noches de bodas se har\u00e1n cargo del reboot de Scream","description":"Matthew Bettinelli-Olpin y Tyler Gillett han sido fichados por Spyglass para desarrollar un reboot de la saga Scream. Son los de \"Noche de bodas\".","robots":{"index":"index","follow":"follow","max-snippet":"max-snippet:-1","max-image-preview":"max-image-preview:large","max-video-preview":"max-video-preview:-1"},"canonical":"https:\/\/www.uruloki.org\/felipeblog\/cine-de-terror\/los-directores-de-noches-de-bodas-se-haran-cargo-del-reboot-de-scream-richard-e-grant-se-une-a-tom-hiddleston-en-loki-de-disney-spider-man-3-tiene-ya-fecha-de-inicio-de-rodaje-y-es-da","og_locale":"es_ES","og_type":"article","og_title":"Los directores de Noches de bodas se har\u00e1n cargo del reboot de Scream","og_description":"Matthew Bettinelli-Olpin y Tyler Gillett han sido fichados por Spyglass para desarrollar un reboot de la saga Scream. Son los de \"Noche de bodas\".","og_url":"https:\/\/www.uruloki.org\/felipeblog\/cine-de-terror\/los-directores-de-noches-de-bodas-se-haran-cargo-del-reboot-de-scream-richard-e-grant-se-une-a-tom-hiddleston-en-loki-de-disney-spider-man-3-tiene-ya-fecha-de-inicio-de-rodaje-y-es-da","og_site_name":"Uruloki :: Blog","article_publisher":"https:\/\/www.facebook.com\/uruloki.org","article_published_time":"2020-03-12T22:49:40+00:00","article_modified_time":"2020-03-28T11:38:16+00:00","og_image":[{"width":625,"height":352,"url":"https:\/\/www.uruloki.org\/felipeblog\/wp-content\/uploads\/2020\/03\/20200312-scream.jpg","type":"image\/jpeg"}],"author":"Uruloki","twitter_card":"summary_large_image","twitter_creator":"@uruloki","twitter_site":"@uruloki","twitter_misc":{"Escrito por":"Uruloki","Tiempo de lectura":"2 minutos"},"schema":{"@context":"https:\/\/schema.org","@graph":[{"@type":"WebPage","@id":"https:\/\/www.uruloki.org\/felipeblog\/cine-de-terror\/los-directores-de-noches-de-bodas-se-haran-cargo-del-reboot-de-scream-richard-e-grant-se-une-a-tom-hiddleston-en-loki-de-disney-spider-man-3-tiene-ya-fecha-de-inicio-de-rodaje-y-es-da","url":"https:\/\/www.uruloki.org\/felipeblog\/cine-de-terror\/los-directores-de-noches-de-bodas-se-haran-cargo-del-reboot-de-scream-richard-e-grant-se-une-a-tom-hiddleston-en-loki-de-disney-spider-man-3-tiene-ya-fecha-de-inicio-de-rodaje-y-es-da","name":"Los directores de Noches de bodas se har\u00e1n cargo del reboot de Scream","isPartOf":{"@id":"https:\/\/www.uruloki.org\/felipeblog\/#website"},"datePublished":"2020-03-12T22:49:40+00:00","dateModified":"2020-03-28T11:38:16+00:00","author":{"@id":"https:\/\/www.uruloki.org\/felipeblog\/#\/schema\/person\/ddba06ddaa27edf0c370460d05c51bb3"},"description":"Matthew Bettinelli-Olpin y Tyler Gillett han sido fichados por Spyglass para desarrollar un reboot de la saga Scream. Son los de \"Noche de bodas\".","breadcrumb":{"@id":"https:\/\/www.uruloki.org\/felipeblog\/cine-de-terror\/los-directores-de-noches-de-bodas-se-haran-cargo-del-reboot-de-scream-richard-e-grant-se-une-a-tom-hiddleston-en-loki-de-disney-spider-man-3-tiene-ya-fecha-de-inicio-de-rodaje-y-es-da#breadcrumb"},"inLanguage":"es","potentialAction":[{"@type":"ReadAction","target":["https:\/\/www.uruloki.org\/felipeblog\/cine-de-terror\/los-directores-de-noches-de-bodas-se-haran-cargo-del-reboot-de-scream-richard-e-grant-se-une-a-tom-hiddleston-en-loki-de-disney-spider-man-3-tiene-ya-fecha-de-inicio-de-rodaje-y-es-da"]}]},{"@type":"BreadcrumbList","@id":"https:\/\/www.uruloki.org\/felipeblog\/cine-de-terror\/los-directores-de-noches-de-bodas-se-haran-cargo-del-reboot-de-scream-richard-e-grant-se-une-a-tom-hiddleston-en-loki-de-disney-spider-man-3-tiene-ya-fecha-de-inicio-de-rodaje-y-es-da#breadcrumb","itemListElement":[{"@type":"ListItem","position":1,"name":"Portada","item":"https:\/\/www.uruloki.org\/felipeblog"},{"@type":"ListItem","position":2,"name":"Los directores de Noches de bodas se har\u00e1n cargo del reboot de Scream, Richard E. Grant se une a Tom Hiddleston en \u00abLoki\u00bb de Disney+, Spider-Man 3 tiene ya fecha de inicio de rodaje, y \u00bfes \u00abDawn of the Paladin\u00bb la ciencia ficci\u00f3n de una nueva generaci\u00f3n?&#8230;"}]},{"@type":"WebSite","@id":"https:\/\/www.uruloki.org\/felipeblog\/#website","url":"https:\/\/www.uruloki.org\/felipeblog\/","name":"Uruloki :: Blog","description":"Blog de cine, terror, ciencia ficci\u00f3n, fantas\u00eda y c\u00f3mics","potentialAction":[{"@type":"SearchAction","target":{"@type":"EntryPoint","urlTemplate":"https:\/\/www.uruloki.org\/felipeblog\/?s={search_term_string}"},"query-input":{"@type":"PropertyValueSpecification","valueRequired":true,"valueName":"search_term_string"}}],"inLanguage":"es"},{"@type":"Person","@id":"https:\/\/www.uruloki.org\/felipeblog\/#\/schema\/person\/ddba06ddaa27edf0c370460d05c51bb3","name":"Uruloki","image":{"@type":"ImageObject","inLanguage":"es","@id":"https:\/\/www.uruloki.org\/felipeblog\/#\/schema\/person\/image\/","url":"https:\/\/secure.gravatar.com\/avatar\/68d5301c5f52ba88fd63f02c75b8c4d1b3c3fc4b21e2998a1e98c4b3a54d9f7c?s=96&d=mm&r=g","contentUrl":"https:\/\/secure.gravatar.com\/avatar\/68d5301c5f52ba88fd63f02c75b8c4d1b3c3fc4b21e2998a1e98c4b3a54d9f7c?s=96&d=mm&r=g","caption":"Uruloki"},"sameAs":["https:\/\/uruloki.org"],"url":"https:\/\/www.uruloki.org\/felipeblog\/author\/admin-2-2-2"}]}},"_links":{"self":[{"href":"https:\/\/www.uruloki.org\/felipeblog\/wp-json\/wp\/v2\/posts\/19680","targetHints":{"allow":["GET"]}}],"collection":[{"href":"https:\/\/www.uruloki.org\/felipeblog\/wp-json\/wp\/v2\/posts"}],"about":[{"href":"https:\/\/www.uruloki.org\/felipeblog\/wp-json\/wp\/v2\/types\/post"}],"author":[{"embeddable":true,"href":"https:\/\/www.uruloki.org\/felipeblog\/wp-json\/wp\/v2\/users\/28"}],"replies":[{"embeddable":true,"href":"https:\/\/www.uruloki.org\/felipeblog\/wp-json\/wp\/v2\/comments?post=19680"}],"version-history":[{"count":1,"href":"https:\/\/www.uruloki.org\/felipeblog\/wp-json\/wp\/v2\/posts\/19680\/revisions"}],"predecessor-version":[{"id":19682,"href":"https:\/\/www.uruloki.org\/felipeblog\/wp-json\/wp\/v2\/posts\/19680\/revisions\/19682"}],"wp:attachment":[{"href":"https:\/\/www.uruloki.org\/felipeblog\/wp-json\/wp\/v2\/media?parent=19680"}],"wp:term":[{"taxonomy":"category","embeddable":true,"href":"https:\/\/www.uruloki.org\/felipeblog\/wp-json\/wp\/v2\/categories?post=19680"},{"taxonomy":"post_tag","embeddable":true,"href":"https:\/\/www.uruloki.org\/felipeblog\/wp-json\/wp\/v2\/tags?post=19680"}],"curies":[{"name":"wp","href":"https:\/\/api.w.org\/{rel}","templated":true}]}}