{"id":19666,"date":"2020-03-09T16:09:05","date_gmt":"2020-03-09T15:09:05","guid":{"rendered":"https:\/\/www.uruloki.org\/felipeblog\/?p=19666"},"modified":"2020-03-28T12:38:32","modified_gmt":"2020-03-28T11:38:32","slug":"trailer-final-de-viuda-negra-a-un-par-de-meses-de-su-estreno","status":"publish","type":"post","link":"https:\/\/www.uruloki.org\/felipeblog\/cine-de-comics\/trailer-final-de-viuda-negra-a-un-par-de-meses-de-su-estreno","title":{"rendered":"Trailer final de Viuda Negra, a un par de meses de su estreno&#8230;"},"content":{"rendered":"<p>Hoy tenemos una muy triste noticia que contar, pero antes de la luctuosa entrada un vistazo al trailer final de <strong>Viuda Negra<\/strong> (<em>Black Widow<\/em>), el esperado film en solitario de <strong>Scarlett Johansson<\/strong> encarnando al ic&oacute;nico personaje comiquero acompa&ntilde;ada por: <strong>Florence Pugh<\/strong> como <em>Yelena<\/em>, <strong>David Harbour<\/strong> como <em>El Guardi&aacute;n Rojo<\/em> y <strong>Rachel Weisz<\/strong> como <em>Melina<\/em>. Otro tambi&eacute;n por ah&iacute; pues <strong>Ray Winstone<\/strong> o <strong>William Hurt<\/strong> como <em>Thaddeus Ross<\/em>.<\/p>\n<div class=\"video\"><iframe loading=\"lazy\" width=\"100%\" height=\"360\" src=\"https:\/\/www.youtube.com\/embed\/ybji16u608U\" allowfullscreen=\"true\"><\/iframe><\/div>\n<p>La sinopsis oficial, para completar la entrada&#8230;<\/p>\n<blockquote>\n<p>Natasha Romanoff (Johansson), alias Viuda Negra, se enfrenta a los cap&iacute;tulos m&aacute;s oscuros de su historia cuando surge una peligrosa conspiraci&oacute;n relacionada con su pasado. Perseguida por una fuerza que no se detendr&aacute; ante nada para acabar con ella, Natasha debe lidiar con su historia como esp&iacute;a y con la estela de relaciones destruidas que dej&oacute; atr&aacute;s mucho antes de convertirse en Vengadora.<\/p>\n<\/blockquote>\n<div class=\"video\"><iframe loading=\"lazy\" width=\"100%\" height=\"360\" src=\"https:\/\/www.youtube.com\/embed\/2zHzRBDlWxk\" allowfullscreen=\"true\"><\/iframe><\/div>\n<p class=\"centrado\"><img decoding=\"async\" src=\"\/felipeblog\/imagenes2020\/20200309-black-widow.jpg\" alt=\"Cartel final de Viuda Negra\"><br \/><em>Cartel final de Viuda Negra<\/em><\/p>\n","protected":false},"excerpt":{"rendered":"<p>Hoy tenemos una muy triste noticia que contar, pero antes de la luctuosa entrada un vistazo al trailer final de Viuda Negra (Black Widow), el esperado film en solitario de Scarlett Johansson encarnando al ic&oacute;nico personaje comiquero acompa&ntilde;ada por: Florence Pugh como Yelena, David Harbour como El Guardi&aacute;n Rojo y Rachel Weisz como Melina. Otro [&hellip;]<\/p>\n","protected":false},"author":28,"featured_media":0,"comment_status":"open","ping_status":"open","sticky":false,"template":"","format":"standard","meta":{"footnotes":""},"categories":[10],"tags":[1301],"class_list":["post-19666","post","type-post","status-publish","format-standard","hentry","category-cine-de-comics","tag-black-widow"],"yoast_head":"<!-- This site is optimized with the Yoast SEO plugin v24.3 - https:\/\/yoast.com\/wordpress\/plugins\/seo\/ -->\n<title>Trailer final de Viuda Negra, a un par de meses de su estreno<\/title>\n<meta name=\"description\" content=\"Hoy tenemos una muy triste noticia que contar, pero antes de la luctuosa entrada un vistazo al trailer final de Viuda Negra (Black Widow). Acci\u00f3n a tope.\" \/>\n<meta name=\"robots\" content=\"index, follow, max-snippet:-1, max-image-preview:large, max-video-preview:-1\" \/>\n<link rel=\"canonical\" href=\"https:\/\/www.uruloki.org\/felipeblog\/cine-de-comics\/trailer-final-de-viuda-negra-a-un-par-de-meses-de-su-estreno\" \/>\n<meta property=\"og:locale\" content=\"es_ES\" \/>\n<meta property=\"og:type\" content=\"article\" \/>\n<meta property=\"og:title\" content=\"Trailer final de Viuda Negra, a un par de meses de su estreno\" \/>\n<meta property=\"og:description\" content=\"Hoy tenemos una muy triste noticia que contar, pero antes de la luctuosa entrada un vistazo al trailer final de Viuda Negra (Black Widow). Acci\u00f3n a tope.\" \/>\n<meta property=\"og:url\" content=\"https:\/\/www.uruloki.org\/felipeblog\/cine-de-comics\/trailer-final-de-viuda-negra-a-un-par-de-meses-de-su-estreno\" \/>\n<meta property=\"og:site_name\" content=\"Uruloki :: Blog\" \/>\n<meta property=\"article:publisher\" content=\"https:\/\/www.facebook.com\/uruloki.org\" \/>\n<meta property=\"article:published_time\" content=\"2020-03-09T15:09:05+00:00\" \/>\n<meta property=\"article:modified_time\" content=\"2020-03-28T11:38:32+00:00\" \/>\n<meta property=\"og:image\" content=\"https:\/\/www.uruloki.org\/felipeblog\/wp-content\/uploads\/2020\/03\/black-widow-2.jpg\" \/>\n\t<meta property=\"og:image:width\" content=\"800\" \/>\n\t<meta property=\"og:image:height\" content=\"468\" \/>\n\t<meta property=\"og:image:type\" content=\"image\/jpeg\" \/>\n<meta name=\"author\" content=\"Uruloki\" \/>\n<meta name=\"twitter:card\" content=\"summary_large_image\" \/>\n<meta name=\"twitter:creator\" content=\"@uruloki\" \/>\n<meta name=\"twitter:site\" content=\"@uruloki\" \/>\n<meta name=\"twitter:label1\" content=\"Escrito por\" \/>\n\t<meta name=\"twitter:data1\" content=\"Uruloki\" \/>\n\t<meta name=\"twitter:label2\" content=\"Tiempo de lectura\" \/>\n\t<meta name=\"twitter:data2\" content=\"1 minuto\" \/>\n<script type=\"application\/ld+json\" class=\"yoast-schema-graph\">{\"@context\":\"https:\/\/schema.org\",\"@graph\":[{\"@type\":\"WebPage\",\"@id\":\"https:\/\/www.uruloki.org\/felipeblog\/cine-de-comics\/trailer-final-de-viuda-negra-a-un-par-de-meses-de-su-estreno\",\"url\":\"https:\/\/www.uruloki.org\/felipeblog\/cine-de-comics\/trailer-final-de-viuda-negra-a-un-par-de-meses-de-su-estreno\",\"name\":\"Trailer final de Viuda Negra, a un par de meses de su estreno\",\"isPartOf\":{\"@id\":\"https:\/\/www.uruloki.org\/felipeblog\/#website\"},\"datePublished\":\"2020-03-09T15:09:05+00:00\",\"dateModified\":\"2020-03-28T11:38:32+00:00\",\"author\":{\"@id\":\"https:\/\/www.uruloki.org\/felipeblog\/#\/schema\/person\/ddba06ddaa27edf0c370460d05c51bb3\"},\"description\":\"Hoy tenemos una muy triste noticia que contar, pero antes de la luctuosa entrada un vistazo al trailer final de Viuda Negra (Black Widow). Acci\u00f3n a tope.\",\"breadcrumb\":{\"@id\":\"https:\/\/www.uruloki.org\/felipeblog\/cine-de-comics\/trailer-final-de-viuda-negra-a-un-par-de-meses-de-su-estreno#breadcrumb\"},\"inLanguage\":\"es\",\"potentialAction\":[{\"@type\":\"ReadAction\",\"target\":[\"https:\/\/www.uruloki.org\/felipeblog\/cine-de-comics\/trailer-final-de-viuda-negra-a-un-par-de-meses-de-su-estreno\"]}]},{\"@type\":\"BreadcrumbList\",\"@id\":\"https:\/\/www.uruloki.org\/felipeblog\/cine-de-comics\/trailer-final-de-viuda-negra-a-un-par-de-meses-de-su-estreno#breadcrumb\",\"itemListElement\":[{\"@type\":\"ListItem\",\"position\":1,\"name\":\"Portada\",\"item\":\"https:\/\/www.uruloki.org\/felipeblog\"},{\"@type\":\"ListItem\",\"position\":2,\"name\":\"Trailer final de Viuda Negra, a un par de meses de su estreno&#8230;\"}]},{\"@type\":\"WebSite\",\"@id\":\"https:\/\/www.uruloki.org\/felipeblog\/#website\",\"url\":\"https:\/\/www.uruloki.org\/felipeblog\/\",\"name\":\"Uruloki :: Blog\",\"description\":\"Blog de cine, terror, ciencia ficci\u00f3n, fantas\u00eda y c\u00f3mics\",\"potentialAction\":[{\"@type\":\"SearchAction\",\"target\":{\"@type\":\"EntryPoint\",\"urlTemplate\":\"https:\/\/www.uruloki.org\/felipeblog\/?s={search_term_string}\"},\"query-input\":{\"@type\":\"PropertyValueSpecification\",\"valueRequired\":true,\"valueName\":\"search_term_string\"}}],\"inLanguage\":\"es\"},{\"@type\":\"Person\",\"@id\":\"https:\/\/www.uruloki.org\/felipeblog\/#\/schema\/person\/ddba06ddaa27edf0c370460d05c51bb3\",\"name\":\"Uruloki\",\"image\":{\"@type\":\"ImageObject\",\"inLanguage\":\"es\",\"@id\":\"https:\/\/www.uruloki.org\/felipeblog\/#\/schema\/person\/image\/\",\"url\":\"https:\/\/secure.gravatar.com\/avatar\/68d5301c5f52ba88fd63f02c75b8c4d1b3c3fc4b21e2998a1e98c4b3a54d9f7c?s=96&d=mm&r=g\",\"contentUrl\":\"https:\/\/secure.gravatar.com\/avatar\/68d5301c5f52ba88fd63f02c75b8c4d1b3c3fc4b21e2998a1e98c4b3a54d9f7c?s=96&d=mm&r=g\",\"caption\":\"Uruloki\"},\"sameAs\":[\"https:\/\/uruloki.org\"],\"url\":\"https:\/\/www.uruloki.org\/felipeblog\/author\/admin-2-2-2\"}]}<\/script>\n<!-- \/ Yoast SEO plugin. -->","yoast_head_json":{"title":"Trailer final de Viuda Negra, a un par de meses de su estreno","description":"Hoy tenemos una muy triste noticia que contar, pero antes de la luctuosa entrada un vistazo al trailer final de Viuda Negra (Black Widow). Acci\u00f3n a tope.","robots":{"index":"index","follow":"follow","max-snippet":"max-snippet:-1","max-image-preview":"max-image-preview:large","max-video-preview":"max-video-preview:-1"},"canonical":"https:\/\/www.uruloki.org\/felipeblog\/cine-de-comics\/trailer-final-de-viuda-negra-a-un-par-de-meses-de-su-estreno","og_locale":"es_ES","og_type":"article","og_title":"Trailer final de Viuda Negra, a un par de meses de su estreno","og_description":"Hoy tenemos una muy triste noticia que contar, pero antes de la luctuosa entrada un vistazo al trailer final de Viuda Negra (Black Widow). Acci\u00f3n a tope.","og_url":"https:\/\/www.uruloki.org\/felipeblog\/cine-de-comics\/trailer-final-de-viuda-negra-a-un-par-de-meses-de-su-estreno","og_site_name":"Uruloki :: Blog","article_publisher":"https:\/\/www.facebook.com\/uruloki.org","article_published_time":"2020-03-09T15:09:05+00:00","article_modified_time":"2020-03-28T11:38:32+00:00","og_image":[{"width":800,"height":468,"url":"https:\/\/www.uruloki.org\/felipeblog\/wp-content\/uploads\/2020\/03\/black-widow-2.jpg","type":"image\/jpeg"}],"author":"Uruloki","twitter_card":"summary_large_image","twitter_creator":"@uruloki","twitter_site":"@uruloki","twitter_misc":{"Escrito por":"Uruloki","Tiempo de lectura":"1 minuto"},"schema":{"@context":"https:\/\/schema.org","@graph":[{"@type":"WebPage","@id":"https:\/\/www.uruloki.org\/felipeblog\/cine-de-comics\/trailer-final-de-viuda-negra-a-un-par-de-meses-de-su-estreno","url":"https:\/\/www.uruloki.org\/felipeblog\/cine-de-comics\/trailer-final-de-viuda-negra-a-un-par-de-meses-de-su-estreno","name":"Trailer final de Viuda Negra, a un par de meses de su estreno","isPartOf":{"@id":"https:\/\/www.uruloki.org\/felipeblog\/#website"},"datePublished":"2020-03-09T15:09:05+00:00","dateModified":"2020-03-28T11:38:32+00:00","author":{"@id":"https:\/\/www.uruloki.org\/felipeblog\/#\/schema\/person\/ddba06ddaa27edf0c370460d05c51bb3"},"description":"Hoy tenemos una muy triste noticia que contar, pero antes de la luctuosa entrada un vistazo al trailer final de Viuda Negra (Black Widow). Acci\u00f3n a tope.","breadcrumb":{"@id":"https:\/\/www.uruloki.org\/felipeblog\/cine-de-comics\/trailer-final-de-viuda-negra-a-un-par-de-meses-de-su-estreno#breadcrumb"},"inLanguage":"es","potentialAction":[{"@type":"ReadAction","target":["https:\/\/www.uruloki.org\/felipeblog\/cine-de-comics\/trailer-final-de-viuda-negra-a-un-par-de-meses-de-su-estreno"]}]},{"@type":"BreadcrumbList","@id":"https:\/\/www.uruloki.org\/felipeblog\/cine-de-comics\/trailer-final-de-viuda-negra-a-un-par-de-meses-de-su-estreno#breadcrumb","itemListElement":[{"@type":"ListItem","position":1,"name":"Portada","item":"https:\/\/www.uruloki.org\/felipeblog"},{"@type":"ListItem","position":2,"name":"Trailer final de Viuda Negra, a un par de meses de su estreno&#8230;"}]},{"@type":"WebSite","@id":"https:\/\/www.uruloki.org\/felipeblog\/#website","url":"https:\/\/www.uruloki.org\/felipeblog\/","name":"Uruloki :: Blog","description":"Blog de cine, terror, ciencia ficci\u00f3n, fantas\u00eda y c\u00f3mics","potentialAction":[{"@type":"SearchAction","target":{"@type":"EntryPoint","urlTemplate":"https:\/\/www.uruloki.org\/felipeblog\/?s={search_term_string}"},"query-input":{"@type":"PropertyValueSpecification","valueRequired":true,"valueName":"search_term_string"}}],"inLanguage":"es"},{"@type":"Person","@id":"https:\/\/www.uruloki.org\/felipeblog\/#\/schema\/person\/ddba06ddaa27edf0c370460d05c51bb3","name":"Uruloki","image":{"@type":"ImageObject","inLanguage":"es","@id":"https:\/\/www.uruloki.org\/felipeblog\/#\/schema\/person\/image\/","url":"https:\/\/secure.gravatar.com\/avatar\/68d5301c5f52ba88fd63f02c75b8c4d1b3c3fc4b21e2998a1e98c4b3a54d9f7c?s=96&d=mm&r=g","contentUrl":"https:\/\/secure.gravatar.com\/avatar\/68d5301c5f52ba88fd63f02c75b8c4d1b3c3fc4b21e2998a1e98c4b3a54d9f7c?s=96&d=mm&r=g","caption":"Uruloki"},"sameAs":["https:\/\/uruloki.org"],"url":"https:\/\/www.uruloki.org\/felipeblog\/author\/admin-2-2-2"}]}},"_links":{"self":[{"href":"https:\/\/www.uruloki.org\/felipeblog\/wp-json\/wp\/v2\/posts\/19666","targetHints":{"allow":["GET"]}}],"collection":[{"href":"https:\/\/www.uruloki.org\/felipeblog\/wp-json\/wp\/v2\/posts"}],"about":[{"href":"https:\/\/www.uruloki.org\/felipeblog\/wp-json\/wp\/v2\/types\/post"}],"author":[{"embeddable":true,"href":"https:\/\/www.uruloki.org\/felipeblog\/wp-json\/wp\/v2\/users\/28"}],"replies":[{"embeddable":true,"href":"https:\/\/www.uruloki.org\/felipeblog\/wp-json\/wp\/v2\/comments?post=19666"}],"version-history":[{"count":1,"href":"https:\/\/www.uruloki.org\/felipeblog\/wp-json\/wp\/v2\/posts\/19666\/revisions"}],"predecessor-version":[{"id":19668,"href":"https:\/\/www.uruloki.org\/felipeblog\/wp-json\/wp\/v2\/posts\/19666\/revisions\/19668"}],"wp:attachment":[{"href":"https:\/\/www.uruloki.org\/felipeblog\/wp-json\/wp\/v2\/media?parent=19666"}],"wp:term":[{"taxonomy":"category","embeddable":true,"href":"https:\/\/www.uruloki.org\/felipeblog\/wp-json\/wp\/v2\/categories?post=19666"},{"taxonomy":"post_tag","embeddable":true,"href":"https:\/\/www.uruloki.org\/felipeblog\/wp-json\/wp\/v2\/tags?post=19666"}],"curies":[{"name":"wp","href":"https:\/\/api.w.org\/{rel}","templated":true}]}}