{"id":19656,"date":"2020-03-06T00:00:09","date_gmt":"2020-03-05T23:00:09","guid":{"rendered":"https:\/\/uruloki.org\/felipeblog\/?p=19656"},"modified":"2020-03-06T00:00:09","modified_gmt":"2020-03-05T23:00:09","slug":"en-the-batman-veremos-un-batmovil-algo-diferente-a-lo-que-estamos-habituados-sin-tiempo-para-morir-es-el-primer-gran-blockbuster-que-traslada-su-fecha-de-estreno-debido-al-coronavirus-y-lo-que-esto","status":"publish","type":"post","link":"https:\/\/www.uruloki.org\/felipeblog\/cine-de-comics\/en-the-batman-veremos-un-batmovil-algo-diferente-a-lo-que-estamos-habituados-sin-tiempo-para-morir-es-el-primer-gran-blockbuster-que-traslada-su-fecha-de-estreno-debido-al-coronavirus-y-lo-que-esto","title":{"rendered":"En The Batman veremos un batmovil algo diferente a lo que estamos habituados, Sin tiempo para morir es el primer gran blockbuster que traslada su fecha de estreno debido al coronavirus (y lo que esto puede provocar), Charlie Carver y Max Carver los \u00faltimos en sumarse a The Batman, y Scott Derrickson dirigir\u00e1 Bermuda para Skydance con Chris Evans como protagonista&#8230;"},"content":{"rendered":"<p>Ya finalizada la cirug&iacute;a toca comenzar una etapa de recuperaci&oacute;n que se alargar&aacute; durante un completo mes. Mientras tanto el mundo tiembla, y principalmente porque esta pasada madrugada el bueno de <strong>Matt Reeves<\/strong> desvel&oacute; su primera carta de la secci&oacute;n realismo para <strong>The Batman<\/strong>. Tras las filtraciones de im&aacute;genes del rodaje con un especialista vestido de <em>Batman<\/em> sobre una moto, ahora <strong>Reeves<\/strong> echa el &oacute;rdago y nos descubre el nuevo <em>Batmovil<\/em>&#8230; y por ah&iacute; a <strong>Robert Pattinson<\/strong> como en caballero nocturno. Ah&iacute; queda eso. El coche parece un Dodge Challenger de los a&ntilde;os 70&#8230; versi&oacute;n moderna claro est&aacute;.<\/p>\n<div class=\"twittercentrado\">\n<blockquote class=\"twitter-tweet\" data-lang=\"es\">\n<p lang=\"und\" dir=\"ltr\"> <a href=\"https:\/\/twitter.com\/hashtag\/TheBatman?src=hash&amp;ref_src=twsrc%5Etfw\" target=\"_blank\" rel=\"noopener noreferrer\">#TheBatman<\/a> <a href=\"https:\/\/t.co\/qJFNprk1ut\" target=\"_blank\" rel=\"noopener noreferrer\">pic.twitter.com\/qJFNprk1ut<\/a><\/p>\n<p>&mdash; Matt Reeves (@mattreevesLA) <a href=\"https:\/\/twitter.com\/mattreevesLA\/status\/1235261421425958912?ref_src=twsrc^tfw\" target=\"_blank\" rel=\"noopener noreferrer\">4 de marzo de 2020<\/a><\/p><\/blockquote>\n<p><script async src=\"https:\/\/platform.twitter.com\/widgets.js\" charset=\"utf-8\"><\/script><\/div>\n<p>Y hablando de <strong>The Batman<\/strong>, aparentemente <strong>Charlie Carver<\/strong> y <strong>Max Carver<\/strong>, los dos vistos en <strong>&quot;Teen Wolf&quot;<\/strong> o<strong> &quot;The Leftovers&quot;<\/strong>, <a href=\"https:\/\/www.slashfilm.com\/the-batman-cast-max-carver-charlie-carver\/\" target=\"_blank\" rel=\"noopener noreferrer\">se han sumado al reparto a &uacute;ltima hora en papeles todav&iacute;a no concretados<\/a>. &iquest;A qui&eacute;n narices pueden encarnar los gemelos <strong>Carver<\/strong>? Pues no conozco el universo <em>Batman<\/em> los suficiente como para imagin&aacute;rmelo, pero por ah&iacute; cuenta que podr&iacute;an ser los gemelos <em>Min<\/em> y <em>Max<\/em>, esbirros que trabajan para <em>Dos Caras<\/em> en <strong>&quot;Batman: The Animated Series&quot;<\/strong>&#8230; el tema es que no hay <em>Harvey Dent \/ Dos Caras<\/em> fichado, al menos que se sepa.<\/p>\n<p>La segunda cosa que nos hace temblar es el impacto que comienza a tener el coronavirus este del infierno en el mundo del cine. <strong>MGM<\/strong>, <strong>Universal<\/strong> y <strong>Eon Productions<\/strong> han decidido aplazar el estreno de <strong>Sin tiempo para morir<\/strong> (<em>No Time to Die<\/em>) del 4 de abril previsto hasta una fecha no concretada de noviembre de este a&ntilde;o&#8230; 7 meses, que se dice pronto. Este es el primer gran proyecto por el que Hollywood ve peligrar sus ingresos en taquilla, y dado el caos que se est&aacute; montando a nivel global han decidido no jug&aacute;rsela. Ojo, <strong>Disney<\/strong> ya hab&iacute;a decidido antes que <strong>Mulan<\/strong> no se iba a estrenar en fecha en ciertos mercados, y <strong>Paramount<\/strong> actu&oacute; igual con <strong>Sonic<\/strong>, pero este movimiento sobre el <em>James Bond<\/em> de <strong>Cary Fukunaga<\/strong> podr&iacute;a ser el primero de un gran desbarajuste. Veremos, a ver cu&aacute;ntos estudios optan por jugarse los cuartos ante unos meses donde los cines estar&aacute;, seguramente, algo m&aacute;s vac&iacute;os.<\/p>\n<div class=\"twittercentrado\">\n<blockquote class=\"twitter-tweet\" data-lang=\"es\">\n<p lang=\"en\" dir=\"ltr\">MGM, Universal and Bond producers, Michael G. Wilson and Barbara Broccoli, announced today that after careful consideration and thorough evaluation of the global theatrical marketplace, the release of NO TIME TO DIE will be postponed until November 2020. <a href=\"https:\/\/t.co\/a9h1RP5OKd\" target=\"_blank\" rel=\"noopener noreferrer\">pic.twitter.com\/a9h1RP5OKd<\/a><\/p>\n<p>&mdash; James Bond (@007) <a href=\"https:\/\/twitter.com\/007\/status\/1235248760260874241?ref_src=twsrc%5Etfw\" target=\"_blank\" rel=\"noopener noreferrer\">4 de marzo de 2020<\/a><\/p><\/blockquote>\n<p><script async src=\"https:\/\/platform.twitter.com\/widgets.js\" charset=\"utf-8\"><\/script><\/div>\n<p>Vamos ahora con cosas nuevas. Cuenta en Variety que <a href=\"https:\/\/variety.com\/2020\/film\/news\/chris-evans-scott-derrickson-skydances-bermuda-1203524490\/\" target=\"_blank\" rel=\"noopener noreferrer\"><strong>Scott Derrickson<\/strong> dirigir&aacute; <strong>Bermuda<\/strong> para <strong>Skydance<\/strong> con <strong>Chris Evans<\/strong> como  protagonista<\/a>. Se ve que la agenda de <strong>Derrickson<\/strong>, tras su adi&oacute;s a <strong>Marvel Studios<\/strong> debido a diferencias creativas en torno a <strong>Doctor Strange in the Multiverse of Madness<\/strong>, vuelve a estar completa. <strong>Bermuda<\/strong> es un proyecto que lleva mucho tiempo navegando, <a href=\"https:\/\/uruloki.org\/felipeblog\/cine-de-comics\/mel-gibson-confirma-warner-bros-ha-llamado-puerta-dirigir-suicide-squad-2-atencion-al-nuevo-trailer-the-void-obra-hija-john-carpenter-mas-criaturesco-sam-raimi-regresa-la-di\">curiosamente <strong>Sam Raimi<\/strong> postul&oacute; para dirigirlo<\/a>, pero finalmente ser&aacute; <strong>Derrickson<\/strong> el que se lleva el gato al agua, y ahora junto a su socio <strong>C. Robert Cargill<\/strong> reescribir&aacute; el gui&oacute;n.<\/p>\n","protected":false},"excerpt":{"rendered":"<p>Ya finalizada la cirug&iacute;a toca comenzar una etapa de recuperaci&oacute;n que se alargar&aacute; durante un completo mes. Mientras tanto el mundo tiembla, y principalmente porque esta pasada madrugada el bueno de Matt Reeves desvel&oacute; su primera carta de la secci&oacute;n realismo para The Batman. Tras las filtraciones de im&aacute;genes del rodaje con un especialista vestido [&hellip;]<\/p>\n","protected":false},"author":28,"featured_media":0,"comment_status":"open","ping_status":"open","sticky":false,"template":"","format":"standard","meta":{"footnotes":""},"categories":[6,10,8],"tags":[4471,4368,3049],"class_list":["post-19656","post","type-post","status-publish","format-standard","hentry","category-cine","category-cine-de-comics","category-cine-de-ciencia-ficcion","tag-bermuda","tag-no-time-to-die","tag-the-batman"],"yoast_head":"<!-- This site is optimized with the Yoast SEO plugin v24.3 - https:\/\/yoast.com\/wordpress\/plugins\/seo\/ -->\n<title>En The Batman veremos un batmovil diferente a lo que esper\u00e1bamos<\/title>\n<meta name=\"description\" content=\"El bueno de Matt Reeves desvel\u00f3 su primera carta de la secci\u00f3n realismo para The Batman. Algo as\u00ed como un batmovil con forma de Dodge Challenger de los 70.\" \/>\n<meta name=\"robots\" content=\"index, follow, max-snippet:-1, max-image-preview:large, max-video-preview:-1\" \/>\n<link rel=\"canonical\" href=\"https:\/\/www.uruloki.org\/felipeblog\/cine-de-comics\/en-the-batman-veremos-un-batmovil-algo-diferente-a-lo-que-estamos-habituados-sin-tiempo-para-morir-es-el-primer-gran-blockbuster-que-traslada-su-fecha-de-estreno-debido-al-coronavirus-y-lo-que-esto\" \/>\n<meta property=\"og:locale\" content=\"es_ES\" \/>\n<meta property=\"og:type\" content=\"article\" \/>\n<meta property=\"og:title\" content=\"En The Batman veremos un batmovil diferente a lo que esper\u00e1bamos\" \/>\n<meta property=\"og:description\" content=\"El bueno de Matt Reeves desvel\u00f3 su primera carta de la secci\u00f3n realismo para The Batman. Algo as\u00ed como un batmovil con forma de Dodge Challenger de los 70.\" \/>\n<meta property=\"og:url\" content=\"https:\/\/www.uruloki.org\/felipeblog\/cine-de-comics\/en-the-batman-veremos-un-batmovil-algo-diferente-a-lo-que-estamos-habituados-sin-tiempo-para-morir-es-el-primer-gran-blockbuster-que-traslada-su-fecha-de-estreno-debido-al-coronavirus-y-lo-que-esto\" \/>\n<meta property=\"og:site_name\" content=\"Uruloki :: Blog\" \/>\n<meta property=\"article:publisher\" content=\"https:\/\/www.facebook.com\/uruloki.org\" \/>\n<meta property=\"article:published_time\" content=\"2020-03-05T23:00:09+00:00\" \/>\n<meta property=\"og:image\" content=\"https:\/\/www.uruloki.org\/felipeblog\/wp-content\/uploads\/2020\/03\/ESSHpVRXUAAzJlC.jpg\" \/>\n\t<meta property=\"og:image:width\" content=\"1200\" \/>\n\t<meta property=\"og:image:height\" content=\"802\" \/>\n\t<meta property=\"og:image:type\" content=\"image\/jpeg\" \/>\n<meta name=\"author\" content=\"Uruloki\" \/>\n<meta name=\"twitter:card\" content=\"summary_large_image\" \/>\n<meta name=\"twitter:creator\" content=\"@uruloki\" \/>\n<meta name=\"twitter:site\" content=\"@uruloki\" \/>\n<meta name=\"twitter:label1\" content=\"Escrito por\" \/>\n\t<meta name=\"twitter:data1\" content=\"Uruloki\" \/>\n\t<meta name=\"twitter:label2\" content=\"Tiempo de lectura\" \/>\n\t<meta name=\"twitter:data2\" content=\"3 minutos\" \/>\n<script type=\"application\/ld+json\" class=\"yoast-schema-graph\">{\"@context\":\"https:\/\/schema.org\",\"@graph\":[{\"@type\":\"WebPage\",\"@id\":\"https:\/\/www.uruloki.org\/felipeblog\/cine-de-comics\/en-the-batman-veremos-un-batmovil-algo-diferente-a-lo-que-estamos-habituados-sin-tiempo-para-morir-es-el-primer-gran-blockbuster-que-traslada-su-fecha-de-estreno-debido-al-coronavirus-y-lo-que-esto\",\"url\":\"https:\/\/www.uruloki.org\/felipeblog\/cine-de-comics\/en-the-batman-veremos-un-batmovil-algo-diferente-a-lo-que-estamos-habituados-sin-tiempo-para-morir-es-el-primer-gran-blockbuster-que-traslada-su-fecha-de-estreno-debido-al-coronavirus-y-lo-que-esto\",\"name\":\"En The Batman veremos un batmovil diferente a lo que esper\u00e1bamos\",\"isPartOf\":{\"@id\":\"https:\/\/www.uruloki.org\/felipeblog\/#website\"},\"datePublished\":\"2020-03-05T23:00:09+00:00\",\"dateModified\":\"2020-03-05T23:00:09+00:00\",\"author\":{\"@id\":\"https:\/\/www.uruloki.org\/felipeblog\/#\/schema\/person\/ddba06ddaa27edf0c370460d05c51bb3\"},\"description\":\"El bueno de Matt Reeves desvel\u00f3 su primera carta de la secci\u00f3n realismo para The Batman. Algo as\u00ed como un batmovil con forma de Dodge Challenger de los 70.\",\"breadcrumb\":{\"@id\":\"https:\/\/www.uruloki.org\/felipeblog\/cine-de-comics\/en-the-batman-veremos-un-batmovil-algo-diferente-a-lo-que-estamos-habituados-sin-tiempo-para-morir-es-el-primer-gran-blockbuster-que-traslada-su-fecha-de-estreno-debido-al-coronavirus-y-lo-que-esto#breadcrumb\"},\"inLanguage\":\"es\",\"potentialAction\":[{\"@type\":\"ReadAction\",\"target\":[\"https:\/\/www.uruloki.org\/felipeblog\/cine-de-comics\/en-the-batman-veremos-un-batmovil-algo-diferente-a-lo-que-estamos-habituados-sin-tiempo-para-morir-es-el-primer-gran-blockbuster-que-traslada-su-fecha-de-estreno-debido-al-coronavirus-y-lo-que-esto\"]}]},{\"@type\":\"BreadcrumbList\",\"@id\":\"https:\/\/www.uruloki.org\/felipeblog\/cine-de-comics\/en-the-batman-veremos-un-batmovil-algo-diferente-a-lo-que-estamos-habituados-sin-tiempo-para-morir-es-el-primer-gran-blockbuster-que-traslada-su-fecha-de-estreno-debido-al-coronavirus-y-lo-que-esto#breadcrumb\",\"itemListElement\":[{\"@type\":\"ListItem\",\"position\":1,\"name\":\"Portada\",\"item\":\"https:\/\/www.uruloki.org\/felipeblog\"},{\"@type\":\"ListItem\",\"position\":2,\"name\":\"En The Batman veremos un batmovil algo diferente a lo que estamos habituados, Sin tiempo para morir es el primer gran blockbuster que traslada su fecha de estreno debido al coronavirus (y lo que esto puede provocar), Charlie Carver y Max Carver los \u00faltimos en sumarse a The Batman, y Scott Derrickson dirigir\u00e1 Bermuda para Skydance con Chris Evans como protagonista&#8230;\"}]},{\"@type\":\"WebSite\",\"@id\":\"https:\/\/www.uruloki.org\/felipeblog\/#website\",\"url\":\"https:\/\/www.uruloki.org\/felipeblog\/\",\"name\":\"Uruloki :: Blog\",\"description\":\"Blog de cine, terror, ciencia ficci\u00f3n, fantas\u00eda y c\u00f3mics\",\"potentialAction\":[{\"@type\":\"SearchAction\",\"target\":{\"@type\":\"EntryPoint\",\"urlTemplate\":\"https:\/\/www.uruloki.org\/felipeblog\/?s={search_term_string}\"},\"query-input\":{\"@type\":\"PropertyValueSpecification\",\"valueRequired\":true,\"valueName\":\"search_term_string\"}}],\"inLanguage\":\"es\"},{\"@type\":\"Person\",\"@id\":\"https:\/\/www.uruloki.org\/felipeblog\/#\/schema\/person\/ddba06ddaa27edf0c370460d05c51bb3\",\"name\":\"Uruloki\",\"image\":{\"@type\":\"ImageObject\",\"inLanguage\":\"es\",\"@id\":\"https:\/\/www.uruloki.org\/felipeblog\/#\/schema\/person\/image\/\",\"url\":\"https:\/\/secure.gravatar.com\/avatar\/68d5301c5f52ba88fd63f02c75b8c4d1b3c3fc4b21e2998a1e98c4b3a54d9f7c?s=96&d=mm&r=g\",\"contentUrl\":\"https:\/\/secure.gravatar.com\/avatar\/68d5301c5f52ba88fd63f02c75b8c4d1b3c3fc4b21e2998a1e98c4b3a54d9f7c?s=96&d=mm&r=g\",\"caption\":\"Uruloki\"},\"sameAs\":[\"https:\/\/uruloki.org\"],\"url\":\"https:\/\/www.uruloki.org\/felipeblog\/author\/admin-2-2-2\"}]}<\/script>\n<!-- \/ Yoast SEO plugin. -->","yoast_head_json":{"title":"En The Batman veremos un batmovil diferente a lo que esper\u00e1bamos","description":"El bueno de Matt Reeves desvel\u00f3 su primera carta de la secci\u00f3n realismo para The Batman. Algo as\u00ed como un batmovil con forma de Dodge Challenger de los 70.","robots":{"index":"index","follow":"follow","max-snippet":"max-snippet:-1","max-image-preview":"max-image-preview:large","max-video-preview":"max-video-preview:-1"},"canonical":"https:\/\/www.uruloki.org\/felipeblog\/cine-de-comics\/en-the-batman-veremos-un-batmovil-algo-diferente-a-lo-que-estamos-habituados-sin-tiempo-para-morir-es-el-primer-gran-blockbuster-que-traslada-su-fecha-de-estreno-debido-al-coronavirus-y-lo-que-esto","og_locale":"es_ES","og_type":"article","og_title":"En The Batman veremos un batmovil diferente a lo que esper\u00e1bamos","og_description":"El bueno de Matt Reeves desvel\u00f3 su primera carta de la secci\u00f3n realismo para The Batman. Algo as\u00ed como un batmovil con forma de Dodge Challenger de los 70.","og_url":"https:\/\/www.uruloki.org\/felipeblog\/cine-de-comics\/en-the-batman-veremos-un-batmovil-algo-diferente-a-lo-que-estamos-habituados-sin-tiempo-para-morir-es-el-primer-gran-blockbuster-que-traslada-su-fecha-de-estreno-debido-al-coronavirus-y-lo-que-esto","og_site_name":"Uruloki :: Blog","article_publisher":"https:\/\/www.facebook.com\/uruloki.org","article_published_time":"2020-03-05T23:00:09+00:00","og_image":[{"width":1200,"height":802,"url":"https:\/\/www.uruloki.org\/felipeblog\/wp-content\/uploads\/2020\/03\/ESSHpVRXUAAzJlC.jpg","type":"image\/jpeg"}],"author":"Uruloki","twitter_card":"summary_large_image","twitter_creator":"@uruloki","twitter_site":"@uruloki","twitter_misc":{"Escrito por":"Uruloki","Tiempo de lectura":"3 minutos"},"schema":{"@context":"https:\/\/schema.org","@graph":[{"@type":"WebPage","@id":"https:\/\/www.uruloki.org\/felipeblog\/cine-de-comics\/en-the-batman-veremos-un-batmovil-algo-diferente-a-lo-que-estamos-habituados-sin-tiempo-para-morir-es-el-primer-gran-blockbuster-que-traslada-su-fecha-de-estreno-debido-al-coronavirus-y-lo-que-esto","url":"https:\/\/www.uruloki.org\/felipeblog\/cine-de-comics\/en-the-batman-veremos-un-batmovil-algo-diferente-a-lo-que-estamos-habituados-sin-tiempo-para-morir-es-el-primer-gran-blockbuster-que-traslada-su-fecha-de-estreno-debido-al-coronavirus-y-lo-que-esto","name":"En The Batman veremos un batmovil diferente a lo que esper\u00e1bamos","isPartOf":{"@id":"https:\/\/www.uruloki.org\/felipeblog\/#website"},"datePublished":"2020-03-05T23:00:09+00:00","dateModified":"2020-03-05T23:00:09+00:00","author":{"@id":"https:\/\/www.uruloki.org\/felipeblog\/#\/schema\/person\/ddba06ddaa27edf0c370460d05c51bb3"},"description":"El bueno de Matt Reeves desvel\u00f3 su primera carta de la secci\u00f3n realismo para The Batman. Algo as\u00ed como un batmovil con forma de Dodge Challenger de los 70.","breadcrumb":{"@id":"https:\/\/www.uruloki.org\/felipeblog\/cine-de-comics\/en-the-batman-veremos-un-batmovil-algo-diferente-a-lo-que-estamos-habituados-sin-tiempo-para-morir-es-el-primer-gran-blockbuster-que-traslada-su-fecha-de-estreno-debido-al-coronavirus-y-lo-que-esto#breadcrumb"},"inLanguage":"es","potentialAction":[{"@type":"ReadAction","target":["https:\/\/www.uruloki.org\/felipeblog\/cine-de-comics\/en-the-batman-veremos-un-batmovil-algo-diferente-a-lo-que-estamos-habituados-sin-tiempo-para-morir-es-el-primer-gran-blockbuster-que-traslada-su-fecha-de-estreno-debido-al-coronavirus-y-lo-que-esto"]}]},{"@type":"BreadcrumbList","@id":"https:\/\/www.uruloki.org\/felipeblog\/cine-de-comics\/en-the-batman-veremos-un-batmovil-algo-diferente-a-lo-que-estamos-habituados-sin-tiempo-para-morir-es-el-primer-gran-blockbuster-que-traslada-su-fecha-de-estreno-debido-al-coronavirus-y-lo-que-esto#breadcrumb","itemListElement":[{"@type":"ListItem","position":1,"name":"Portada","item":"https:\/\/www.uruloki.org\/felipeblog"},{"@type":"ListItem","position":2,"name":"En The Batman veremos un batmovil algo diferente a lo que estamos habituados, Sin tiempo para morir es el primer gran blockbuster que traslada su fecha de estreno debido al coronavirus (y lo que esto puede provocar), Charlie Carver y Max Carver los \u00faltimos en sumarse a The Batman, y Scott Derrickson dirigir\u00e1 Bermuda para Skydance con Chris Evans como protagonista&#8230;"}]},{"@type":"WebSite","@id":"https:\/\/www.uruloki.org\/felipeblog\/#website","url":"https:\/\/www.uruloki.org\/felipeblog\/","name":"Uruloki :: Blog","description":"Blog de cine, terror, ciencia ficci\u00f3n, fantas\u00eda y c\u00f3mics","potentialAction":[{"@type":"SearchAction","target":{"@type":"EntryPoint","urlTemplate":"https:\/\/www.uruloki.org\/felipeblog\/?s={search_term_string}"},"query-input":{"@type":"PropertyValueSpecification","valueRequired":true,"valueName":"search_term_string"}}],"inLanguage":"es"},{"@type":"Person","@id":"https:\/\/www.uruloki.org\/felipeblog\/#\/schema\/person\/ddba06ddaa27edf0c370460d05c51bb3","name":"Uruloki","image":{"@type":"ImageObject","inLanguage":"es","@id":"https:\/\/www.uruloki.org\/felipeblog\/#\/schema\/person\/image\/","url":"https:\/\/secure.gravatar.com\/avatar\/68d5301c5f52ba88fd63f02c75b8c4d1b3c3fc4b21e2998a1e98c4b3a54d9f7c?s=96&d=mm&r=g","contentUrl":"https:\/\/secure.gravatar.com\/avatar\/68d5301c5f52ba88fd63f02c75b8c4d1b3c3fc4b21e2998a1e98c4b3a54d9f7c?s=96&d=mm&r=g","caption":"Uruloki"},"sameAs":["https:\/\/uruloki.org"],"url":"https:\/\/www.uruloki.org\/felipeblog\/author\/admin-2-2-2"}]}},"_links":{"self":[{"href":"https:\/\/www.uruloki.org\/felipeblog\/wp-json\/wp\/v2\/posts\/19656","targetHints":{"allow":["GET"]}}],"collection":[{"href":"https:\/\/www.uruloki.org\/felipeblog\/wp-json\/wp\/v2\/posts"}],"about":[{"href":"https:\/\/www.uruloki.org\/felipeblog\/wp-json\/wp\/v2\/types\/post"}],"author":[{"embeddable":true,"href":"https:\/\/www.uruloki.org\/felipeblog\/wp-json\/wp\/v2\/users\/28"}],"replies":[{"embeddable":true,"href":"https:\/\/www.uruloki.org\/felipeblog\/wp-json\/wp\/v2\/comments?post=19656"}],"version-history":[{"count":1,"href":"https:\/\/www.uruloki.org\/felipeblog\/wp-json\/wp\/v2\/posts\/19656\/revisions"}],"predecessor-version":[{"id":19658,"href":"https:\/\/www.uruloki.org\/felipeblog\/wp-json\/wp\/v2\/posts\/19656\/revisions\/19658"}],"wp:attachment":[{"href":"https:\/\/www.uruloki.org\/felipeblog\/wp-json\/wp\/v2\/media?parent=19656"}],"wp:term":[{"taxonomy":"category","embeddable":true,"href":"https:\/\/www.uruloki.org\/felipeblog\/wp-json\/wp\/v2\/categories?post=19656"},{"taxonomy":"post_tag","embeddable":true,"href":"https:\/\/www.uruloki.org\/felipeblog\/wp-json\/wp\/v2\/tags?post=19656"}],"curies":[{"name":"wp","href":"https:\/\/api.w.org\/{rel}","templated":true}]}}