{"id":19589,"date":"2020-02-12T21:03:58","date_gmt":"2020-02-12T20:03:58","guid":{"rendered":"https:\/\/uruloki.org\/felipeblog\/?p=19589"},"modified":"2020-02-12T21:03:58","modified_gmt":"2020-02-12T20:03:58","slug":"gangs-of-london-junta-a-gareth-evans-corin-hardy-y-xavier-gens-en-tu-nueva-serie-de-television-favorita-rick-moranis-regresa-a-al-nueva-secuela-de-carino-he-encogido-a-los-ninos-gugu-mbatha-ra","status":"publish","type":"post","link":"https:\/\/www.uruloki.org\/felipeblog\/cine\/gangs-of-london-junta-a-gareth-evans-corin-hardy-y-xavier-gens-en-tu-nueva-serie-de-television-favorita-rick-moranis-regresa-a-al-nueva-secuela-de-carino-he-encogido-a-los-ninos-gugu-mbatha-ra","title":{"rendered":"\u00abGangs of London\u00bb junta a Gareth Evans, Corin Hardy y Xavier Gens en tu nueva serie de televisi\u00f3n favorita, Rick Moranis regresa a al nueva secuela de Cari\u00f1o, he encogido a los ni\u00f1os, Gugu Mbatha-Raw la \u00faltima en unirse al reparto de \u00abLoki\u00bb, Bruce Willis se aburrir\u00e1 siendo el protagonista de Cosmic Sin, y una muy generosa bater\u00eda de im\u00e1genes de Wonder Woman 1984&#8230;"},"content":{"rendered":"<p>Tras las idolatradas <strong>The Raid<\/strong> (<em>Serbuan Maut<\/em>), <strong>The Raid 2<\/strong> (<em>Serbuan Maut 2: Berandal<\/em>) y <strong>El ap&oacute;stol<\/strong> (<em>Apostle<\/em>), el gran <strong>Gareth Evans<\/strong> regresa&#8230; pero con una serie de televisi&oacute;n: <strong>&quot;Gangs of London&quot;<\/strong>. <strong>Evans<\/strong> comparte direcci&oacute;n con <strong>Corin Hardy<\/strong> y <strong>Xavier Gens<\/strong>. Mola y no se hable m&aacute;s.<\/p>\n<div class=\"video\"><iframe loading=\"lazy\" width=\"100%\" height=\"360\" src=\"https:\/\/www.youtube.com\/embed\/SZRVEFtHaHc\" allowfullscreen=\"true\"><\/iframe><\/div>\n<p>Tras esto el resto es ya balad&iacute;. <a href=\"https:\/\/deadline.com\/2020\/02\/honey-i-shrunk-the-kids-reboot-rick-moranis-1202858344\/\" target=\"_blank\" rel=\"noopener noreferrer\"><strong>Rick Moranis<\/strong> regresa a al nueva secuela de <strong>Cari&ntilde;o, he encogido a los ni&ntilde;os<\/strong> (<em>Honey, I Shrunk the Kids<\/em>)<\/a>. Titulada <strong>Shrunk<\/strong> ser&aacute; estrenada en cines y no en <strong>Disney+<\/strong> como se ven&iacute;a sospechando. A los mandos <strong>Joe Johnston<\/strong> con <strong>Josh Gad<\/strong> como protagonista. De <strong>Stuart Gordon<\/strong>, <strong>Brian Yuzna<\/strong> y <strong>Ed Naha<\/strong> nadie dice nada. Y hablando de fichajes, ahora es <a href=\"https:\/\/variety.com\/2020\/tv\/news\/loki-disney-plus-gugu-mbatha-raw-1203501528\/\" target=\"_blank\" rel=\"noopener noreferrer\"><strong>Gugu Mbatha-Raw la que se une al reparto de &quot;Loki&quot;.<\/strong><\/a> La actriz, vista en <strong>The Cloverfield Paradox<\/strong>, escuchada en <strong>Cristal Oscuro: La era de la resistencia<\/strong> (<em>The Dark Crystal: Age of Resistance<\/em>) y molando en <strong>&quot;The Morning Show&quot;<\/strong>, se suma a Tom<strong> Hiddleston<\/strong>, <strong>Sophia Di Martino<\/strong>, y el recientemente anunciado <strong>Owen Wilson<\/strong>. El tercero que encuentra trabajo, no s&eacute; qu&eacute; pensar, es <a href=\"https:\/\/deadline.com\/2020\/02\/bruce-willis-to-star-in-action-sci-fi-cosmic-sin-the-exchange-to-launch-movie-at-efm-1202858323\/\" target=\"_blank\" rel=\"noopener noreferrer\"><strong>Bruce Willis<\/strong> como protagonista de <strong>Cosmic Sin<\/strong><\/a>, historia futurista sobre un grupo de militares y cient&iacute;ficos que deben luchar para proteger y salvar a la humanidad cuando una especie alien&iacute;gena hostil con el poder de infectar y apoderarse de los hu&eacute;spedes  ponga sus miras sobre nosotros. No puede sonar m&aacute;s gen&eacute;rica&#8230; madre m&iacute;a.<\/p>\n<p class=\"centrado\"><img decoding=\"async\" src=\"\/felipeblog\/imagenes2020\/20200212-wonder-woman-1984-1.jpg\" alt=\"Nuevas fotos de Wonder Woman 1984\"><\/p>\n<p class=\"centrado\"><img decoding=\"async\" src=\"\/felipeblog\/imagenes2020\/20200212-wonder-woman-1984-2.jpg\" alt=\"Nuevas fotos de Wonder Woman 1984\"><\/p>\n<p class=\"centrado\"><img decoding=\"async\" src=\"\/felipeblog\/imagenes2020\/20200212-wonder-woman-1984-3.jpg\" alt=\"Nuevas fotos de Wonder Woman 1984\"><\/p>\n<p class=\"centrado\"><img decoding=\"async\" src=\"\/felipeblog\/imagenes2020\/20200212-wonder-woman-1984-4.jpg\" alt=\"Nuevas fotos de Wonder Woman 1984\"><\/p>\n<p class=\"centrado\"><img decoding=\"async\" src=\"\/felipeblog\/imagenes2020\/20200212-wonder-woman-1984-5.jpg\" alt=\"Nuevas fotos de Wonder Woman 1984\"><\/p>\n<p class=\"centrado\"><img decoding=\"async\" src=\"\/felipeblog\/imagenes2020\/20200212-wonder-woman-1984-6.jpg\" alt=\"Nuevas fotos de Wonder Woman 1984\"><\/p>\n<p class=\"centrado\"><img decoding=\"async\" src=\"\/felipeblog\/imagenes2020\/20200212-wonder-woman-1984-7.jpg\" alt=\"Nuevas fotos de Wonder Woman 1984\"><\/p>\n","protected":false},"excerpt":{"rendered":"<p>Tras las idolatradas The Raid (Serbuan Maut), The Raid 2 (Serbuan Maut 2: Berandal) y El ap&oacute;stol (Apostle), el gran Gareth Evans regresa&#8230; pero con una serie de televisi&oacute;n: &quot;Gangs of London&quot;. Evans comparte direcci&oacute;n con Corin Hardy y Xavier Gens. Mola y no se hable m&aacute;s. Tras esto el resto es ya balad&iacute;. Rick [&hellip;]<\/p>\n","protected":false},"author":28,"featured_media":0,"comment_status":"open","ping_status":"open","sticky":false,"template":"","format":"standard","meta":{"footnotes":""},"categories":[6,10,8,19],"tags":[4458,3886,4238,4457,4032],"class_list":["post-19589","post","type-post","status-publish","format-standard","hentry","category-cine","category-cine-de-comics","category-cine-de-ciencia-ficcion","category-cine-inclasificable","tag-cosmic-sin","tag-gangs-of-london","tag-loki","tag-shrunk","tag-wonder-woman-1984"],"yoast_head":"<!-- This site is optimized with the Yoast SEO plugin v24.3 - https:\/\/yoast.com\/wordpress\/plugins\/seo\/ -->\n<title>&quot;Gangs of London&quot; junta a Gareth Evans, Corin Hardy y Xavier Gens, flipa<\/title>\n<meta name=\"description\" content=\"Tras las idolatradas The Raid, The Raid 2 y El ap\u00f3stol, el gran Gareth Evans regresa... pero con una serie de televisi\u00f3n: &quot;Gangs of London&quot;.\" \/>\n<meta name=\"robots\" content=\"index, follow, max-snippet:-1, max-image-preview:large, max-video-preview:-1\" \/>\n<link rel=\"canonical\" href=\"https:\/\/www.uruloki.org\/felipeblog\/cine\/gangs-of-london-junta-a-gareth-evans-corin-hardy-y-xavier-gens-en-tu-nueva-serie-de-television-favorita-rick-moranis-regresa-a-al-nueva-secuela-de-carino-he-encogido-a-los-ninos-gugu-mbatha-ra\" \/>\n<meta property=\"og:locale\" content=\"es_ES\" \/>\n<meta property=\"og:type\" content=\"article\" \/>\n<meta property=\"og:title\" content=\"&quot;Gangs of London&quot; junta a Gareth Evans, Corin Hardy y Xavier Gens, flipa\" \/>\n<meta property=\"og:description\" content=\"Tras las idolatradas The Raid, The Raid 2 y El ap\u00f3stol, el gran Gareth Evans regresa... pero con una serie de televisi\u00f3n: &quot;Gangs of London&quot;.\" \/>\n<meta property=\"og:url\" content=\"https:\/\/www.uruloki.org\/felipeblog\/cine\/gangs-of-london-junta-a-gareth-evans-corin-hardy-y-xavier-gens-en-tu-nueva-serie-de-television-favorita-rick-moranis-regresa-a-al-nueva-secuela-de-carino-he-encogido-a-los-ninos-gugu-mbatha-ra\" \/>\n<meta property=\"og:site_name\" content=\"Uruloki :: Blog\" \/>\n<meta property=\"article:publisher\" content=\"https:\/\/www.facebook.com\/uruloki.org\" \/>\n<meta property=\"article:published_time\" content=\"2020-02-12T20:03:58+00:00\" \/>\n<meta property=\"og:image\" content=\"https:\/\/www.uruloki.org\/felipeblog\/wp-content\/uploads\/2020\/02\/Gangs-of-London.png\" \/>\n\t<meta property=\"og:image:width\" content=\"1140\" \/>\n\t<meta property=\"og:image:height\" content=\"641\" \/>\n\t<meta property=\"og:image:type\" content=\"image\/png\" \/>\n<meta name=\"author\" content=\"Uruloki\" \/>\n<meta name=\"twitter:card\" content=\"summary_large_image\" \/>\n<meta name=\"twitter:creator\" content=\"@uruloki\" \/>\n<meta name=\"twitter:site\" content=\"@uruloki\" \/>\n<meta name=\"twitter:label1\" content=\"Escrito por\" \/>\n\t<meta name=\"twitter:data1\" content=\"Uruloki\" \/>\n\t<meta name=\"twitter:label2\" content=\"Tiempo de lectura\" \/>\n\t<meta name=\"twitter:data2\" content=\"1 minuto\" \/>\n<script type=\"application\/ld+json\" class=\"yoast-schema-graph\">{\"@context\":\"https:\/\/schema.org\",\"@graph\":[{\"@type\":\"WebPage\",\"@id\":\"https:\/\/www.uruloki.org\/felipeblog\/cine\/gangs-of-london-junta-a-gareth-evans-corin-hardy-y-xavier-gens-en-tu-nueva-serie-de-television-favorita-rick-moranis-regresa-a-al-nueva-secuela-de-carino-he-encogido-a-los-ninos-gugu-mbatha-ra\",\"url\":\"https:\/\/www.uruloki.org\/felipeblog\/cine\/gangs-of-london-junta-a-gareth-evans-corin-hardy-y-xavier-gens-en-tu-nueva-serie-de-television-favorita-rick-moranis-regresa-a-al-nueva-secuela-de-carino-he-encogido-a-los-ninos-gugu-mbatha-ra\",\"name\":\"\\\"Gangs of London\\\" junta a Gareth Evans, Corin Hardy y Xavier Gens, flipa\",\"isPartOf\":{\"@id\":\"https:\/\/www.uruloki.org\/felipeblog\/#website\"},\"datePublished\":\"2020-02-12T20:03:58+00:00\",\"dateModified\":\"2020-02-12T20:03:58+00:00\",\"author\":{\"@id\":\"https:\/\/www.uruloki.org\/felipeblog\/#\/schema\/person\/ddba06ddaa27edf0c370460d05c51bb3\"},\"description\":\"Tras las idolatradas The Raid, The Raid 2 y El ap\u00f3stol, el gran Gareth Evans regresa... pero con una serie de televisi\u00f3n: \\\"Gangs of London\\\".\",\"breadcrumb\":{\"@id\":\"https:\/\/www.uruloki.org\/felipeblog\/cine\/gangs-of-london-junta-a-gareth-evans-corin-hardy-y-xavier-gens-en-tu-nueva-serie-de-television-favorita-rick-moranis-regresa-a-al-nueva-secuela-de-carino-he-encogido-a-los-ninos-gugu-mbatha-ra#breadcrumb\"},\"inLanguage\":\"es\",\"potentialAction\":[{\"@type\":\"ReadAction\",\"target\":[\"https:\/\/www.uruloki.org\/felipeblog\/cine\/gangs-of-london-junta-a-gareth-evans-corin-hardy-y-xavier-gens-en-tu-nueva-serie-de-television-favorita-rick-moranis-regresa-a-al-nueva-secuela-de-carino-he-encogido-a-los-ninos-gugu-mbatha-ra\"]}]},{\"@type\":\"BreadcrumbList\",\"@id\":\"https:\/\/www.uruloki.org\/felipeblog\/cine\/gangs-of-london-junta-a-gareth-evans-corin-hardy-y-xavier-gens-en-tu-nueva-serie-de-television-favorita-rick-moranis-regresa-a-al-nueva-secuela-de-carino-he-encogido-a-los-ninos-gugu-mbatha-ra#breadcrumb\",\"itemListElement\":[{\"@type\":\"ListItem\",\"position\":1,\"name\":\"Portada\",\"item\":\"https:\/\/www.uruloki.org\/felipeblog\"},{\"@type\":\"ListItem\",\"position\":2,\"name\":\"\u00abGangs of London\u00bb junta a Gareth Evans, Corin Hardy y Xavier Gens en tu nueva serie de televisi\u00f3n favorita, Rick Moranis regresa a al nueva secuela de Cari\u00f1o, he encogido a los ni\u00f1os, Gugu Mbatha-Raw la \u00faltima en unirse al reparto de \u00abLoki\u00bb, Bruce Willis se aburrir\u00e1 siendo el protagonista de Cosmic Sin, y una muy generosa bater\u00eda de im\u00e1genes de Wonder Woman 1984&#8230;\"}]},{\"@type\":\"WebSite\",\"@id\":\"https:\/\/www.uruloki.org\/felipeblog\/#website\",\"url\":\"https:\/\/www.uruloki.org\/felipeblog\/\",\"name\":\"Uruloki :: Blog\",\"description\":\"Blog de cine, terror, ciencia ficci\u00f3n, fantas\u00eda y c\u00f3mics\",\"potentialAction\":[{\"@type\":\"SearchAction\",\"target\":{\"@type\":\"EntryPoint\",\"urlTemplate\":\"https:\/\/www.uruloki.org\/felipeblog\/?s={search_term_string}\"},\"query-input\":{\"@type\":\"PropertyValueSpecification\",\"valueRequired\":true,\"valueName\":\"search_term_string\"}}],\"inLanguage\":\"es\"},{\"@type\":\"Person\",\"@id\":\"https:\/\/www.uruloki.org\/felipeblog\/#\/schema\/person\/ddba06ddaa27edf0c370460d05c51bb3\",\"name\":\"Uruloki\",\"image\":{\"@type\":\"ImageObject\",\"inLanguage\":\"es\",\"@id\":\"https:\/\/www.uruloki.org\/felipeblog\/#\/schema\/person\/image\/\",\"url\":\"https:\/\/secure.gravatar.com\/avatar\/68d5301c5f52ba88fd63f02c75b8c4d1b3c3fc4b21e2998a1e98c4b3a54d9f7c?s=96&d=mm&r=g\",\"contentUrl\":\"https:\/\/secure.gravatar.com\/avatar\/68d5301c5f52ba88fd63f02c75b8c4d1b3c3fc4b21e2998a1e98c4b3a54d9f7c?s=96&d=mm&r=g\",\"caption\":\"Uruloki\"},\"sameAs\":[\"https:\/\/uruloki.org\"],\"url\":\"https:\/\/www.uruloki.org\/felipeblog\/author\/admin-2-2-2\"}]}<\/script>\n<!-- \/ Yoast SEO plugin. -->","yoast_head_json":{"title":"\"Gangs of London\" junta a Gareth Evans, Corin Hardy y Xavier Gens, flipa","description":"Tras las idolatradas The Raid, The Raid 2 y El ap\u00f3stol, el gran Gareth Evans regresa... pero con una serie de televisi\u00f3n: \"Gangs of London\".","robots":{"index":"index","follow":"follow","max-snippet":"max-snippet:-1","max-image-preview":"max-image-preview:large","max-video-preview":"max-video-preview:-1"},"canonical":"https:\/\/www.uruloki.org\/felipeblog\/cine\/gangs-of-london-junta-a-gareth-evans-corin-hardy-y-xavier-gens-en-tu-nueva-serie-de-television-favorita-rick-moranis-regresa-a-al-nueva-secuela-de-carino-he-encogido-a-los-ninos-gugu-mbatha-ra","og_locale":"es_ES","og_type":"article","og_title":"\"Gangs of London\" junta a Gareth Evans, Corin Hardy y Xavier Gens, flipa","og_description":"Tras las idolatradas The Raid, The Raid 2 y El ap\u00f3stol, el gran Gareth Evans regresa... pero con una serie de televisi\u00f3n: \"Gangs of London\".","og_url":"https:\/\/www.uruloki.org\/felipeblog\/cine\/gangs-of-london-junta-a-gareth-evans-corin-hardy-y-xavier-gens-en-tu-nueva-serie-de-television-favorita-rick-moranis-regresa-a-al-nueva-secuela-de-carino-he-encogido-a-los-ninos-gugu-mbatha-ra","og_site_name":"Uruloki :: Blog","article_publisher":"https:\/\/www.facebook.com\/uruloki.org","article_published_time":"2020-02-12T20:03:58+00:00","og_image":[{"width":1140,"height":641,"url":"https:\/\/www.uruloki.org\/felipeblog\/wp-content\/uploads\/2020\/02\/Gangs-of-London.png","type":"image\/png"}],"author":"Uruloki","twitter_card":"summary_large_image","twitter_creator":"@uruloki","twitter_site":"@uruloki","twitter_misc":{"Escrito por":"Uruloki","Tiempo de lectura":"1 minuto"},"schema":{"@context":"https:\/\/schema.org","@graph":[{"@type":"WebPage","@id":"https:\/\/www.uruloki.org\/felipeblog\/cine\/gangs-of-london-junta-a-gareth-evans-corin-hardy-y-xavier-gens-en-tu-nueva-serie-de-television-favorita-rick-moranis-regresa-a-al-nueva-secuela-de-carino-he-encogido-a-los-ninos-gugu-mbatha-ra","url":"https:\/\/www.uruloki.org\/felipeblog\/cine\/gangs-of-london-junta-a-gareth-evans-corin-hardy-y-xavier-gens-en-tu-nueva-serie-de-television-favorita-rick-moranis-regresa-a-al-nueva-secuela-de-carino-he-encogido-a-los-ninos-gugu-mbatha-ra","name":"\"Gangs of London\" junta a Gareth Evans, Corin Hardy y Xavier Gens, flipa","isPartOf":{"@id":"https:\/\/www.uruloki.org\/felipeblog\/#website"},"datePublished":"2020-02-12T20:03:58+00:00","dateModified":"2020-02-12T20:03:58+00:00","author":{"@id":"https:\/\/www.uruloki.org\/felipeblog\/#\/schema\/person\/ddba06ddaa27edf0c370460d05c51bb3"},"description":"Tras las idolatradas The Raid, The Raid 2 y El ap\u00f3stol, el gran Gareth Evans regresa... pero con una serie de televisi\u00f3n: \"Gangs of London\".","breadcrumb":{"@id":"https:\/\/www.uruloki.org\/felipeblog\/cine\/gangs-of-london-junta-a-gareth-evans-corin-hardy-y-xavier-gens-en-tu-nueva-serie-de-television-favorita-rick-moranis-regresa-a-al-nueva-secuela-de-carino-he-encogido-a-los-ninos-gugu-mbatha-ra#breadcrumb"},"inLanguage":"es","potentialAction":[{"@type":"ReadAction","target":["https:\/\/www.uruloki.org\/felipeblog\/cine\/gangs-of-london-junta-a-gareth-evans-corin-hardy-y-xavier-gens-en-tu-nueva-serie-de-television-favorita-rick-moranis-regresa-a-al-nueva-secuela-de-carino-he-encogido-a-los-ninos-gugu-mbatha-ra"]}]},{"@type":"BreadcrumbList","@id":"https:\/\/www.uruloki.org\/felipeblog\/cine\/gangs-of-london-junta-a-gareth-evans-corin-hardy-y-xavier-gens-en-tu-nueva-serie-de-television-favorita-rick-moranis-regresa-a-al-nueva-secuela-de-carino-he-encogido-a-los-ninos-gugu-mbatha-ra#breadcrumb","itemListElement":[{"@type":"ListItem","position":1,"name":"Portada","item":"https:\/\/www.uruloki.org\/felipeblog"},{"@type":"ListItem","position":2,"name":"\u00abGangs of London\u00bb junta a Gareth Evans, Corin Hardy y Xavier Gens en tu nueva serie de televisi\u00f3n favorita, Rick Moranis regresa a al nueva secuela de Cari\u00f1o, he encogido a los ni\u00f1os, Gugu Mbatha-Raw la \u00faltima en unirse al reparto de \u00abLoki\u00bb, Bruce Willis se aburrir\u00e1 siendo el protagonista de Cosmic Sin, y una muy generosa bater\u00eda de im\u00e1genes de Wonder Woman 1984&#8230;"}]},{"@type":"WebSite","@id":"https:\/\/www.uruloki.org\/felipeblog\/#website","url":"https:\/\/www.uruloki.org\/felipeblog\/","name":"Uruloki :: Blog","description":"Blog de cine, terror, ciencia ficci\u00f3n, fantas\u00eda y c\u00f3mics","potentialAction":[{"@type":"SearchAction","target":{"@type":"EntryPoint","urlTemplate":"https:\/\/www.uruloki.org\/felipeblog\/?s={search_term_string}"},"query-input":{"@type":"PropertyValueSpecification","valueRequired":true,"valueName":"search_term_string"}}],"inLanguage":"es"},{"@type":"Person","@id":"https:\/\/www.uruloki.org\/felipeblog\/#\/schema\/person\/ddba06ddaa27edf0c370460d05c51bb3","name":"Uruloki","image":{"@type":"ImageObject","inLanguage":"es","@id":"https:\/\/www.uruloki.org\/felipeblog\/#\/schema\/person\/image\/","url":"https:\/\/secure.gravatar.com\/avatar\/68d5301c5f52ba88fd63f02c75b8c4d1b3c3fc4b21e2998a1e98c4b3a54d9f7c?s=96&d=mm&r=g","contentUrl":"https:\/\/secure.gravatar.com\/avatar\/68d5301c5f52ba88fd63f02c75b8c4d1b3c3fc4b21e2998a1e98c4b3a54d9f7c?s=96&d=mm&r=g","caption":"Uruloki"},"sameAs":["https:\/\/uruloki.org"],"url":"https:\/\/www.uruloki.org\/felipeblog\/author\/admin-2-2-2"}]}},"_links":{"self":[{"href":"https:\/\/www.uruloki.org\/felipeblog\/wp-json\/wp\/v2\/posts\/19589","targetHints":{"allow":["GET"]}}],"collection":[{"href":"https:\/\/www.uruloki.org\/felipeblog\/wp-json\/wp\/v2\/posts"}],"about":[{"href":"https:\/\/www.uruloki.org\/felipeblog\/wp-json\/wp\/v2\/types\/post"}],"author":[{"embeddable":true,"href":"https:\/\/www.uruloki.org\/felipeblog\/wp-json\/wp\/v2\/users\/28"}],"replies":[{"embeddable":true,"href":"https:\/\/www.uruloki.org\/felipeblog\/wp-json\/wp\/v2\/comments?post=19589"}],"version-history":[{"count":1,"href":"https:\/\/www.uruloki.org\/felipeblog\/wp-json\/wp\/v2\/posts\/19589\/revisions"}],"predecessor-version":[{"id":19591,"href":"https:\/\/www.uruloki.org\/felipeblog\/wp-json\/wp\/v2\/posts\/19589\/revisions\/19591"}],"wp:attachment":[{"href":"https:\/\/www.uruloki.org\/felipeblog\/wp-json\/wp\/v2\/media?parent=19589"}],"wp:term":[{"taxonomy":"category","embeddable":true,"href":"https:\/\/www.uruloki.org\/felipeblog\/wp-json\/wp\/v2\/categories?post=19589"},{"taxonomy":"post_tag","embeddable":true,"href":"https:\/\/www.uruloki.org\/felipeblog\/wp-json\/wp\/v2\/tags?post=19589"}],"curies":[{"name":"wp","href":"https:\/\/api.w.org\/{rel}","templated":true}]}}