{"id":19439,"date":"2019-12-18T22:12:34","date_gmt":"2019-12-18T21:12:34","guid":{"rendered":"https:\/\/uruloki.org\/felipeblog\/?p=19439"},"modified":"2019-12-18T22:12:34","modified_gmt":"2019-12-18T21:12:34","slug":"las-primeras-imagenes-de-tenet-lo-nuevo-de-christopher-nolan-no-desvelan-nada-salvo-que-las-camisas-abrochadas-hasta-el-cuello-vistoso-nuevo-cartel-de-color-out-of-space-y-otro-truculento-de-gretel","status":"publish","type":"post","link":"https:\/\/www.uruloki.org\/felipeblog\/cine-inclasificable\/las-primeras-imagenes-de-tenet-lo-nuevo-de-christopher-nolan-no-desvelan-nada-salvo-que-las-camisas-abrochadas-hasta-el-cuello-vistoso-nuevo-cartel-de-color-out-of-space-y-otro-truculento-de-gretel","title":{"rendered":"Las primeras im\u00e1genes de Tenet (lo nuevo de Christopher Nolan) no desvelan nada salvo que las camisas abrochadas hasta el cuello, vistoso nuevo cartel de Color Out of Space y otro truculento de Gretel &#038; Hansel: A Grim Fairy Tale, y Netflix anuncia una segunda serie de Masters del Universo&#8230;"},"content":{"rendered":"<p>El portal EW ha tenido <a href=\"https:\/\/ew.com\/movies\/2019\/12\/18\/tenet-christopher-nolan-robert-pattinson-john-david-washington-first-look\/\" target=\"_blank\" rel=\"noopener noreferrer\">la oportunidad de hablar con <strong>Christopher Nolan<\/strong> sobre <strong>Tenet<\/strong><\/a>, su nuevo proyecto cinematogr&aacute;fico y del que comenta que es su film m&aacute;s ambicioso hasta la fecha. Descrito como un derroche de acci&oacute;n y &eacute;pica en torno al mundo del espionaje internacional, tenemos la oportunidad de ver las primeras im&aacute;genes oficiales con <strong>John David Washington<\/strong> y <strong>Robert Pattinson<\/strong> como grandes protagonistas (al fondo de la segunda y difuminada <strong>Elizabeth Debicki<\/strong>). <strong>Nolan<\/strong> descubre que <strong>Washington<\/strong> es el &quot;h&eacute;roe&quot;, un actor como la copa de un pino y un portento f&iacute;sico al que ya descubrimos en <strong>Infiltrado en el KKKlan<\/strong> (<em>BlacKkKlansman<\/em>).<\/p>\n<p><a href=\"https:\/\/ew.com\/movies\/2019\/12\/18\/tenet-christopher-nolan-robert-pattinson-john-david-washington-first-look\/?utm_campaign=entertainmentweekly_ew&amp;utm_content=link&amp;utm_medium=social&amp;utm_term=EBACC76C-219E-11EA-8773-8FA44744363C&amp;utm_source=twitter.com&amp;__twitter_impression=true\" target=\"_blank\" rel=\"noopener noreferrer\"><\/a><\/p>\n<p class=\"centrado\"><img decoding=\"async\" src=\"\/felipeblog\/imagenes2019\/20191218-tenet-1.jpg\" alt=\"Primer p&oacute;ster de Un lugar tranquilo 2... de ah&iacute; en adelante fiesta\"><br \/><em>Robert Pattinson y John David Washington&#8230; Tenet<\/em><\/p>\n<p class=\"centrado\"><img decoding=\"async\" src=\"\/felipeblog\/imagenes2019\/20191218-tenet-2.jpg\" alt=\"Primer p&oacute;ster de Un lugar tranquilo 2... de ah&iacute; en adelante fiesta\"><br \/><em>Elizabeth Debicki y John David Washington&#8230; Tenet<\/em><\/p>\n<p>Luego tenemos un par de carteles de films de terror. Primero el brillante de <strong>Color Out of Space<\/strong> de <strong>Richard Stanley<\/strong>. Un cartel digno de la paranoia cargado de rosa llegada del espacio. El segundo uno de <strong>Gretel &amp; Hansel: Un oscuro cuento de hadas<\/strong> (<em>Gretel &amp; Hansel: A Grim Fairy Tale<\/em>), film macabro de <strong>Oz Perkins<\/strong> y que cuenta con <strong>Sophia Lillis<\/strong> (<em>IT<\/em>) como protagonista.<\/p>\n<p class=\"centrado\"><img decoding=\"async\" src=\"\/felipeblog\/imagenes2019\/20191218-color-out-of-scape.jpg\" alt=\"Fabuloso nuevo cartel de Color Out of Space de Richard Stanley... joya\"><br \/><em>Fabuloso nuevo cartel de Color Out of Space de Richard Stanley&#8230; joya<\/em><\/p>\n<p class=\"centrado\"><img decoding=\"async\" src=\"\/felipeblog\/imagenes2019\/20191218-gretel-and-hansel-a-grim-fairy-tale.jpg\" alt=\"Primer p&oacute;ster de Un lugar tranquilo 2... de ah&iacute; en adelante fiesta\"><br \/><em>Primer p&oacute;ster de Un lugar tranquilo 2&#8230; de ah&iacute; en adelante fiesta<\/em><\/p>\n<p>Para terminar una inesperada sorpresa&#8230; <a href=\"https:\/\/deadline.com\/2019\/12\/he-man-masters-of-the-universe-netflix-mattel-cg-greyskull-skeletor-1202812653\/\" target=\"_blank\" rel=\"noopener noreferrer\"><strong>Netflix<\/strong> anuncia otra serie de animaci&oacute;n de M&aacute;sters del Universo<\/a>. La serie se titular&aacute; <strong>&quot;He-Man and the Masters of the Universe&quot;<\/strong> y se suma la que prepara <strong>Kevin Smith<\/strong> titulada <strong>&quot;Masters of the Universe: Revelation&quot;<\/strong>. En el anuncio en Twitter podemos ver a Skeletor&#8230;<\/p>\n<div class=\"twittercentrado\">\n<blockquote class=\"twitter-tweet\" data-lang=\"es\">\n<p lang=\"en\" dir=\"ltr\">A young prince discovers a mighty power, and an epic story begins once more! He-Man and the Masters of the Universe wage a new battle against Skeletor in a reimagined take on the classic franchise. <a href=\"https:\/\/twitter.com\/MastersOfficial?ref_src=twsrc%5Etfw\" target=\"_blank\" rel=\"noopener noreferrer\">@MastersOfficial<\/a> <a href=\"https:\/\/t.co\/sVh0CFtAFX\" target=\"_blank\" rel=\"noopener noreferrer\">pic.twitter.com\/sVh0CFtAFX<\/a><\/p>\n<p>&mdash; NX (@NXOnNetflix) <a href=\"https:\/\/twitter.com\/NXOnNetflix\/status\/1207359876571095041?ref_src=twsrc%5Etfw\" target=\"_blank\" rel=\"noopener noreferrer\">18 de diciembre de 2019<\/a><\/p><\/blockquote>\n<p><script async src=\"https:\/\/platform.twitter.com\/widgets.js\" charset=\"utf-8\"><\/script><\/div>\n<p>En Deadline nos descubren a <em>He-Man<\/em>. La producci&oacute;n corre de la mano de <strong>Mattel Television<\/strong> como <strong>Adam Bonnett<\/strong> (<em>&quot;Descendants&quot;<\/em>), <strong>Christopher Keenan<\/strong> (<em>&quot;Justice League&quot;<\/em>, <em>&quot;Batman Beyond&quot;<\/em>), y <strong>Rob David<\/strong> (<em>&quot;Masters of the Universe: Revelation&quot;<\/em>, <em>&quot;Teenage Mutant Ninja Turtles&quot;<\/em>) como productores ejecutivos. La animaci&oacute;n est&aacute; en manos de <strong>House of Cool<\/strong> y <strong>CGCG<\/strong> (<em>&quot;Trollhunters&quot;<\/em>). La sinopsis suena as&iacute;&#8230;<\/p>\n<blockquote>\n<p>En el planeta de Eternia, un joven pr&iacute;ncipe perdido descubre los poderes de Grayskull y se transforma en He-Man, Maestro del Universo! La cl&aacute;sica batalla entre He-Man y el malvado Skeletor alcanza nuevas cotas, ya que tanto el h&eacute;roe como el villano forjan nuevos y poderosos equipos. Una nueva generaci&oacute;n de h&eacute;roes luchando por el destino de todos nosotros. Al final, &iquest;qui&eacute;n se convertir&aacute; en el Maestro del Universo?<\/p>\n<\/blockquote>\n<p class=\"centrado\"><img decoding=\"async\" src=\"\/felipeblog\/imagenes2019\/20191218-he-man-and-the-masters-of-the-universe.jpg\" alt=\"El segundo cartel de &quot;He-Man and the Masters of the Universe&quot;\"><br \/><em>El segundo cartel de &quot;He-Man and the Masters of the Universe&quot;<\/em><\/p>\n","protected":false},"excerpt":{"rendered":"<p>El portal EW ha tenido la oportunidad de hablar con Christopher Nolan sobre Tenet, su nuevo proyecto cinematogr&aacute;fico y del que comenta que es su film m&aacute;s ambicioso hasta la fecha. Descrito como un derroche de acci&oacute;n y &eacute;pica en torno al mundo del espionaje internacional, tenemos la oportunidad de ver las primeras im&aacute;genes oficiales [&hellip;]<\/p>\n","protected":false},"author":28,"featured_media":0,"comment_status":"open","ping_status":"open","sticky":false,"template":"","format":"standard","meta":{"footnotes":""},"categories":[10,12,9,19],"tags":[4358,4129,4437,4289],"class_list":["post-19439","post","type-post","status-publish","format-standard","hentry","category-cine-de-comics","category-cine-de-fantasia","category-cine-de-terror","category-cine-inclasificable","tag-color-out-of-space","tag-gretel-and-hansel","tag-he-man-and-the-masters-of-the-universe","tag-tenet"],"yoast_head":"<!-- This site is optimized with the Yoast SEO plugin v24.3 - https:\/\/yoast.com\/wordpress\/plugins\/seo\/ -->\n<title>Las primeras im\u00e1genes de Tenet no desvelan nada salvo camisas abrochadas hasta el cuello<\/title>\n<meta name=\"description\" content=\"EW ha tenido la oportunidad de hablar con Christopher Nolan sobre Tenet, su nuevo proyecto cinematogr\u00e1fico y del que comenta que es el m\u00e1s ambicioso.\" \/>\n<meta name=\"robots\" content=\"index, follow, max-snippet:-1, max-image-preview:large, max-video-preview:-1\" \/>\n<link rel=\"canonical\" href=\"https:\/\/www.uruloki.org\/felipeblog\/cine-inclasificable\/las-primeras-imagenes-de-tenet-lo-nuevo-de-christopher-nolan-no-desvelan-nada-salvo-que-las-camisas-abrochadas-hasta-el-cuello-vistoso-nuevo-cartel-de-color-out-of-space-y-otro-truculento-de-gretel\" \/>\n<meta property=\"og:locale\" content=\"es_ES\" \/>\n<meta property=\"og:type\" content=\"article\" \/>\n<meta property=\"og:title\" content=\"Las primeras im\u00e1genes de Tenet no desvelan nada salvo camisas abrochadas hasta el cuello\" \/>\n<meta property=\"og:description\" content=\"EW ha tenido la oportunidad de hablar con Christopher Nolan sobre Tenet, su nuevo proyecto cinematogr\u00e1fico y del que comenta que es el m\u00e1s ambicioso.\" \/>\n<meta property=\"og:url\" content=\"https:\/\/www.uruloki.org\/felipeblog\/cine-inclasificable\/las-primeras-imagenes-de-tenet-lo-nuevo-de-christopher-nolan-no-desvelan-nada-salvo-que-las-camisas-abrochadas-hasta-el-cuello-vistoso-nuevo-cartel-de-color-out-of-space-y-otro-truculento-de-gretel\" \/>\n<meta property=\"og:site_name\" content=\"Uruloki :: Blog\" \/>\n<meta property=\"article:publisher\" content=\"https:\/\/www.facebook.com\/uruloki.org\" \/>\n<meta property=\"article:published_time\" content=\"2019-12-18T21:12:34+00:00\" \/>\n<meta property=\"og:image\" content=\"https:\/\/www.uruloki.org\/felipeblog\/wp-content\/uploads\/2019\/12\/20191218-tenet-1.jpg\" \/>\n\t<meta property=\"og:image:width\" content=\"625\" \/>\n\t<meta property=\"og:image:height\" content=\"417\" \/>\n\t<meta property=\"og:image:type\" content=\"image\/jpeg\" \/>\n<meta name=\"author\" content=\"Uruloki\" \/>\n<meta name=\"twitter:card\" content=\"summary_large_image\" \/>\n<meta name=\"twitter:creator\" content=\"@uruloki\" \/>\n<meta name=\"twitter:site\" content=\"@uruloki\" \/>\n<meta name=\"twitter:label1\" content=\"Escrito por\" \/>\n\t<meta name=\"twitter:data1\" content=\"Uruloki\" \/>\n\t<meta name=\"twitter:label2\" content=\"Tiempo de lectura\" \/>\n\t<meta name=\"twitter:data2\" content=\"2 minutos\" \/>\n<script type=\"application\/ld+json\" class=\"yoast-schema-graph\">{\"@context\":\"https:\/\/schema.org\",\"@graph\":[{\"@type\":\"WebPage\",\"@id\":\"https:\/\/www.uruloki.org\/felipeblog\/cine-inclasificable\/las-primeras-imagenes-de-tenet-lo-nuevo-de-christopher-nolan-no-desvelan-nada-salvo-que-las-camisas-abrochadas-hasta-el-cuello-vistoso-nuevo-cartel-de-color-out-of-space-y-otro-truculento-de-gretel\",\"url\":\"https:\/\/www.uruloki.org\/felipeblog\/cine-inclasificable\/las-primeras-imagenes-de-tenet-lo-nuevo-de-christopher-nolan-no-desvelan-nada-salvo-que-las-camisas-abrochadas-hasta-el-cuello-vistoso-nuevo-cartel-de-color-out-of-space-y-otro-truculento-de-gretel\",\"name\":\"Las primeras im\u00e1genes de Tenet no desvelan nada salvo camisas abrochadas hasta el cuello\",\"isPartOf\":{\"@id\":\"https:\/\/www.uruloki.org\/felipeblog\/#website\"},\"datePublished\":\"2019-12-18T21:12:34+00:00\",\"dateModified\":\"2019-12-18T21:12:34+00:00\",\"author\":{\"@id\":\"https:\/\/www.uruloki.org\/felipeblog\/#\/schema\/person\/ddba06ddaa27edf0c370460d05c51bb3\"},\"description\":\"EW ha tenido la oportunidad de hablar con Christopher Nolan sobre Tenet, su nuevo proyecto cinematogr\u00e1fico y del que comenta que es el m\u00e1s ambicioso.\",\"breadcrumb\":{\"@id\":\"https:\/\/www.uruloki.org\/felipeblog\/cine-inclasificable\/las-primeras-imagenes-de-tenet-lo-nuevo-de-christopher-nolan-no-desvelan-nada-salvo-que-las-camisas-abrochadas-hasta-el-cuello-vistoso-nuevo-cartel-de-color-out-of-space-y-otro-truculento-de-gretel#breadcrumb\"},\"inLanguage\":\"es\",\"potentialAction\":[{\"@type\":\"ReadAction\",\"target\":[\"https:\/\/www.uruloki.org\/felipeblog\/cine-inclasificable\/las-primeras-imagenes-de-tenet-lo-nuevo-de-christopher-nolan-no-desvelan-nada-salvo-que-las-camisas-abrochadas-hasta-el-cuello-vistoso-nuevo-cartel-de-color-out-of-space-y-otro-truculento-de-gretel\"]}]},{\"@type\":\"BreadcrumbList\",\"@id\":\"https:\/\/www.uruloki.org\/felipeblog\/cine-inclasificable\/las-primeras-imagenes-de-tenet-lo-nuevo-de-christopher-nolan-no-desvelan-nada-salvo-que-las-camisas-abrochadas-hasta-el-cuello-vistoso-nuevo-cartel-de-color-out-of-space-y-otro-truculento-de-gretel#breadcrumb\",\"itemListElement\":[{\"@type\":\"ListItem\",\"position\":1,\"name\":\"Portada\",\"item\":\"https:\/\/www.uruloki.org\/felipeblog\"},{\"@type\":\"ListItem\",\"position\":2,\"name\":\"Las primeras im\u00e1genes de Tenet (lo nuevo de Christopher Nolan) no desvelan nada salvo que las camisas abrochadas hasta el cuello, vistoso nuevo cartel de Color Out of Space y otro truculento de Gretel &#038; Hansel: A Grim Fairy Tale, y Netflix anuncia una segunda serie de Masters del Universo&#8230;\"}]},{\"@type\":\"WebSite\",\"@id\":\"https:\/\/www.uruloki.org\/felipeblog\/#website\",\"url\":\"https:\/\/www.uruloki.org\/felipeblog\/\",\"name\":\"Uruloki :: Blog\",\"description\":\"Blog de cine, terror, ciencia ficci\u00f3n, fantas\u00eda y c\u00f3mics\",\"potentialAction\":[{\"@type\":\"SearchAction\",\"target\":{\"@type\":\"EntryPoint\",\"urlTemplate\":\"https:\/\/www.uruloki.org\/felipeblog\/?s={search_term_string}\"},\"query-input\":{\"@type\":\"PropertyValueSpecification\",\"valueRequired\":true,\"valueName\":\"search_term_string\"}}],\"inLanguage\":\"es\"},{\"@type\":\"Person\",\"@id\":\"https:\/\/www.uruloki.org\/felipeblog\/#\/schema\/person\/ddba06ddaa27edf0c370460d05c51bb3\",\"name\":\"Uruloki\",\"image\":{\"@type\":\"ImageObject\",\"inLanguage\":\"es\",\"@id\":\"https:\/\/www.uruloki.org\/felipeblog\/#\/schema\/person\/image\/\",\"url\":\"https:\/\/secure.gravatar.com\/avatar\/68d5301c5f52ba88fd63f02c75b8c4d1b3c3fc4b21e2998a1e98c4b3a54d9f7c?s=96&d=mm&r=g\",\"contentUrl\":\"https:\/\/secure.gravatar.com\/avatar\/68d5301c5f52ba88fd63f02c75b8c4d1b3c3fc4b21e2998a1e98c4b3a54d9f7c?s=96&d=mm&r=g\",\"caption\":\"Uruloki\"},\"sameAs\":[\"https:\/\/uruloki.org\"],\"url\":\"https:\/\/www.uruloki.org\/felipeblog\/author\/admin-2-2-2\"}]}<\/script>\n<!-- \/ Yoast SEO plugin. -->","yoast_head_json":{"title":"Las primeras im\u00e1genes de Tenet no desvelan nada salvo camisas abrochadas hasta el cuello","description":"EW ha tenido la oportunidad de hablar con Christopher Nolan sobre Tenet, su nuevo proyecto cinematogr\u00e1fico y del que comenta que es el m\u00e1s ambicioso.","robots":{"index":"index","follow":"follow","max-snippet":"max-snippet:-1","max-image-preview":"max-image-preview:large","max-video-preview":"max-video-preview:-1"},"canonical":"https:\/\/www.uruloki.org\/felipeblog\/cine-inclasificable\/las-primeras-imagenes-de-tenet-lo-nuevo-de-christopher-nolan-no-desvelan-nada-salvo-que-las-camisas-abrochadas-hasta-el-cuello-vistoso-nuevo-cartel-de-color-out-of-space-y-otro-truculento-de-gretel","og_locale":"es_ES","og_type":"article","og_title":"Las primeras im\u00e1genes de Tenet no desvelan nada salvo camisas abrochadas hasta el cuello","og_description":"EW ha tenido la oportunidad de hablar con Christopher Nolan sobre Tenet, su nuevo proyecto cinematogr\u00e1fico y del que comenta que es el m\u00e1s ambicioso.","og_url":"https:\/\/www.uruloki.org\/felipeblog\/cine-inclasificable\/las-primeras-imagenes-de-tenet-lo-nuevo-de-christopher-nolan-no-desvelan-nada-salvo-que-las-camisas-abrochadas-hasta-el-cuello-vistoso-nuevo-cartel-de-color-out-of-space-y-otro-truculento-de-gretel","og_site_name":"Uruloki :: Blog","article_publisher":"https:\/\/www.facebook.com\/uruloki.org","article_published_time":"2019-12-18T21:12:34+00:00","og_image":[{"width":625,"height":417,"url":"https:\/\/www.uruloki.org\/felipeblog\/wp-content\/uploads\/2019\/12\/20191218-tenet-1.jpg","type":"image\/jpeg"}],"author":"Uruloki","twitter_card":"summary_large_image","twitter_creator":"@uruloki","twitter_site":"@uruloki","twitter_misc":{"Escrito por":"Uruloki","Tiempo de lectura":"2 minutos"},"schema":{"@context":"https:\/\/schema.org","@graph":[{"@type":"WebPage","@id":"https:\/\/www.uruloki.org\/felipeblog\/cine-inclasificable\/las-primeras-imagenes-de-tenet-lo-nuevo-de-christopher-nolan-no-desvelan-nada-salvo-que-las-camisas-abrochadas-hasta-el-cuello-vistoso-nuevo-cartel-de-color-out-of-space-y-otro-truculento-de-gretel","url":"https:\/\/www.uruloki.org\/felipeblog\/cine-inclasificable\/las-primeras-imagenes-de-tenet-lo-nuevo-de-christopher-nolan-no-desvelan-nada-salvo-que-las-camisas-abrochadas-hasta-el-cuello-vistoso-nuevo-cartel-de-color-out-of-space-y-otro-truculento-de-gretel","name":"Las primeras im\u00e1genes de Tenet no desvelan nada salvo camisas abrochadas hasta el cuello","isPartOf":{"@id":"https:\/\/www.uruloki.org\/felipeblog\/#website"},"datePublished":"2019-12-18T21:12:34+00:00","dateModified":"2019-12-18T21:12:34+00:00","author":{"@id":"https:\/\/www.uruloki.org\/felipeblog\/#\/schema\/person\/ddba06ddaa27edf0c370460d05c51bb3"},"description":"EW ha tenido la oportunidad de hablar con Christopher Nolan sobre Tenet, su nuevo proyecto cinematogr\u00e1fico y del que comenta que es el m\u00e1s ambicioso.","breadcrumb":{"@id":"https:\/\/www.uruloki.org\/felipeblog\/cine-inclasificable\/las-primeras-imagenes-de-tenet-lo-nuevo-de-christopher-nolan-no-desvelan-nada-salvo-que-las-camisas-abrochadas-hasta-el-cuello-vistoso-nuevo-cartel-de-color-out-of-space-y-otro-truculento-de-gretel#breadcrumb"},"inLanguage":"es","potentialAction":[{"@type":"ReadAction","target":["https:\/\/www.uruloki.org\/felipeblog\/cine-inclasificable\/las-primeras-imagenes-de-tenet-lo-nuevo-de-christopher-nolan-no-desvelan-nada-salvo-que-las-camisas-abrochadas-hasta-el-cuello-vistoso-nuevo-cartel-de-color-out-of-space-y-otro-truculento-de-gretel"]}]},{"@type":"BreadcrumbList","@id":"https:\/\/www.uruloki.org\/felipeblog\/cine-inclasificable\/las-primeras-imagenes-de-tenet-lo-nuevo-de-christopher-nolan-no-desvelan-nada-salvo-que-las-camisas-abrochadas-hasta-el-cuello-vistoso-nuevo-cartel-de-color-out-of-space-y-otro-truculento-de-gretel#breadcrumb","itemListElement":[{"@type":"ListItem","position":1,"name":"Portada","item":"https:\/\/www.uruloki.org\/felipeblog"},{"@type":"ListItem","position":2,"name":"Las primeras im\u00e1genes de Tenet (lo nuevo de Christopher Nolan) no desvelan nada salvo que las camisas abrochadas hasta el cuello, vistoso nuevo cartel de Color Out of Space y otro truculento de Gretel &#038; Hansel: A Grim Fairy Tale, y Netflix anuncia una segunda serie de Masters del Universo&#8230;"}]},{"@type":"WebSite","@id":"https:\/\/www.uruloki.org\/felipeblog\/#website","url":"https:\/\/www.uruloki.org\/felipeblog\/","name":"Uruloki :: Blog","description":"Blog de cine, terror, ciencia ficci\u00f3n, fantas\u00eda y c\u00f3mics","potentialAction":[{"@type":"SearchAction","target":{"@type":"EntryPoint","urlTemplate":"https:\/\/www.uruloki.org\/felipeblog\/?s={search_term_string}"},"query-input":{"@type":"PropertyValueSpecification","valueRequired":true,"valueName":"search_term_string"}}],"inLanguage":"es"},{"@type":"Person","@id":"https:\/\/www.uruloki.org\/felipeblog\/#\/schema\/person\/ddba06ddaa27edf0c370460d05c51bb3","name":"Uruloki","image":{"@type":"ImageObject","inLanguage":"es","@id":"https:\/\/www.uruloki.org\/felipeblog\/#\/schema\/person\/image\/","url":"https:\/\/secure.gravatar.com\/avatar\/68d5301c5f52ba88fd63f02c75b8c4d1b3c3fc4b21e2998a1e98c4b3a54d9f7c?s=96&d=mm&r=g","contentUrl":"https:\/\/secure.gravatar.com\/avatar\/68d5301c5f52ba88fd63f02c75b8c4d1b3c3fc4b21e2998a1e98c4b3a54d9f7c?s=96&d=mm&r=g","caption":"Uruloki"},"sameAs":["https:\/\/uruloki.org"],"url":"https:\/\/www.uruloki.org\/felipeblog\/author\/admin-2-2-2"}]}},"_links":{"self":[{"href":"https:\/\/www.uruloki.org\/felipeblog\/wp-json\/wp\/v2\/posts\/19439","targetHints":{"allow":["GET"]}}],"collection":[{"href":"https:\/\/www.uruloki.org\/felipeblog\/wp-json\/wp\/v2\/posts"}],"about":[{"href":"https:\/\/www.uruloki.org\/felipeblog\/wp-json\/wp\/v2\/types\/post"}],"author":[{"embeddable":true,"href":"https:\/\/www.uruloki.org\/felipeblog\/wp-json\/wp\/v2\/users\/28"}],"replies":[{"embeddable":true,"href":"https:\/\/www.uruloki.org\/felipeblog\/wp-json\/wp\/v2\/comments?post=19439"}],"version-history":[{"count":1,"href":"https:\/\/www.uruloki.org\/felipeblog\/wp-json\/wp\/v2\/posts\/19439\/revisions"}],"predecessor-version":[{"id":19441,"href":"https:\/\/www.uruloki.org\/felipeblog\/wp-json\/wp\/v2\/posts\/19439\/revisions\/19441"}],"wp:attachment":[{"href":"https:\/\/www.uruloki.org\/felipeblog\/wp-json\/wp\/v2\/media?parent=19439"}],"wp:term":[{"taxonomy":"category","embeddable":true,"href":"https:\/\/www.uruloki.org\/felipeblog\/wp-json\/wp\/v2\/categories?post=19439"},{"taxonomy":"post_tag","embeddable":true,"href":"https:\/\/www.uruloki.org\/felipeblog\/wp-json\/wp\/v2\/tags?post=19439"}],"curies":[{"name":"wp","href":"https:\/\/api.w.org\/{rel}","templated":true}]}}