{"id":19429,"date":"2019-12-14T17:23:17","date_gmt":"2019-12-14T16:23:17","guid":{"rendered":"https:\/\/uruloki.org\/felipeblog\/?p=19429"},"modified":"2019-12-14T17:23:17","modified_gmt":"2019-12-14T16:23:17","slug":"david-benioff-y-d-b-weiss-adaptaran-la-novela-grafica-lovecraft-de-keith-giffen-y-enrique-breccia-para-warner-bros-the-lord-of-the-rings-de-amazon-studios-se-lleva-la-primera-en-la-cara-y-w","status":"publish","type":"post","link":"https:\/\/www.uruloki.org\/felipeblog\/cine-de-terror\/david-benioff-y-d-b-weiss-adaptaran-la-novela-grafica-lovecraft-de-keith-giffen-y-enrique-breccia-para-warner-bros-the-lord-of-the-rings-de-amazon-studios-se-lleva-la-primera-en-la-cara-y-w","title":{"rendered":"David Benioff y D.B. Weiss adaptar\u00e1n la novela gr\u00e1fica \u00abLovecraft\u00bb de Keith Giffen y Enrique Breccia para Warner Bros., \u00abThe Lord of the Rings\u00bb de Amazon Studios se lleva la primera en la cara y Will Poulter ya no ser\u00e1 lo que fuera que iba a ser, Jonathan Entwistle (\u00abThe End of the F***king World\u00bb) fichado por Paramount para un nuevo reboot de los Power Rangers que nos llevar\u00e1 a los 90, la secuela de Shazam! ya tiene fecha de estreno y otro par de cosa del mundillo DC&#8230;"},"content":{"rendered":"<p>Tras un viernes de cena de empresa, hora de revisar a golpe de s&aacute;bado las &uacute;ltimas novedades que hay algunas interesantes. Sin ir m&aacute;s lejos la que m&aacute;s me llama la atenci&oacute;n es el anuncio de que <a href=\"https:\/\/variety.com\/2019\/film\/news\/lovecraft-movie-david-benioff-db-weiss-game-of-thrones-1203434988\/\" target=\"_blank\" rel=\"noopener noreferrer\"><strong>David Benioff<\/strong> y <strong>D.B. Weiss<\/strong> se unen ahora a <strong>Warner Bros.<\/strong> para desarrollar un thriller basado en la novela gr&aacute;fica <strong>&quot;Lovecraft&quot;<\/strong><\/a> de  <strong>Keith Giffen<\/strong> y <strong>Enrique Breccia<\/strong>. Tras <a href=\"https:\/\/www.uruloki.org\/felipeblog\/star-wars\/la-fuerza-es-intensa-en-el-universo-star-wars-nuevo-trailer-y-carteles-de-the-mandalorian-y-el-adios-con-la-mano-de-david-benioff-y-d-b-weiss-a-las-trilogias-extra-que-preparaban\">romper su acuerdo con <strong>Lucasfilm<\/strong><\/a> para hacer una trilog&iacute;a <strong>Star Wars<\/strong>, y pese a tener un contrato con <strong>Netflix<\/strong> para desarrollo de diversos productos, ahora se meten en el barco <strong>Warner Bros.<\/strong> para esta propuesta cinematogr&aacute;fica. En la obra de <strong>Giffen<\/strong> y <strong>Breccia<\/strong> conocemos a un <strong>H.P. Lovecraft<\/strong> ni&ntilde;o que lee el <em>Necronomic&oacute;n<\/em> y que se enfrenta a las criaturas descritas en la obra original <strong>&quot;El horror de Dunwich&quot;<\/strong>. Una obra repleta de gui&ntilde;os a las obras del maestro y que dan a entender que el mundo que <strong>Lovecraft<\/strong> cre&oacute; en sus relatos fueron reales. El gui&oacute;n est&aacute; en manos de <strong>Phil Hay<\/strong> y <strong>Matt Manfredi<\/strong>, con <strong>Karyn  Kusama<\/strong> figurando como producto ejecutivo.<\/p>\n<p class=\"centrado\"><img decoding=\"async\" src=\"\/felipeblog\/imagenes2019\/20191214-lovecraft.jpg\" alt=\"Una de las im&aacute;genes creadas por Breccia para la obra &quot;Lovecraft&quot;\"><br \/><em>Una de las im&aacute;genes creadas por Breccia para la obra &quot;Lovecraft&quot;<\/em><\/p>\n<p>Y si unos llegan otros se van. <a href=\"https:\/\/deadline.com\/2019\/12\/will-poulter-exits-lord-of-the-rings-amazon-series-1202808332\/\" target=\"_blank\" rel=\"noopener noreferrer\"><strong>&quot;The Lord of the Rings&quot;<\/strong> de <strong>Amazon Studios<\/strong> se lleva la primera en la cara<\/a>. El rostro m&aacute;s conocido de la futura serie, <strong>Will Poulter<\/strong>, abandona por problemas de agenda. Cuenta Deadline que el papel nunca se lleg&oacute; a concretar, y que lo m&aacute;ximo que <strong>Amazon Studios<\/strong> y el actor llegaron a hacer fue valorar la posibilidad de protagonizar. Por lo tanto, ahora mismo el reparto lo componen <strong>Ema Horvath<\/strong>, <strong>Markella Kavenagh<\/strong> y <strong>Joseph Mawle<\/strong>. M&aacute;s interesante es lo que nos cuenta en THR. Resulta que <strong>Jonathan Entwistle<\/strong>, responsable  de la muy recomendable <strong>&quot;The End of the F***king World&quot;<\/strong> en <strong>Netflix<\/strong> ha <a href=\"https:\/\/www.hollywoodreporter.com\/heat-vision\/power-rangers-reboot-works-1262562?utm_source=Sailthru&amp;utm_medium=email&amp;utm_campaign=THR%27s%20Heat%20Vision_now_2019-12-13%2014:59:18_acouch&amp;utm_term=hollywoodreporter_heat_vision\" target=\"_blank\" rel=\"noopener noreferrer\">fichado por <strong>Paramount<\/strong> para llevar adelante un nuevo reboot de los <strong>Power Rangers<\/strong><\/a>. Tras el infructuoso intento de Lionsgate de hace unos a&ntilde;os, el fiasco de <strong>Dan Israelite<\/strong> que contaba con <strong>Dacre Montgomery<\/strong> (<em>&quot;Stranger Things&quot;<\/em>) y <strong>Elizabeth Banks<\/strong> como <em>Rita Repulsa<\/em>, ahora <strong>Paramount<\/strong> quiere volver a probar suerte y lo pretende haciendo viajar en el tiempo a los protagonistas&#8230; a los 90 ni m&aacute;s ni menos. En manos de <strong>Patrick Burleigh<\/strong> est&aacute; el gui&oacute;n. Producen <strong>Hasbro<\/strong> y <strong>Haim Saban<\/strong> (un genio el se&ntilde;or este) a trav&eacute;s de <strong>Allspark Pictures<\/strong>.<\/p>\n<p class=\"centrado\"><img decoding=\"async\" src=\"\/felipeblog\/imagenes2019\/20191214-superman.jpg\" alt=\"Imagen compartida por Zack Snyder en su cuenta de Vero\"><br \/><em>Imagen compartida por Zack Snyder en su cuenta de Vero<\/em><\/p>\n<p>Aqu&iacute; arriba os dejo con el &uacute;ltimo zasca de <strong>Zack Snyder<\/strong> a <strong>Warner Bros<\/strong>. Una imagen de <strong>Herny Cavill<\/strong> con el traje negro de <em>Superman<\/em> para <strong>Liga de la Justicia<\/strong> (<em>Justice League<\/em>). Y claro, cuando encima va Snyder y <a href=\"https:\/\/www.slashfilm.com\/supermans-black-suit-justice-league\/\" target=\"_blank\" rel=\"noopener noreferrer\">en los comentarios puestos en Vero<\/a> dice&#8230; &quot;<em>digamos  que en la Liga de la Justicia de Zack Snyder tendr&aacute; un traje negro<\/em>&quot;. &iquest;Como que tendr&aacute;? &iquest;apunta algo ah&iacute; <strong>Zack Snyder<\/strong>? Mientras tanto el estudio anuncia fecha para el estreno de <strong>Shazam! 2<\/strong>&#8230;<\/p>\n<div class=\"twittercentrado\">\n<blockquote class=\"twitter-tweet\" data-lang=\"es\">\n<p lang=\"en\" dir=\"ltr\">SHAZAM 2 gets a release date: 04\/01\/22<\/p>\n<p>&mdash; Borys Kit (@Borys_Kit) <a href=\"https:\/\/twitter.com\/Borys_Kit\/status\/1205195367777619968?ref_src=twsrc%5Etfw\" target=\"_blank\" rel=\"noopener noreferrer\">12 de diciembre de 2019<\/a><\/p><\/blockquote>\n<p><script async src=\"https:\/\/platform.twitter.com\/widgets.js\" charset=\"utf-8\"><\/script><\/div>\n<p>Un nuevo spot de <strong>Aves de presa (y la fantabulosa emancipaci&oacute;n de Harley Quinn)<\/strong> (<em>Birds of Prey: And the Fantabulous Emancipation of One Harley Quinn<\/em>)&#8230; no pod&iacute;a ponerle un t&iacute;tulo m&aacute;s largo.<\/p>\n<div class=\"video\"><iframe loading=\"lazy\" width=\"100%\" height=\"360\" src=\"https:\/\/www.youtube.com\/embed\/NGrXW-Y93AM\" allowfullscreen=\"true\"><\/iframe><\/div>\n","protected":false},"excerpt":{"rendered":"<p>Tras un viernes de cena de empresa, hora de revisar a golpe de s&aacute;bado las &uacute;ltimas novedades que hay algunas interesantes. Sin ir m&aacute;s lejos la que m&aacute;s me llama la atenci&oacute;n es el anuncio de que David Benioff y D.B. Weiss se unen ahora a Warner Bros. para desarrollar un thriller basado en la [&hellip;]<\/p>\n","protected":false},"author":28,"featured_media":0,"comment_status":"open","ping_status":"open","sticky":false,"template":"","format":"standard","meta":{"footnotes":""},"categories":[10,12,9],"tags":[3996,4173,2248,4436,3018,189,4345],"class_list":["post-19429","post","type-post","status-publish","format-standard","hentry","category-cine-de-comics","category-cine-de-fantasia","category-cine-de-terror","tag-birds-of-prey","tag-birds-of-prey-and-the-fantabulous-emancipation-of-one-harley-quinn","tag-justice-league","tag-lovecraft","tag-power-rangers","tag-shazam","tag-the-lord-of-the-rings"],"yoast_head":"<!-- This site is optimized with the Yoast SEO plugin v24.3 - https:\/\/yoast.com\/wordpress\/plugins\/seo\/ -->\n<title>David Benioff y D.B. Weiss adaptar\u00e1n la novela gr\u00e1fica &quot;Lovecraft&quot;<\/title>\n<meta name=\"description\" content=\"David Benioff y D.B. Weiss se unen a Warner Bros. para desarrollar un thriller basado en la novela gr\u00e1fica &quot;Lovecraft&quot; de Keith Giffen y Enrique Breccia.\" \/>\n<meta name=\"robots\" content=\"index, follow, max-snippet:-1, max-image-preview:large, max-video-preview:-1\" \/>\n<link rel=\"canonical\" href=\"https:\/\/www.uruloki.org\/felipeblog\/cine-de-terror\/david-benioff-y-d-b-weiss-adaptaran-la-novela-grafica-lovecraft-de-keith-giffen-y-enrique-breccia-para-warner-bros-the-lord-of-the-rings-de-amazon-studios-se-lleva-la-primera-en-la-cara-y-w\" \/>\n<meta property=\"og:locale\" content=\"es_ES\" \/>\n<meta property=\"og:type\" content=\"article\" \/>\n<meta property=\"og:title\" content=\"David Benioff y D.B. Weiss adaptar\u00e1n la novela gr\u00e1fica &quot;Lovecraft&quot;\" \/>\n<meta property=\"og:description\" content=\"David Benioff y D.B. Weiss se unen a Warner Bros. para desarrollar un thriller basado en la novela gr\u00e1fica &quot;Lovecraft&quot; de Keith Giffen y Enrique Breccia.\" \/>\n<meta property=\"og:url\" content=\"https:\/\/www.uruloki.org\/felipeblog\/cine-de-terror\/david-benioff-y-d-b-weiss-adaptaran-la-novela-grafica-lovecraft-de-keith-giffen-y-enrique-breccia-para-warner-bros-the-lord-of-the-rings-de-amazon-studios-se-lleva-la-primera-en-la-cara-y-w\" \/>\n<meta property=\"og:site_name\" content=\"Uruloki :: Blog\" \/>\n<meta property=\"article:publisher\" content=\"https:\/\/www.facebook.com\/uruloki.org\" \/>\n<meta property=\"article:published_time\" content=\"2019-12-14T16:23:17+00:00\" \/>\n<meta property=\"og:image\" content=\"https:\/\/www.uruloki.org\/felipeblog\/wp-content\/uploads\/2019\/12\/20191214-lovecraft.jpg\" \/>\n\t<meta property=\"og:image:width\" content=\"625\" \/>\n\t<meta property=\"og:image:height\" content=\"487\" \/>\n\t<meta property=\"og:image:type\" content=\"image\/jpeg\" \/>\n<meta name=\"author\" content=\"Uruloki\" \/>\n<meta name=\"twitter:card\" content=\"summary_large_image\" \/>\n<meta name=\"twitter:creator\" content=\"@uruloki\" \/>\n<meta name=\"twitter:site\" content=\"@uruloki\" \/>\n<meta name=\"twitter:label1\" content=\"Escrito por\" \/>\n\t<meta name=\"twitter:data1\" content=\"Uruloki\" \/>\n\t<meta name=\"twitter:label2\" content=\"Tiempo de lectura\" \/>\n\t<meta name=\"twitter:data2\" content=\"3 minutos\" \/>\n<script type=\"application\/ld+json\" class=\"yoast-schema-graph\">{\"@context\":\"https:\/\/schema.org\",\"@graph\":[{\"@type\":\"WebPage\",\"@id\":\"https:\/\/www.uruloki.org\/felipeblog\/cine-de-terror\/david-benioff-y-d-b-weiss-adaptaran-la-novela-grafica-lovecraft-de-keith-giffen-y-enrique-breccia-para-warner-bros-the-lord-of-the-rings-de-amazon-studios-se-lleva-la-primera-en-la-cara-y-w\",\"url\":\"https:\/\/www.uruloki.org\/felipeblog\/cine-de-terror\/david-benioff-y-d-b-weiss-adaptaran-la-novela-grafica-lovecraft-de-keith-giffen-y-enrique-breccia-para-warner-bros-the-lord-of-the-rings-de-amazon-studios-se-lleva-la-primera-en-la-cara-y-w\",\"name\":\"David Benioff y D.B. Weiss adaptar\u00e1n la novela gr\u00e1fica \\\"Lovecraft\\\"\",\"isPartOf\":{\"@id\":\"https:\/\/www.uruloki.org\/felipeblog\/#website\"},\"datePublished\":\"2019-12-14T16:23:17+00:00\",\"dateModified\":\"2019-12-14T16:23:17+00:00\",\"author\":{\"@id\":\"https:\/\/www.uruloki.org\/felipeblog\/#\/schema\/person\/ddba06ddaa27edf0c370460d05c51bb3\"},\"description\":\"David Benioff y D.B. Weiss se unen a Warner Bros. para desarrollar un thriller basado en la novela gr\u00e1fica \\\"Lovecraft\\\" de Keith Giffen y Enrique Breccia.\",\"breadcrumb\":{\"@id\":\"https:\/\/www.uruloki.org\/felipeblog\/cine-de-terror\/david-benioff-y-d-b-weiss-adaptaran-la-novela-grafica-lovecraft-de-keith-giffen-y-enrique-breccia-para-warner-bros-the-lord-of-the-rings-de-amazon-studios-se-lleva-la-primera-en-la-cara-y-w#breadcrumb\"},\"inLanguage\":\"es\",\"potentialAction\":[{\"@type\":\"ReadAction\",\"target\":[\"https:\/\/www.uruloki.org\/felipeblog\/cine-de-terror\/david-benioff-y-d-b-weiss-adaptaran-la-novela-grafica-lovecraft-de-keith-giffen-y-enrique-breccia-para-warner-bros-the-lord-of-the-rings-de-amazon-studios-se-lleva-la-primera-en-la-cara-y-w\"]}]},{\"@type\":\"BreadcrumbList\",\"@id\":\"https:\/\/www.uruloki.org\/felipeblog\/cine-de-terror\/david-benioff-y-d-b-weiss-adaptaran-la-novela-grafica-lovecraft-de-keith-giffen-y-enrique-breccia-para-warner-bros-the-lord-of-the-rings-de-amazon-studios-se-lleva-la-primera-en-la-cara-y-w#breadcrumb\",\"itemListElement\":[{\"@type\":\"ListItem\",\"position\":1,\"name\":\"Portada\",\"item\":\"https:\/\/www.uruloki.org\/felipeblog\"},{\"@type\":\"ListItem\",\"position\":2,\"name\":\"David Benioff y D.B. Weiss adaptar\u00e1n la novela gr\u00e1fica \u00abLovecraft\u00bb de Keith Giffen y Enrique Breccia para Warner Bros., \u00abThe Lord of the Rings\u00bb de Amazon Studios se lleva la primera en la cara y Will Poulter ya no ser\u00e1 lo que fuera que iba a ser, Jonathan Entwistle (\u00abThe End of the F***king World\u00bb) fichado por Paramount para un nuevo reboot de los Power Rangers que nos llevar\u00e1 a los 90, la secuela de Shazam! ya tiene fecha de estreno y otro par de cosa del mundillo DC&#8230;\"}]},{\"@type\":\"WebSite\",\"@id\":\"https:\/\/www.uruloki.org\/felipeblog\/#website\",\"url\":\"https:\/\/www.uruloki.org\/felipeblog\/\",\"name\":\"Uruloki :: Blog\",\"description\":\"Blog de cine, terror, ciencia ficci\u00f3n, fantas\u00eda y c\u00f3mics\",\"potentialAction\":[{\"@type\":\"SearchAction\",\"target\":{\"@type\":\"EntryPoint\",\"urlTemplate\":\"https:\/\/www.uruloki.org\/felipeblog\/?s={search_term_string}\"},\"query-input\":{\"@type\":\"PropertyValueSpecification\",\"valueRequired\":true,\"valueName\":\"search_term_string\"}}],\"inLanguage\":\"es\"},{\"@type\":\"Person\",\"@id\":\"https:\/\/www.uruloki.org\/felipeblog\/#\/schema\/person\/ddba06ddaa27edf0c370460d05c51bb3\",\"name\":\"Uruloki\",\"image\":{\"@type\":\"ImageObject\",\"inLanguage\":\"es\",\"@id\":\"https:\/\/www.uruloki.org\/felipeblog\/#\/schema\/person\/image\/\",\"url\":\"https:\/\/secure.gravatar.com\/avatar\/68d5301c5f52ba88fd63f02c75b8c4d1b3c3fc4b21e2998a1e98c4b3a54d9f7c?s=96&d=mm&r=g\",\"contentUrl\":\"https:\/\/secure.gravatar.com\/avatar\/68d5301c5f52ba88fd63f02c75b8c4d1b3c3fc4b21e2998a1e98c4b3a54d9f7c?s=96&d=mm&r=g\",\"caption\":\"Uruloki\"},\"sameAs\":[\"https:\/\/uruloki.org\"],\"url\":\"https:\/\/www.uruloki.org\/felipeblog\/author\/admin-2-2-2\"}]}<\/script>\n<!-- \/ Yoast SEO plugin. -->","yoast_head_json":{"title":"David Benioff y D.B. Weiss adaptar\u00e1n la novela gr\u00e1fica \"Lovecraft\"","description":"David Benioff y D.B. Weiss se unen a Warner Bros. para desarrollar un thriller basado en la novela gr\u00e1fica \"Lovecraft\" de Keith Giffen y Enrique Breccia.","robots":{"index":"index","follow":"follow","max-snippet":"max-snippet:-1","max-image-preview":"max-image-preview:large","max-video-preview":"max-video-preview:-1"},"canonical":"https:\/\/www.uruloki.org\/felipeblog\/cine-de-terror\/david-benioff-y-d-b-weiss-adaptaran-la-novela-grafica-lovecraft-de-keith-giffen-y-enrique-breccia-para-warner-bros-the-lord-of-the-rings-de-amazon-studios-se-lleva-la-primera-en-la-cara-y-w","og_locale":"es_ES","og_type":"article","og_title":"David Benioff y D.B. Weiss adaptar\u00e1n la novela gr\u00e1fica \"Lovecraft\"","og_description":"David Benioff y D.B. Weiss se unen a Warner Bros. para desarrollar un thriller basado en la novela gr\u00e1fica \"Lovecraft\" de Keith Giffen y Enrique Breccia.","og_url":"https:\/\/www.uruloki.org\/felipeblog\/cine-de-terror\/david-benioff-y-d-b-weiss-adaptaran-la-novela-grafica-lovecraft-de-keith-giffen-y-enrique-breccia-para-warner-bros-the-lord-of-the-rings-de-amazon-studios-se-lleva-la-primera-en-la-cara-y-w","og_site_name":"Uruloki :: Blog","article_publisher":"https:\/\/www.facebook.com\/uruloki.org","article_published_time":"2019-12-14T16:23:17+00:00","og_image":[{"width":625,"height":487,"url":"https:\/\/www.uruloki.org\/felipeblog\/wp-content\/uploads\/2019\/12\/20191214-lovecraft.jpg","type":"image\/jpeg"}],"author":"Uruloki","twitter_card":"summary_large_image","twitter_creator":"@uruloki","twitter_site":"@uruloki","twitter_misc":{"Escrito por":"Uruloki","Tiempo de lectura":"3 minutos"},"schema":{"@context":"https:\/\/schema.org","@graph":[{"@type":"WebPage","@id":"https:\/\/www.uruloki.org\/felipeblog\/cine-de-terror\/david-benioff-y-d-b-weiss-adaptaran-la-novela-grafica-lovecraft-de-keith-giffen-y-enrique-breccia-para-warner-bros-the-lord-of-the-rings-de-amazon-studios-se-lleva-la-primera-en-la-cara-y-w","url":"https:\/\/www.uruloki.org\/felipeblog\/cine-de-terror\/david-benioff-y-d-b-weiss-adaptaran-la-novela-grafica-lovecraft-de-keith-giffen-y-enrique-breccia-para-warner-bros-the-lord-of-the-rings-de-amazon-studios-se-lleva-la-primera-en-la-cara-y-w","name":"David Benioff y D.B. Weiss adaptar\u00e1n la novela gr\u00e1fica \"Lovecraft\"","isPartOf":{"@id":"https:\/\/www.uruloki.org\/felipeblog\/#website"},"datePublished":"2019-12-14T16:23:17+00:00","dateModified":"2019-12-14T16:23:17+00:00","author":{"@id":"https:\/\/www.uruloki.org\/felipeblog\/#\/schema\/person\/ddba06ddaa27edf0c370460d05c51bb3"},"description":"David Benioff y D.B. Weiss se unen a Warner Bros. para desarrollar un thriller basado en la novela gr\u00e1fica \"Lovecraft\" de Keith Giffen y Enrique Breccia.","breadcrumb":{"@id":"https:\/\/www.uruloki.org\/felipeblog\/cine-de-terror\/david-benioff-y-d-b-weiss-adaptaran-la-novela-grafica-lovecraft-de-keith-giffen-y-enrique-breccia-para-warner-bros-the-lord-of-the-rings-de-amazon-studios-se-lleva-la-primera-en-la-cara-y-w#breadcrumb"},"inLanguage":"es","potentialAction":[{"@type":"ReadAction","target":["https:\/\/www.uruloki.org\/felipeblog\/cine-de-terror\/david-benioff-y-d-b-weiss-adaptaran-la-novela-grafica-lovecraft-de-keith-giffen-y-enrique-breccia-para-warner-bros-the-lord-of-the-rings-de-amazon-studios-se-lleva-la-primera-en-la-cara-y-w"]}]},{"@type":"BreadcrumbList","@id":"https:\/\/www.uruloki.org\/felipeblog\/cine-de-terror\/david-benioff-y-d-b-weiss-adaptaran-la-novela-grafica-lovecraft-de-keith-giffen-y-enrique-breccia-para-warner-bros-the-lord-of-the-rings-de-amazon-studios-se-lleva-la-primera-en-la-cara-y-w#breadcrumb","itemListElement":[{"@type":"ListItem","position":1,"name":"Portada","item":"https:\/\/www.uruloki.org\/felipeblog"},{"@type":"ListItem","position":2,"name":"David Benioff y D.B. Weiss adaptar\u00e1n la novela gr\u00e1fica \u00abLovecraft\u00bb de Keith Giffen y Enrique Breccia para Warner Bros., \u00abThe Lord of the Rings\u00bb de Amazon Studios se lleva la primera en la cara y Will Poulter ya no ser\u00e1 lo que fuera que iba a ser, Jonathan Entwistle (\u00abThe End of the F***king World\u00bb) fichado por Paramount para un nuevo reboot de los Power Rangers que nos llevar\u00e1 a los 90, la secuela de Shazam! ya tiene fecha de estreno y otro par de cosa del mundillo DC&#8230;"}]},{"@type":"WebSite","@id":"https:\/\/www.uruloki.org\/felipeblog\/#website","url":"https:\/\/www.uruloki.org\/felipeblog\/","name":"Uruloki :: Blog","description":"Blog de cine, terror, ciencia ficci\u00f3n, fantas\u00eda y c\u00f3mics","potentialAction":[{"@type":"SearchAction","target":{"@type":"EntryPoint","urlTemplate":"https:\/\/www.uruloki.org\/felipeblog\/?s={search_term_string}"},"query-input":{"@type":"PropertyValueSpecification","valueRequired":true,"valueName":"search_term_string"}}],"inLanguage":"es"},{"@type":"Person","@id":"https:\/\/www.uruloki.org\/felipeblog\/#\/schema\/person\/ddba06ddaa27edf0c370460d05c51bb3","name":"Uruloki","image":{"@type":"ImageObject","inLanguage":"es","@id":"https:\/\/www.uruloki.org\/felipeblog\/#\/schema\/person\/image\/","url":"https:\/\/secure.gravatar.com\/avatar\/68d5301c5f52ba88fd63f02c75b8c4d1b3c3fc4b21e2998a1e98c4b3a54d9f7c?s=96&d=mm&r=g","contentUrl":"https:\/\/secure.gravatar.com\/avatar\/68d5301c5f52ba88fd63f02c75b8c4d1b3c3fc4b21e2998a1e98c4b3a54d9f7c?s=96&d=mm&r=g","caption":"Uruloki"},"sameAs":["https:\/\/uruloki.org"],"url":"https:\/\/www.uruloki.org\/felipeblog\/author\/admin-2-2-2"}]}},"_links":{"self":[{"href":"https:\/\/www.uruloki.org\/felipeblog\/wp-json\/wp\/v2\/posts\/19429","targetHints":{"allow":["GET"]}}],"collection":[{"href":"https:\/\/www.uruloki.org\/felipeblog\/wp-json\/wp\/v2\/posts"}],"about":[{"href":"https:\/\/www.uruloki.org\/felipeblog\/wp-json\/wp\/v2\/types\/post"}],"author":[{"embeddable":true,"href":"https:\/\/www.uruloki.org\/felipeblog\/wp-json\/wp\/v2\/users\/28"}],"replies":[{"embeddable":true,"href":"https:\/\/www.uruloki.org\/felipeblog\/wp-json\/wp\/v2\/comments?post=19429"}],"version-history":[{"count":1,"href":"https:\/\/www.uruloki.org\/felipeblog\/wp-json\/wp\/v2\/posts\/19429\/revisions"}],"predecessor-version":[{"id":19431,"href":"https:\/\/www.uruloki.org\/felipeblog\/wp-json\/wp\/v2\/posts\/19429\/revisions\/19431"}],"wp:attachment":[{"href":"https:\/\/www.uruloki.org\/felipeblog\/wp-json\/wp\/v2\/media?parent=19429"}],"wp:term":[{"taxonomy":"category","embeddable":true,"href":"https:\/\/www.uruloki.org\/felipeblog\/wp-json\/wp\/v2\/categories?post=19429"},{"taxonomy":"post_tag","embeddable":true,"href":"https:\/\/www.uruloki.org\/felipeblog\/wp-json\/wp\/v2\/tags?post=19429"}],"curies":[{"name":"wp","href":"https:\/\/api.w.org\/{rel}","templated":true}]}}