{"id":19338,"date":"2019-11-14T20:46:59","date_gmt":"2019-11-14T19:46:59","guid":{"rendered":"https:\/\/uruloki.org\/felipeblog\/?p=19338"},"modified":"2019-11-14T20:46:59","modified_gmt":"2019-11-14T19:46:59","slug":"este-es-el-primer-brutal-poster-de-black-adam-cortesia-de-jim-lee-boss-logic-dwayne-johnson-y-esta-la-fecha-de-estreno-oficial-22-de-diciembre-de-2021-mark-wahlberg-sera-victor-sully","status":"publish","type":"post","link":"https:\/\/www.uruloki.org\/felipeblog\/cine-de-comics\/este-es-el-primer-brutal-poster-de-black-adam-cortesia-de-jim-lee-boss-logic-dwayne-johnson-y-esta-la-fecha-de-estreno-oficial-22-de-diciembre-de-2021-mark-wahlberg-sera-victor-sully","title":{"rendered":"Este es el primer brutal p\u00f3ster de Black Adam (cortes\u00eda de Jim Lee \/ Boss Logic \/ Dwayne Johnson) y esta la fecha de estreno oficial: 22 de diciembre de 2021, Mark Wahlberg ser\u00e1 Victor \u201cSully\u201d Sullivan, mentor y figura paterna de Nathan Drake, en Uncharted, y volveremos a ver a Ocean Master en Aquaman 2&#8230;"},"content":{"rendered":"<p>Demos las gracias a <strong>Dwayne Johnson<\/strong> y los artistas <strong>Jim Lee<\/strong> y <strong>Boss Logic<\/strong>. En la cuenta de Instagram del primer ha aparecido hoy el primer cartel oficial de <strong>Black Adam<\/strong>, que llegar&aacute; a los cines el 22 de diciembre de 2021. El rodaje arrancar&aacute; en los primeros meses del a&ntilde;o que viene. Recordemos, el espa&ntilde;ol afincado en Hollywood <strong>Jaume Collet-Serra<\/strong> (<em>Infierno azul<\/em> o <em>La hu&eacute;rfana<\/em>) a los mandos, gui&oacute;n de <strong>Adam Sztykiel<\/strong> (<em>Proyecto Rampage<\/em> o <em>Salidos de cuentas<\/em>)<\/p>\n<div class=\"twittercentrado\">\n<blockquote class=\"instagram-media\" data-instgrm-captioned data-instgrm-permalink=\"https:\/\/www.instagram.com\/p\/B42odCrFF42\/?utm_source=ig_embed&amp;utm_campaign=loading\" data-instgrm-version=\"12\" style=\" background:#FFF; border:0; border-radius:3px; box-shadow:0 0 1px 0 rgba(0,0,0,0.5),0 1px 10px 0 rgba(0,0,0,0.15); margin: 1px; max-width:540px; min-width:326px; padding:0; width:99.375%; width:-webkit-calc(100% - 2px); width:calc(100% - 2px);\">\n<div style=\"padding:16px;\"> <a href=\"https:\/\/www.instagram.com\/p\/B42odCrFF42\/?utm_source=ig_embed&amp;utm_campaign=loading\" style=\" background:#FFFFFF; line-height:0; padding:0 0; text-align:center; text-decoration:none; width:100%;\" target=\"_blank\" rel=\"noopener noreferrer\"> <\/p>\n<div style=\" display: flex; flex-direction: row; align-items: center;\">\n<div style=\"background-color: #F4F4F4; border-radius: 50%; flex-grow: 0; height: 40px; margin-right: 14px; width: 40px;\"><\/div>\n<div style=\"display: flex; flex-direction: column; flex-grow: 1; justify-content: center;\">\n<div style=\" background-color: #F4F4F4; border-radius: 4px; flex-grow: 0; height: 14px; margin-bottom: 6px; width: 100px;\"><\/div>\n<div style=\" background-color: #F4F4F4; border-radius: 4px; flex-grow: 0; height: 14px; width: 60px;\"><\/div>\n<\/div>\n<\/div>\n<div style=\"padding: 19% 0;\"><\/div>\n<div style=\"display:block; height:50px; margin:0 auto 12px; width:50px;\"><svg width=\"50px\" height=\"50px\" viewBox=\"0 0 60 60\" version=\"1.1\" xmlns=\"https:\/\/www.w3.org\/2000\/svg\" xmlns:xlink=\"https:\/\/www.w3.org\/1999\/xlink\"><g stroke=\"none\" stroke-width=\"1\" fill=\"none\" fill-rule=\"evenodd\"><g transform=\"translate(-511.000000, -20.000000)\" fill=\"#000000\"><g><path d=\"M556.869,30.41 C554.814,30.41 553.148,32.076 553.148,34.131 C553.148,36.186 554.814,37.852 556.869,37.852 C558.924,37.852 560.59,36.186 560.59,34.131 C560.59,32.076 558.924,30.41 556.869,30.41 M541,60.657 C535.114,60.657 530.342,55.887 530.342,50 C530.342,44.114 535.114,39.342 541,39.342 C546.887,39.342 551.658,44.114 551.658,50 C551.658,55.887 546.887,60.657 541,60.657 M541,33.886 C532.1,33.886 524.886,41.1 524.886,50 C524.886,58.899 532.1,66.113 541,66.113 C549.9,66.113 557.115,58.899 557.115,50 C557.115,41.1 549.9,33.886 541,33.886 M565.378,62.101 C565.244,65.022 564.756,66.606 564.346,67.663 C563.803,69.06 563.154,70.057 562.106,71.106 C561.058,72.155 560.06,72.803 558.662,73.347 C557.607,73.757 556.021,74.244 553.102,74.378 C549.944,74.521 548.997,74.552 541,74.552 C533.003,74.552 532.056,74.521 528.898,74.378 C525.979,74.244 524.393,73.757 523.338,73.347 C521.94,72.803 520.942,72.155 519.894,71.106 C518.846,70.057 518.197,69.06 517.654,67.663 C517.244,66.606 516.755,65.022 516.623,62.101 C516.479,58.943 516.448,57.996 516.448,50 C516.448,42.003 516.479,41.056 516.623,37.899 C516.755,34.978 517.244,33.391 517.654,32.338 C518.197,30.938 518.846,29.942 519.894,28.894 C520.942,27.846 521.94,27.196 523.338,26.654 C524.393,26.244 525.979,25.756 528.898,25.623 C532.057,25.479 533.004,25.448 541,25.448 C548.997,25.448 549.943,25.479 553.102,25.623 C556.021,25.756 557.607,26.244 558.662,26.654 C560.06,27.196 561.058,27.846 562.106,28.894 C563.154,29.942 563.803,30.938 564.346,32.338 C564.756,33.391 565.244,34.978 565.378,37.899 C565.522,41.056 565.552,42.003 565.552,50 C565.552,57.996 565.522,58.943 565.378,62.101 M570.82,37.631 C570.674,34.438 570.167,32.258 569.425,30.349 C568.659,28.377 567.633,26.702 565.965,25.035 C564.297,23.368 562.623,22.342 560.652,21.575 C558.743,20.834 556.562,20.326 553.369,20.18 C550.169,20.033 549.148,20 541,20 C532.853,20 531.831,20.033 528.631,20.18 C525.438,20.326 523.257,20.834 521.349,21.575 C519.376,22.342 517.703,23.368 516.035,25.035 C514.368,26.702 513.342,28.377 512.574,30.349 C511.834,32.258 511.326,34.438 511.181,37.631 C511.035,40.831 511,41.851 511,50 C511,58.147 511.035,59.17 511.181,62.369 C511.326,65.562 511.834,67.743 512.574,69.651 C513.342,71.625 514.368,73.296 516.035,74.965 C517.703,76.634 519.376,77.658 521.349,78.425 C523.257,79.167 525.438,79.673 528.631,79.82 C531.831,79.965 532.853,80.001 541,80.001 C549.148,80.001 550.169,79.965 553.369,79.82 C556.562,79.673 558.743,79.167 560.652,78.425 C562.623,77.658 564.297,76.634 565.965,74.965 C567.633,73.296 568.659,71.625 569.425,69.651 C570.167,67.743 570.674,65.562 570.82,62.369 C570.966,59.17 571,58.147 571,50 C571,41.851 570.966,40.831 570.82,37.631\"><\/path><\/g><\/g><\/g><\/svg><\/div>\n<div style=\"padding-top: 8px;\">\n<div style=\" color:#3897f0; font-family:Arial,sans-serif; font-size:14px; font-style:normal; font-weight:550; line-height:18px;\"> Ver esta publicaci\u00f3n en Instagram<\/div>\n<\/div>\n<div style=\"padding: 12.5% 0;\"><\/div>\n<div style=\"display: flex; flex-direction: row; margin-bottom: 14px; align-items: center;\">\n<div>\n<div style=\"background-color: #F4F4F4; border-radius: 50%; height: 12.5px; width: 12.5px; transform: translateX(0px) translateY(7px);\"><\/div>\n<div style=\"background-color: #F4F4F4; height: 12.5px; transform: rotate(-45deg) translateX(3px) translateY(1px); width: 12.5px; flex-grow: 0; margin-right: 14px; margin-left: 2px;\"><\/div>\n<div style=\"background-color: #F4F4F4; border-radius: 50%; height: 12.5px; width: 12.5px; transform: translateX(9px) translateY(-18px);\"><\/div>\n<\/div>\n<div style=\"margin-left: 8px;\">\n<div style=\" background-color: #F4F4F4; border-radius: 50%; flex-grow: 0; height: 20px; width: 20px;\"><\/div>\n<div style=\" width: 0; height: 0; border-top: 2px solid transparent; border-left: 6px solid #f4f4f4; border-bottom: 2px solid transparent; transform: translateX(16px) translateY(-4px) rotate(30deg)\"><\/div>\n<\/div>\n<div style=\"margin-left: auto;\">\n<div style=\" width: 0px; border-top: 8px solid #F4F4F4; border-right: 8px solid transparent; transform: translateY(16px);\"><\/div>\n<div style=\" background-color: #F4F4F4; flex-grow: 0; height: 12px; width: 16px; transform: translateY(-4px);\"><\/div>\n<div style=\" width: 0; height: 0; border-top: 8px solid #F4F4F4; border-left: 8px solid transparent; transform: translateY(-4px) translateX(8px);\"><\/div>\n<\/div>\n<\/div>\n<p><\/a> <\/p>\n<p style=\" margin:8px 0 0 0; padding:0 4px;\"> <a href=\"https:\/\/www.instagram.com\/p\/B42odCrFF42\/?utm_source=ig_embed&amp;utm_campaign=loading\" style=\" color:#000; font-family:Arial,sans-serif; font-size:14px; font-style:normal; font-weight:normal; line-height:17px; text-decoration:none; word-wrap:break-word;\" target=\"_blank\" rel=\"noopener noreferrer\">The Man in Black \u26a1\ufe0f Like most kids growing up, I dreamed about being a superhero. Having cool superpowers, fighting for what\u2019s right and always protecting the people. It all changed for me, when I was 10yrs old and was first introduced to the greatest superhero of all time &#8211; SUPERMAN. As a kid, Superman was the hero I always wanted to be. But, a few years into my fantasy, I realized that Superman was the hero, I could never be. I was too rebellious. Too rambunctious. Too resistant to convention and authority. Despite my troubles, I was still a good kid with a good heart &#8211; I just liked to do things my way. Now, years later as a man, with the same DNA I had as a kid &#8211; my superhero dreams have come true. I\u2019m honored to join the iconic #DCUniverse and it\u2019s a true pleasure to become, BLACK ADAM. BLACK ADAM is blessed by magic with the powers equal to SUPERMAN, but the difference is he doesn\u2019t toe the mark or walk the line. He\u2019s a rebellious, one of a kind superhero, who\u2019ll always do what\u2019s right for the people &#8211; but he does it his way. Truth and justice &#8211; the BLACK ADAM way. This role is unlike any other I\u2019ve ever played in my career and I\u2019m grateful to the bone we\u2019ll all go on this journey together. BLACK ADAM 12.22.21 \u26a1\ufe0f Huge thank you to my friends, @jimlee and @bosslogic for this first time ever bad ass collaboration.<\/a><\/p>\n<p style=\" color:#c9c8cd; font-family:Arial,sans-serif; font-size:14px; line-height:17px; margin-bottom:0; margin-top:8px; overflow:hidden; padding:8px 0 7px; text-align:center; text-overflow:ellipsis; white-space:nowrap;\">Una publicaci\u00f3n compartida de <a href=\"https:\/\/www.instagram.com\/therock\/?utm_source=ig_embed&amp;utm_campaign=loading\" style=\" color:#c9c8cd; font-family:Arial,sans-serif; font-size:14px; font-style:normal; font-weight:normal; line-height:17px;\" target=\"_blank\" rel=\"noopener noreferrer\"> therock<\/a> (@therock) el <time style=\" font-family:Arial,sans-serif; font-size:14px; line-height:17px;\" datetime=\"2019-11-14T17:06:48+00:00\">14 Nov, 2019 a las 9:06 PST<\/time><\/p>\n<\/div>\n<\/blockquote>\n<p> <script async src=\"\/\/www.instagram.com\/embed.js\"><\/script><\/div>\n<p>Si lo quer&eacute;is ver en tama&ntilde;o m&aacute;s decente aqu&iacute; mismo os lo dejo.<\/p>\n<p class=\"centrado\"><img decoding=\"async\" src=\"\/felipeblog\/imagenes2019\/20191114-black-adam.jpg\" alt=\"Brutal primer cartel de Black Adam\"><br \/><em>Brutal primer cartel de Black Adam<\/em><\/p>\n<p>Y otro proyecto que mueve ficha es <strong>Uncharted<\/strong> de <strong>Travis Knight<\/strong>. Cuentan en Variety que <a href=\"https:\/\/variety.com\/2019\/film\/news\/mark-wahlberg-tom-holland-sonys-uncharted-adaptation-1203394336\/\" target=\"_blank\" rel=\"noopener noreferrer\"><strong>Mark Wahlberg<\/strong> ser&aacute; <em>Victor &ldquo;Sully&rdquo; Sullivan<\/em>, mentor y figura paterna de <em>Nathan Drake<\/em><\/a>, nuestro amigo <strong>Tom Holland<\/strong>. Lo m&aacute;s curioso del tema es que <a href=\"https:\/\/uruloki.org\/felipeblog\/cine-de-ciencia-ficcion\/ya-tenemos-directores-para-underworld-4-pero-logans-run-sin-embargo-lo-pierde-collin-farrell-tiene-un-billete-para-marte-en-total-recall-journey-2-the-mysterious-island-incorpora-ms-perso\"><strong>Wahlberg<\/strong> apunt&oacute; a <em>Nathan Drake<\/em> hace casi una d&eacute;cada<\/a>, en la era en la que el film iba a ser dirigido por <strong>David O. Russell<\/strong>. Ah, y antes de la despedida comentar que <a href=\"https:\/\/www.hollywoodreporter.com\/heat-vision\/midway-star-patrick-wilson-his-aquaman-2-future-1254563\" target=\"_blank\" rel=\"noopener noreferrer\"><em>Ocean Master<\/em> volver&aacute; en <strong>Aquaman 2<\/strong><\/a>, as&iacute; lo ha confirmado <strong>Patrick Wilson<\/strong>.<\/p>\n","protected":false},"excerpt":{"rendered":"<p>Demos las gracias a Dwayne Johnson y los artistas Jim Lee y Boss Logic. En la cuenta de Instagram del primer ha aparecido hoy el primer cartel oficial de Black Adam, que llegar&aacute; a los cines el 22 de diciembre de 2021. El rodaje arrancar&aacute; en los primeros meses del a&ntilde;o que viene. Recordemos, el [&hellip;]<\/p>\n","protected":false},"author":28,"featured_media":0,"comment_status":"open","ping_status":"open","sticky":false,"template":"","format":"standard","meta":{"footnotes":""},"categories":[10,19],"tags":[4226,3700,3207],"class_list":["post-19338","post","type-post","status-publish","format-standard","hentry","category-cine-de-comics","category-cine-inclasificable","tag-aquaman-2","tag-black-adam","tag-uncharted"],"yoast_head":"<!-- This site is optimized with the Yoast SEO plugin v24.3 - https:\/\/yoast.com\/wordpress\/plugins\/seo\/ -->\n<title>Este es el primer p\u00f3ster de Black Adam, el 22\/12\/2021 su fecha de estreno<\/title>\n<meta name=\"description\" content=\"En la cuenta de Instagram de Dwayne Johnson ha aparecido hoy el primer cartel oficial de Black Adam, que llegar\u00e1 a los cines el 22 de diciembre de 2021.\" \/>\n<meta name=\"robots\" content=\"index, follow, max-snippet:-1, max-image-preview:large, max-video-preview:-1\" \/>\n<link rel=\"canonical\" href=\"https:\/\/www.uruloki.org\/felipeblog\/cine-de-comics\/este-es-el-primer-brutal-poster-de-black-adam-cortesia-de-jim-lee-boss-logic-dwayne-johnson-y-esta-la-fecha-de-estreno-oficial-22-de-diciembre-de-2021-mark-wahlberg-sera-victor-sully\" \/>\n<meta property=\"og:locale\" content=\"es_ES\" \/>\n<meta property=\"og:type\" content=\"article\" \/>\n<meta property=\"og:title\" content=\"Este es el primer p\u00f3ster de Black Adam, el 22\/12\/2021 su fecha de estreno\" \/>\n<meta property=\"og:description\" content=\"En la cuenta de Instagram de Dwayne Johnson ha aparecido hoy el primer cartel oficial de Black Adam, que llegar\u00e1 a los cines el 22 de diciembre de 2021.\" \/>\n<meta property=\"og:url\" content=\"https:\/\/www.uruloki.org\/felipeblog\/cine-de-comics\/este-es-el-primer-brutal-poster-de-black-adam-cortesia-de-jim-lee-boss-logic-dwayne-johnson-y-esta-la-fecha-de-estreno-oficial-22-de-diciembre-de-2021-mark-wahlberg-sera-victor-sully\" \/>\n<meta property=\"og:site_name\" content=\"Uruloki :: Blog\" \/>\n<meta property=\"article:publisher\" content=\"https:\/\/www.facebook.com\/uruloki.org\" \/>\n<meta property=\"article:published_time\" content=\"2019-11-14T19:46:59+00:00\" \/>\n<meta property=\"og:image\" content=\"https:\/\/www.uruloki.org\/felipeblog\/wp-content\/uploads\/2019\/11\/blackadamposter.jpg\" \/>\n\t<meta property=\"og:image:width\" content=\"750\" \/>\n\t<meta property=\"og:image:height\" content=\"441\" \/>\n\t<meta property=\"og:image:type\" content=\"image\/jpeg\" \/>\n<meta name=\"author\" content=\"Uruloki\" \/>\n<meta name=\"twitter:card\" content=\"summary_large_image\" \/>\n<meta name=\"twitter:creator\" content=\"@uruloki\" \/>\n<meta name=\"twitter:site\" content=\"@uruloki\" \/>\n<meta name=\"twitter:label1\" content=\"Escrito por\" \/>\n\t<meta name=\"twitter:data1\" content=\"Uruloki\" \/>\n\t<meta name=\"twitter:label2\" content=\"Tiempo de lectura\" \/>\n\t<meta name=\"twitter:data2\" content=\"2 minutos\" \/>\n<script type=\"application\/ld+json\" class=\"yoast-schema-graph\">{\"@context\":\"https:\/\/schema.org\",\"@graph\":[{\"@type\":\"WebPage\",\"@id\":\"https:\/\/www.uruloki.org\/felipeblog\/cine-de-comics\/este-es-el-primer-brutal-poster-de-black-adam-cortesia-de-jim-lee-boss-logic-dwayne-johnson-y-esta-la-fecha-de-estreno-oficial-22-de-diciembre-de-2021-mark-wahlberg-sera-victor-sully\",\"url\":\"https:\/\/www.uruloki.org\/felipeblog\/cine-de-comics\/este-es-el-primer-brutal-poster-de-black-adam-cortesia-de-jim-lee-boss-logic-dwayne-johnson-y-esta-la-fecha-de-estreno-oficial-22-de-diciembre-de-2021-mark-wahlberg-sera-victor-sully\",\"name\":\"Este es el primer p\u00f3ster de Black Adam, el 22\/12\/2021 su fecha de estreno\",\"isPartOf\":{\"@id\":\"https:\/\/www.uruloki.org\/felipeblog\/#website\"},\"datePublished\":\"2019-11-14T19:46:59+00:00\",\"dateModified\":\"2019-11-14T19:46:59+00:00\",\"author\":{\"@id\":\"https:\/\/www.uruloki.org\/felipeblog\/#\/schema\/person\/ddba06ddaa27edf0c370460d05c51bb3\"},\"description\":\"En la cuenta de Instagram de Dwayne Johnson ha aparecido hoy el primer cartel oficial de Black Adam, que llegar\u00e1 a los cines el 22 de diciembre de 2021.\",\"breadcrumb\":{\"@id\":\"https:\/\/www.uruloki.org\/felipeblog\/cine-de-comics\/este-es-el-primer-brutal-poster-de-black-adam-cortesia-de-jim-lee-boss-logic-dwayne-johnson-y-esta-la-fecha-de-estreno-oficial-22-de-diciembre-de-2021-mark-wahlberg-sera-victor-sully#breadcrumb\"},\"inLanguage\":\"es\",\"potentialAction\":[{\"@type\":\"ReadAction\",\"target\":[\"https:\/\/www.uruloki.org\/felipeblog\/cine-de-comics\/este-es-el-primer-brutal-poster-de-black-adam-cortesia-de-jim-lee-boss-logic-dwayne-johnson-y-esta-la-fecha-de-estreno-oficial-22-de-diciembre-de-2021-mark-wahlberg-sera-victor-sully\"]}]},{\"@type\":\"BreadcrumbList\",\"@id\":\"https:\/\/www.uruloki.org\/felipeblog\/cine-de-comics\/este-es-el-primer-brutal-poster-de-black-adam-cortesia-de-jim-lee-boss-logic-dwayne-johnson-y-esta-la-fecha-de-estreno-oficial-22-de-diciembre-de-2021-mark-wahlberg-sera-victor-sully#breadcrumb\",\"itemListElement\":[{\"@type\":\"ListItem\",\"position\":1,\"name\":\"Portada\",\"item\":\"https:\/\/www.uruloki.org\/felipeblog\"},{\"@type\":\"ListItem\",\"position\":2,\"name\":\"Este es el primer brutal p\u00f3ster de Black Adam (cortes\u00eda de Jim Lee \/ Boss Logic \/ Dwayne Johnson) y esta la fecha de estreno oficial: 22 de diciembre de 2021, Mark Wahlberg ser\u00e1 Victor \u201cSully\u201d Sullivan, mentor y figura paterna de Nathan Drake, en Uncharted, y volveremos a ver a Ocean Master en Aquaman 2&#8230;\"}]},{\"@type\":\"WebSite\",\"@id\":\"https:\/\/www.uruloki.org\/felipeblog\/#website\",\"url\":\"https:\/\/www.uruloki.org\/felipeblog\/\",\"name\":\"Uruloki :: Blog\",\"description\":\"Blog de cine, terror, ciencia ficci\u00f3n, fantas\u00eda y c\u00f3mics\",\"potentialAction\":[{\"@type\":\"SearchAction\",\"target\":{\"@type\":\"EntryPoint\",\"urlTemplate\":\"https:\/\/www.uruloki.org\/felipeblog\/?s={search_term_string}\"},\"query-input\":{\"@type\":\"PropertyValueSpecification\",\"valueRequired\":true,\"valueName\":\"search_term_string\"}}],\"inLanguage\":\"es\"},{\"@type\":\"Person\",\"@id\":\"https:\/\/www.uruloki.org\/felipeblog\/#\/schema\/person\/ddba06ddaa27edf0c370460d05c51bb3\",\"name\":\"Uruloki\",\"image\":{\"@type\":\"ImageObject\",\"inLanguage\":\"es\",\"@id\":\"https:\/\/www.uruloki.org\/felipeblog\/#\/schema\/person\/image\/\",\"url\":\"https:\/\/secure.gravatar.com\/avatar\/68d5301c5f52ba88fd63f02c75b8c4d1b3c3fc4b21e2998a1e98c4b3a54d9f7c?s=96&d=mm&r=g\",\"contentUrl\":\"https:\/\/secure.gravatar.com\/avatar\/68d5301c5f52ba88fd63f02c75b8c4d1b3c3fc4b21e2998a1e98c4b3a54d9f7c?s=96&d=mm&r=g\",\"caption\":\"Uruloki\"},\"sameAs\":[\"https:\/\/uruloki.org\"],\"url\":\"https:\/\/www.uruloki.org\/felipeblog\/author\/admin-2-2-2\"}]}<\/script>\n<!-- \/ Yoast SEO plugin. -->","yoast_head_json":{"title":"Este es el primer p\u00f3ster de Black Adam, el 22\/12\/2021 su fecha de estreno","description":"En la cuenta de Instagram de Dwayne Johnson ha aparecido hoy el primer cartel oficial de Black Adam, que llegar\u00e1 a los cines el 22 de diciembre de 2021.","robots":{"index":"index","follow":"follow","max-snippet":"max-snippet:-1","max-image-preview":"max-image-preview:large","max-video-preview":"max-video-preview:-1"},"canonical":"https:\/\/www.uruloki.org\/felipeblog\/cine-de-comics\/este-es-el-primer-brutal-poster-de-black-adam-cortesia-de-jim-lee-boss-logic-dwayne-johnson-y-esta-la-fecha-de-estreno-oficial-22-de-diciembre-de-2021-mark-wahlberg-sera-victor-sully","og_locale":"es_ES","og_type":"article","og_title":"Este es el primer p\u00f3ster de Black Adam, el 22\/12\/2021 su fecha de estreno","og_description":"En la cuenta de Instagram de Dwayne Johnson ha aparecido hoy el primer cartel oficial de Black Adam, que llegar\u00e1 a los cines el 22 de diciembre de 2021.","og_url":"https:\/\/www.uruloki.org\/felipeblog\/cine-de-comics\/este-es-el-primer-brutal-poster-de-black-adam-cortesia-de-jim-lee-boss-logic-dwayne-johnson-y-esta-la-fecha-de-estreno-oficial-22-de-diciembre-de-2021-mark-wahlberg-sera-victor-sully","og_site_name":"Uruloki :: Blog","article_publisher":"https:\/\/www.facebook.com\/uruloki.org","article_published_time":"2019-11-14T19:46:59+00:00","og_image":[{"width":750,"height":441,"url":"https:\/\/www.uruloki.org\/felipeblog\/wp-content\/uploads\/2019\/11\/blackadamposter.jpg","type":"image\/jpeg"}],"author":"Uruloki","twitter_card":"summary_large_image","twitter_creator":"@uruloki","twitter_site":"@uruloki","twitter_misc":{"Escrito por":"Uruloki","Tiempo de lectura":"2 minutos"},"schema":{"@context":"https:\/\/schema.org","@graph":[{"@type":"WebPage","@id":"https:\/\/www.uruloki.org\/felipeblog\/cine-de-comics\/este-es-el-primer-brutal-poster-de-black-adam-cortesia-de-jim-lee-boss-logic-dwayne-johnson-y-esta-la-fecha-de-estreno-oficial-22-de-diciembre-de-2021-mark-wahlberg-sera-victor-sully","url":"https:\/\/www.uruloki.org\/felipeblog\/cine-de-comics\/este-es-el-primer-brutal-poster-de-black-adam-cortesia-de-jim-lee-boss-logic-dwayne-johnson-y-esta-la-fecha-de-estreno-oficial-22-de-diciembre-de-2021-mark-wahlberg-sera-victor-sully","name":"Este es el primer p\u00f3ster de Black Adam, el 22\/12\/2021 su fecha de estreno","isPartOf":{"@id":"https:\/\/www.uruloki.org\/felipeblog\/#website"},"datePublished":"2019-11-14T19:46:59+00:00","dateModified":"2019-11-14T19:46:59+00:00","author":{"@id":"https:\/\/www.uruloki.org\/felipeblog\/#\/schema\/person\/ddba06ddaa27edf0c370460d05c51bb3"},"description":"En la cuenta de Instagram de Dwayne Johnson ha aparecido hoy el primer cartel oficial de Black Adam, que llegar\u00e1 a los cines el 22 de diciembre de 2021.","breadcrumb":{"@id":"https:\/\/www.uruloki.org\/felipeblog\/cine-de-comics\/este-es-el-primer-brutal-poster-de-black-adam-cortesia-de-jim-lee-boss-logic-dwayne-johnson-y-esta-la-fecha-de-estreno-oficial-22-de-diciembre-de-2021-mark-wahlberg-sera-victor-sully#breadcrumb"},"inLanguage":"es","potentialAction":[{"@type":"ReadAction","target":["https:\/\/www.uruloki.org\/felipeblog\/cine-de-comics\/este-es-el-primer-brutal-poster-de-black-adam-cortesia-de-jim-lee-boss-logic-dwayne-johnson-y-esta-la-fecha-de-estreno-oficial-22-de-diciembre-de-2021-mark-wahlberg-sera-victor-sully"]}]},{"@type":"BreadcrumbList","@id":"https:\/\/www.uruloki.org\/felipeblog\/cine-de-comics\/este-es-el-primer-brutal-poster-de-black-adam-cortesia-de-jim-lee-boss-logic-dwayne-johnson-y-esta-la-fecha-de-estreno-oficial-22-de-diciembre-de-2021-mark-wahlberg-sera-victor-sully#breadcrumb","itemListElement":[{"@type":"ListItem","position":1,"name":"Portada","item":"https:\/\/www.uruloki.org\/felipeblog"},{"@type":"ListItem","position":2,"name":"Este es el primer brutal p\u00f3ster de Black Adam (cortes\u00eda de Jim Lee \/ Boss Logic \/ Dwayne Johnson) y esta la fecha de estreno oficial: 22 de diciembre de 2021, Mark Wahlberg ser\u00e1 Victor \u201cSully\u201d Sullivan, mentor y figura paterna de Nathan Drake, en Uncharted, y volveremos a ver a Ocean Master en Aquaman 2&#8230;"}]},{"@type":"WebSite","@id":"https:\/\/www.uruloki.org\/felipeblog\/#website","url":"https:\/\/www.uruloki.org\/felipeblog\/","name":"Uruloki :: Blog","description":"Blog de cine, terror, ciencia ficci\u00f3n, fantas\u00eda y c\u00f3mics","potentialAction":[{"@type":"SearchAction","target":{"@type":"EntryPoint","urlTemplate":"https:\/\/www.uruloki.org\/felipeblog\/?s={search_term_string}"},"query-input":{"@type":"PropertyValueSpecification","valueRequired":true,"valueName":"search_term_string"}}],"inLanguage":"es"},{"@type":"Person","@id":"https:\/\/www.uruloki.org\/felipeblog\/#\/schema\/person\/ddba06ddaa27edf0c370460d05c51bb3","name":"Uruloki","image":{"@type":"ImageObject","inLanguage":"es","@id":"https:\/\/www.uruloki.org\/felipeblog\/#\/schema\/person\/image\/","url":"https:\/\/secure.gravatar.com\/avatar\/68d5301c5f52ba88fd63f02c75b8c4d1b3c3fc4b21e2998a1e98c4b3a54d9f7c?s=96&d=mm&r=g","contentUrl":"https:\/\/secure.gravatar.com\/avatar\/68d5301c5f52ba88fd63f02c75b8c4d1b3c3fc4b21e2998a1e98c4b3a54d9f7c?s=96&d=mm&r=g","caption":"Uruloki"},"sameAs":["https:\/\/uruloki.org"],"url":"https:\/\/www.uruloki.org\/felipeblog\/author\/admin-2-2-2"}]}},"_links":{"self":[{"href":"https:\/\/www.uruloki.org\/felipeblog\/wp-json\/wp\/v2\/posts\/19338","targetHints":{"allow":["GET"]}}],"collection":[{"href":"https:\/\/www.uruloki.org\/felipeblog\/wp-json\/wp\/v2\/posts"}],"about":[{"href":"https:\/\/www.uruloki.org\/felipeblog\/wp-json\/wp\/v2\/types\/post"}],"author":[{"embeddable":true,"href":"https:\/\/www.uruloki.org\/felipeblog\/wp-json\/wp\/v2\/users\/28"}],"replies":[{"embeddable":true,"href":"https:\/\/www.uruloki.org\/felipeblog\/wp-json\/wp\/v2\/comments?post=19338"}],"version-history":[{"count":1,"href":"https:\/\/www.uruloki.org\/felipeblog\/wp-json\/wp\/v2\/posts\/19338\/revisions"}],"predecessor-version":[{"id":19340,"href":"https:\/\/www.uruloki.org\/felipeblog\/wp-json\/wp\/v2\/posts\/19338\/revisions\/19340"}],"wp:attachment":[{"href":"https:\/\/www.uruloki.org\/felipeblog\/wp-json\/wp\/v2\/media?parent=19338"}],"wp:term":[{"taxonomy":"category","embeddable":true,"href":"https:\/\/www.uruloki.org\/felipeblog\/wp-json\/wp\/v2\/categories?post=19338"},{"taxonomy":"post_tag","embeddable":true,"href":"https:\/\/www.uruloki.org\/felipeblog\/wp-json\/wp\/v2\/tags?post=19338"}],"curies":[{"name":"wp","href":"https:\/\/api.w.org\/{rel}","templated":true}]}}