{"id":19335,"date":"2019-11-13T18:46:18","date_gmt":"2019-11-13T17:46:18","guid":{"rendered":"https:\/\/uruloki.org\/felipeblog\/?p=19335"},"modified":"2019-11-13T18:46:18","modified_gmt":"2019-11-13T17:46:18","slug":"hawkeye-the-falcon-and-the-winter-soldier-y-what-if-de-concept-art-a-primeras-imagenes-oficiales-y-el-cartel-de-black-widow-de-la-comic-con-en-calidad-feten-the-batman-incorpora-a-la-d","status":"publish","type":"post","link":"https:\/\/www.uruloki.org\/felipeblog\/cine-de-comics\/hawkeye-the-falcon-and-the-winter-soldier-y-what-if-de-concept-art-a-primeras-imagenes-oficiales-y-el-cartel-de-black-widow-de-la-comic-con-en-calidad-feten-the-batman-incorpora-a-la-d","title":{"rendered":"\u00abHawkeye\u00bb, \u00abThe Falcon and the Winter Soldier\u00bb y \u00abWhat if\u00bb, de concept art a primeras im\u00e1genes oficiales, y el cartel de Black Widow de la Comic-Con en calidad fet\u00e9n, The Batman incorpora a la desconocida debutante Jayme Lawson, David F. Sandberg regresa al terror de la mano de Netflix para hacerse cargo de la adaptaci\u00f3n de \u00abThe Unsound\u00bb, y HBO Max prepara una serie de terror modo antolog\u00eda que adaptar\u00e1 la serie de libros \u00abPoint Horror\u00bb&#8230;"},"content":{"rendered":"<p>Poco que comentar tras la resaca <strong>&quot;The Mandalorian&quot;<\/strong> en <strong>Disney+<\/strong>. Por ahora la filial <strong>Marvel Studios<\/strong> a los suyo mostrando su futuro. Recopilando:<\/p>\n<p>Un poco de <em>concept art<\/em> de<strong> &quot;Hawkeye&quot;<\/strong>&#8230;<\/p>\n<p class=\"centrado\"><img decoding=\"async\" src=\"\/felipeblog\/imagenes2019\/20191112-hawkeye-concept-art-1.jpg\" alt=\"Hawkeye\"><\/p>\n<p class=\"centrado\"><img decoding=\"async\" src=\"\/felipeblog\/imagenes2019\/20191112-hawkeye-concept-art-2.jpg\" alt=\"Hawkeye\"><\/p>\n<p class=\"centrado\"><img decoding=\"async\" src=\"\/felipeblog\/imagenes2019\/20191112-hawkeye-concept-art-3.jpg\" alt=\"Hawkeye\"><\/p>\n<p>Un poco de <em>concept art<\/em> de <strong>&quot;The Falcon and the Winter Soldier&quot;<\/strong>&#8230;<\/p>\n<p class=\"centrado\"><img decoding=\"async\" src=\"\/felipeblog\/imagenes2019\/20191112-falcon-and-winter-soldier-1.jpg\" alt=\"The Falcon and the Winter Soldier\"><\/p>\n<p class=\"centrado\"><img decoding=\"async\" src=\"\/felipeblog\/imagenes2019\/20191112-falcon-and-winter-soldier-2.jpg\" alt=\"The Falcon and the Winter Soldier\"><\/p>\n<p>Primeras im&aacute;genes oficiales de la animaci&oacute;n de la serie de animaci&oacute;n <strong>&quot;What if&quot;<\/strong>&#8230; con sorpresas molonas.<\/p>\n<p class=\"centrado\"><img decoding=\"async\" src=\"\/felipeblog\/imagenes2019\/20191112-what-if-0.jpg\" alt=\"What if\"><\/p>\n<p>Episodio <strong>&quot;What If Peggy Carter Took the Super-Soldier Serum?&quot;<\/strong><\/p>\n<p class=\"centrado\"><img decoding=\"async\" src=\"\/felipeblog\/imagenes2019\/20191112-what-if-1.jpg\" alt=\"What if\"><\/p>\n<p class=\"centrado\"><img decoding=\"async\" src=\"\/felipeblog\/imagenes2019\/20191112-what-if-2.jpg\" alt=\"What if\"><\/p>\n<p class=\"centrado\"><img decoding=\"async\" src=\"\/felipeblog\/imagenes2019\/20191112-what-if-3.jpg\" alt=\"What if\"><\/p>\n<p class=\"centrado\"><img decoding=\"async\" src=\"\/felipeblog\/imagenes2019\/20191112-what-if-4.jpg\" alt=\"What if\"><\/p>\n<p class=\"centrado\"><img decoding=\"async\" src=\"\/felipeblog\/imagenes2019\/20191112-what-if-9.jpg\" alt=\"What if\"><\/p>\n<p>Episodio <strong>&quot;What If Bucky Barnes Fought Zombie Captain America?&quot;<\/strong><\/p>\n<p class=\"centrado\"><img decoding=\"async\" src=\"\/felipeblog\/imagenes2019\/20191112-what-if-5.jpg\" alt=\"What if\"><\/p>\n<p class=\"centrado\"><img decoding=\"async\" src=\"\/felipeblog\/imagenes2019\/20191112-what-if-6.jpg\" alt=\"What if\"><\/p>\n<p>Episodio<strong> &quot;What If T&#8217;Challa Was Star-Lord?&quot;<\/strong><\/p>\n<p class=\"centrado\"><img decoding=\"async\" src=\"\/felipeblog\/imagenes2019\/20191112-what-if-7.jpg\" alt=\"What if\"><\/p>\n<p class=\"centrado\"><img decoding=\"async\" src=\"\/felipeblog\/imagenes2019\/20191112-what-if-8.jpg\" alt=\"What if\"><\/p>\n<p>Y lo dicho, <strong>Black Widow<\/strong>&#8230;<\/p>\n<p class=\"centrado\"><img decoding=\"async\" src=\"\/felipeblog\/imagenes2019\/20191113-black-widow.jpg\" alt=\"What if\"><\/p>\n<p>Pero como no todo en esta vida es <strong>Marvel<\/strong>, <a href=\"https:\/\/collider.com\/jayme-lawson-joins-the-batman\/\" target=\"_blank\" rel=\"noopener noreferrer\"><strong>The Batman<\/strong> incorpora a la desconocida debutante <strong>Jayme Lawson<\/strong><\/a> en un papel importante pero todav&iacute;a no descubierto. La actriz llega al proyecto reci&eacute;n graduada en la escuela de interpretaci&oacute;n  Juilliard de New York, un conservatorio de artes donde se ense&ntilde;a de todo: teatro, m&uacute;sica o danza. Por otro lado <a href=\"https:\/\/deadline.com\/2019\/11\/david-f-sandberg-the-unsound-netflix-horror-film-shazam-boom-studios-skylar-james-1202780209\/\" target=\"_blank\" rel=\"noopener noreferrer\"><strong>David F. Sandberg<\/strong> regresa al terror de  la mano de <strong>Netflix<\/strong> para hacerse cargo de la adaptaci&oacute;n de <strong>&quot;The Unsound&quot;<\/strong><\/a>, un c&oacute;mic de <strong>BOOM! Studios<\/strong> y obra de <strong>Cullen Bunn<\/strong> y <strong>Jack T. Cole<\/strong>. Tras Nunca<strong> apagues la luz<\/strong> (<em>Lights Out<\/em>) y <strong>Annabelle: Creation<\/strong> el bueno de <strong>Sandberg<\/strong> ahora se har&aacute; cargo de transformar el gui&oacute;n de <strong>Skylar James<\/strong> en cine. <strong>The Unsound<\/strong> una psiquiatra regresa al manicomio donde su madre trabajaba y ahora es paciente, con la esperanza de acabar con una sangrienta ola de horror que se ha desatado en el centro. A medida que desciende por la madriguera de conejo y descubre verdades duras sobre su propio pasado, llega a comprender que el hospital esconde secretos propios, y que tal vez ella y su madre tienen m&aacute;s en com&uacute;n de lo que ella pensaba. Interesante.<\/p>\n<p>Para terminar comentar que <a href=\"https:\/\/variety.com\/2019\/tv\/news\/point-horror-books-tv-series-hbo-max-1203401142\/\" target=\"_blank\" rel=\"noopener noreferrer\"><strong>HBO Max<\/strong> prepara una serie de terror modo antolog&iacute;a que adaptar&aacute; la serie de libros <strong>&quot;Point Horror&quot;<\/strong><\/a> de <strong>R.L Stine<\/strong>. Sobre &quot;Point Horror&quot; comentar que ser&aacute; una serie que expondr&aacute; los horrores de ser un adolescente. Cada episodio  estar&aacute; inspirado en uno de los libros de la serie, contados para el p&uacute;blico de hoy, pero con un nost&aacute;lgico gui&ntilde;o a los a&ntilde;os noventa. Son muchos los autores han publicado libros bajo el lema <strong>&quot;Point Horror&quot;<\/strong>, pero la serie se centrar&aacute; espec&iacute;ficamente en los escritos por <strong>Stine<\/strong>. Negocia estar al mando <strong>Jon M. Chu<\/strong> (<em>G.I. Joe: La venganza<\/em>).<\/p>\n","protected":false},"excerpt":{"rendered":"<p>Poco que comentar tras la resaca &quot;The Mandalorian&quot; en Disney+. Por ahora la filial Marvel Studios a los suyo mostrando su futuro. Recopilando: Un poco de concept art de &quot;Hawkeye&quot;&#8230; Un poco de concept art de &quot;The Falcon and the Winter Soldier&quot;&#8230; Primeras im&aacute;genes oficiales de la animaci&oacute;n de la serie de animaci&oacute;n &quot;What if&quot;&#8230; [&hellip;]<\/p>\n","protected":false},"author":28,"featured_media":0,"comment_status":"open","ping_status":"open","sticky":false,"template":"","format":"standard","meta":{"footnotes":""},"categories":[10,9],"tags":[1301,4268,4424,3049,4291,4423,4252],"class_list":["post-19335","post","type-post","status-publish","format-standard","hentry","category-cine-de-comics","category-cine-de-terror","tag-black-widow","tag-hawkeye","tag-point-horror","tag-the-batman","tag-the-falcon-and-the-winter-soldier","tag-the-unsound","tag-what-if"],"yoast_head":"<!-- This site is optimized with the Yoast SEO plugin v24.3 - https:\/\/yoast.com\/wordpress\/plugins\/seo\/ -->\n<title>&quot;Hawkeye&quot;, &quot;The Falcon and the Winter Soldier&quot; y &quot;What if&quot;, as\u00ed son!<\/title>\n<meta name=\"description\" content=\"Tras &quot;The Mandalorian&quot;, por ahora la filial Marvel Studios a los suyo mostrando su futuro: &quot;Hawkeye&quot;, &quot;What if&quot; y The Falcon and the Winter Soldier\" \/>\n<meta name=\"robots\" content=\"index, follow, max-snippet:-1, max-image-preview:large, max-video-preview:-1\" \/>\n<link rel=\"canonical\" href=\"https:\/\/www.uruloki.org\/felipeblog\/cine-de-comics\/hawkeye-the-falcon-and-the-winter-soldier-y-what-if-de-concept-art-a-primeras-imagenes-oficiales-y-el-cartel-de-black-widow-de-la-comic-con-en-calidad-feten-the-batman-incorpora-a-la-d\" \/>\n<meta property=\"og:locale\" content=\"es_ES\" \/>\n<meta property=\"og:type\" content=\"article\" \/>\n<meta property=\"og:title\" content=\"&quot;Hawkeye&quot;, &quot;The Falcon and the Winter Soldier&quot; y &quot;What if&quot;, as\u00ed son!\" \/>\n<meta property=\"og:description\" content=\"Tras &quot;The Mandalorian&quot;, por ahora la filial Marvel Studios a los suyo mostrando su futuro: &quot;Hawkeye&quot;, &quot;What if&quot; y The Falcon and the Winter Soldier\" \/>\n<meta property=\"og:url\" content=\"https:\/\/www.uruloki.org\/felipeblog\/cine-de-comics\/hawkeye-the-falcon-and-the-winter-soldier-y-what-if-de-concept-art-a-primeras-imagenes-oficiales-y-el-cartel-de-black-widow-de-la-comic-con-en-calidad-feten-the-batman-incorpora-a-la-d\" \/>\n<meta property=\"og:site_name\" content=\"Uruloki :: Blog\" \/>\n<meta property=\"article:publisher\" content=\"https:\/\/www.facebook.com\/uruloki.org\" \/>\n<meta property=\"article:published_time\" content=\"2019-11-13T17:46:18+00:00\" \/>\n<meta property=\"og:image\" content=\"https:\/\/www.uruloki.org\/felipeblog\/wp-content\/uploads\/2019\/11\/20191112-what-if-5.jpg\" \/>\n\t<meta property=\"og:image:width\" content=\"625\" \/>\n\t<meta property=\"og:image:height\" content=\"284\" \/>\n\t<meta property=\"og:image:type\" content=\"image\/jpeg\" \/>\n<meta name=\"author\" content=\"Uruloki\" \/>\n<meta name=\"twitter:card\" content=\"summary_large_image\" \/>\n<meta name=\"twitter:creator\" content=\"@uruloki\" \/>\n<meta name=\"twitter:site\" content=\"@uruloki\" \/>\n<meta name=\"twitter:label1\" content=\"Escrito por\" \/>\n\t<meta name=\"twitter:data1\" content=\"Uruloki\" \/>\n\t<meta name=\"twitter:label2\" content=\"Tiempo de lectura\" \/>\n\t<meta name=\"twitter:data2\" content=\"2 minutos\" \/>\n<script type=\"application\/ld+json\" class=\"yoast-schema-graph\">{\"@context\":\"https:\/\/schema.org\",\"@graph\":[{\"@type\":\"WebPage\",\"@id\":\"https:\/\/www.uruloki.org\/felipeblog\/cine-de-comics\/hawkeye-the-falcon-and-the-winter-soldier-y-what-if-de-concept-art-a-primeras-imagenes-oficiales-y-el-cartel-de-black-widow-de-la-comic-con-en-calidad-feten-the-batman-incorpora-a-la-d\",\"url\":\"https:\/\/www.uruloki.org\/felipeblog\/cine-de-comics\/hawkeye-the-falcon-and-the-winter-soldier-y-what-if-de-concept-art-a-primeras-imagenes-oficiales-y-el-cartel-de-black-widow-de-la-comic-con-en-calidad-feten-the-batman-incorpora-a-la-d\",\"name\":\"\\\"Hawkeye\\\", \\\"The Falcon and the Winter Soldier\\\" y \\\"What if\\\", as\u00ed son!\",\"isPartOf\":{\"@id\":\"https:\/\/www.uruloki.org\/felipeblog\/#website\"},\"datePublished\":\"2019-11-13T17:46:18+00:00\",\"dateModified\":\"2019-11-13T17:46:18+00:00\",\"author\":{\"@id\":\"https:\/\/www.uruloki.org\/felipeblog\/#\/schema\/person\/ddba06ddaa27edf0c370460d05c51bb3\"},\"description\":\"Tras \\\"The Mandalorian\\\", por ahora la filial Marvel Studios a los suyo mostrando su futuro: \\\"Hawkeye\\\", \\\"What if\\\" y The Falcon and the Winter Soldier\",\"breadcrumb\":{\"@id\":\"https:\/\/www.uruloki.org\/felipeblog\/cine-de-comics\/hawkeye-the-falcon-and-the-winter-soldier-y-what-if-de-concept-art-a-primeras-imagenes-oficiales-y-el-cartel-de-black-widow-de-la-comic-con-en-calidad-feten-the-batman-incorpora-a-la-d#breadcrumb\"},\"inLanguage\":\"es\",\"potentialAction\":[{\"@type\":\"ReadAction\",\"target\":[\"https:\/\/www.uruloki.org\/felipeblog\/cine-de-comics\/hawkeye-the-falcon-and-the-winter-soldier-y-what-if-de-concept-art-a-primeras-imagenes-oficiales-y-el-cartel-de-black-widow-de-la-comic-con-en-calidad-feten-the-batman-incorpora-a-la-d\"]}]},{\"@type\":\"BreadcrumbList\",\"@id\":\"https:\/\/www.uruloki.org\/felipeblog\/cine-de-comics\/hawkeye-the-falcon-and-the-winter-soldier-y-what-if-de-concept-art-a-primeras-imagenes-oficiales-y-el-cartel-de-black-widow-de-la-comic-con-en-calidad-feten-the-batman-incorpora-a-la-d#breadcrumb\",\"itemListElement\":[{\"@type\":\"ListItem\",\"position\":1,\"name\":\"Portada\",\"item\":\"https:\/\/www.uruloki.org\/felipeblog\"},{\"@type\":\"ListItem\",\"position\":2,\"name\":\"\u00abHawkeye\u00bb, \u00abThe Falcon and the Winter Soldier\u00bb y \u00abWhat if\u00bb, de concept art a primeras im\u00e1genes oficiales, y el cartel de Black Widow de la Comic-Con en calidad fet\u00e9n, The Batman incorpora a la desconocida debutante Jayme Lawson, David F. Sandberg regresa al terror de la mano de Netflix para hacerse cargo de la adaptaci\u00f3n de \u00abThe Unsound\u00bb, y HBO Max prepara una serie de terror modo antolog\u00eda que adaptar\u00e1 la serie de libros \u00abPoint Horror\u00bb&#8230;\"}]},{\"@type\":\"WebSite\",\"@id\":\"https:\/\/www.uruloki.org\/felipeblog\/#website\",\"url\":\"https:\/\/www.uruloki.org\/felipeblog\/\",\"name\":\"Uruloki :: Blog\",\"description\":\"Blog de cine, terror, ciencia ficci\u00f3n, fantas\u00eda y c\u00f3mics\",\"potentialAction\":[{\"@type\":\"SearchAction\",\"target\":{\"@type\":\"EntryPoint\",\"urlTemplate\":\"https:\/\/www.uruloki.org\/felipeblog\/?s={search_term_string}\"},\"query-input\":{\"@type\":\"PropertyValueSpecification\",\"valueRequired\":true,\"valueName\":\"search_term_string\"}}],\"inLanguage\":\"es\"},{\"@type\":\"Person\",\"@id\":\"https:\/\/www.uruloki.org\/felipeblog\/#\/schema\/person\/ddba06ddaa27edf0c370460d05c51bb3\",\"name\":\"Uruloki\",\"image\":{\"@type\":\"ImageObject\",\"inLanguage\":\"es\",\"@id\":\"https:\/\/www.uruloki.org\/felipeblog\/#\/schema\/person\/image\/\",\"url\":\"https:\/\/secure.gravatar.com\/avatar\/68d5301c5f52ba88fd63f02c75b8c4d1b3c3fc4b21e2998a1e98c4b3a54d9f7c?s=96&d=mm&r=g\",\"contentUrl\":\"https:\/\/secure.gravatar.com\/avatar\/68d5301c5f52ba88fd63f02c75b8c4d1b3c3fc4b21e2998a1e98c4b3a54d9f7c?s=96&d=mm&r=g\",\"caption\":\"Uruloki\"},\"sameAs\":[\"https:\/\/uruloki.org\"],\"url\":\"https:\/\/www.uruloki.org\/felipeblog\/author\/admin-2-2-2\"}]}<\/script>\n<!-- \/ Yoast SEO plugin. -->","yoast_head_json":{"title":"\"Hawkeye\", \"The Falcon and the Winter Soldier\" y \"What if\", as\u00ed son!","description":"Tras \"The Mandalorian\", por ahora la filial Marvel Studios a los suyo mostrando su futuro: \"Hawkeye\", \"What if\" y The Falcon and the Winter Soldier","robots":{"index":"index","follow":"follow","max-snippet":"max-snippet:-1","max-image-preview":"max-image-preview:large","max-video-preview":"max-video-preview:-1"},"canonical":"https:\/\/www.uruloki.org\/felipeblog\/cine-de-comics\/hawkeye-the-falcon-and-the-winter-soldier-y-what-if-de-concept-art-a-primeras-imagenes-oficiales-y-el-cartel-de-black-widow-de-la-comic-con-en-calidad-feten-the-batman-incorpora-a-la-d","og_locale":"es_ES","og_type":"article","og_title":"\"Hawkeye\", \"The Falcon and the Winter Soldier\" y \"What if\", as\u00ed son!","og_description":"Tras \"The Mandalorian\", por ahora la filial Marvel Studios a los suyo mostrando su futuro: \"Hawkeye\", \"What if\" y The Falcon and the Winter Soldier","og_url":"https:\/\/www.uruloki.org\/felipeblog\/cine-de-comics\/hawkeye-the-falcon-and-the-winter-soldier-y-what-if-de-concept-art-a-primeras-imagenes-oficiales-y-el-cartel-de-black-widow-de-la-comic-con-en-calidad-feten-the-batman-incorpora-a-la-d","og_site_name":"Uruloki :: Blog","article_publisher":"https:\/\/www.facebook.com\/uruloki.org","article_published_time":"2019-11-13T17:46:18+00:00","og_image":[{"width":625,"height":284,"url":"https:\/\/www.uruloki.org\/felipeblog\/wp-content\/uploads\/2019\/11\/20191112-what-if-5.jpg","type":"image\/jpeg"}],"author":"Uruloki","twitter_card":"summary_large_image","twitter_creator":"@uruloki","twitter_site":"@uruloki","twitter_misc":{"Escrito por":"Uruloki","Tiempo de lectura":"2 minutos"},"schema":{"@context":"https:\/\/schema.org","@graph":[{"@type":"WebPage","@id":"https:\/\/www.uruloki.org\/felipeblog\/cine-de-comics\/hawkeye-the-falcon-and-the-winter-soldier-y-what-if-de-concept-art-a-primeras-imagenes-oficiales-y-el-cartel-de-black-widow-de-la-comic-con-en-calidad-feten-the-batman-incorpora-a-la-d","url":"https:\/\/www.uruloki.org\/felipeblog\/cine-de-comics\/hawkeye-the-falcon-and-the-winter-soldier-y-what-if-de-concept-art-a-primeras-imagenes-oficiales-y-el-cartel-de-black-widow-de-la-comic-con-en-calidad-feten-the-batman-incorpora-a-la-d","name":"\"Hawkeye\", \"The Falcon and the Winter Soldier\" y \"What if\", as\u00ed son!","isPartOf":{"@id":"https:\/\/www.uruloki.org\/felipeblog\/#website"},"datePublished":"2019-11-13T17:46:18+00:00","dateModified":"2019-11-13T17:46:18+00:00","author":{"@id":"https:\/\/www.uruloki.org\/felipeblog\/#\/schema\/person\/ddba06ddaa27edf0c370460d05c51bb3"},"description":"Tras \"The Mandalorian\", por ahora la filial Marvel Studios a los suyo mostrando su futuro: \"Hawkeye\", \"What if\" y The Falcon and the Winter Soldier","breadcrumb":{"@id":"https:\/\/www.uruloki.org\/felipeblog\/cine-de-comics\/hawkeye-the-falcon-and-the-winter-soldier-y-what-if-de-concept-art-a-primeras-imagenes-oficiales-y-el-cartel-de-black-widow-de-la-comic-con-en-calidad-feten-the-batman-incorpora-a-la-d#breadcrumb"},"inLanguage":"es","potentialAction":[{"@type":"ReadAction","target":["https:\/\/www.uruloki.org\/felipeblog\/cine-de-comics\/hawkeye-the-falcon-and-the-winter-soldier-y-what-if-de-concept-art-a-primeras-imagenes-oficiales-y-el-cartel-de-black-widow-de-la-comic-con-en-calidad-feten-the-batman-incorpora-a-la-d"]}]},{"@type":"BreadcrumbList","@id":"https:\/\/www.uruloki.org\/felipeblog\/cine-de-comics\/hawkeye-the-falcon-and-the-winter-soldier-y-what-if-de-concept-art-a-primeras-imagenes-oficiales-y-el-cartel-de-black-widow-de-la-comic-con-en-calidad-feten-the-batman-incorpora-a-la-d#breadcrumb","itemListElement":[{"@type":"ListItem","position":1,"name":"Portada","item":"https:\/\/www.uruloki.org\/felipeblog"},{"@type":"ListItem","position":2,"name":"\u00abHawkeye\u00bb, \u00abThe Falcon and the Winter Soldier\u00bb y \u00abWhat if\u00bb, de concept art a primeras im\u00e1genes oficiales, y el cartel de Black Widow de la Comic-Con en calidad fet\u00e9n, The Batman incorpora a la desconocida debutante Jayme Lawson, David F. Sandberg regresa al terror de la mano de Netflix para hacerse cargo de la adaptaci\u00f3n de \u00abThe Unsound\u00bb, y HBO Max prepara una serie de terror modo antolog\u00eda que adaptar\u00e1 la serie de libros \u00abPoint Horror\u00bb&#8230;"}]},{"@type":"WebSite","@id":"https:\/\/www.uruloki.org\/felipeblog\/#website","url":"https:\/\/www.uruloki.org\/felipeblog\/","name":"Uruloki :: Blog","description":"Blog de cine, terror, ciencia ficci\u00f3n, fantas\u00eda y c\u00f3mics","potentialAction":[{"@type":"SearchAction","target":{"@type":"EntryPoint","urlTemplate":"https:\/\/www.uruloki.org\/felipeblog\/?s={search_term_string}"},"query-input":{"@type":"PropertyValueSpecification","valueRequired":true,"valueName":"search_term_string"}}],"inLanguage":"es"},{"@type":"Person","@id":"https:\/\/www.uruloki.org\/felipeblog\/#\/schema\/person\/ddba06ddaa27edf0c370460d05c51bb3","name":"Uruloki","image":{"@type":"ImageObject","inLanguage":"es","@id":"https:\/\/www.uruloki.org\/felipeblog\/#\/schema\/person\/image\/","url":"https:\/\/secure.gravatar.com\/avatar\/68d5301c5f52ba88fd63f02c75b8c4d1b3c3fc4b21e2998a1e98c4b3a54d9f7c?s=96&d=mm&r=g","contentUrl":"https:\/\/secure.gravatar.com\/avatar\/68d5301c5f52ba88fd63f02c75b8c4d1b3c3fc4b21e2998a1e98c4b3a54d9f7c?s=96&d=mm&r=g","caption":"Uruloki"},"sameAs":["https:\/\/uruloki.org"],"url":"https:\/\/www.uruloki.org\/felipeblog\/author\/admin-2-2-2"}]}},"_links":{"self":[{"href":"https:\/\/www.uruloki.org\/felipeblog\/wp-json\/wp\/v2\/posts\/19335","targetHints":{"allow":["GET"]}}],"collection":[{"href":"https:\/\/www.uruloki.org\/felipeblog\/wp-json\/wp\/v2\/posts"}],"about":[{"href":"https:\/\/www.uruloki.org\/felipeblog\/wp-json\/wp\/v2\/types\/post"}],"author":[{"embeddable":true,"href":"https:\/\/www.uruloki.org\/felipeblog\/wp-json\/wp\/v2\/users\/28"}],"replies":[{"embeddable":true,"href":"https:\/\/www.uruloki.org\/felipeblog\/wp-json\/wp\/v2\/comments?post=19335"}],"version-history":[{"count":1,"href":"https:\/\/www.uruloki.org\/felipeblog\/wp-json\/wp\/v2\/posts\/19335\/revisions"}],"predecessor-version":[{"id":19337,"href":"https:\/\/www.uruloki.org\/felipeblog\/wp-json\/wp\/v2\/posts\/19335\/revisions\/19337"}],"wp:attachment":[{"href":"https:\/\/www.uruloki.org\/felipeblog\/wp-json\/wp\/v2\/media?parent=19335"}],"wp:term":[{"taxonomy":"category","embeddable":true,"href":"https:\/\/www.uruloki.org\/felipeblog\/wp-json\/wp\/v2\/categories?post=19335"},{"taxonomy":"post_tag","embeddable":true,"href":"https:\/\/www.uruloki.org\/felipeblog\/wp-json\/wp\/v2\/tags?post=19335"}],"curies":[{"name":"wp","href":"https:\/\/api.w.org\/{rel}","templated":true}]}}