{"id":19221,"date":"2019-10-05T19:52:26","date_gmt":"2019-10-05T17:52:26","guid":{"rendered":"https:\/\/uruloki.org\/felipeblog\/?p=19221"},"modified":"2019-10-07T20:52:53","modified_gmt":"2019-10-07T18:52:53","slug":"andre-ovredal-capitan-de-the-last-voyage-of-the-demeter-un-barco-que-partio-hace-una-decada-y-sigue-sin-llegar-a-puerto-james-wan-pasa-a-formar-parte-del-grupo-de-productores-de-gideon-falls-n","status":"publish","type":"post","link":"https:\/\/www.uruloki.org\/felipeblog\/cine-de-terror\/andre-ovredal-capitan-de-the-last-voyage-of-the-demeter-un-barco-que-partio-hace-una-decada-y-sigue-sin-llegar-a-puerto-james-wan-pasa-a-formar-parte-del-grupo-de-productores-de-gideon-falls-n","title":{"rendered":"Andr\u00e9 \u00d8vredal capit\u00e1n de The Last Voyage of the Demeter (un barco que parti\u00f3 hace una d\u00e9cada y sigue sin llegar a puerto), James Wan pasa a formar parte del grupo de productores de \u00abGideon Falls\u00bb, Nat Wolff es el \u00faltimo en unirse a \u00abThe Stand\u00bb de CBS All Access y Stephen King, un nuevo trailer del espect\u00e1culo que promete ser \u00abHis Dark Materials\u00bb de HBO y BBC, y as\u00ed luce James Bond en el primer cartel de No Time To Die&#8230;"},"content":{"rendered":"<p>Venga, <a href=\"https:\/\/uruloki.org\/felipeblog\/cine-de-comics\/joker-opinion\">tras <strong>Joker<\/strong><\/a>, y mientras sigo meditando opinar sobre otras pel&iacute;culas, un repaso a las &uacute;ltimas noticias que tengo aqu&iacute; anotadas.<\/p>\n<p>Por ejemplo, <a href=\"https:\/\/www.hollywoodreporter.com\/heat-vision\/scary-stories-tell-dark-filmmaker-tackling-horror-thriller-last-voyage-demeter-1244692\" target=\"_blank\" rel=\"noopener noreferrer\"><strong>Andr&eacute; &Oslash;vredal<\/strong> ha fichado para dirigir <strong>The Last Voyage of the Demeter<\/strong><\/a>&#8230; un proyecto que <a href=\"https:\/\/uruloki.org\/felipeblog\/cine-de-ciencia-ficcion\/nuevo-pster-de-inglourious-basterds-el-trailer-de-gi-joe-the-rise-of-cobra-en-buena-calidad-ms-carnaza-para-piranha-3-d-the-last-voyage-of-demeter-al-cine-the-dark-tower-resurge\">comenz&oacute; a fraguarse en 2009<\/a>, cuando <strong>Marcus Nispel<\/strong> (<em>La matanza de Texas<\/em> 2003) todav&iacute;a era una esperanza. El film adaptar&aacute; uno de los cap&iacute;tulos del <strong>&quot;Dr&aacute;cula&quot;<\/strong> de <strong>Bram Stoker<\/strong>. Se trata del viaje del <em>Demeter<\/em>, barco que inici&oacute; su viaje en Bulgaria y que acab&oacute; encallando en las costas de Whitby, Inglaterra, sin tripulaci&oacute;n y con su capit&aacute;n atado al tim&oacute;n cual pelele. El film narrar&aacute; el esperp&eacute;ntico viaje de muerte de la tripulaci&oacute;n al competo y, por ende, la llegada del <em>Conde Dr&aacute;cula<\/em> a tierras inglesas. El proyecto pas&oacute; durante una etapa de gloria e inter&eacute;s por las manos de <strong>Robert Schwentke<\/strong>, <a href=\"https:\/\/uruloki.org\/felipeblog\/cine-de-ciencia-ficcion\/1d2-samuel-bayer-dice-no-a-posible-secuelas-de-pesadilla-en-elm-street-el-origen-y-habla-de-su-inters-por-the-boys-the-last-voyage-of-the-demeter-tiene-ya-nuevo-director-bruton-y-bekmambe\"><strong>Stefan Ruzowitzky<\/strong><\/a>, <a href=\"https:\/\/uruloki.org\/felipeblog\/cine\/charlize-theron-se-une-a-prometheus-y-michael-fassbender-habla-de-la-conexin-con-la-saga-alien-nuevo-cartel-de-black-death-jack-the-giant-killer-ya-tiene-protagonista-y-the-last-voyage-of-th\"><strong>David Slade<\/strong><\/a>, que adem&aacute;s contaba con <strong>Ben Kingsley<\/strong> y <strong>Noomi Rapace<\/strong> en su reparto, <a href=\"https:\/\/uruloki.org\/felipeblog\/cine-de-ciencia-ficcion\/primer-vistazo-a-elijah-wood-como-el-serial-killer-de-maniac-as-luce-el-primer-cartel-de-sin-city-a-dame-to-kill-for-the-last-voyage-of-the-demeter-revive-tras-medio-hundirse-en-manos-de-ne\">o <strong>Neil Marshall<\/strong><\/a>. Hasta se habl&oacute; de <strong>Jude Law<\/strong> o <strong>Viggo Mortensen<\/strong> para protagonizarla. En fin, tras el &eacute;xito de <strong>Historias de miedo para contar en la oscuridad<\/strong> (<em>Scary Stories to Tell in the Dark<\/em>), <strong>&Oslash;vredal<\/strong> arranca la segunda vida de <strong>The Last Voyage of the Demeter<\/strong>. Veremos si sobrevive.<\/p>\n<p class=\"centrado\"><img decoding=\"async\" src=\"\/felipeblog\/imagenes2019\/20191005-no-time-to-die.jpg\" alt=\"Primer p&oacute;ster de No Time To Die, el regreso de Bond, James Bond\"><br \/><em>Primer p&oacute;ster de No Time To Die, el regreso de Bond, James Bond<\/em><\/p>\n<p>En modo breve comentar que <a href=\"https:\/\/www.slashfilm.com\/gideon-falls-tv-series\/\" target=\"_blank\" rel=\"noopener noreferrer\"><strong>James Wan<\/strong> pasa a formar parte del grupo de productores de <strong>&quot;Gideon Falls&quot;<\/strong><\/a>, adaptaci&oacute;n para televisi&oacute;n del c&oacute;mic creado por <strong>Jeff Lemire<\/strong> y <strong>Andrea Sorrentino<\/strong> para <strong>Image<\/strong>. El proyecto se<a href=\"https:\/\/uruloki.org\/felipeblog\/cine-inclasificable\/me-llamaban-don-cristal-o-ya-podemos-ver-el-primer-cartel-de-glass-de-m-night-shyamalan-stephen-king-sobreexplotado-otra-vez-con-una-nueva-adaptacion-remake-de-ojos-de-fuego-rebecca-fergu\"> anunci&oacute; en junio del a&ntilde;o pasado<\/a>, y ahora da un paso m&aacute;s adelante hacia la realidad. La obra es perfecta para contar con el liderazgo de Wan, ya que es un thriller atmosf&eacute;rico que transcurre entre misterios de lo rural y horrores urbanos. La serie contar&aacute; el destino de un grupo de personajes totalmente aleatorios y aparentemente inconexos, desde un sacerdote cat&oacute;lico acabado, pasando por una sheriff mujer sin concesiones y una joven reclusa obsesionada con desentra&ntilde;ar una conspiraci&oacute;n enterrada en la basura de su ciudad. Pero poco a poco son arrastrados a un misterio conectado con una leyenda local largamente olvidada. Misterio al canto, puede que una especie de hombre del saco para televisi&oacute;n. Mola. Y hablando de fichajes, <a href=\"https:\/\/deadline.com\/2019\/10\/the-stand-nat-wolff-cast-cbs-all-access-stephen-king-adaption-1202748653\/\" target=\"_blank\" rel=\"noopener noreferrer\"><strong>Nat Wolff<\/strong> (<em>Death Note<\/em>) ha fichado por <strong>&quot;The Stand&quot;<\/strong> de <strong>CBS All Access<\/strong><\/a>. <strong>Wolff<\/strong> se suma a un reparto encabezado por <strong>Alexander Skarsg&aring;rd<\/strong>, <strong>James Marsden<\/strong> o <strong>Amber Heard<\/strong>. &iquest;Qui&eacute;n ser&aacute; <strong>Wolff<\/strong>? Pues <em>Lloyd Henreid<\/em>, un criminal de poca monta que se vuelve  leal a <em>Randall Flagg<\/em> (<strong>Skarsg&aring;rd<\/strong>).<\/p>\n<div class=\"video\"><iframe loading=\"lazy\" width=\"100%\" height=\"360\" src=\"https:\/\/www.youtube.com\/embed\/APduGe1eLVI\" allowfullscreen=\"true\"><\/iframe><\/div>\n","protected":false},"excerpt":{"rendered":"<p>Venga, tras Joker, y mientras sigo meditando opinar sobre otras pel&iacute;culas, un repaso a las &uacute;ltimas noticias que tengo aqu&iacute; anotadas. Por ejemplo, Andr&eacute; &Oslash;vredal ha fichado para dirigir The Last Voyage of the Demeter&#8230; un proyecto que comenz&oacute; a fraguarse en 2009, cuando Marcus Nispel (La matanza de Texas 2003) todav&iacute;a era una esperanza. [&hellip;]<\/p>\n","protected":false},"author":28,"featured_media":0,"comment_status":"open","ping_status":"open","sticky":false,"template":"","format":"standard","meta":{"footnotes":""},"categories":[6,10,12,9],"tags":[4050,4031,4368,1492,1623],"class_list":["post-19221","post","type-post","status-publish","format-standard","hentry","category-cine","category-cine-de-comics","category-cine-de-fantasia","category-cine-de-terror","tag-gideon-falls","tag-his-dark-materials","tag-no-time-to-die","tag-the-last-voyage-of-the-demeter","tag-the-stand"],"yoast_head":"<!-- This site is optimized with the Yoast SEO plugin v24.3 - https:\/\/yoast.com\/wordpress\/plugins\/seo\/ -->\n<title>Andr\u00e9 \u00d8vredal capit\u00e1n de The Last Voyage of the Demeter<\/title>\n<meta name=\"description\" content=\"Andr\u00e9 \u00d8vredal ha fichado para dirigir The Last Voyage of the Demeter. Proyecto que comenz\u00f3 a fraguarse en 2009, cuando Marcus Nispel era una esperanza.\" \/>\n<meta name=\"robots\" content=\"index, follow, max-snippet:-1, max-image-preview:large, max-video-preview:-1\" \/>\n<link rel=\"canonical\" href=\"https:\/\/www.uruloki.org\/felipeblog\/cine-de-terror\/andre-ovredal-capitan-de-the-last-voyage-of-the-demeter-un-barco-que-partio-hace-una-decada-y-sigue-sin-llegar-a-puerto-james-wan-pasa-a-formar-parte-del-grupo-de-productores-de-gideon-falls-n\" \/>\n<meta property=\"og:locale\" content=\"es_ES\" \/>\n<meta property=\"og:type\" content=\"article\" \/>\n<meta property=\"og:title\" content=\"Andr\u00e9 \u00d8vredal capit\u00e1n de The Last Voyage of the Demeter\" \/>\n<meta property=\"og:description\" content=\"Andr\u00e9 \u00d8vredal ha fichado para dirigir The Last Voyage of the Demeter. Proyecto que comenz\u00f3 a fraguarse en 2009, cuando Marcus Nispel era una esperanza.\" \/>\n<meta property=\"og:url\" content=\"https:\/\/www.uruloki.org\/felipeblog\/cine-de-terror\/andre-ovredal-capitan-de-the-last-voyage-of-the-demeter-un-barco-que-partio-hace-una-decada-y-sigue-sin-llegar-a-puerto-james-wan-pasa-a-formar-parte-del-grupo-de-productores-de-gideon-falls-n\" \/>\n<meta property=\"og:site_name\" content=\"Uruloki :: Blog\" \/>\n<meta property=\"article:publisher\" content=\"https:\/\/www.facebook.com\/uruloki.org\" \/>\n<meta property=\"article:published_time\" content=\"2019-10-05T17:52:26+00:00\" \/>\n<meta property=\"article:modified_time\" content=\"2019-10-07T18:52:53+00:00\" \/>\n<meta property=\"og:image\" content=\"https:\/\/www.uruloki.org\/felipeblog\/wp-content\/uploads\/2019\/10\/demeter.jpg\" \/>\n\t<meta property=\"og:image:width\" content=\"800\" \/>\n\t<meta property=\"og:image:height\" content=\"468\" \/>\n\t<meta property=\"og:image:type\" content=\"image\/jpeg\" \/>\n<meta name=\"author\" content=\"Uruloki\" \/>\n<meta name=\"twitter:card\" content=\"summary_large_image\" \/>\n<meta name=\"twitter:creator\" content=\"@uruloki\" \/>\n<meta name=\"twitter:site\" content=\"@uruloki\" \/>\n<meta name=\"twitter:label1\" content=\"Escrito por\" \/>\n\t<meta name=\"twitter:data1\" content=\"Uruloki\" \/>\n\t<meta name=\"twitter:label2\" content=\"Tiempo de lectura\" \/>\n\t<meta name=\"twitter:data2\" content=\"2 minutos\" \/>\n<script type=\"application\/ld+json\" class=\"yoast-schema-graph\">{\"@context\":\"https:\/\/schema.org\",\"@graph\":[{\"@type\":\"WebPage\",\"@id\":\"https:\/\/www.uruloki.org\/felipeblog\/cine-de-terror\/andre-ovredal-capitan-de-the-last-voyage-of-the-demeter-un-barco-que-partio-hace-una-decada-y-sigue-sin-llegar-a-puerto-james-wan-pasa-a-formar-parte-del-grupo-de-productores-de-gideon-falls-n\",\"url\":\"https:\/\/www.uruloki.org\/felipeblog\/cine-de-terror\/andre-ovredal-capitan-de-the-last-voyage-of-the-demeter-un-barco-que-partio-hace-una-decada-y-sigue-sin-llegar-a-puerto-james-wan-pasa-a-formar-parte-del-grupo-de-productores-de-gideon-falls-n\",\"name\":\"Andr\u00e9 \u00d8vredal capit\u00e1n de The Last Voyage of the Demeter\",\"isPartOf\":{\"@id\":\"https:\/\/www.uruloki.org\/felipeblog\/#website\"},\"datePublished\":\"2019-10-05T17:52:26+00:00\",\"dateModified\":\"2019-10-07T18:52:53+00:00\",\"author\":{\"@id\":\"https:\/\/www.uruloki.org\/felipeblog\/#\/schema\/person\/ddba06ddaa27edf0c370460d05c51bb3\"},\"description\":\"Andr\u00e9 \u00d8vredal ha fichado para dirigir The Last Voyage of the Demeter. Proyecto que comenz\u00f3 a fraguarse en 2009, cuando Marcus Nispel era una esperanza.\",\"breadcrumb\":{\"@id\":\"https:\/\/www.uruloki.org\/felipeblog\/cine-de-terror\/andre-ovredal-capitan-de-the-last-voyage-of-the-demeter-un-barco-que-partio-hace-una-decada-y-sigue-sin-llegar-a-puerto-james-wan-pasa-a-formar-parte-del-grupo-de-productores-de-gideon-falls-n#breadcrumb\"},\"inLanguage\":\"es\",\"potentialAction\":[{\"@type\":\"ReadAction\",\"target\":[\"https:\/\/www.uruloki.org\/felipeblog\/cine-de-terror\/andre-ovredal-capitan-de-the-last-voyage-of-the-demeter-un-barco-que-partio-hace-una-decada-y-sigue-sin-llegar-a-puerto-james-wan-pasa-a-formar-parte-del-grupo-de-productores-de-gideon-falls-n\"]}]},{\"@type\":\"BreadcrumbList\",\"@id\":\"https:\/\/www.uruloki.org\/felipeblog\/cine-de-terror\/andre-ovredal-capitan-de-the-last-voyage-of-the-demeter-un-barco-que-partio-hace-una-decada-y-sigue-sin-llegar-a-puerto-james-wan-pasa-a-formar-parte-del-grupo-de-productores-de-gideon-falls-n#breadcrumb\",\"itemListElement\":[{\"@type\":\"ListItem\",\"position\":1,\"name\":\"Portada\",\"item\":\"https:\/\/www.uruloki.org\/felipeblog\"},{\"@type\":\"ListItem\",\"position\":2,\"name\":\"Andr\u00e9 \u00d8vredal capit\u00e1n de The Last Voyage of the Demeter (un barco que parti\u00f3 hace una d\u00e9cada y sigue sin llegar a puerto), James Wan pasa a formar parte del grupo de productores de \u00abGideon Falls\u00bb, Nat Wolff es el \u00faltimo en unirse a \u00abThe Stand\u00bb de CBS All Access y Stephen King, un nuevo trailer del espect\u00e1culo que promete ser \u00abHis Dark Materials\u00bb de HBO y BBC, y as\u00ed luce James Bond en el primer cartel de No Time To Die&#8230;\"}]},{\"@type\":\"WebSite\",\"@id\":\"https:\/\/www.uruloki.org\/felipeblog\/#website\",\"url\":\"https:\/\/www.uruloki.org\/felipeblog\/\",\"name\":\"Uruloki :: Blog\",\"description\":\"Blog de cine, terror, ciencia ficci\u00f3n, fantas\u00eda y c\u00f3mics\",\"potentialAction\":[{\"@type\":\"SearchAction\",\"target\":{\"@type\":\"EntryPoint\",\"urlTemplate\":\"https:\/\/www.uruloki.org\/felipeblog\/?s={search_term_string}\"},\"query-input\":{\"@type\":\"PropertyValueSpecification\",\"valueRequired\":true,\"valueName\":\"search_term_string\"}}],\"inLanguage\":\"es\"},{\"@type\":\"Person\",\"@id\":\"https:\/\/www.uruloki.org\/felipeblog\/#\/schema\/person\/ddba06ddaa27edf0c370460d05c51bb3\",\"name\":\"Uruloki\",\"image\":{\"@type\":\"ImageObject\",\"inLanguage\":\"es\",\"@id\":\"https:\/\/www.uruloki.org\/felipeblog\/#\/schema\/person\/image\/\",\"url\":\"https:\/\/secure.gravatar.com\/avatar\/68d5301c5f52ba88fd63f02c75b8c4d1b3c3fc4b21e2998a1e98c4b3a54d9f7c?s=96&d=mm&r=g\",\"contentUrl\":\"https:\/\/secure.gravatar.com\/avatar\/68d5301c5f52ba88fd63f02c75b8c4d1b3c3fc4b21e2998a1e98c4b3a54d9f7c?s=96&d=mm&r=g\",\"caption\":\"Uruloki\"},\"sameAs\":[\"https:\/\/uruloki.org\"],\"url\":\"https:\/\/www.uruloki.org\/felipeblog\/author\/admin-2-2-2\"}]}<\/script>\n<!-- \/ Yoast SEO plugin. -->","yoast_head_json":{"title":"Andr\u00e9 \u00d8vredal capit\u00e1n de The Last Voyage of the Demeter","description":"Andr\u00e9 \u00d8vredal ha fichado para dirigir The Last Voyage of the Demeter. Proyecto que comenz\u00f3 a fraguarse en 2009, cuando Marcus Nispel era una esperanza.","robots":{"index":"index","follow":"follow","max-snippet":"max-snippet:-1","max-image-preview":"max-image-preview:large","max-video-preview":"max-video-preview:-1"},"canonical":"https:\/\/www.uruloki.org\/felipeblog\/cine-de-terror\/andre-ovredal-capitan-de-the-last-voyage-of-the-demeter-un-barco-que-partio-hace-una-decada-y-sigue-sin-llegar-a-puerto-james-wan-pasa-a-formar-parte-del-grupo-de-productores-de-gideon-falls-n","og_locale":"es_ES","og_type":"article","og_title":"Andr\u00e9 \u00d8vredal capit\u00e1n de The Last Voyage of the Demeter","og_description":"Andr\u00e9 \u00d8vredal ha fichado para dirigir The Last Voyage of the Demeter. Proyecto que comenz\u00f3 a fraguarse en 2009, cuando Marcus Nispel era una esperanza.","og_url":"https:\/\/www.uruloki.org\/felipeblog\/cine-de-terror\/andre-ovredal-capitan-de-the-last-voyage-of-the-demeter-un-barco-que-partio-hace-una-decada-y-sigue-sin-llegar-a-puerto-james-wan-pasa-a-formar-parte-del-grupo-de-productores-de-gideon-falls-n","og_site_name":"Uruloki :: Blog","article_publisher":"https:\/\/www.facebook.com\/uruloki.org","article_published_time":"2019-10-05T17:52:26+00:00","article_modified_time":"2019-10-07T18:52:53+00:00","og_image":[{"width":800,"height":468,"url":"https:\/\/www.uruloki.org\/felipeblog\/wp-content\/uploads\/2019\/10\/demeter.jpg","type":"image\/jpeg"}],"author":"Uruloki","twitter_card":"summary_large_image","twitter_creator":"@uruloki","twitter_site":"@uruloki","twitter_misc":{"Escrito por":"Uruloki","Tiempo de lectura":"2 minutos"},"schema":{"@context":"https:\/\/schema.org","@graph":[{"@type":"WebPage","@id":"https:\/\/www.uruloki.org\/felipeblog\/cine-de-terror\/andre-ovredal-capitan-de-the-last-voyage-of-the-demeter-un-barco-que-partio-hace-una-decada-y-sigue-sin-llegar-a-puerto-james-wan-pasa-a-formar-parte-del-grupo-de-productores-de-gideon-falls-n","url":"https:\/\/www.uruloki.org\/felipeblog\/cine-de-terror\/andre-ovredal-capitan-de-the-last-voyage-of-the-demeter-un-barco-que-partio-hace-una-decada-y-sigue-sin-llegar-a-puerto-james-wan-pasa-a-formar-parte-del-grupo-de-productores-de-gideon-falls-n","name":"Andr\u00e9 \u00d8vredal capit\u00e1n de The Last Voyage of the Demeter","isPartOf":{"@id":"https:\/\/www.uruloki.org\/felipeblog\/#website"},"datePublished":"2019-10-05T17:52:26+00:00","dateModified":"2019-10-07T18:52:53+00:00","author":{"@id":"https:\/\/www.uruloki.org\/felipeblog\/#\/schema\/person\/ddba06ddaa27edf0c370460d05c51bb3"},"description":"Andr\u00e9 \u00d8vredal ha fichado para dirigir The Last Voyage of the Demeter. Proyecto que comenz\u00f3 a fraguarse en 2009, cuando Marcus Nispel era una esperanza.","breadcrumb":{"@id":"https:\/\/www.uruloki.org\/felipeblog\/cine-de-terror\/andre-ovredal-capitan-de-the-last-voyage-of-the-demeter-un-barco-que-partio-hace-una-decada-y-sigue-sin-llegar-a-puerto-james-wan-pasa-a-formar-parte-del-grupo-de-productores-de-gideon-falls-n#breadcrumb"},"inLanguage":"es","potentialAction":[{"@type":"ReadAction","target":["https:\/\/www.uruloki.org\/felipeblog\/cine-de-terror\/andre-ovredal-capitan-de-the-last-voyage-of-the-demeter-un-barco-que-partio-hace-una-decada-y-sigue-sin-llegar-a-puerto-james-wan-pasa-a-formar-parte-del-grupo-de-productores-de-gideon-falls-n"]}]},{"@type":"BreadcrumbList","@id":"https:\/\/www.uruloki.org\/felipeblog\/cine-de-terror\/andre-ovredal-capitan-de-the-last-voyage-of-the-demeter-un-barco-que-partio-hace-una-decada-y-sigue-sin-llegar-a-puerto-james-wan-pasa-a-formar-parte-del-grupo-de-productores-de-gideon-falls-n#breadcrumb","itemListElement":[{"@type":"ListItem","position":1,"name":"Portada","item":"https:\/\/www.uruloki.org\/felipeblog"},{"@type":"ListItem","position":2,"name":"Andr\u00e9 \u00d8vredal capit\u00e1n de The Last Voyage of the Demeter (un barco que parti\u00f3 hace una d\u00e9cada y sigue sin llegar a puerto), James Wan pasa a formar parte del grupo de productores de \u00abGideon Falls\u00bb, Nat Wolff es el \u00faltimo en unirse a \u00abThe Stand\u00bb de CBS All Access y Stephen King, un nuevo trailer del espect\u00e1culo que promete ser \u00abHis Dark Materials\u00bb de HBO y BBC, y as\u00ed luce James Bond en el primer cartel de No Time To Die&#8230;"}]},{"@type":"WebSite","@id":"https:\/\/www.uruloki.org\/felipeblog\/#website","url":"https:\/\/www.uruloki.org\/felipeblog\/","name":"Uruloki :: Blog","description":"Blog de cine, terror, ciencia ficci\u00f3n, fantas\u00eda y c\u00f3mics","potentialAction":[{"@type":"SearchAction","target":{"@type":"EntryPoint","urlTemplate":"https:\/\/www.uruloki.org\/felipeblog\/?s={search_term_string}"},"query-input":{"@type":"PropertyValueSpecification","valueRequired":true,"valueName":"search_term_string"}}],"inLanguage":"es"},{"@type":"Person","@id":"https:\/\/www.uruloki.org\/felipeblog\/#\/schema\/person\/ddba06ddaa27edf0c370460d05c51bb3","name":"Uruloki","image":{"@type":"ImageObject","inLanguage":"es","@id":"https:\/\/www.uruloki.org\/felipeblog\/#\/schema\/person\/image\/","url":"https:\/\/secure.gravatar.com\/avatar\/68d5301c5f52ba88fd63f02c75b8c4d1b3c3fc4b21e2998a1e98c4b3a54d9f7c?s=96&d=mm&r=g","contentUrl":"https:\/\/secure.gravatar.com\/avatar\/68d5301c5f52ba88fd63f02c75b8c4d1b3c3fc4b21e2998a1e98c4b3a54d9f7c?s=96&d=mm&r=g","caption":"Uruloki"},"sameAs":["https:\/\/uruloki.org"],"url":"https:\/\/www.uruloki.org\/felipeblog\/author\/admin-2-2-2"}]}},"_links":{"self":[{"href":"https:\/\/www.uruloki.org\/felipeblog\/wp-json\/wp\/v2\/posts\/19221","targetHints":{"allow":["GET"]}}],"collection":[{"href":"https:\/\/www.uruloki.org\/felipeblog\/wp-json\/wp\/v2\/posts"}],"about":[{"href":"https:\/\/www.uruloki.org\/felipeblog\/wp-json\/wp\/v2\/types\/post"}],"author":[{"embeddable":true,"href":"https:\/\/www.uruloki.org\/felipeblog\/wp-json\/wp\/v2\/users\/28"}],"replies":[{"embeddable":true,"href":"https:\/\/www.uruloki.org\/felipeblog\/wp-json\/wp\/v2\/comments?post=19221"}],"version-history":[{"count":2,"href":"https:\/\/www.uruloki.org\/felipeblog\/wp-json\/wp\/v2\/posts\/19221\/revisions"}],"predecessor-version":[{"id":19227,"href":"https:\/\/www.uruloki.org\/felipeblog\/wp-json\/wp\/v2\/posts\/19221\/revisions\/19227"}],"wp:attachment":[{"href":"https:\/\/www.uruloki.org\/felipeblog\/wp-json\/wp\/v2\/media?parent=19221"}],"wp:term":[{"taxonomy":"category","embeddable":true,"href":"https:\/\/www.uruloki.org\/felipeblog\/wp-json\/wp\/v2\/categories?post=19221"},{"taxonomy":"post_tag","embeddable":true,"href":"https:\/\/www.uruloki.org\/felipeblog\/wp-json\/wp\/v2\/tags?post=19221"}],"curies":[{"name":"wp","href":"https:\/\/api.w.org\/{rel}","templated":true}]}}