{"id":192,"date":"2004-09-17T18:47:37","date_gmt":"2004-09-18T02:47:37","guid":{"rendered":"https:\/\/uruloki.org\/felipeblog\/?p=192"},"modified":"2004-09-17T18:47:37","modified_gmt":"2004-09-18T02:47:37","slug":"primeras-capturas-de-ben-grimm-la-cosa","status":"publish","type":"post","link":"https:\/\/www.uruloki.org\/felipeblog\/cine-de-comics\/primeras-capturas-de-ben-grimm-la-cosa","title":{"rendered":"Primeras capturas de Ben Grimm &quot;La Cosa&quot;&#8230;"},"content":{"rendered":"<p>Ya est&aacute;n circulando por <span class=\"explicacion\" title=\"donde sino\">Internet<\/span> las primeras im&aacute;genes de <strong>Ben Grimm<\/strong>, el miembro m&aacute;s pesado de los <strong>4 Fant&aacute;sticos<\/strong>, la nueva superproducci&oacute;n del <em><span class=\"explicacion\" title=\"con Avy Arad al frente\">Imperio Marvel&copy;<\/span><\/em>. Gracias a unas cuantas webs que suelo visitar, aqu&iacute; pod&eacute;is ver a <strong>Michael Chiklis<\/strong> maquillado por <em>Bart Mixon<\/em> como <strong>La Cosa<\/strong>, bueno, realmente se le ve poco porque va m&aacute;s tapado que yo que se con una capa negra con capucha a modo <em>Jinete Espectral<\/em>.<\/p>\n<p><a href=\"https:\/\/uruloki.org\/felipeblog\/imagenes\/thething3.html\" onclick=\"window.open('https:\/\/uruloki.org\/felipeblog\/imagenes\/thething3.html','popup','width=500,height=360,scrollbars=no,resizable=no,toolbar=no,directories=no,location=no,menubar=no,status=no,left=0,top=0'); return false\" title=\"The Thing\"><img loading=\"lazy\" decoding=\"async\" alt=\"The Thing\" src=\"https:\/\/uruloki.org\/felipeblog\/imagenes\/thmb_thething3.jpg\" width=\"250\" height=\"180\" border=\"1\" \/><\/a><\/p>\n<p>Por lo que se ve, se sigue el estilo llevado con <strong>Mr. Hyde<\/strong> en <strong>La liga de los Hombres Extraordinarios<\/strong>, maquillaje casi al 100% (en este caso realizado por la <strong>Steve Johnson&#8217;s Edge FX<\/strong>) y luego retoque por ordenador. Al final el reparto confirmado es el siguiente <strong><span class=\"explicacion\" title=\"Esta chica est&aacute; de moda\">Jessica Alba<\/span><\/strong> como <em>Susan Storm\/The Invisible Girl<\/em>, <strong>Michael Chiklis<\/strong> como <em>Ben Grimm\/The Thing<\/em>, <strong>Chris Evans<\/strong> en el papel de <em>Johnny Storm\/The Human Torch<\/em>, <strong>Ioan Gruffudd<\/strong> interpretando a <em>Reed Richards\/Mr. Fantastic<\/em> y <strong>Julian McMahon<\/strong> como <em>Victor Von Doom\/Doctor Doom<\/em>.<\/p>\n<p>A esta noticia hay que sumar la de la aparici&oacute;n del nuevo trailer de <a href=\"http:\/\/progressive.stream.aol.com\/newline\/gl\/newline\/trailers\/blade_trinity\/Blade_Trinity_rev_700_dl.mov\" target=\"_blank\" title=\"Bot&oacute;n derecho para descargar\">Blade: Trinity <\/a>a falta de poco m&aacute;s de 3 meses para su estreno en USA. Por lo dem&aacute;s dejar constancia de la calidad del <a href=\"http:\/\/www.movie-list.com\/trailers.php?id=sincity\" target=\"_blank\" title=\"Ved el trailer, vale la pena\">video sobre Sin City<\/a> que recomend&oacute; <a href=\"http:\/\/drfloyd.blogspot.com\/\" target=\"_blank\" title=\"Blog del DrFloyd\">drfloyd<\/a>, una maravilla que nos hace tener muchas m&aacute;s ganas de ver el film.<\/p>\n<p>Nada m&aacute;s por hoy, un saludo.<br \/>\n<em>Uruloki disfruta y recomienda Hard-Boiled y A bullet in the Head de John Woo.<\/em><\/p>\n","protected":false},"excerpt":{"rendered":"<p>Ya est&aacute;n circulando por Internet las primeras im&aacute;genes de Ben Grimm, el miembro m&aacute;s pesado de los 4 Fant&aacute;sticos, la nueva superproducci&oacute;n del Imperio Marvel&copy;. Gracias a unas cuantas webs que suelo visitar, aqu&iacute; pod&eacute;is ver a Michael Chiklis maquillado por Bart Mixon como La Cosa, bueno, realmente se le ve poco porque va m&aacute;s [&hellip;]<\/p>\n","protected":false},"author":28,"featured_media":0,"comment_status":"open","ping_status":"closed","sticky":false,"template":"","format":"standard","meta":{"footnotes":""},"categories":[10],"tags":[],"class_list":["post-192","post","type-post","status-publish","format-standard","hentry","category-cine-de-comics"],"yoast_head":"<!-- This site is optimized with the Yoast SEO plugin v24.3 - https:\/\/yoast.com\/wordpress\/plugins\/seo\/ -->\n<title>Primeras capturas de Ben Grimm &quot;La Cosa&quot;... - Uruloki :: Blog<\/title>\n<meta name=\"robots\" content=\"index, follow, max-snippet:-1, max-image-preview:large, max-video-preview:-1\" \/>\n<link rel=\"canonical\" href=\"https:\/\/www.uruloki.org\/felipeblog\/cine-de-comics\/primeras-capturas-de-ben-grimm-la-cosa\" \/>\n<meta property=\"og:locale\" content=\"es_ES\" \/>\n<meta property=\"og:type\" content=\"article\" \/>\n<meta property=\"og:title\" content=\"Primeras capturas de Ben Grimm &quot;La Cosa&quot;... - Uruloki :: Blog\" \/>\n<meta property=\"og:description\" content=\"Ya est&aacute;n circulando por Internet las primeras im&aacute;genes de Ben Grimm, el miembro m&aacute;s pesado de los 4 Fant&aacute;sticos, la nueva superproducci&oacute;n del Imperio Marvel&copy;. Gracias a unas cuantas webs que suelo visitar, aqu&iacute; pod&eacute;is ver a Michael Chiklis maquillado por Bart Mixon como La Cosa, bueno, realmente se le ve poco porque va m&aacute;s [&hellip;]\" \/>\n<meta property=\"og:url\" content=\"https:\/\/www.uruloki.org\/felipeblog\/cine-de-comics\/primeras-capturas-de-ben-grimm-la-cosa\" \/>\n<meta property=\"og:site_name\" content=\"Uruloki :: Blog\" \/>\n<meta property=\"article:publisher\" content=\"https:\/\/www.facebook.com\/uruloki.org\" \/>\n<meta property=\"article:published_time\" content=\"2004-09-18T02:47:37+00:00\" \/>\n<meta property=\"og:image\" content=\"https:\/\/uruloki.org\/felipeblog\/imagenes\/thmb_thething3.jpg\" \/>\n<meta name=\"author\" content=\"Uruloki\" \/>\n<meta name=\"twitter:card\" content=\"summary_large_image\" \/>\n<meta name=\"twitter:creator\" content=\"@uruloki\" \/>\n<meta name=\"twitter:site\" content=\"@uruloki\" \/>\n<meta name=\"twitter:label1\" content=\"Escrito por\" \/>\n\t<meta name=\"twitter:data1\" content=\"Uruloki\" \/>\n\t<meta name=\"twitter:label2\" content=\"Tiempo de lectura\" \/>\n\t<meta name=\"twitter:data2\" content=\"1 minuto\" \/>\n<script type=\"application\/ld+json\" class=\"yoast-schema-graph\">{\"@context\":\"https:\/\/schema.org\",\"@graph\":[{\"@type\":\"WebPage\",\"@id\":\"https:\/\/www.uruloki.org\/felipeblog\/cine-de-comics\/primeras-capturas-de-ben-grimm-la-cosa\",\"url\":\"https:\/\/www.uruloki.org\/felipeblog\/cine-de-comics\/primeras-capturas-de-ben-grimm-la-cosa\",\"name\":\"Primeras capturas de Ben Grimm &quot;La Cosa&quot;... - Uruloki :: Blog\",\"isPartOf\":{\"@id\":\"https:\/\/www.uruloki.org\/felipeblog\/#website\"},\"primaryImageOfPage\":{\"@id\":\"https:\/\/www.uruloki.org\/felipeblog\/cine-de-comics\/primeras-capturas-de-ben-grimm-la-cosa#primaryimage\"},\"image\":{\"@id\":\"https:\/\/www.uruloki.org\/felipeblog\/cine-de-comics\/primeras-capturas-de-ben-grimm-la-cosa#primaryimage\"},\"thumbnailUrl\":\"https:\/\/uruloki.org\/felipeblog\/imagenes\/thmb_thething3.jpg\",\"datePublished\":\"2004-09-18T02:47:37+00:00\",\"dateModified\":\"2004-09-18T02:47:37+00:00\",\"author\":{\"@id\":\"https:\/\/www.uruloki.org\/felipeblog\/#\/schema\/person\/ddba06ddaa27edf0c370460d05c51bb3\"},\"breadcrumb\":{\"@id\":\"https:\/\/www.uruloki.org\/felipeblog\/cine-de-comics\/primeras-capturas-de-ben-grimm-la-cosa#breadcrumb\"},\"inLanguage\":\"es\",\"potentialAction\":[{\"@type\":\"ReadAction\",\"target\":[\"https:\/\/www.uruloki.org\/felipeblog\/cine-de-comics\/primeras-capturas-de-ben-grimm-la-cosa\"]}]},{\"@type\":\"ImageObject\",\"inLanguage\":\"es\",\"@id\":\"https:\/\/www.uruloki.org\/felipeblog\/cine-de-comics\/primeras-capturas-de-ben-grimm-la-cosa#primaryimage\",\"url\":\"https:\/\/uruloki.org\/felipeblog\/imagenes\/thmb_thething3.jpg\",\"contentUrl\":\"https:\/\/uruloki.org\/felipeblog\/imagenes\/thmb_thething3.jpg\"},{\"@type\":\"BreadcrumbList\",\"@id\":\"https:\/\/www.uruloki.org\/felipeblog\/cine-de-comics\/primeras-capturas-de-ben-grimm-la-cosa#breadcrumb\",\"itemListElement\":[{\"@type\":\"ListItem\",\"position\":1,\"name\":\"Portada\",\"item\":\"https:\/\/www.uruloki.org\/felipeblog\"},{\"@type\":\"ListItem\",\"position\":2,\"name\":\"Primeras capturas de Ben Grimm &quot;La Cosa&quot;&#8230;\"}]},{\"@type\":\"WebSite\",\"@id\":\"https:\/\/www.uruloki.org\/felipeblog\/#website\",\"url\":\"https:\/\/www.uruloki.org\/felipeblog\/\",\"name\":\"Uruloki :: Blog\",\"description\":\"Blog de cine, terror, ciencia ficci\u00f3n, fantas\u00eda y c\u00f3mics\",\"potentialAction\":[{\"@type\":\"SearchAction\",\"target\":{\"@type\":\"EntryPoint\",\"urlTemplate\":\"https:\/\/www.uruloki.org\/felipeblog\/?s={search_term_string}\"},\"query-input\":{\"@type\":\"PropertyValueSpecification\",\"valueRequired\":true,\"valueName\":\"search_term_string\"}}],\"inLanguage\":\"es\"},{\"@type\":\"Person\",\"@id\":\"https:\/\/www.uruloki.org\/felipeblog\/#\/schema\/person\/ddba06ddaa27edf0c370460d05c51bb3\",\"name\":\"Uruloki\",\"image\":{\"@type\":\"ImageObject\",\"inLanguage\":\"es\",\"@id\":\"https:\/\/www.uruloki.org\/felipeblog\/#\/schema\/person\/image\/\",\"url\":\"https:\/\/secure.gravatar.com\/avatar\/68d5301c5f52ba88fd63f02c75b8c4d1b3c3fc4b21e2998a1e98c4b3a54d9f7c?s=96&d=mm&r=g\",\"contentUrl\":\"https:\/\/secure.gravatar.com\/avatar\/68d5301c5f52ba88fd63f02c75b8c4d1b3c3fc4b21e2998a1e98c4b3a54d9f7c?s=96&d=mm&r=g\",\"caption\":\"Uruloki\"},\"sameAs\":[\"https:\/\/uruloki.org\"],\"url\":\"https:\/\/www.uruloki.org\/felipeblog\/author\/admin-2-2-2\"}]}<\/script>\n<!-- \/ Yoast SEO plugin. -->","yoast_head_json":{"title":"Primeras capturas de Ben Grimm &quot;La Cosa&quot;... - Uruloki :: Blog","robots":{"index":"index","follow":"follow","max-snippet":"max-snippet:-1","max-image-preview":"max-image-preview:large","max-video-preview":"max-video-preview:-1"},"canonical":"https:\/\/www.uruloki.org\/felipeblog\/cine-de-comics\/primeras-capturas-de-ben-grimm-la-cosa","og_locale":"es_ES","og_type":"article","og_title":"Primeras capturas de Ben Grimm &quot;La Cosa&quot;... - Uruloki :: Blog","og_description":"Ya est&aacute;n circulando por Internet las primeras im&aacute;genes de Ben Grimm, el miembro m&aacute;s pesado de los 4 Fant&aacute;sticos, la nueva superproducci&oacute;n del Imperio Marvel&copy;. Gracias a unas cuantas webs que suelo visitar, aqu&iacute; pod&eacute;is ver a Michael Chiklis maquillado por Bart Mixon como La Cosa, bueno, realmente se le ve poco porque va m&aacute;s [&hellip;]","og_url":"https:\/\/www.uruloki.org\/felipeblog\/cine-de-comics\/primeras-capturas-de-ben-grimm-la-cosa","og_site_name":"Uruloki :: Blog","article_publisher":"https:\/\/www.facebook.com\/uruloki.org","article_published_time":"2004-09-18T02:47:37+00:00","og_image":[{"url":"https:\/\/uruloki.org\/felipeblog\/imagenes\/thmb_thething3.jpg","type":"","width":"","height":""}],"author":"Uruloki","twitter_card":"summary_large_image","twitter_creator":"@uruloki","twitter_site":"@uruloki","twitter_misc":{"Escrito por":"Uruloki","Tiempo de lectura":"1 minuto"},"schema":{"@context":"https:\/\/schema.org","@graph":[{"@type":"WebPage","@id":"https:\/\/www.uruloki.org\/felipeblog\/cine-de-comics\/primeras-capturas-de-ben-grimm-la-cosa","url":"https:\/\/www.uruloki.org\/felipeblog\/cine-de-comics\/primeras-capturas-de-ben-grimm-la-cosa","name":"Primeras capturas de Ben Grimm &quot;La Cosa&quot;... - Uruloki :: Blog","isPartOf":{"@id":"https:\/\/www.uruloki.org\/felipeblog\/#website"},"primaryImageOfPage":{"@id":"https:\/\/www.uruloki.org\/felipeblog\/cine-de-comics\/primeras-capturas-de-ben-grimm-la-cosa#primaryimage"},"image":{"@id":"https:\/\/www.uruloki.org\/felipeblog\/cine-de-comics\/primeras-capturas-de-ben-grimm-la-cosa#primaryimage"},"thumbnailUrl":"https:\/\/uruloki.org\/felipeblog\/imagenes\/thmb_thething3.jpg","datePublished":"2004-09-18T02:47:37+00:00","dateModified":"2004-09-18T02:47:37+00:00","author":{"@id":"https:\/\/www.uruloki.org\/felipeblog\/#\/schema\/person\/ddba06ddaa27edf0c370460d05c51bb3"},"breadcrumb":{"@id":"https:\/\/www.uruloki.org\/felipeblog\/cine-de-comics\/primeras-capturas-de-ben-grimm-la-cosa#breadcrumb"},"inLanguage":"es","potentialAction":[{"@type":"ReadAction","target":["https:\/\/www.uruloki.org\/felipeblog\/cine-de-comics\/primeras-capturas-de-ben-grimm-la-cosa"]}]},{"@type":"ImageObject","inLanguage":"es","@id":"https:\/\/www.uruloki.org\/felipeblog\/cine-de-comics\/primeras-capturas-de-ben-grimm-la-cosa#primaryimage","url":"https:\/\/uruloki.org\/felipeblog\/imagenes\/thmb_thething3.jpg","contentUrl":"https:\/\/uruloki.org\/felipeblog\/imagenes\/thmb_thething3.jpg"},{"@type":"BreadcrumbList","@id":"https:\/\/www.uruloki.org\/felipeblog\/cine-de-comics\/primeras-capturas-de-ben-grimm-la-cosa#breadcrumb","itemListElement":[{"@type":"ListItem","position":1,"name":"Portada","item":"https:\/\/www.uruloki.org\/felipeblog"},{"@type":"ListItem","position":2,"name":"Primeras capturas de Ben Grimm &quot;La Cosa&quot;&#8230;"}]},{"@type":"WebSite","@id":"https:\/\/www.uruloki.org\/felipeblog\/#website","url":"https:\/\/www.uruloki.org\/felipeblog\/","name":"Uruloki :: Blog","description":"Blog de cine, terror, ciencia ficci\u00f3n, fantas\u00eda y c\u00f3mics","potentialAction":[{"@type":"SearchAction","target":{"@type":"EntryPoint","urlTemplate":"https:\/\/www.uruloki.org\/felipeblog\/?s={search_term_string}"},"query-input":{"@type":"PropertyValueSpecification","valueRequired":true,"valueName":"search_term_string"}}],"inLanguage":"es"},{"@type":"Person","@id":"https:\/\/www.uruloki.org\/felipeblog\/#\/schema\/person\/ddba06ddaa27edf0c370460d05c51bb3","name":"Uruloki","image":{"@type":"ImageObject","inLanguage":"es","@id":"https:\/\/www.uruloki.org\/felipeblog\/#\/schema\/person\/image\/","url":"https:\/\/secure.gravatar.com\/avatar\/68d5301c5f52ba88fd63f02c75b8c4d1b3c3fc4b21e2998a1e98c4b3a54d9f7c?s=96&d=mm&r=g","contentUrl":"https:\/\/secure.gravatar.com\/avatar\/68d5301c5f52ba88fd63f02c75b8c4d1b3c3fc4b21e2998a1e98c4b3a54d9f7c?s=96&d=mm&r=g","caption":"Uruloki"},"sameAs":["https:\/\/uruloki.org"],"url":"https:\/\/www.uruloki.org\/felipeblog\/author\/admin-2-2-2"}]}},"_links":{"self":[{"href":"https:\/\/www.uruloki.org\/felipeblog\/wp-json\/wp\/v2\/posts\/192","targetHints":{"allow":["GET"]}}],"collection":[{"href":"https:\/\/www.uruloki.org\/felipeblog\/wp-json\/wp\/v2\/posts"}],"about":[{"href":"https:\/\/www.uruloki.org\/felipeblog\/wp-json\/wp\/v2\/types\/post"}],"author":[{"embeddable":true,"href":"https:\/\/www.uruloki.org\/felipeblog\/wp-json\/wp\/v2\/users\/28"}],"replies":[{"embeddable":true,"href":"https:\/\/www.uruloki.org\/felipeblog\/wp-json\/wp\/v2\/comments?post=192"}],"version-history":[{"count":0,"href":"https:\/\/www.uruloki.org\/felipeblog\/wp-json\/wp\/v2\/posts\/192\/revisions"}],"wp:attachment":[{"href":"https:\/\/www.uruloki.org\/felipeblog\/wp-json\/wp\/v2\/media?parent=192"}],"wp:term":[{"taxonomy":"category","embeddable":true,"href":"https:\/\/www.uruloki.org\/felipeblog\/wp-json\/wp\/v2\/categories?post=192"},{"taxonomy":"post_tag","embeddable":true,"href":"https:\/\/www.uruloki.org\/felipeblog\/wp-json\/wp\/v2\/tags?post=192"}],"curies":[{"name":"wp","href":"https:\/\/api.w.org\/{rel}","templated":true}]}}