{"id":19044,"date":"2019-08-13T18:21:29","date_gmt":"2019-08-13T16:21:29","guid":{"rendered":"https:\/\/uruloki.org\/felipeblog\/?p=19044"},"modified":"2019-08-13T18:21:29","modified_gmt":"2019-08-13T16:21:29","slug":"james-wan-producira-la-adaptacion-de-the-troop-por-parte-de-e-l-katz-el-argentino-pablo-trapero-tras-la-senda-de-stephen-king-con-la-adaptacion-de-carretera-maldita-y-junto-a-los-muschietti","status":"publish","type":"post","link":"https:\/\/www.uruloki.org\/felipeblog\/cine-de-terror\/james-wan-producira-la-adaptacion-de-the-troop-por-parte-de-e-l-katz-el-argentino-pablo-trapero-tras-la-senda-de-stephen-king-con-la-adaptacion-de-carretera-maldita-y-junto-a-los-muschietti","title":{"rendered":"James Wan producir\u00e1 la adaptaci\u00f3n de \u00abThe Troop\u00bb por parte de E.L. Katz, el argentino Pablo Trapero tras la senda de Stephen King con la adaptaci\u00f3n de \u00abCarretera maldita\u00bb (y junto a los Muschietti), Djimon Hounsou reemplaza a Brian Tyree Henry en A Quiet Place Part II, primeros cad\u00e1veres en Army of the Dead de Zack Snyder, y el trailer final de la abrumadora \u00abCristal Oscuro: La era de la resistencia\u00bb&#8230;"},"content":{"rendered":"<p>Ya estamos a martes y toca echar un vistazo a las &uacute;ltimas noticias del mundillo. Por ejemplo, cuentan en Variety que <strong>James Wan<\/strong> no quiere abandonar el universo que ha construido a su alrededor. De la misma forma que regresa a la direcci&oacute;n de un film de bajo presupuesto de terror, <a href=\"https:\/\/variety.com\/2019\/film\/news\/james-wan-the-troop-1203299536\/\" target=\"_blank\" rel=\"noopener noreferrer\">ahora <strong>Wan<\/strong> producir&aacute; tambi&eacute;n <strong>The Troop<\/strong> de <strong>E.L. Katz<\/strong><\/a>, el director de <a href=\"https:\/\/www.uruloki.org\/felipeblog\/cine-inclasificable\/cheap-thrills-el-humor-negro-como-representacin-de-la-decadencia-humana-presenta-su-red-band-trailer-y-dos-carteles\">la festivalera <strong>Cheap Thrills<\/strong><\/a>. El film de <strong>Katz<\/strong> es en realidad la adaptaci&oacute;n de una obra hom&oacute;nima de <strong>Nick Cutter<\/strong>, que nos cuenta la historia de un grupo de adolescentes y su viaje a un remoto campamento. All&iacute; deber&aacute;n valerse por s&iacute; mismos cuando su el adulto que les acompa&ntilde;a enferma de una agresiva infecci&oacute;n de otro mundo. Wan producir&aacute; a trav&eacute;s de su sello <strong>Atomic Monster<\/strong> junto a <strong>JS Entertainment<\/strong> y <strong>Starlight Media<\/strong>. Sobre <strong>Katz<\/strong> decir que adem&aacute;s de la recomendable <strong>Cheap Thrills<\/strong>, se puede echar un vistazo a varios episodios de <strong>&quot;Channel Zero&quot; <\/strong>o uno de los cap&iacute;tulos de la cancelada <strong>&quot;Swamp Thing&quot;<\/strong>. En fin, la agenda de <strong>Wan<\/strong> y <strong>Atomic Monster<\/strong> est&aacute; completita&#8230; <strong>The Conjuring 3<\/strong>, septiembre del 2021, <strong>Mortal Kombat<\/strong>, marzo tambi&eacute;n del 2021, <strong>There&rsquo;s Someone Inside Your House<\/strong> para <strong>Netflix<\/strong>, el proyecto que dirigir&aacute; <strong>Wan<\/strong> y esta <strong>The Troop<\/strong>.<\/p>\n<p class=\"centrado\"><img decoding=\"async\" src=\"\/felipeblog\/imagenes2019\/20190813-the-troop.jpg\" alt=\"&lt;&quot;The Troop&quot; por Marco Bucci&gt;\"><br \/><em>&quot;The Troop&quot; por <a href=\"https:\/\/index.artstation.com\/artwork\/DQRAG\" target=\"_blank\" rel=\"noopener noreferrer\">Marco Bucci<\/a><\/em><\/p>\n<p>Y hablando de proyectos interesantes, con motivo del casi estreno de <strong>It: Cap&iacute;tulo 2<\/strong> (<em>IT: Chapter Two<\/em>), <strong>Andy<\/strong> y <strong>B&aacute;rbara Muschietti<\/strong> han desvelado a RadioCantilo.com que junto a <strong>Pablo Trapero<\/strong>, director de la potente y salvaje <strong>El Clan<\/strong>, adaptar&aacute;n <strong>&quot;Carretera maldita&quot;<\/strong>,  otra novela de Stephen<strong> King<\/strong> aunque escrita en 1981 bajo el pseud&oacute;nimo de <strong>Richard Bachman<\/strong>. En la historia, no de terror pero si de suspense y rollo psicol&oacute;gico, se cuenta el desquicie de <em>Barton George Dawes<\/em>, un hombre normal que atraviesa un drama familiar tras el fallecimiento de su hijo, que enloquece tras ver como el gobierno quiere demoler su casa y su lugar de trabajo para hacer una ampliaci&oacute;n de una autopista interestatal. Nueva visita por parte de los <strong>Muschietti<\/strong>, aunque ahora como productores, al mundo de <strong>Stephen King<\/strong>, si bien m&aacute;s del rango de otras obras desesperantes que terror&iacute;ficas. 100% terror es el paso de <a href=\"https:\/\/deadline.com\/2019\/08\/djimon-hounsou-to-replace-brian-tyree-henry-in-starring-role-in-a-quiet-place-2-1202666289\/\" target=\"_blank\" rel=\"noopener noreferrer\"><strong>Djimon Hounsou<\/strong> que sustituir&aacute; a <strong>Brian Tyree Henry<\/strong> en <strong>A Quiet Place Part II<\/strong><\/a> de <strong>John Krasinski<\/strong>. El papel de <strong>Hounsou<\/strong> es de primer nivel, se supone que <strong>Henry<\/strong> iba a ser uno de los protagonistas junto a <strong>Emily Blunt<\/strong> y <strong>Cillian Murphy<\/strong>.<\/p>\n<div class=\"twittercentrado\">\n<blockquote class=\"twitter-tweet\" data-lang=\"es\">\n<p lang=\"en\" dir=\"ltr\">Want to say a special thank you to Jarred Land at Red Digital Cinema for building our amazing cameras. They&#39;re killing it. <a href=\"https:\/\/twitter.com\/hashtag\/reddigitalcinema?src=hash&amp;ref_src=twsrc%5Etfw\" target=\"_blank\" rel=\"noopener noreferrer\">#reddigitalcinema<\/a> <a href=\"https:\/\/twitter.com\/hashtag\/8k?src=hash&amp;ref_src=twsrc%5Etfw\" target=\"_blank\" rel=\"noopener noreferrer\">#8k<\/a> <a href=\"https:\/\/twitter.com\/hashtag\/AOTD?src=hash&amp;ref_src=twsrc%5Etfw\" target=\"_blank\" rel=\"noopener noreferrer\">#AOTD<\/a> <a href=\"https:\/\/t.co\/P9AnTvQOfZ\" target=\"_blank\" rel=\"noopener noreferrer\">pic.twitter.com\/P9AnTvQOfZ<\/a><\/p>\n<p>&mdash; Zack Snyder (@ZackSnyder) <a href=\"https:\/\/twitter.com\/ZackSnyder\/status\/1160569701006577665?ref_src=twsrc%5Etfw\" target=\"_blank\" rel=\"noopener noreferrer\">11 de agosto de 2019<\/a><\/p><\/blockquote>\n<p><script async src=\"https:\/\/platform.twitter.com\/widgets.js\" charset=\"utf-8\"><\/script><\/div>\n<p>Para terminar tenemos un nuevo trailer, supongo que final de <strong>&quot;Cristal Oscuro: La era de la resistencia&quot;<\/strong> (<em>&quot;The Dark Crystal: Age of Resistance&quot;<\/em>), producci&oacute;n <strong>Jim Henson Company<\/strong> para <strong>Netflix<\/strong>. Repartazo de voces, <strong>Taron Egerton<\/strong>, <strong>Anya Taylor-Joy<\/strong>, <strong>Mark Hamill<\/strong>, <strong>Keegan-Michael Key<\/strong>, <strong>Simon Pegg<\/strong>, <strong>Alicia Vikander<\/strong>, <strong>Helena Bonham Carter<\/strong>,&nbsp;<strong>Eddie Izzard<\/strong>,&nbsp;<strong>Lena Headey<\/strong> o <strong>Sigourney Weaver<\/strong>, y una pinta brutal y superlativa&#8230; a los mandos <strong>Louis Leterrier<\/strong>, s&iacute;, el de <strong>El incre&iacute;ble Hulk<\/strong> (<em>The Incredible Hulk<\/em>).<\/p>\n<div class=\"video\"><iframe loading=\"lazy\" width=\"100%\" height=\"360\" src=\"https:\/\/www.youtube.com\/embed\/msTNfrssfRU\" allowfullscreen=\"true\"><\/iframe><\/div>\n","protected":false},"excerpt":{"rendered":"<p>Ya estamos a martes y toca echar un vistazo a las &uacute;ltimas noticias del mundillo. Por ejemplo, cuentan en Variety que James Wan no quiere abandonar el universo que ha construido a su alrededor. De la misma forma que regresa a la direcci&oacute;n de un film de bajo presupuesto de terror, ahora Wan producir&aacute; tambi&eacute;n [&hellip;]<\/p>\n","protected":false},"author":28,"featured_media":0,"comment_status":"open","ping_status":"open","sticky":false,"template":"","format":"standard","meta":{"footnotes":""},"categories":[12,9],"tags":[4001,440,4364,3769,4363],"class_list":["post-19044","post","type-post","status-publish","format-standard","hentry","category-cine-de-fantasia","category-cine-de-terror","tag-a-quiet-place-2","tag-army-of-the-dead","tag-roadwork","tag-the-dark-crystal-age-of-resistance","tag-the-troop"],"yoast_head":"<!-- This site is optimized with the Yoast SEO plugin v24.3 - https:\/\/yoast.com\/wordpress\/plugins\/seo\/ -->\n<title>James Wan producir\u00e1 la adaptaci\u00f3n de &quot;The Troop&quot; junto a E.L. Katz<\/title>\n<meta name=\"description\" content=\"James Wan producir\u00e1 tambi\u00e9n una de terror de bajo presupuesto titulada The Troop con E.L. Katz a los mandos, el director de la festivalera Cheap Thrills.\" \/>\n<meta name=\"robots\" content=\"index, follow, max-snippet:-1, max-image-preview:large, max-video-preview:-1\" \/>\n<link rel=\"canonical\" href=\"https:\/\/www.uruloki.org\/felipeblog\/cine-de-terror\/james-wan-producira-la-adaptacion-de-the-troop-por-parte-de-e-l-katz-el-argentino-pablo-trapero-tras-la-senda-de-stephen-king-con-la-adaptacion-de-carretera-maldita-y-junto-a-los-muschietti\" \/>\n<meta property=\"og:locale\" content=\"es_ES\" \/>\n<meta property=\"og:type\" content=\"article\" \/>\n<meta property=\"og:title\" content=\"James Wan producir\u00e1 la adaptaci\u00f3n de &quot;The Troop&quot; junto a E.L. Katz\" \/>\n<meta property=\"og:description\" content=\"James Wan producir\u00e1 tambi\u00e9n una de terror de bajo presupuesto titulada The Troop con E.L. Katz a los mandos, el director de la festivalera Cheap Thrills.\" \/>\n<meta property=\"og:url\" content=\"https:\/\/www.uruloki.org\/felipeblog\/cine-de-terror\/james-wan-producira-la-adaptacion-de-the-troop-por-parte-de-e-l-katz-el-argentino-pablo-trapero-tras-la-senda-de-stephen-king-con-la-adaptacion-de-carretera-maldita-y-junto-a-los-muschietti\" \/>\n<meta property=\"og:site_name\" content=\"Uruloki :: Blog\" \/>\n<meta property=\"article:publisher\" content=\"https:\/\/www.facebook.com\/uruloki.org\" \/>\n<meta property=\"article:published_time\" content=\"2019-08-13T16:21:29+00:00\" \/>\n<meta property=\"og:image\" content=\"https:\/\/www.uruloki.org\/felipeblog\/wp-content\/uploads\/2019\/08\/20190813-the-troop.jpg\" \/>\n\t<meta property=\"og:image:width\" content=\"625\" \/>\n\t<meta property=\"og:image:height\" content=\"352\" \/>\n\t<meta property=\"og:image:type\" content=\"image\/jpeg\" \/>\n<meta name=\"author\" content=\"Uruloki\" \/>\n<meta name=\"twitter:card\" content=\"summary_large_image\" \/>\n<meta name=\"twitter:creator\" content=\"@uruloki\" \/>\n<meta name=\"twitter:site\" content=\"@uruloki\" \/>\n<meta name=\"twitter:label1\" content=\"Escrito por\" \/>\n\t<meta name=\"twitter:data1\" content=\"Uruloki\" \/>\n\t<meta name=\"twitter:label2\" content=\"Tiempo de lectura\" \/>\n\t<meta name=\"twitter:data2\" content=\"3 minutos\" \/>\n<script type=\"application\/ld+json\" class=\"yoast-schema-graph\">{\"@context\":\"https:\/\/schema.org\",\"@graph\":[{\"@type\":\"WebPage\",\"@id\":\"https:\/\/www.uruloki.org\/felipeblog\/cine-de-terror\/james-wan-producira-la-adaptacion-de-the-troop-por-parte-de-e-l-katz-el-argentino-pablo-trapero-tras-la-senda-de-stephen-king-con-la-adaptacion-de-carretera-maldita-y-junto-a-los-muschietti\",\"url\":\"https:\/\/www.uruloki.org\/felipeblog\/cine-de-terror\/james-wan-producira-la-adaptacion-de-the-troop-por-parte-de-e-l-katz-el-argentino-pablo-trapero-tras-la-senda-de-stephen-king-con-la-adaptacion-de-carretera-maldita-y-junto-a-los-muschietti\",\"name\":\"James Wan producir\u00e1 la adaptaci\u00f3n de \\\"The Troop\\\" junto a E.L. Katz\",\"isPartOf\":{\"@id\":\"https:\/\/www.uruloki.org\/felipeblog\/#website\"},\"datePublished\":\"2019-08-13T16:21:29+00:00\",\"dateModified\":\"2019-08-13T16:21:29+00:00\",\"author\":{\"@id\":\"https:\/\/www.uruloki.org\/felipeblog\/#\/schema\/person\/ddba06ddaa27edf0c370460d05c51bb3\"},\"description\":\"James Wan producir\u00e1 tambi\u00e9n una de terror de bajo presupuesto titulada The Troop con E.L. Katz a los mandos, el director de la festivalera Cheap Thrills.\",\"breadcrumb\":{\"@id\":\"https:\/\/www.uruloki.org\/felipeblog\/cine-de-terror\/james-wan-producira-la-adaptacion-de-the-troop-por-parte-de-e-l-katz-el-argentino-pablo-trapero-tras-la-senda-de-stephen-king-con-la-adaptacion-de-carretera-maldita-y-junto-a-los-muschietti#breadcrumb\"},\"inLanguage\":\"es\",\"potentialAction\":[{\"@type\":\"ReadAction\",\"target\":[\"https:\/\/www.uruloki.org\/felipeblog\/cine-de-terror\/james-wan-producira-la-adaptacion-de-the-troop-por-parte-de-e-l-katz-el-argentino-pablo-trapero-tras-la-senda-de-stephen-king-con-la-adaptacion-de-carretera-maldita-y-junto-a-los-muschietti\"]}]},{\"@type\":\"BreadcrumbList\",\"@id\":\"https:\/\/www.uruloki.org\/felipeblog\/cine-de-terror\/james-wan-producira-la-adaptacion-de-the-troop-por-parte-de-e-l-katz-el-argentino-pablo-trapero-tras-la-senda-de-stephen-king-con-la-adaptacion-de-carretera-maldita-y-junto-a-los-muschietti#breadcrumb\",\"itemListElement\":[{\"@type\":\"ListItem\",\"position\":1,\"name\":\"Portada\",\"item\":\"https:\/\/www.uruloki.org\/felipeblog\"},{\"@type\":\"ListItem\",\"position\":2,\"name\":\"James Wan producir\u00e1 la adaptaci\u00f3n de \u00abThe Troop\u00bb por parte de E.L. Katz, el argentino Pablo Trapero tras la senda de Stephen King con la adaptaci\u00f3n de \u00abCarretera maldita\u00bb (y junto a los Muschietti), Djimon Hounsou reemplaza a Brian Tyree Henry en A Quiet Place Part II, primeros cad\u00e1veres en Army of the Dead de Zack Snyder, y el trailer final de la abrumadora \u00abCristal Oscuro: La era de la resistencia\u00bb&#8230;\"}]},{\"@type\":\"WebSite\",\"@id\":\"https:\/\/www.uruloki.org\/felipeblog\/#website\",\"url\":\"https:\/\/www.uruloki.org\/felipeblog\/\",\"name\":\"Uruloki :: Blog\",\"description\":\"Blog de cine, terror, ciencia ficci\u00f3n, fantas\u00eda y c\u00f3mics\",\"potentialAction\":[{\"@type\":\"SearchAction\",\"target\":{\"@type\":\"EntryPoint\",\"urlTemplate\":\"https:\/\/www.uruloki.org\/felipeblog\/?s={search_term_string}\"},\"query-input\":{\"@type\":\"PropertyValueSpecification\",\"valueRequired\":true,\"valueName\":\"search_term_string\"}}],\"inLanguage\":\"es\"},{\"@type\":\"Person\",\"@id\":\"https:\/\/www.uruloki.org\/felipeblog\/#\/schema\/person\/ddba06ddaa27edf0c370460d05c51bb3\",\"name\":\"Uruloki\",\"image\":{\"@type\":\"ImageObject\",\"inLanguage\":\"es\",\"@id\":\"https:\/\/www.uruloki.org\/felipeblog\/#\/schema\/person\/image\/\",\"url\":\"https:\/\/secure.gravatar.com\/avatar\/68d5301c5f52ba88fd63f02c75b8c4d1b3c3fc4b21e2998a1e98c4b3a54d9f7c?s=96&d=mm&r=g\",\"contentUrl\":\"https:\/\/secure.gravatar.com\/avatar\/68d5301c5f52ba88fd63f02c75b8c4d1b3c3fc4b21e2998a1e98c4b3a54d9f7c?s=96&d=mm&r=g\",\"caption\":\"Uruloki\"},\"sameAs\":[\"https:\/\/uruloki.org\"],\"url\":\"https:\/\/www.uruloki.org\/felipeblog\/author\/admin-2-2-2\"}]}<\/script>\n<!-- \/ Yoast SEO plugin. -->","yoast_head_json":{"title":"James Wan producir\u00e1 la adaptaci\u00f3n de \"The Troop\" junto a E.L. Katz","description":"James Wan producir\u00e1 tambi\u00e9n una de terror de bajo presupuesto titulada The Troop con E.L. Katz a los mandos, el director de la festivalera Cheap Thrills.","robots":{"index":"index","follow":"follow","max-snippet":"max-snippet:-1","max-image-preview":"max-image-preview:large","max-video-preview":"max-video-preview:-1"},"canonical":"https:\/\/www.uruloki.org\/felipeblog\/cine-de-terror\/james-wan-producira-la-adaptacion-de-the-troop-por-parte-de-e-l-katz-el-argentino-pablo-trapero-tras-la-senda-de-stephen-king-con-la-adaptacion-de-carretera-maldita-y-junto-a-los-muschietti","og_locale":"es_ES","og_type":"article","og_title":"James Wan producir\u00e1 la adaptaci\u00f3n de \"The Troop\" junto a E.L. Katz","og_description":"James Wan producir\u00e1 tambi\u00e9n una de terror de bajo presupuesto titulada The Troop con E.L. Katz a los mandos, el director de la festivalera Cheap Thrills.","og_url":"https:\/\/www.uruloki.org\/felipeblog\/cine-de-terror\/james-wan-producira-la-adaptacion-de-the-troop-por-parte-de-e-l-katz-el-argentino-pablo-trapero-tras-la-senda-de-stephen-king-con-la-adaptacion-de-carretera-maldita-y-junto-a-los-muschietti","og_site_name":"Uruloki :: Blog","article_publisher":"https:\/\/www.facebook.com\/uruloki.org","article_published_time":"2019-08-13T16:21:29+00:00","og_image":[{"width":625,"height":352,"url":"https:\/\/www.uruloki.org\/felipeblog\/wp-content\/uploads\/2019\/08\/20190813-the-troop.jpg","type":"image\/jpeg"}],"author":"Uruloki","twitter_card":"summary_large_image","twitter_creator":"@uruloki","twitter_site":"@uruloki","twitter_misc":{"Escrito por":"Uruloki","Tiempo de lectura":"3 minutos"},"schema":{"@context":"https:\/\/schema.org","@graph":[{"@type":"WebPage","@id":"https:\/\/www.uruloki.org\/felipeblog\/cine-de-terror\/james-wan-producira-la-adaptacion-de-the-troop-por-parte-de-e-l-katz-el-argentino-pablo-trapero-tras-la-senda-de-stephen-king-con-la-adaptacion-de-carretera-maldita-y-junto-a-los-muschietti","url":"https:\/\/www.uruloki.org\/felipeblog\/cine-de-terror\/james-wan-producira-la-adaptacion-de-the-troop-por-parte-de-e-l-katz-el-argentino-pablo-trapero-tras-la-senda-de-stephen-king-con-la-adaptacion-de-carretera-maldita-y-junto-a-los-muschietti","name":"James Wan producir\u00e1 la adaptaci\u00f3n de \"The Troop\" junto a E.L. Katz","isPartOf":{"@id":"https:\/\/www.uruloki.org\/felipeblog\/#website"},"datePublished":"2019-08-13T16:21:29+00:00","dateModified":"2019-08-13T16:21:29+00:00","author":{"@id":"https:\/\/www.uruloki.org\/felipeblog\/#\/schema\/person\/ddba06ddaa27edf0c370460d05c51bb3"},"description":"James Wan producir\u00e1 tambi\u00e9n una de terror de bajo presupuesto titulada The Troop con E.L. Katz a los mandos, el director de la festivalera Cheap Thrills.","breadcrumb":{"@id":"https:\/\/www.uruloki.org\/felipeblog\/cine-de-terror\/james-wan-producira-la-adaptacion-de-the-troop-por-parte-de-e-l-katz-el-argentino-pablo-trapero-tras-la-senda-de-stephen-king-con-la-adaptacion-de-carretera-maldita-y-junto-a-los-muschietti#breadcrumb"},"inLanguage":"es","potentialAction":[{"@type":"ReadAction","target":["https:\/\/www.uruloki.org\/felipeblog\/cine-de-terror\/james-wan-producira-la-adaptacion-de-the-troop-por-parte-de-e-l-katz-el-argentino-pablo-trapero-tras-la-senda-de-stephen-king-con-la-adaptacion-de-carretera-maldita-y-junto-a-los-muschietti"]}]},{"@type":"BreadcrumbList","@id":"https:\/\/www.uruloki.org\/felipeblog\/cine-de-terror\/james-wan-producira-la-adaptacion-de-the-troop-por-parte-de-e-l-katz-el-argentino-pablo-trapero-tras-la-senda-de-stephen-king-con-la-adaptacion-de-carretera-maldita-y-junto-a-los-muschietti#breadcrumb","itemListElement":[{"@type":"ListItem","position":1,"name":"Portada","item":"https:\/\/www.uruloki.org\/felipeblog"},{"@type":"ListItem","position":2,"name":"James Wan producir\u00e1 la adaptaci\u00f3n de \u00abThe Troop\u00bb por parte de E.L. Katz, el argentino Pablo Trapero tras la senda de Stephen King con la adaptaci\u00f3n de \u00abCarretera maldita\u00bb (y junto a los Muschietti), Djimon Hounsou reemplaza a Brian Tyree Henry en A Quiet Place Part II, primeros cad\u00e1veres en Army of the Dead de Zack Snyder, y el trailer final de la abrumadora \u00abCristal Oscuro: La era de la resistencia\u00bb&#8230;"}]},{"@type":"WebSite","@id":"https:\/\/www.uruloki.org\/felipeblog\/#website","url":"https:\/\/www.uruloki.org\/felipeblog\/","name":"Uruloki :: Blog","description":"Blog de cine, terror, ciencia ficci\u00f3n, fantas\u00eda y c\u00f3mics","potentialAction":[{"@type":"SearchAction","target":{"@type":"EntryPoint","urlTemplate":"https:\/\/www.uruloki.org\/felipeblog\/?s={search_term_string}"},"query-input":{"@type":"PropertyValueSpecification","valueRequired":true,"valueName":"search_term_string"}}],"inLanguage":"es"},{"@type":"Person","@id":"https:\/\/www.uruloki.org\/felipeblog\/#\/schema\/person\/ddba06ddaa27edf0c370460d05c51bb3","name":"Uruloki","image":{"@type":"ImageObject","inLanguage":"es","@id":"https:\/\/www.uruloki.org\/felipeblog\/#\/schema\/person\/image\/","url":"https:\/\/secure.gravatar.com\/avatar\/68d5301c5f52ba88fd63f02c75b8c4d1b3c3fc4b21e2998a1e98c4b3a54d9f7c?s=96&d=mm&r=g","contentUrl":"https:\/\/secure.gravatar.com\/avatar\/68d5301c5f52ba88fd63f02c75b8c4d1b3c3fc4b21e2998a1e98c4b3a54d9f7c?s=96&d=mm&r=g","caption":"Uruloki"},"sameAs":["https:\/\/uruloki.org"],"url":"https:\/\/www.uruloki.org\/felipeblog\/author\/admin-2-2-2"}]}},"_links":{"self":[{"href":"https:\/\/www.uruloki.org\/felipeblog\/wp-json\/wp\/v2\/posts\/19044","targetHints":{"allow":["GET"]}}],"collection":[{"href":"https:\/\/www.uruloki.org\/felipeblog\/wp-json\/wp\/v2\/posts"}],"about":[{"href":"https:\/\/www.uruloki.org\/felipeblog\/wp-json\/wp\/v2\/types\/post"}],"author":[{"embeddable":true,"href":"https:\/\/www.uruloki.org\/felipeblog\/wp-json\/wp\/v2\/users\/28"}],"replies":[{"embeddable":true,"href":"https:\/\/www.uruloki.org\/felipeblog\/wp-json\/wp\/v2\/comments?post=19044"}],"version-history":[{"count":1,"href":"https:\/\/www.uruloki.org\/felipeblog\/wp-json\/wp\/v2\/posts\/19044\/revisions"}],"predecessor-version":[{"id":19046,"href":"https:\/\/www.uruloki.org\/felipeblog\/wp-json\/wp\/v2\/posts\/19044\/revisions\/19046"}],"wp:attachment":[{"href":"https:\/\/www.uruloki.org\/felipeblog\/wp-json\/wp\/v2\/media?parent=19044"}],"wp:term":[{"taxonomy":"category","embeddable":true,"href":"https:\/\/www.uruloki.org\/felipeblog\/wp-json\/wp\/v2\/categories?post=19044"},{"taxonomy":"post_tag","embeddable":true,"href":"https:\/\/www.uruloki.org\/felipeblog\/wp-json\/wp\/v2\/tags?post=19044"}],"curies":[{"name":"wp","href":"https:\/\/api.w.org\/{rel}","templated":true}]}}