{"id":19016,"date":"2019-08-03T23:08:48","date_gmt":"2019-08-03T21:08:48","guid":{"rendered":"https:\/\/uruloki.org\/felipeblog\/?p=19016"},"modified":"2019-08-03T23:08:48","modified_gmt":"2019-08-03T21:08:48","slug":"guillermo-del-toro-ya-tiene-reparto-para-nightmare-alley-y-apunta-nuevamente-muy-alto-halo-sigue-incorporando-gente-a-su-aventura-espacial-y-entre-ellos-esta-ya-la-voz-de-cortana-armaros-de-pa","status":"publish","type":"post","link":"https:\/\/www.uruloki.org\/felipeblog\/cine\/guillermo-del-toro-ya-tiene-reparto-para-nightmare-alley-y-apunta-nuevamente-muy-alto-halo-sigue-incorporando-gente-a-su-aventura-espacial-y-entre-ellos-esta-ya-la-voz-de-cortana-armaros-de-pa","title":{"rendered":"Guillermo del Toro ya tiene reparto para Nightmare Alley y apunta, nuevamente, muy alto, \u00abHalo\u00bb sigue incorporando gente a su aventura espacial y entre ellos est\u00e1 ya la voz de Cortana, armaros de paciencia porque se nos viene encima una nueva adaptaci\u00f3n de \u00abThe Man Who Fell to Earth\u00bb pero ahora para televisi\u00f3n, Pyros nos contar\u00e1 la historia de unos bomberos exclusivos para ricachones (ciencia ficci\u00f3n pura y dura), tenemos director para la quinta y \u00faltima parte de la saga The Purge y tras Shin Godzilla llegara Shin Ultraman (y todos muy contentos)&#8230;"},"content":{"rendered":"<p>Pues se ve que <strong>Guillermo del Toro<\/strong> y <strong>Fox Searchlight<\/strong> no se andan con chiquitas. La nueva adaptaci&oacute;n <strong>Nightmare Alley<\/strong>, que ya cuenta con <strong>Bradley Cooper<\/strong> como protagonista (recordemos que <strong>Leonardo DiCaprio<\/strong> dijo no), suma <a href=\"https:\/\/variety.com\/2019\/film\/news\/cate-blanchett-nightmare-alley-guillermo-del-toro-bradley-cooper-1203289472\/\" target=\"_blank\" rel=\"noopener noreferrer\">ahora a <strong>Cate Blanchett<\/strong><\/a>, junto a <a href=\"http:\/\/collider.com\/guillermo-del-toro-nightmare-alley-cast\/\" target=\"_blank\" rel=\"noopener noreferrer\">una lista<\/a> que encabezan <strong>Tony Collete<\/strong>,  <strong>Rooney Mara<\/strong>, <strong>Michael Shanon<\/strong>, <strong>Richard Jenkins<\/strong>, <strong>Ron Perlman<\/strong>, <strong>Willem Dafoe<\/strong> y <strong>Mark Povinelli<\/strong>. Vamos&#8230; un esc&aacute;ndalo de reparto. Pues nada, que lo nuevo del <strong>Del Toro<\/strong>, gui&oacute;n de este y <strong>Kim Morgan<\/strong>, apunta a inicio del rodaje en alg&uacute;n momento indeterminado del 2020, puede que antes de lo que pensamos. <strong>Nightmare Alley<\/strong> est&aacute; basado en la novela de <strong>William Lindsay Gresham<\/strong> del mismo nombre que sigue a <em>Stanton &#8216;Stan&#8217; Carlisle<\/em> (<strong>Cooper<\/strong>), quien se une a un carnaval ambulante y sin &eacute;xito se las arregla para descifrar el secreto de leer la mente de <em>Mademoiselle Zeena<\/em> (<strong>Collete<\/strong>) y su esposo alcoh&oacute;lico, <em>Pete<\/em> (<strong>Dafoe<\/strong>). Pero cuando <em>Pete<\/em> muere, <em>Zeena<\/em> se ve obligada a aceptar a <em>Stan<\/em> como socio, y este r&aacute;pidamente demuestra tener m&aacute;s talento que su predecesor. Ambicioso hasta el extremo, <em>Stan<\/em> no tarda mucho en buscar el &eacute;xito por su cuenta, con resultados diversos. <strong>Perlman<\/strong> encarnar&aacute; a <em>Bruno<\/em>, el due&ntilde;o del carnaval, <strong>Mara<\/strong> podr&iacute;a ser <em>Molly<\/em>, una joven que capta la atenci&oacute;n de <em>Stan<\/em>, y <strong>Blanchet<\/strong> ser&aacute; la psic&oacute;loga de <em>Stan<\/em>&#8230; que puede o no cumplir con su juramento de confidencialidad. El resto por ahora no se sabe nada.<\/p>\n<p class=\"centrado\"><img decoding=\"async\" src=\"\/felipeblog\/imagenes2017\/20171213-nightmare-alley.jpg\" alt=\"\u00bfGuillermo del Toro tras un remake de El callej\u00f3n de las almas perdidas?\"><br \/><em>Guillermo del Toro tras un remake de El callej\u00f3n de las almas perdidas<\/em><\/p>\n<p>Por otro lado <a href=\"https:\/\/www.hollywoodreporter.com\/live-feed\/showtimes-halo-adds-designated-survivor-fargo-stars-1228839\" target=\"_blank\" rel=\"noopener noreferrer\"><strong>Natascha McElhone<\/strong> y <strong>Bokeem Woodbine<\/strong> se suman a <strong>&quot;Halo&quot;<\/strong><\/a> junto a unos tal <strong>Shabana Azmi<\/strong>, <strong>Bentley Kalu<\/strong>, <strong>Natasha Culzac<\/strong> y <strong>Kate Kennedy<\/strong>. Todos estos ser&aacute;n parte del universo XBox en televisi&oacute;n, donde <strong>Pablo Schreiber<\/strong> interpretar&aacute; al emblem&aacute;tico papel de <em>Master Chief<\/em>, y la reci&eacute;n llegada <strong>Yerin Ha<\/strong>, har&aacute; lo propio con un nuevo personaje en el universo <strong>Halo<\/strong>: <em>Quan Ah<\/em>, un astuto chico de 16 a&ntilde;os que se encuentra con <em>Master Chief<\/em> en un momento fat&iacute;dico para ambos. La <strong>McElhone<\/strong> (<em>Ronin<\/em>) desempe&ntilde;ar&aacute; dos papeles: la <em>Dra. Catherine Halsey<\/em>, la brillante y conflictiva sanadora de los soldados, y <em>Cortana<\/em>, la IA m&aacute;s avanzada en la historia de la humanidad que puede ser la clave para la supervivencia de la raza humana. <strong>Woodbine<\/strong> (<em>&quot;Fargo&quot;<\/em>) interpreta a <em>Soren-066<\/em>, un tipo moralmente complejo y al margen de la civilizaci&oacute;n. Su destino lo pondr&aacute; en conflicto con sus antiguos amos  y su viejo amigo, <em>Master Chief<\/em>. <\/p>\n<p>Por otro lado <strong>CBS All Access<\/strong> anuncia que <strong>Alex Kurtzman<\/strong>, <strong>Jenny Lumet<\/strong> y <strong>John Hlavin<\/strong> unen fuerzas para <a href=\"https:\/\/www.slashfilm.com\/the-man-who-fell-to-earth-tv-series-cbs-all-access-tca-2019\/\" target=\"_blank\" rel=\"noopener noreferrer\">transformar la novela <strong>&quot;El hombre que vino de las estrellas&quot;<\/strong> de <strong>Waster Tevis<\/strong> en serie de televisi&oacute;n<\/a>. La obra de <strong>Tevis<\/strong> es conocida por haber sido trasladada previamente a cine psicotr&oacute;nico por <strong>Nicolas Roeg<\/strong> en 1976 junto al mutante <strong>David Bowie<\/strong>&#8230; s&iacute;, <strong>The Man Who Fell to Earth<\/strong>. Cuentan los responsables  del canal que se tratar&aacute; de una actualizaci&oacute;n de la obra, se supone que con las mismas consecuencias, y adaptada a nuestros tiempos y evoluciones, de hecho <strong>Kurtzman<\/strong> indica que la obra de <strong>Tevis<\/strong> trajo antes que nadie a esos visionarios tecnol&oacute;gicos que igual algun d&iacute;a se descubre que tambi&eacute;n son de otro planeta, poniendo como referencia  a <strong>Steve Jobs<\/strong> o <strong>Elon Musk<\/strong>. Por lo tanto, esta nueva <strong>&quot;The Man Who Fell to Earth&quot;<\/strong> tendr&aacute;n que proponernos un se&ntilde;or extraterrestre con ideas que mejoren el presente&#8230; supongo que <strong>Bowie<\/strong> y <strong>Rip Torn<\/strong> observar&aacute;n el desarrollo con inter&eacute;s divino.<\/p>\n<p>Y como no todo pueden ser series de televisi&oacute;n, la versi&oacute;n m&aacute;s empresaria de <a href=\"https:\/\/deadline.com\/2019\/08\/reese-witherspoon-simon-kinberg-pyros-thomas-pierce-tardy-man-film-rights-auction-1202659154\/\" target=\"_blank\" rel=\"noopener noreferrer\"><strong>Reese Witherspoon<\/strong> se junta con <strong>Simon Kinberg<\/strong> para producir <strong>Pyros<\/strong><\/a>, film de ciencia ficci&oacute;n escrito por <strong>Thomas Pierce<\/strong> y que adaptar&aacute; un cuento corto publicado en The New Yorker bajo el t&iacute;tulo de <strong>&quot;Tardy Man&quot;<\/strong>. El relato se centra en un grupo de personas &quot;mejoradas&quot; que est&aacute;n equipadas con trajes ign&iacute;fugos indestructibles  fusionados a sus espinas dorsales. Trabajan para una corporaci&oacute;n encargada de recupera objetos de personas multimillonarias cuando sus casas se queman (supongo que ser&aacute; m&aacute;s habitual que de costumbre). Su contrato lo dice bien claro, &quot;est&aacute; estrictamente prohibido  desviarse de sus misiones de recuperaci&oacute;n incluso cuando otros seres humanos est&aacute;n en peligro&quot;. El punto de partida de <strong>Pyros<\/strong> ser&aacute; cuando el \/ la protagonista decida hacer una excepci&oacute;n a esta regla&#8230; Curiosa propuesta.<\/p>\n<p>Momento de las breves. Por ejemplo, <a href=\"https:\/\/variety.com\/2019\/film\/news\/purge-5-director-everardo-gout-mars-1203288438\/\" target=\"_blank\" rel=\"noopener noreferrer\"><strong>Everardo Gout<\/strong> (<em>&quot;Marte&quot;<\/em>) ha sido fichado por <strong>Blumhouse<\/strong> para hacerse cargo de la direccion del quinto episodio de la saga <strong>The Purge<\/strong><\/a>&#8230; y se supone que el &uacute;ltimo. <strong>James DeMonaco<\/strong>, director y guionista de las tres primeras, regresar&aacute; para cerrar la franquicia que &eacute;l inici&oacute;. Es curioso que quieran cerrar el grifo cuando cada nueva pel&iacute;cula recauda m&aacute;s que la anterior y cuesta menos (salvo la primera). Tambi&eacute;n sabemos que tras <strong>Shin Godzilla<\/strong>, <a href=\"https:\/\/www.crunchyroll.com\/fr\/anime-news\/2019\/07\/31\/hideaki-anno-and-shinji-higuchi-join-forces-for-shin-ultraman-film\" target=\"_blank\" rel=\"noopener noreferrer\"><strong>Shinji Higuchi<\/strong> y  <strong>Hideaki Anno<\/strong> suman para sacar adelante <strong>Shin Ultraman<\/strong><\/a>, actualizaci&oacute;n de otros de los iconos pop de la cultura japonesa. <strong>Masami Nagasawa<\/strong>, <strong>Takumi Saito<\/strong> y <strong>Hidetoshi Nishijima<\/strong> protagonizan. Estreno en Jap&oacute;n a lo largo del 2021&#8230; a molar un rato! Aqu&iacute; <a href=\"https:\/\/www.khara.co.jp\/2019\/08\/01\/01\/\" target=\"_blank\" rel=\"noopener noreferrer\">la nota oficial de prensa<\/a>.<\/p>\n","protected":false},"excerpt":{"rendered":"<p>Pues se ve que Guillermo del Toro y Fox Searchlight no se andan con chiquitas. La nueva adaptaci&oacute;n Nightmare Alley, que ya cuenta con Bradley Cooper como protagonista (recordemos que Leonardo DiCaprio dijo no), suma ahora a Cate Blanchett, junto a una lista que encabezan Tony Collete, Rooney Mara, Michael Shanon, Richard Jenkins, Ron Perlman, [&hellip;]<\/p>\n","protected":false},"author":28,"featured_media":0,"comment_status":"open","ping_status":"open","sticky":false,"template":"","format":"standard","meta":{"footnotes":""},"categories":[6,8,9,19],"tags":[302,3896,4355,4356,4354,4287],"class_list":["post-19016","post","type-post","status-publish","format-standard","hentry","category-cine","category-cine-de-ciencia-ficcion","category-cine-de-terror","category-cine-inclasificable","tag-halo","tag-nightmare-alley","tag-pyros","tag-shin-ultraman","tag-the-man-who-fell-to-earth","tag-the-purge-5"],"yoast_head":"<!-- This site is optimized with the Yoast SEO plugin v24.3 - https:\/\/yoast.com\/wordpress\/plugins\/seo\/ -->\n<title>Guillermo del Toro ya tiene reparto para Nightmare Alley y apunta alto<\/title>\n<meta name=\"robots\" content=\"index, follow, max-snippet:-1, max-image-preview:large, max-video-preview:-1\" \/>\n<link rel=\"canonical\" href=\"https:\/\/www.uruloki.org\/felipeblog\/cine\/guillermo-del-toro-ya-tiene-reparto-para-nightmare-alley-y-apunta-nuevamente-muy-alto-halo-sigue-incorporando-gente-a-su-aventura-espacial-y-entre-ellos-esta-ya-la-voz-de-cortana-armaros-de-pa\" \/>\n<meta property=\"og:locale\" content=\"es_ES\" \/>\n<meta property=\"og:type\" content=\"article\" \/>\n<meta property=\"og:title\" content=\"Guillermo del Toro ya tiene reparto para Nightmare Alley y apunta alto\" \/>\n<meta property=\"og:description\" content=\"Pues se ve que Guillermo del Toro y Fox Searchlight no se andan con chiquitas. La nueva adaptaci&oacute;n Nightmare Alley, que ya cuenta con Bradley Cooper como protagonista (recordemos que Leonardo DiCaprio dijo no), suma ahora a Cate Blanchett, junto a una lista que encabezan Tony Collete, Rooney Mara, Michael Shanon, Richard Jenkins, Ron Perlman, [&hellip;]\" \/>\n<meta property=\"og:url\" content=\"https:\/\/www.uruloki.org\/felipeblog\/cine\/guillermo-del-toro-ya-tiene-reparto-para-nightmare-alley-y-apunta-nuevamente-muy-alto-halo-sigue-incorporando-gente-a-su-aventura-espacial-y-entre-ellos-esta-ya-la-voz-de-cortana-armaros-de-pa\" \/>\n<meta property=\"og:site_name\" content=\"Uruloki :: Blog\" \/>\n<meta property=\"article:publisher\" content=\"https:\/\/www.facebook.com\/uruloki.org\" \/>\n<meta property=\"article:published_time\" content=\"2019-08-03T21:08:48+00:00\" \/>\n<meta property=\"og:image\" content=\"https:\/\/www.uruloki.org\/felipeblog\/wp-content\/uploads\/2019\/08\/nigtmarealley.jpg\" \/>\n\t<meta property=\"og:image:width\" content=\"800\" \/>\n\t<meta property=\"og:image:height\" content=\"436\" \/>\n\t<meta property=\"og:image:type\" content=\"image\/jpeg\" \/>\n<meta name=\"author\" content=\"Uruloki\" \/>\n<meta name=\"twitter:card\" content=\"summary_large_image\" \/>\n<meta name=\"twitter:creator\" content=\"@uruloki\" \/>\n<meta name=\"twitter:site\" content=\"@uruloki\" \/>\n<meta name=\"twitter:label1\" content=\"Escrito por\" \/>\n\t<meta name=\"twitter:data1\" content=\"Uruloki\" \/>\n\t<meta name=\"twitter:label2\" content=\"Tiempo de lectura\" \/>\n\t<meta name=\"twitter:data2\" content=\"5 minutos\" \/>\n<script type=\"application\/ld+json\" class=\"yoast-schema-graph\">{\"@context\":\"https:\/\/schema.org\",\"@graph\":[{\"@type\":\"WebPage\",\"@id\":\"https:\/\/www.uruloki.org\/felipeblog\/cine\/guillermo-del-toro-ya-tiene-reparto-para-nightmare-alley-y-apunta-nuevamente-muy-alto-halo-sigue-incorporando-gente-a-su-aventura-espacial-y-entre-ellos-esta-ya-la-voz-de-cortana-armaros-de-pa\",\"url\":\"https:\/\/www.uruloki.org\/felipeblog\/cine\/guillermo-del-toro-ya-tiene-reparto-para-nightmare-alley-y-apunta-nuevamente-muy-alto-halo-sigue-incorporando-gente-a-su-aventura-espacial-y-entre-ellos-esta-ya-la-voz-de-cortana-armaros-de-pa\",\"name\":\"Guillermo del Toro ya tiene reparto para Nightmare Alley y apunta alto\",\"isPartOf\":{\"@id\":\"https:\/\/www.uruloki.org\/felipeblog\/#website\"},\"datePublished\":\"2019-08-03T21:08:48+00:00\",\"dateModified\":\"2019-08-03T21:08:48+00:00\",\"author\":{\"@id\":\"https:\/\/www.uruloki.org\/felipeblog\/#\/schema\/person\/ddba06ddaa27edf0c370460d05c51bb3\"},\"breadcrumb\":{\"@id\":\"https:\/\/www.uruloki.org\/felipeblog\/cine\/guillermo-del-toro-ya-tiene-reparto-para-nightmare-alley-y-apunta-nuevamente-muy-alto-halo-sigue-incorporando-gente-a-su-aventura-espacial-y-entre-ellos-esta-ya-la-voz-de-cortana-armaros-de-pa#breadcrumb\"},\"inLanguage\":\"es\",\"potentialAction\":[{\"@type\":\"ReadAction\",\"target\":[\"https:\/\/www.uruloki.org\/felipeblog\/cine\/guillermo-del-toro-ya-tiene-reparto-para-nightmare-alley-y-apunta-nuevamente-muy-alto-halo-sigue-incorporando-gente-a-su-aventura-espacial-y-entre-ellos-esta-ya-la-voz-de-cortana-armaros-de-pa\"]}]},{\"@type\":\"BreadcrumbList\",\"@id\":\"https:\/\/www.uruloki.org\/felipeblog\/cine\/guillermo-del-toro-ya-tiene-reparto-para-nightmare-alley-y-apunta-nuevamente-muy-alto-halo-sigue-incorporando-gente-a-su-aventura-espacial-y-entre-ellos-esta-ya-la-voz-de-cortana-armaros-de-pa#breadcrumb\",\"itemListElement\":[{\"@type\":\"ListItem\",\"position\":1,\"name\":\"Portada\",\"item\":\"https:\/\/www.uruloki.org\/felipeblog\"},{\"@type\":\"ListItem\",\"position\":2,\"name\":\"Guillermo del Toro ya tiene reparto para Nightmare Alley y apunta, nuevamente, muy alto, \u00abHalo\u00bb sigue incorporando gente a su aventura espacial y entre ellos est\u00e1 ya la voz de Cortana, armaros de paciencia porque se nos viene encima una nueva adaptaci\u00f3n de \u00abThe Man Who Fell to Earth\u00bb pero ahora para televisi\u00f3n, Pyros nos contar\u00e1 la historia de unos bomberos exclusivos para ricachones (ciencia ficci\u00f3n pura y dura), tenemos director para la quinta y \u00faltima parte de la saga The Purge y tras Shin Godzilla llegara Shin Ultraman (y todos muy contentos)&#8230;\"}]},{\"@type\":\"WebSite\",\"@id\":\"https:\/\/www.uruloki.org\/felipeblog\/#website\",\"url\":\"https:\/\/www.uruloki.org\/felipeblog\/\",\"name\":\"Uruloki :: Blog\",\"description\":\"Blog de cine, terror, ciencia ficci\u00f3n, fantas\u00eda y c\u00f3mics\",\"potentialAction\":[{\"@type\":\"SearchAction\",\"target\":{\"@type\":\"EntryPoint\",\"urlTemplate\":\"https:\/\/www.uruloki.org\/felipeblog\/?s={search_term_string}\"},\"query-input\":{\"@type\":\"PropertyValueSpecification\",\"valueRequired\":true,\"valueName\":\"search_term_string\"}}],\"inLanguage\":\"es\"},{\"@type\":\"Person\",\"@id\":\"https:\/\/www.uruloki.org\/felipeblog\/#\/schema\/person\/ddba06ddaa27edf0c370460d05c51bb3\",\"name\":\"Uruloki\",\"image\":{\"@type\":\"ImageObject\",\"inLanguage\":\"es\",\"@id\":\"https:\/\/www.uruloki.org\/felipeblog\/#\/schema\/person\/image\/\",\"url\":\"https:\/\/secure.gravatar.com\/avatar\/68d5301c5f52ba88fd63f02c75b8c4d1b3c3fc4b21e2998a1e98c4b3a54d9f7c?s=96&d=mm&r=g\",\"contentUrl\":\"https:\/\/secure.gravatar.com\/avatar\/68d5301c5f52ba88fd63f02c75b8c4d1b3c3fc4b21e2998a1e98c4b3a54d9f7c?s=96&d=mm&r=g\",\"caption\":\"Uruloki\"},\"sameAs\":[\"https:\/\/uruloki.org\"],\"url\":\"https:\/\/www.uruloki.org\/felipeblog\/author\/admin-2-2-2\"}]}<\/script>\n<!-- \/ Yoast SEO plugin. -->","yoast_head_json":{"title":"Guillermo del Toro ya tiene reparto para Nightmare Alley y apunta alto","robots":{"index":"index","follow":"follow","max-snippet":"max-snippet:-1","max-image-preview":"max-image-preview:large","max-video-preview":"max-video-preview:-1"},"canonical":"https:\/\/www.uruloki.org\/felipeblog\/cine\/guillermo-del-toro-ya-tiene-reparto-para-nightmare-alley-y-apunta-nuevamente-muy-alto-halo-sigue-incorporando-gente-a-su-aventura-espacial-y-entre-ellos-esta-ya-la-voz-de-cortana-armaros-de-pa","og_locale":"es_ES","og_type":"article","og_title":"Guillermo del Toro ya tiene reparto para Nightmare Alley y apunta alto","og_description":"Pues se ve que Guillermo del Toro y Fox Searchlight no se andan con chiquitas. La nueva adaptaci&oacute;n Nightmare Alley, que ya cuenta con Bradley Cooper como protagonista (recordemos que Leonardo DiCaprio dijo no), suma ahora a Cate Blanchett, junto a una lista que encabezan Tony Collete, Rooney Mara, Michael Shanon, Richard Jenkins, Ron Perlman, [&hellip;]","og_url":"https:\/\/www.uruloki.org\/felipeblog\/cine\/guillermo-del-toro-ya-tiene-reparto-para-nightmare-alley-y-apunta-nuevamente-muy-alto-halo-sigue-incorporando-gente-a-su-aventura-espacial-y-entre-ellos-esta-ya-la-voz-de-cortana-armaros-de-pa","og_site_name":"Uruloki :: Blog","article_publisher":"https:\/\/www.facebook.com\/uruloki.org","article_published_time":"2019-08-03T21:08:48+00:00","og_image":[{"width":800,"height":436,"url":"https:\/\/www.uruloki.org\/felipeblog\/wp-content\/uploads\/2019\/08\/nigtmarealley.jpg","type":"image\/jpeg"}],"author":"Uruloki","twitter_card":"summary_large_image","twitter_creator":"@uruloki","twitter_site":"@uruloki","twitter_misc":{"Escrito por":"Uruloki","Tiempo de lectura":"5 minutos"},"schema":{"@context":"https:\/\/schema.org","@graph":[{"@type":"WebPage","@id":"https:\/\/www.uruloki.org\/felipeblog\/cine\/guillermo-del-toro-ya-tiene-reparto-para-nightmare-alley-y-apunta-nuevamente-muy-alto-halo-sigue-incorporando-gente-a-su-aventura-espacial-y-entre-ellos-esta-ya-la-voz-de-cortana-armaros-de-pa","url":"https:\/\/www.uruloki.org\/felipeblog\/cine\/guillermo-del-toro-ya-tiene-reparto-para-nightmare-alley-y-apunta-nuevamente-muy-alto-halo-sigue-incorporando-gente-a-su-aventura-espacial-y-entre-ellos-esta-ya-la-voz-de-cortana-armaros-de-pa","name":"Guillermo del Toro ya tiene reparto para Nightmare Alley y apunta alto","isPartOf":{"@id":"https:\/\/www.uruloki.org\/felipeblog\/#website"},"datePublished":"2019-08-03T21:08:48+00:00","dateModified":"2019-08-03T21:08:48+00:00","author":{"@id":"https:\/\/www.uruloki.org\/felipeblog\/#\/schema\/person\/ddba06ddaa27edf0c370460d05c51bb3"},"breadcrumb":{"@id":"https:\/\/www.uruloki.org\/felipeblog\/cine\/guillermo-del-toro-ya-tiene-reparto-para-nightmare-alley-y-apunta-nuevamente-muy-alto-halo-sigue-incorporando-gente-a-su-aventura-espacial-y-entre-ellos-esta-ya-la-voz-de-cortana-armaros-de-pa#breadcrumb"},"inLanguage":"es","potentialAction":[{"@type":"ReadAction","target":["https:\/\/www.uruloki.org\/felipeblog\/cine\/guillermo-del-toro-ya-tiene-reparto-para-nightmare-alley-y-apunta-nuevamente-muy-alto-halo-sigue-incorporando-gente-a-su-aventura-espacial-y-entre-ellos-esta-ya-la-voz-de-cortana-armaros-de-pa"]}]},{"@type":"BreadcrumbList","@id":"https:\/\/www.uruloki.org\/felipeblog\/cine\/guillermo-del-toro-ya-tiene-reparto-para-nightmare-alley-y-apunta-nuevamente-muy-alto-halo-sigue-incorporando-gente-a-su-aventura-espacial-y-entre-ellos-esta-ya-la-voz-de-cortana-armaros-de-pa#breadcrumb","itemListElement":[{"@type":"ListItem","position":1,"name":"Portada","item":"https:\/\/www.uruloki.org\/felipeblog"},{"@type":"ListItem","position":2,"name":"Guillermo del Toro ya tiene reparto para Nightmare Alley y apunta, nuevamente, muy alto, \u00abHalo\u00bb sigue incorporando gente a su aventura espacial y entre ellos est\u00e1 ya la voz de Cortana, armaros de paciencia porque se nos viene encima una nueva adaptaci\u00f3n de \u00abThe Man Who Fell to Earth\u00bb pero ahora para televisi\u00f3n, Pyros nos contar\u00e1 la historia de unos bomberos exclusivos para ricachones (ciencia ficci\u00f3n pura y dura), tenemos director para la quinta y \u00faltima parte de la saga The Purge y tras Shin Godzilla llegara Shin Ultraman (y todos muy contentos)&#8230;"}]},{"@type":"WebSite","@id":"https:\/\/www.uruloki.org\/felipeblog\/#website","url":"https:\/\/www.uruloki.org\/felipeblog\/","name":"Uruloki :: Blog","description":"Blog de cine, terror, ciencia ficci\u00f3n, fantas\u00eda y c\u00f3mics","potentialAction":[{"@type":"SearchAction","target":{"@type":"EntryPoint","urlTemplate":"https:\/\/www.uruloki.org\/felipeblog\/?s={search_term_string}"},"query-input":{"@type":"PropertyValueSpecification","valueRequired":true,"valueName":"search_term_string"}}],"inLanguage":"es"},{"@type":"Person","@id":"https:\/\/www.uruloki.org\/felipeblog\/#\/schema\/person\/ddba06ddaa27edf0c370460d05c51bb3","name":"Uruloki","image":{"@type":"ImageObject","inLanguage":"es","@id":"https:\/\/www.uruloki.org\/felipeblog\/#\/schema\/person\/image\/","url":"https:\/\/secure.gravatar.com\/avatar\/68d5301c5f52ba88fd63f02c75b8c4d1b3c3fc4b21e2998a1e98c4b3a54d9f7c?s=96&d=mm&r=g","contentUrl":"https:\/\/secure.gravatar.com\/avatar\/68d5301c5f52ba88fd63f02c75b8c4d1b3c3fc4b21e2998a1e98c4b3a54d9f7c?s=96&d=mm&r=g","caption":"Uruloki"},"sameAs":["https:\/\/uruloki.org"],"url":"https:\/\/www.uruloki.org\/felipeblog\/author\/admin-2-2-2"}]}},"_links":{"self":[{"href":"https:\/\/www.uruloki.org\/felipeblog\/wp-json\/wp\/v2\/posts\/19016","targetHints":{"allow":["GET"]}}],"collection":[{"href":"https:\/\/www.uruloki.org\/felipeblog\/wp-json\/wp\/v2\/posts"}],"about":[{"href":"https:\/\/www.uruloki.org\/felipeblog\/wp-json\/wp\/v2\/types\/post"}],"author":[{"embeddable":true,"href":"https:\/\/www.uruloki.org\/felipeblog\/wp-json\/wp\/v2\/users\/28"}],"replies":[{"embeddable":true,"href":"https:\/\/www.uruloki.org\/felipeblog\/wp-json\/wp\/v2\/comments?post=19016"}],"version-history":[{"count":1,"href":"https:\/\/www.uruloki.org\/felipeblog\/wp-json\/wp\/v2\/posts\/19016\/revisions"}],"predecessor-version":[{"id":19017,"href":"https:\/\/www.uruloki.org\/felipeblog\/wp-json\/wp\/v2\/posts\/19016\/revisions\/19017"}],"wp:attachment":[{"href":"https:\/\/www.uruloki.org\/felipeblog\/wp-json\/wp\/v2\/media?parent=19016"}],"wp:term":[{"taxonomy":"category","embeddable":true,"href":"https:\/\/www.uruloki.org\/felipeblog\/wp-json\/wp\/v2\/categories?post=19016"},{"taxonomy":"post_tag","embeddable":true,"href":"https:\/\/www.uruloki.org\/felipeblog\/wp-json\/wp\/v2\/tags?post=19016"}],"curies":[{"name":"wp","href":"https:\/\/api.w.org\/{rel}","templated":true}]}}