{"id":18963,"date":"2019-07-21T12:18:25","date_gmt":"2019-07-21T10:18:25","guid":{"rendered":"https:\/\/uruloki.org\/felipeblog\/?p=18963"},"modified":"2019-07-21T12:18:25","modified_gmt":"2019-07-21T10:18:25","slug":"comic-con-2019-marvel-studios-entona-el-just-announce-en-el-hall-h-de-san-diego-y-presenta-la-fase-4","status":"publish","type":"post","link":"https:\/\/www.uruloki.org\/felipeblog\/cine-de-comics\/comic-con-2019-marvel-studios-entona-el-just-announce-en-el-hall-h-de-san-diego-y-presenta-la-fase-4","title":{"rendered":"Comic-Con 2019: Marvel Studios entona el \u00abjust announce\u00bb en el Hall H de San Diego y presenta la Fase 4&#8230;"},"content":{"rendered":"<p>Esta pasada madrugada <strong>Marvel Studios<\/strong> ha hecho lo que mejor sabe hacer. Mostrar algo de metraje, anunciar los t&iacute;tulos, logos y fechas de estreno de proyectos que ya se sab&iacute;an y&#8230; una sorpresa&#8230; que se sospechaba si bien no se sab&iacute;a qui&eacute;n iba a protagonizarla.<\/p>\n<p>Comenz&oacute; la noche con <strong>Black Widow<\/strong> con la presencia de su directora <strong>Cate Shortland<\/strong> y los miembros del reparto <strong>Scarlett Johansson<\/strong>, <strong>David Harbour<\/strong>, <strong>Florence Pugh<\/strong>, <strong>O.T. Fagbenle<\/strong> y <strong>Rachel Weisz<\/strong>. El proyecto se est&aacute; rodando ahora mismo en Londres y se confirma por un lado que la <strong>Pugh<\/strong> sera <em>Yelena Belova<\/em>, por otro que <strong>Harbour<\/strong> ser&aacute; <em>Alexei Shostakov<\/em> AKA  <em>Red Guardian<\/em>, una especie de <em>Capit&aacute;n Am&eacute;rica<\/em> ruso, y la <strong>Weisz<\/strong> ser&aacute; la misteriosa <em>Melina<\/em>&#8230; &iquest;<em>Melina Vostokoff<\/em> AKA <em>Iron Maiden<\/em>? Podr&iacute;a ser porque habla de que el personaje es delgado y lleva una capucha. La historia podr&iacute;a ser esta, <em>Natasha<\/em> se pasa a <em>S.H.I.E.L.D.<\/em> y los tres que vemos, <em>Yelena<\/em>, <em>Red Guardian<\/em> e <em>Iron Maiden<\/em> son enviados para matarla. Fin.<\/p>\n<div class=\"twittercentrado\">\n<blockquote class=\"twitter-tweet\" data-lang=\"es\">\n<p lang=\"en\" dir=\"ltr\">Just announced in Hall H at <a href=\"https:\/\/twitter.com\/hashtag\/SDCC?src=hash&amp;ref_src=twsrc%5Etfw\">#SDCC<\/a>, Marvel Studios&#8217; BLACK WIDOW with Scarlett Johansson, David Harbour, Florence Pugh, O-T Fagbenle, and Rachel Weisz. Directed by Cate Shortland. In theaters May 1, 2020. <a href=\"https:\/\/t.co\/oyUvYdzF3P\">pic.twitter.com\/oyUvYdzF3P<\/a><\/p>\n<p>&mdash; Marvel Entertainment (@Marvel) <a href=\"https:\/\/twitter.com\/Marvel\/status\/1152752497255157760?ref_src=twsrc%5Etfw\">21 de julio de 2019<\/a><\/p><\/blockquote>\n<\/div>\n<p>Sobre <strong>The Eternals<\/strong> se confirmaron los personajes de cada uno de los fichajes realizados en las &uacute;ltimas semanas. <strong>Salma Hayek<\/strong> interpretar&aacute; a <em>Ajak<\/em>,  l&iacute;der de los <em>Eternos<\/em>, una especie de madre superiora de este equipo. <strong>Richard Madden<\/strong> ha sido confirmado como <em>Ikaris<\/em>, <strong>Angelina Jolie<\/strong> ser&aacute; <em>Thena<\/em>, <strong>Don Lee<\/strong> interpreta a <em>Gilgamesh<\/em> (m&aacute;s bruto que el mism&iacute;simo Hulk), <strong>Lia McHugh<\/strong> ser&aacute; <em>Sprite<\/em> (uno de los personajes m&aacute;s antiguos de Marvel), <strong>Kumail Nanjiani<\/strong> ser&aacute; <em>Kingo<\/em>, <strong>Brian Tyree Henry<\/strong> encarnar&aacute; a <em>Phasto<\/em>, y <strong>Lauren Ridloff<\/strong>,  actriz sorda, se pondr&aacute; en la piel de <em>Makkari<\/em>,  personaje comiquero que tambi&eacute;n es sordo. Estreno en noviembre del a&ntilde;o que viene.<\/p>\n<div class=\"twittercentrado\">\n<blockquote class=\"twitter-tweet\" data-lang=\"es\">\n<p lang=\"en\" dir=\"ltr\">Just announced in Hall H at <a href=\"https:\/\/twitter.com\/hashtag\/SDCC?src=hash&amp;ref_src=twsrc%5Etfw\">#SDCC<\/a>, Marvel Studios&#8217; THE ETERNALS with Angelina Jolie, Richard Madden, Kumail Nanjiani, Lauren Ridloff, Brian Tyree Henry, Salma Hayek, Lia McHugh and Don Lee. Directed by Chlo\u00e9 Zhao. In theaters November 6, 2020. <a href=\"https:\/\/t.co\/k6ZgfX38VW\">pic.twitter.com\/k6ZgfX38VW<\/a><\/p>\n<p>&mdash; Marvel Studios (@MarvelStudios) <a href=\"https:\/\/twitter.com\/MarvelStudios\/status\/1152739611933700096?ref_src=twsrc%5Etfw\">21 de julio de 2019<\/a><\/p><\/blockquote>\n<\/div>\n<p>De <strong>&quot;The Falcon and the Winter Soldier&quot;<\/strong> se pudo ver una escena con <strong>Anthony Mackie<\/strong> y <strong>Sebastian Stan<\/strong> encarnando a <em>Falcon<\/em> y <em>Bucky Barnes<\/em>&#8230; de regalo probablemente el momento m&aacute;s esperado por el fan, <strong>Daniel Br&uuml;hl<\/strong> poni&eacute;ndose la m&iacute;tica m&aacute;scara p&uacute;rpura del <em>Bar&oacute;n Zemo<\/em>.<\/p>\n<div class=\"twittercentrado\">\n<blockquote class=\"twitter-tweet\" data-lang=\"es\">\n<p lang=\"en\" dir=\"ltr\">Just announced in Hall H at <a href=\"https:\/\/twitter.com\/hashtag\/SDCC?src=hash&amp;ref_src=twsrc%5Etfw\">#SDCC<\/a>, Marvel Studios&#8217; THE FALCON AND THE WINTER SOLDIER, an original series with Anthony Mackie, Sebastian Stan and Daniel Br\u00fchl. Streaming exclusively on Disney+, Fall 2020. <a href=\"https:\/\/t.co\/FmFMKWUrhO\">pic.twitter.com\/FmFMKWUrhO<\/a><\/p>\n<p>&mdash; Marvel Studios (@MarvelStudios) <a href=\"https:\/\/twitter.com\/MarvelStudios\/status\/1152742092034043904?ref_src=twsrc%5Etfw\">21 de julio de 2019<\/a><\/p><\/blockquote>\n<\/div>\n<p>Otro momento del panel fue el anuncio del t&iacute;tulo del film de <em>Shang-Chi<\/em> que dirigir&aacute; <strong>Destin Daniel Cretton<\/strong>&#8230; <strong>Shang-Chi and The Legend of the 10 Rings<\/strong>. Con ese t&iacute;tulo el anuncio se esperaba y junto a la estrella <strong>Simu Liu<\/strong> estar&aacute; el veterano <strong>Tony Leung<\/strong> como el <em>Mandar&iacute;n<\/em>&#8230; el verdadero. Poco m&aacute;s, se ve que <em>Liu<\/em> firm&oacute; su contrato con <strong>Marvel Studios<\/strong> este pasado martes.<\/p>\n<div class=\"twittercentrado\">\n<blockquote class=\"twitter-tweet\" data-lang=\"es\">\n<p lang=\"en\" dir=\"ltr\">Just announced in Hall H at <a href=\"https:\/\/twitter.com\/hashtag\/SDCC?src=hash&amp;ref_src=twsrc%5Etfw\">#SDCC<\/a>, Marvel Studios&#8217; SHANG-CHI AND THE LEGEND OF THE TEN RINGS, with Simu Liu, Awkwafina and Tony Leung, directed by Destin Daniel Cretton. In theaters February 12, 2021. <a href=\"https:\/\/t.co\/VXaqJ5uN6B\">pic.twitter.com\/VXaqJ5uN6B<\/a><\/p>\n<p>&mdash; Marvel Studios (@MarvelStudios) <a href=\"https:\/\/twitter.com\/MarvelStudios\/status\/1152744677713383424?ref_src=twsrc%5Etfw\">21 de julio de 2019<\/a><\/p><\/blockquote>\n<\/div>\n<p>Sobre <strong>&quot;Wandavision&quot;<\/strong> poco que contar adem&aacute;s de presentar el logo, <strong>Elizabeth Olsen<\/strong> y <strong>Paul Bettany<\/strong> juntos para encarnar a <em>Wanda Maximoff \/ Scarlet Witch<\/em> y a la <em>Visi&oacute;n<\/em>. La serie tiene lugar tras <strong>Endgame<\/strong>&#8230; &iquest;<em>Visi&oacute;n<\/em>? Otro personaje que tendr&aacute; su hueco en la serie ser&aacute; <em>Monica Rambeau<\/em>, encarnado ahora por <strong>Teyonah Parris<\/strong> tras su aparici&oacute;n en <strong>Capitana Marvel<\/strong> (<em>Captain Marvel<\/em>).<\/p>\n<div class=\"twittercentrado\">\n<blockquote class=\"twitter-tweet\" data-lang=\"es\">\n<p lang=\"en\" dir=\"ltr\">Just announced in Hall H at <a href=\"https:\/\/twitter.com\/hashtag\/SDCC?src=hash&amp;ref_src=twsrc%5Etfw\">#SDCC<\/a>, Marvel Studios&#39; WANDAVISION, an original series with Elizabeth Olsen, Paul Bettany, and Teyonah Parris. Streaming exclusively on Disney+, Spring 2021. <a href=\"https:\/\/t.co\/mDgxZVW3BF\">pic.twitter.com\/mDgxZVW3BF<\/a><\/p>\n<p>&mdash; Marvel Entertainment (@Marvel) <a href=\"https:\/\/twitter.com\/Marvel\/status\/1152745992569184257?ref_src=twsrc%5Etfw\">21 de julio de 2019<\/a><\/p><\/blockquote>\n<\/div>\n<p>Y lo mismo que <strong>&quot;Wandavision&quot;<\/strong> para <strong>&quot;Loki&quot;<\/strong>. <strong>Tom Hiddleston<\/strong> regresa para encarnar al personaje en una visi&oacute;n completamente diferente, un nuevo reto y algo rompedor por lo que asegura el lector (y su cuenta bancaria). Se ve que podr&iacute;a ser el <strong>&quot;Loki&quot;<\/strong> que vimos en <strong>Endgame<\/strong> d&aacute;ndose el piro con el <em>Teseracto<\/em> durante los viajes por el multiverso del <em>Capit&aacute;n Am&eacute;rica<\/em>, <em>Iron Man<\/em> y dem&aacute;s&#8230;<\/p>\n<div class=\"twittercentrado\">\n<blockquote class=\"twitter-tweet\" data-lang=\"es\">\n<p lang=\"en\" dir=\"ltr\">Just announced in Hall H at <a href=\"https:\/\/twitter.com\/hashtag\/SDCC?src=hash&amp;ref_src=twsrc%5Etfw\">#SDCC<\/a>, Marvel Studios&#8217; LOKI, an original series with Tom Hiddleston. Streaming exclusively on Disney+, Spring 2021. <a href=\"https:\/\/t.co\/lDqAWtIE0u\">pic.twitter.com\/lDqAWtIE0u<\/a><\/p>\n<p>&mdash; Marvel Entertainment (@Marvel) <a href=\"https:\/\/twitter.com\/Marvel\/status\/1152746382014521348?ref_src=twsrc%5Etfw\">21 de julio de 2019<\/a><\/p><\/blockquote>\n<\/div>\n<p>En el panel estuvo <strong>Scott Derrickson<\/strong> para indicar que <strong>Doctor Strange in the Multiverse of Madness<\/strong>, primera secuela directa de <strong>Doctor Strange<\/strong>, ser&aacute; la primer pel&iacute;cula de terror de <strong>Marvel Studios<\/strong>. Nos espera locura psicod&eacute;lica y villanos de otras dimensiones y mundos. Junto a <strong>Benedict Cumberbatch<\/strong> estar&aacute; esta vez <em>Scarlet Witch<\/em>.<\/p>\n<div class=\"twittercentrado\">\n<blockquote class=\"twitter-tweet\" data-lang=\"es\">\n<p lang=\"en\" dir=\"ltr\">Just announced in Hall H at <a href=\"https:\/\/twitter.com\/hashtag\/SDCC?src=hash&amp;ref_src=twsrc%5Etfw\">#SDCC<\/a>, Marvel Studios&#8217; DOCTOR STRANGE IN THE MULTIVERSE OF MADNESS with Benedict Cumberbatch and Elizabeth Olsen. Scott Derrickson returns as director. In theaters May 7, 2021. <a href=\"https:\/\/t.co\/bVyOYjPLly\">pic.twitter.com\/bVyOYjPLly<\/a><\/p>\n<p>&mdash; Marvel Entertainment (@Marvel) <a href=\"https:\/\/twitter.com\/Marvel\/status\/1152747775370694657?ref_src=twsrc%5Etfw\">21 de julio de 2019<\/a><\/p><\/blockquote>\n<\/div>\n<p>En cuanto a <strong>&quot;What If&#8230;?&quot;<\/strong> pues no pinta mal. Se present&oacute; a la lista de actores que estar&aacute;n implicados en la serie y no pinta mal. <strong>Michael B. Jordan<\/strong> regresar&aacute; como <em>Killmonger<\/em>, <strong>Stanley Tucci<\/strong> como el <em>Dr. Abraham Erskine<\/em>, <strong>Chris Hemsworth<\/strong>, <strong>Tom Hiddleston<\/strong>, <strong>Chadwick Boseman<\/strong>, <strong>Paul Rudd<\/strong>, <strong>Elisabeth Olsen<\/strong>, <strong>Tobi Jones<\/strong>, <strong>Samuel L. Jackson<\/strong>, <strong>Natalie Portman<\/strong>&#8230; TODOS. La novedad, <strong>Jeffrey Wright<\/strong> (<em>&quot;Westworld&quot;<\/em>) como <em>El Observador<\/em>.<\/p>\n<div class=\"twittercentrado\">\n<blockquote class=\"twitter-tweet\" data-lang=\"es\">\n<p lang=\"en\" dir=\"ltr\">Just announced in Hall H at <a href=\"https:\/\/twitter.com\/hashtag\/SDCC?src=hash&amp;ref_src=twsrc%5Etfw\">#SDCC<\/a>, Marvel Studios&#8217; WHAT IF&#8230;?, the first animated series in the MCU, with Jeffrey Wright as the voice of The Watcher, and many actors from across the MCU reprising their roles as voice talent. Streaming exclusively on Disney+, Summer 2021. <a href=\"https:\/\/t.co\/6aPhlQvMR9\">pic.twitter.com\/6aPhlQvMR9<\/a><\/p>\n<p>&mdash; Marvel Entertainment (@Marvel) <a href=\"https:\/\/twitter.com\/Marvel\/status\/1152748721563717632?ref_src=twsrc%5Etfw\">21 de julio de 2019<\/a><\/p><\/blockquote>\n<\/div>\n<p>Sobre <strong>&quot;Hawkeye&quot;<\/strong> se indica que la serie se basar&aacute; en los arcos creados por <strong>Matt Fraction<\/strong> y <strong>David Aja<\/strong>, como <strong>Jeremy Renner<\/strong> de nuevo como <em>Clint Burton<\/em> e incorporando a <em>Kate Bishop<\/em>, una Joven Vengador, como personaje regular de la serie.<\/p>\n<div class=\"twittercentrado\">\n<blockquote class=\"twitter-tweet\" data-lang=\"es\">\n<p lang=\"en\" dir=\"ltr\">Just announced in Hall H at <a href=\"https:\/\/twitter.com\/hashtag\/SDCC?src=hash&amp;ref_src=twsrc%5Etfw\">#SDCC<\/a>, Marvel Studios&#8217; HAWKEYE with Jeremy Renner, an original series that will also introduce Kate Bishop. Streaming exclusively on Disney+, Fall 2021. <a href=\"https:\/\/t.co\/n2u6G4i4iG\">pic.twitter.com\/n2u6G4i4iG<\/a><\/p>\n<p>&mdash; Marvel Entertainment (@Marvel) <a href=\"https:\/\/twitter.com\/Marvel\/status\/1152749942278152192?ref_src=twsrc%5Etfw\">21 de julio de 2019<\/a><\/p><\/blockquote>\n<\/div>\n<p>Otro proyecto esperado, la tercera parte en solitario de <em>Thor<\/em>&#8230; <strong>Thor: Love &amp; Thunder<\/strong>. En el panel presencia de <strong>Taika Waititi<\/strong>, su director, <strong>Chris Hemsworth<\/strong>, <strong>Tessa Thompson<\/strong> como <em>Valkiria<\/em> buscando su reina para la nueva <em>Asgard<\/em>, y <strong>Natalie Portman<\/strong> volviendo como <em>Jane Foster<\/em> pese a que dijo que nunca volver&iacute;a a trabajar para <strong>Marvel Studios<\/strong>&#8230; se ve que el dinero cambia de pareceres siempre. Lo curioso, la Portman ser&aacute; la Thor femenina de <strong>Jason Aaron<\/strong>&#8230; <strong>Waititi<\/strong> se ley&oacute; el c&oacute;mic durante el rodaje de <strong>Ragnarok<\/strong> y propuso esta reentrada de <em>Foster<\/em> en la saga. Todo muy curioso. El logo del film totalmente metalero&#8230;<\/p>\n<div class=\"twittercentrado\">\n<blockquote class=\"twitter-tweet\" data-lang=\"es\">\n<p lang=\"en\" dir=\"ltr\">Just announced in Hall H at <a href=\"https:\/\/twitter.com\/hashtag\/SDCC?src=hash&amp;ref_src=twsrc%5Etfw\">#SDCC<\/a>, Marvel Studios&#8217; THOR: LOVE AND THUNDER with Chris Hemsworth, Tessa Thompson, and Natalie Portman. Taika Waititi returns as director. In theaters November 5, 2021. <a href=\"https:\/\/t.co\/Lq4hM8GSRV\">pic.twitter.com\/Lq4hM8GSRV<\/a><\/p>\n<p>&mdash; Marvel Entertainment (@Marvel) <a href=\"https:\/\/twitter.com\/Marvel\/status\/1152751520523403264?ref_src=twsrc%5Etfw\">21 de julio de 2019<\/a><\/p><\/blockquote>\n<\/div>\n<p>Para terminar el anuncio sorpresa&#8230; al 50%. Sab&iacute;amos que <em>Blade<\/em> volv&iacute;a pero lo que no sab&iacute;amos era que <strong>Mahershala Ali<\/strong> iba a encarnarlo esta vez. Adi&oacute;s definitivo a <strong>Wesley Snipes<\/strong>. Hay logo y nada m&aacute;s.<\/p>\n<div class=\"twittercentrado\">\n<blockquote class=\"twitter-tweet\" data-lang=\"es\">\n<p lang=\"en\" dir=\"ltr\">Just announced in Hall H at <a href=\"https:\/\/twitter.com\/hashtag\/SDCC?src=hash&amp;ref_src=twsrc%5Etfw\">#SDCC<\/a>, Marvel Studios&#8217; BLADE with Mahershala Ali. <a href=\"https:\/\/t.co\/JPcrSqSerW\">pic.twitter.com\/JPcrSqSerW<\/a><\/p>\n<p>&mdash; Marvel Entertainment (@Marvel) <a href=\"https:\/\/twitter.com\/Marvel\/status\/1152756106772516867?ref_src=twsrc%5Etfw\">21 de julio de 2019<\/a><\/p><\/blockquote>\n<p><script async src=\"https:\/\/platform.twitter.com\/widgets.js\" charset=\"utf-8\"><\/script><\/div>\n","protected":false},"excerpt":{"rendered":"<p>Esta pasada madrugada Marvel Studios ha hecho lo que mejor sabe hacer. Mostrar algo de metraje, anunciar los t&iacute;tulos, logos y fechas de estreno de proyectos que ya se sab&iacute;an y&#8230; una sorpresa&#8230; que se sospechaba si bien no se sab&iacute;a qui&eacute;n iba a protagonizarla. Comenz&oacute; la noche con Black Widow con la presencia de [&hellip;]<\/p>\n","protected":false},"author":28,"featured_media":0,"comment_status":"open","ping_status":"open","sticky":false,"template":"","format":"standard","meta":{"footnotes":""},"categories":[10],"tags":[1301,2533,4343,4268,4238,4342,4320,4291,4344,4271,4252],"class_list":["post-18963","post","type-post","status-publish","format-standard","hentry","category-cine-de-comics","tag-black-widow","tag-blade","tag-doctor-strange-in-the-multiverse-of-madness","tag-hawkeye","tag-loki","tag-shang-chi-and-the-legend-of-the-10-rings","tag-the-enternals","tag-the-falcon-and-the-winter-soldier","tag-thor-love-thunder","tag-wandavision","tag-what-if"],"yoast_head":"<!-- This site is optimized with the Yoast SEO plugin v24.3 - https:\/\/yoast.com\/wordpress\/plugins\/seo\/ -->\n<title>Marvel Studios entona el &quot;just announce&quot; y presenta la Fase 4<\/title>\n<meta name=\"description\" content=\"Marvel Studios ha hecho lo que mejor sabe hacer. Anunciar la Fase 4, mostrar algo de metraje, anunciar t\u00edtulos, logos, fechas de estreno y... una sorpresa.\" \/>\n<meta name=\"robots\" content=\"index, follow, max-snippet:-1, max-image-preview:large, max-video-preview:-1\" \/>\n<link rel=\"canonical\" href=\"https:\/\/www.uruloki.org\/felipeblog\/cine-de-comics\/comic-con-2019-marvel-studios-entona-el-just-announce-en-el-hall-h-de-san-diego-y-presenta-la-fase-4\" \/>\n<meta property=\"og:locale\" content=\"es_ES\" \/>\n<meta property=\"og:type\" content=\"article\" \/>\n<meta property=\"og:title\" content=\"Marvel Studios entona el &quot;just announce&quot; y presenta la Fase 4\" \/>\n<meta property=\"og:description\" content=\"Marvel Studios ha hecho lo que mejor sabe hacer. Anunciar la Fase 4, mostrar algo de metraje, anunciar t\u00edtulos, logos, fechas de estreno y... una sorpresa.\" \/>\n<meta property=\"og:url\" content=\"https:\/\/www.uruloki.org\/felipeblog\/cine-de-comics\/comic-con-2019-marvel-studios-entona-el-just-announce-en-el-hall-h-de-san-diego-y-presenta-la-fase-4\" \/>\n<meta property=\"og:site_name\" content=\"Uruloki :: Blog\" \/>\n<meta property=\"article:publisher\" content=\"https:\/\/www.facebook.com\/uruloki.org\" \/>\n<meta property=\"article:published_time\" content=\"2019-07-21T10:18:25+00:00\" \/>\n<meta property=\"og:image\" content=\"https:\/\/www.uruloki.org\/felipeblog\/wp-content\/uploads\/2019\/07\/Marvels-Phase-4-SDCC.jpg\" \/>\n\t<meta property=\"og:image:width\" content=\"700\" \/>\n\t<meta property=\"og:image:height\" content=\"300\" \/>\n\t<meta property=\"og:image:type\" content=\"image\/jpeg\" \/>\n<meta name=\"author\" content=\"Uruloki\" \/>\n<meta name=\"twitter:card\" content=\"summary_large_image\" \/>\n<meta name=\"twitter:creator\" content=\"@uruloki\" \/>\n<meta name=\"twitter:site\" content=\"@uruloki\" \/>\n<meta name=\"twitter:label1\" content=\"Escrito por\" \/>\n\t<meta name=\"twitter:data1\" content=\"Uruloki\" \/>\n\t<meta name=\"twitter:label2\" content=\"Tiempo de lectura\" \/>\n\t<meta name=\"twitter:data2\" content=\"7 minutos\" \/>\n<script type=\"application\/ld+json\" class=\"yoast-schema-graph\">{\"@context\":\"https:\/\/schema.org\",\"@graph\":[{\"@type\":\"WebPage\",\"@id\":\"https:\/\/www.uruloki.org\/felipeblog\/cine-de-comics\/comic-con-2019-marvel-studios-entona-el-just-announce-en-el-hall-h-de-san-diego-y-presenta-la-fase-4\",\"url\":\"https:\/\/www.uruloki.org\/felipeblog\/cine-de-comics\/comic-con-2019-marvel-studios-entona-el-just-announce-en-el-hall-h-de-san-diego-y-presenta-la-fase-4\",\"name\":\"Marvel Studios entona el \\\"just announce\\\" y presenta la Fase 4\",\"isPartOf\":{\"@id\":\"https:\/\/www.uruloki.org\/felipeblog\/#website\"},\"datePublished\":\"2019-07-21T10:18:25+00:00\",\"dateModified\":\"2019-07-21T10:18:25+00:00\",\"author\":{\"@id\":\"https:\/\/www.uruloki.org\/felipeblog\/#\/schema\/person\/ddba06ddaa27edf0c370460d05c51bb3\"},\"description\":\"Marvel Studios ha hecho lo que mejor sabe hacer. Anunciar la Fase 4, mostrar algo de metraje, anunciar t\u00edtulos, logos, fechas de estreno y... una sorpresa.\",\"breadcrumb\":{\"@id\":\"https:\/\/www.uruloki.org\/felipeblog\/cine-de-comics\/comic-con-2019-marvel-studios-entona-el-just-announce-en-el-hall-h-de-san-diego-y-presenta-la-fase-4#breadcrumb\"},\"inLanguage\":\"es\",\"potentialAction\":[{\"@type\":\"ReadAction\",\"target\":[\"https:\/\/www.uruloki.org\/felipeblog\/cine-de-comics\/comic-con-2019-marvel-studios-entona-el-just-announce-en-el-hall-h-de-san-diego-y-presenta-la-fase-4\"]}]},{\"@type\":\"BreadcrumbList\",\"@id\":\"https:\/\/www.uruloki.org\/felipeblog\/cine-de-comics\/comic-con-2019-marvel-studios-entona-el-just-announce-en-el-hall-h-de-san-diego-y-presenta-la-fase-4#breadcrumb\",\"itemListElement\":[{\"@type\":\"ListItem\",\"position\":1,\"name\":\"Portada\",\"item\":\"https:\/\/www.uruloki.org\/felipeblog\"},{\"@type\":\"ListItem\",\"position\":2,\"name\":\"Comic-Con 2019: Marvel Studios entona el \u00abjust announce\u00bb en el Hall H de San Diego y presenta la Fase 4&#8230;\"}]},{\"@type\":\"WebSite\",\"@id\":\"https:\/\/www.uruloki.org\/felipeblog\/#website\",\"url\":\"https:\/\/www.uruloki.org\/felipeblog\/\",\"name\":\"Uruloki :: Blog\",\"description\":\"Blog de cine, terror, ciencia ficci\u00f3n, fantas\u00eda y c\u00f3mics\",\"potentialAction\":[{\"@type\":\"SearchAction\",\"target\":{\"@type\":\"EntryPoint\",\"urlTemplate\":\"https:\/\/www.uruloki.org\/felipeblog\/?s={search_term_string}\"},\"query-input\":{\"@type\":\"PropertyValueSpecification\",\"valueRequired\":true,\"valueName\":\"search_term_string\"}}],\"inLanguage\":\"es\"},{\"@type\":\"Person\",\"@id\":\"https:\/\/www.uruloki.org\/felipeblog\/#\/schema\/person\/ddba06ddaa27edf0c370460d05c51bb3\",\"name\":\"Uruloki\",\"image\":{\"@type\":\"ImageObject\",\"inLanguage\":\"es\",\"@id\":\"https:\/\/www.uruloki.org\/felipeblog\/#\/schema\/person\/image\/\",\"url\":\"https:\/\/secure.gravatar.com\/avatar\/68d5301c5f52ba88fd63f02c75b8c4d1b3c3fc4b21e2998a1e98c4b3a54d9f7c?s=96&d=mm&r=g\",\"contentUrl\":\"https:\/\/secure.gravatar.com\/avatar\/68d5301c5f52ba88fd63f02c75b8c4d1b3c3fc4b21e2998a1e98c4b3a54d9f7c?s=96&d=mm&r=g\",\"caption\":\"Uruloki\"},\"sameAs\":[\"https:\/\/uruloki.org\"],\"url\":\"https:\/\/www.uruloki.org\/felipeblog\/author\/admin-2-2-2\"}]}<\/script>\n<!-- \/ Yoast SEO plugin. -->","yoast_head_json":{"title":"Marvel Studios entona el \"just announce\" y presenta la Fase 4","description":"Marvel Studios ha hecho lo que mejor sabe hacer. Anunciar la Fase 4, mostrar algo de metraje, anunciar t\u00edtulos, logos, fechas de estreno y... una sorpresa.","robots":{"index":"index","follow":"follow","max-snippet":"max-snippet:-1","max-image-preview":"max-image-preview:large","max-video-preview":"max-video-preview:-1"},"canonical":"https:\/\/www.uruloki.org\/felipeblog\/cine-de-comics\/comic-con-2019-marvel-studios-entona-el-just-announce-en-el-hall-h-de-san-diego-y-presenta-la-fase-4","og_locale":"es_ES","og_type":"article","og_title":"Marvel Studios entona el \"just announce\" y presenta la Fase 4","og_description":"Marvel Studios ha hecho lo que mejor sabe hacer. Anunciar la Fase 4, mostrar algo de metraje, anunciar t\u00edtulos, logos, fechas de estreno y... una sorpresa.","og_url":"https:\/\/www.uruloki.org\/felipeblog\/cine-de-comics\/comic-con-2019-marvel-studios-entona-el-just-announce-en-el-hall-h-de-san-diego-y-presenta-la-fase-4","og_site_name":"Uruloki :: Blog","article_publisher":"https:\/\/www.facebook.com\/uruloki.org","article_published_time":"2019-07-21T10:18:25+00:00","og_image":[{"width":700,"height":300,"url":"https:\/\/www.uruloki.org\/felipeblog\/wp-content\/uploads\/2019\/07\/Marvels-Phase-4-SDCC.jpg","type":"image\/jpeg"}],"author":"Uruloki","twitter_card":"summary_large_image","twitter_creator":"@uruloki","twitter_site":"@uruloki","twitter_misc":{"Escrito por":"Uruloki","Tiempo de lectura":"7 minutos"},"schema":{"@context":"https:\/\/schema.org","@graph":[{"@type":"WebPage","@id":"https:\/\/www.uruloki.org\/felipeblog\/cine-de-comics\/comic-con-2019-marvel-studios-entona-el-just-announce-en-el-hall-h-de-san-diego-y-presenta-la-fase-4","url":"https:\/\/www.uruloki.org\/felipeblog\/cine-de-comics\/comic-con-2019-marvel-studios-entona-el-just-announce-en-el-hall-h-de-san-diego-y-presenta-la-fase-4","name":"Marvel Studios entona el \"just announce\" y presenta la Fase 4","isPartOf":{"@id":"https:\/\/www.uruloki.org\/felipeblog\/#website"},"datePublished":"2019-07-21T10:18:25+00:00","dateModified":"2019-07-21T10:18:25+00:00","author":{"@id":"https:\/\/www.uruloki.org\/felipeblog\/#\/schema\/person\/ddba06ddaa27edf0c370460d05c51bb3"},"description":"Marvel Studios ha hecho lo que mejor sabe hacer. Anunciar la Fase 4, mostrar algo de metraje, anunciar t\u00edtulos, logos, fechas de estreno y... una sorpresa.","breadcrumb":{"@id":"https:\/\/www.uruloki.org\/felipeblog\/cine-de-comics\/comic-con-2019-marvel-studios-entona-el-just-announce-en-el-hall-h-de-san-diego-y-presenta-la-fase-4#breadcrumb"},"inLanguage":"es","potentialAction":[{"@type":"ReadAction","target":["https:\/\/www.uruloki.org\/felipeblog\/cine-de-comics\/comic-con-2019-marvel-studios-entona-el-just-announce-en-el-hall-h-de-san-diego-y-presenta-la-fase-4"]}]},{"@type":"BreadcrumbList","@id":"https:\/\/www.uruloki.org\/felipeblog\/cine-de-comics\/comic-con-2019-marvel-studios-entona-el-just-announce-en-el-hall-h-de-san-diego-y-presenta-la-fase-4#breadcrumb","itemListElement":[{"@type":"ListItem","position":1,"name":"Portada","item":"https:\/\/www.uruloki.org\/felipeblog"},{"@type":"ListItem","position":2,"name":"Comic-Con 2019: Marvel Studios entona el \u00abjust announce\u00bb en el Hall H de San Diego y presenta la Fase 4&#8230;"}]},{"@type":"WebSite","@id":"https:\/\/www.uruloki.org\/felipeblog\/#website","url":"https:\/\/www.uruloki.org\/felipeblog\/","name":"Uruloki :: Blog","description":"Blog de cine, terror, ciencia ficci\u00f3n, fantas\u00eda y c\u00f3mics","potentialAction":[{"@type":"SearchAction","target":{"@type":"EntryPoint","urlTemplate":"https:\/\/www.uruloki.org\/felipeblog\/?s={search_term_string}"},"query-input":{"@type":"PropertyValueSpecification","valueRequired":true,"valueName":"search_term_string"}}],"inLanguage":"es"},{"@type":"Person","@id":"https:\/\/www.uruloki.org\/felipeblog\/#\/schema\/person\/ddba06ddaa27edf0c370460d05c51bb3","name":"Uruloki","image":{"@type":"ImageObject","inLanguage":"es","@id":"https:\/\/www.uruloki.org\/felipeblog\/#\/schema\/person\/image\/","url":"https:\/\/secure.gravatar.com\/avatar\/68d5301c5f52ba88fd63f02c75b8c4d1b3c3fc4b21e2998a1e98c4b3a54d9f7c?s=96&d=mm&r=g","contentUrl":"https:\/\/secure.gravatar.com\/avatar\/68d5301c5f52ba88fd63f02c75b8c4d1b3c3fc4b21e2998a1e98c4b3a54d9f7c?s=96&d=mm&r=g","caption":"Uruloki"},"sameAs":["https:\/\/uruloki.org"],"url":"https:\/\/www.uruloki.org\/felipeblog\/author\/admin-2-2-2"}]}},"_links":{"self":[{"href":"https:\/\/www.uruloki.org\/felipeblog\/wp-json\/wp\/v2\/posts\/18963","targetHints":{"allow":["GET"]}}],"collection":[{"href":"https:\/\/www.uruloki.org\/felipeblog\/wp-json\/wp\/v2\/posts"}],"about":[{"href":"https:\/\/www.uruloki.org\/felipeblog\/wp-json\/wp\/v2\/types\/post"}],"author":[{"embeddable":true,"href":"https:\/\/www.uruloki.org\/felipeblog\/wp-json\/wp\/v2\/users\/28"}],"replies":[{"embeddable":true,"href":"https:\/\/www.uruloki.org\/felipeblog\/wp-json\/wp\/v2\/comments?post=18963"}],"version-history":[{"count":1,"href":"https:\/\/www.uruloki.org\/felipeblog\/wp-json\/wp\/v2\/posts\/18963\/revisions"}],"predecessor-version":[{"id":18965,"href":"https:\/\/www.uruloki.org\/felipeblog\/wp-json\/wp\/v2\/posts\/18963\/revisions\/18965"}],"wp:attachment":[{"href":"https:\/\/www.uruloki.org\/felipeblog\/wp-json\/wp\/v2\/media?parent=18963"}],"wp:term":[{"taxonomy":"category","embeddable":true,"href":"https:\/\/www.uruloki.org\/felipeblog\/wp-json\/wp\/v2\/categories?post=18963"},{"taxonomy":"post_tag","embeddable":true,"href":"https:\/\/www.uruloki.org\/felipeblog\/wp-json\/wp\/v2\/tags?post=18963"}],"curies":[{"name":"wp","href":"https:\/\/api.w.org\/{rel}","templated":true}]}}