{"id":18347,"date":"2018-12-20T22:36:30","date_gmt":"2018-12-20T21:36:30","guid":{"rendered":"https:\/\/uruloki.org\/felipeblog\/?p=18347"},"modified":"2018-12-20T22:36:30","modified_gmt":"2018-12-20T21:36:30","slug":"el-primer-trailer-de-men-in-black-international-llega-con-todas-las-mayusculas-y-casi-nos-deja-ciegos","status":"publish","type":"post","link":"https:\/\/www.uruloki.org\/felipeblog\/cine-de-ciencia-ficcion\/el-primer-trailer-de-men-in-black-international-llega-con-todas-las-mayusculas-y-casi-nos-deja-ciegos","title":{"rendered":"El primer trailer de MEN IN BLACK: INTERNATIONAL llega con todas las may\u00fasculas y casi nos deja ciegos&#8230;"},"content":{"rendered":"<p>Ya lo habr&eacute;is visto mil veces, pero aqu&iacute; est&aacute; el primer trailer de <strong>MEN IN BLACK: INTERNATIONAL<\/strong> de <strong>F. Gary Gray<\/strong>. En el reparto los inconfundibles <strong>Chris Hemsworth<\/strong>, <strong>Tessa Thompson<\/strong>, <strong>Liam Neeson<\/strong> y <strong>Emma Thompson<\/strong> que regresa uniendo universos como el <em>&ldquo;Agente O&rdquo;<\/em>. Nos falta la gran villana, encarnada por <strong>Rebecca Ferguson<\/strong>. La sinopsis por ahora muy sencilla&#8230; Los Hombres de Negro siempre han protegido la Tierra de la escoria del universo. En esta nueva aventura, se enfrentar&aacute;n a su mayor amenaza hasta la fecha: el topo en la organizaci&oacute;n MIB. Pues no me extra&ntilde;ar&iacute;a que fuera  <strong>Neeson<\/strong>, en formato piel de la gran villana <strong>Ferguson<\/strong>. Este papel de <strong>Hemsworth<\/strong> comienza a ser un poco recurrente, y funciona muy bien todo sea dicho: alivio c&oacute;mico y tontorr&oacute;n del film como ya ocurriera en las recientes <strong>Cazafantasmas<\/strong> (<em>Ghostbusters<\/em>) de <strong>Paul Feig<\/strong> y en la muy superior <strong>Thor: Ragnarok<\/strong> de <strong>Taika Waititi<\/strong>&#8230; gui&ntilde;o, gui&ntilde;o.<\/p>\n<div class=\"video\"><iframe loading=\"lazy\" width=\"100%\" height=\"360\" src=\"https:\/\/www.youtube.com\/embed\/BV-WEb2oxLk\" allowfullscreen=\"true\"><\/iframe><\/div>\n<p>El trailer llega tambi&eacute;n doblado en castellano y respondiendo al mismo t&iacute;tulo as&iacute; en may&uacute;sculas&#8230; <strong>MEN IN BLACK: INTERNATIONAL<\/strong>.<\/p>\n<div class=\"video\"><iframe loading=\"lazy\" width=\"100%\" height=\"360\" src=\"https:\/\/www.youtube.com\/embed\/7pehS-Wg6R8\" allowfullscreen=\"true\"><\/iframe><\/div>\n<p class=\"centrado\"><img decoding=\"async\" src=\"\/felipeblog\/imagenes2018\/20181220-mib-international.jpg\" alt=\"El primer cartel de MEN IN BLACK: INTERNATIONAL\" width=\"625\"><br \/><em>El primer cartel de MEN IN BLACK: INTERNATIONAL<\/em><\/p>\n","protected":false},"excerpt":{"rendered":"<p>Ya lo habr&eacute;is visto mil veces, pero aqu&iacute; est&aacute; el primer trailer de MEN IN BLACK: INTERNATIONAL de F. Gary Gray. En el reparto los inconfundibles Chris Hemsworth, Tessa Thompson, Liam Neeson y Emma Thompson que regresa uniendo universos como el &ldquo;Agente O&rdquo;. Nos falta la gran villana, encarnada por Rebecca Ferguson. La sinopsis por [&hellip;]<\/p>\n","protected":false},"author":28,"featured_media":0,"comment_status":"open","ping_status":"open","sticky":false,"template":"","format":"standard","meta":{"footnotes":""},"categories":[8],"tags":[4187],"class_list":["post-18347","post","type-post","status-publish","format-standard","hentry","category-cine-de-ciencia-ficcion","tag-men-in-black-international"],"yoast_head":"<!-- This site is optimized with the Yoast SEO plugin v24.3 - https:\/\/yoast.com\/wordpress\/plugins\/seo\/ -->\n<title>El trailer de MEN IN BLACK: INTERNATIONAL llega con may\u00fasculas<\/title>\n<meta name=\"description\" content=\"Ya lo habr\u00e9is visto mil veces, pero aqu\u00ed est\u00e1 el primer trailer de MEN IN BLACK: INTERNATIONAL de F. Gary Gray.\" \/>\n<meta name=\"robots\" content=\"index, follow, max-snippet:-1, max-image-preview:large, max-video-preview:-1\" \/>\n<link rel=\"canonical\" href=\"https:\/\/www.uruloki.org\/felipeblog\/cine-de-ciencia-ficcion\/el-primer-trailer-de-men-in-black-international-llega-con-todas-las-mayusculas-y-casi-nos-deja-ciegos\" \/>\n<meta property=\"og:locale\" content=\"es_ES\" \/>\n<meta property=\"og:type\" content=\"article\" \/>\n<meta property=\"og:title\" content=\"El trailer de MEN IN BLACK: INTERNATIONAL llega con may\u00fasculas\" \/>\n<meta property=\"og:description\" content=\"Ya lo habr\u00e9is visto mil veces, pero aqu\u00ed est\u00e1 el primer trailer de MEN IN BLACK: INTERNATIONAL de F. Gary Gray.\" \/>\n<meta property=\"og:url\" content=\"https:\/\/www.uruloki.org\/felipeblog\/cine-de-ciencia-ficcion\/el-primer-trailer-de-men-in-black-international-llega-con-todas-las-mayusculas-y-casi-nos-deja-ciegos\" \/>\n<meta property=\"og:site_name\" content=\"Uruloki :: Blog\" \/>\n<meta property=\"article:publisher\" content=\"https:\/\/www.facebook.com\/uruloki.org\" \/>\n<meta property=\"article:published_time\" content=\"2018-12-20T21:36:30+00:00\" \/>\n<meta name=\"author\" content=\"Uruloki\" \/>\n<meta name=\"twitter:card\" content=\"summary_large_image\" \/>\n<meta name=\"twitter:image\" content=\"https:\/\/www.uruloki.org\/felipeblog\/imagenes2018\/20181220-mib-international.jpg\" \/>\n<meta name=\"twitter:creator\" content=\"@uruloki\" \/>\n<meta name=\"twitter:site\" content=\"@uruloki\" \/>\n<meta name=\"twitter:label1\" content=\"Escrito por\" \/>\n\t<meta name=\"twitter:data1\" content=\"Uruloki\" \/>\n\t<meta name=\"twitter:label2\" content=\"Tiempo de lectura\" \/>\n\t<meta name=\"twitter:data2\" content=\"1 minuto\" \/>\n<script type=\"application\/ld+json\" class=\"yoast-schema-graph\">{\"@context\":\"https:\/\/schema.org\",\"@graph\":[{\"@type\":\"WebPage\",\"@id\":\"https:\/\/www.uruloki.org\/felipeblog\/cine-de-ciencia-ficcion\/el-primer-trailer-de-men-in-black-international-llega-con-todas-las-mayusculas-y-casi-nos-deja-ciegos\",\"url\":\"https:\/\/www.uruloki.org\/felipeblog\/cine-de-ciencia-ficcion\/el-primer-trailer-de-men-in-black-international-llega-con-todas-las-mayusculas-y-casi-nos-deja-ciegos\",\"name\":\"El trailer de MEN IN BLACK: INTERNATIONAL llega con may\u00fasculas\",\"isPartOf\":{\"@id\":\"https:\/\/www.uruloki.org\/felipeblog\/#website\"},\"datePublished\":\"2018-12-20T21:36:30+00:00\",\"dateModified\":\"2018-12-20T21:36:30+00:00\",\"author\":{\"@id\":\"https:\/\/www.uruloki.org\/felipeblog\/#\/schema\/person\/ddba06ddaa27edf0c370460d05c51bb3\"},\"description\":\"Ya lo habr\u00e9is visto mil veces, pero aqu\u00ed est\u00e1 el primer trailer de MEN IN BLACK: INTERNATIONAL de F. Gary Gray.\",\"breadcrumb\":{\"@id\":\"https:\/\/www.uruloki.org\/felipeblog\/cine-de-ciencia-ficcion\/el-primer-trailer-de-men-in-black-international-llega-con-todas-las-mayusculas-y-casi-nos-deja-ciegos#breadcrumb\"},\"inLanguage\":\"es\",\"potentialAction\":[{\"@type\":\"ReadAction\",\"target\":[\"https:\/\/www.uruloki.org\/felipeblog\/cine-de-ciencia-ficcion\/el-primer-trailer-de-men-in-black-international-llega-con-todas-las-mayusculas-y-casi-nos-deja-ciegos\"]}]},{\"@type\":\"BreadcrumbList\",\"@id\":\"https:\/\/www.uruloki.org\/felipeblog\/cine-de-ciencia-ficcion\/el-primer-trailer-de-men-in-black-international-llega-con-todas-las-mayusculas-y-casi-nos-deja-ciegos#breadcrumb\",\"itemListElement\":[{\"@type\":\"ListItem\",\"position\":1,\"name\":\"Portada\",\"item\":\"https:\/\/www.uruloki.org\/felipeblog\"},{\"@type\":\"ListItem\",\"position\":2,\"name\":\"El primer trailer de MEN IN BLACK: INTERNATIONAL llega con todas las may\u00fasculas y casi nos deja ciegos&#8230;\"}]},{\"@type\":\"WebSite\",\"@id\":\"https:\/\/www.uruloki.org\/felipeblog\/#website\",\"url\":\"https:\/\/www.uruloki.org\/felipeblog\/\",\"name\":\"Uruloki :: Blog\",\"description\":\"Blog de cine, terror, ciencia ficci\u00f3n, fantas\u00eda y c\u00f3mics\",\"potentialAction\":[{\"@type\":\"SearchAction\",\"target\":{\"@type\":\"EntryPoint\",\"urlTemplate\":\"https:\/\/www.uruloki.org\/felipeblog\/?s={search_term_string}\"},\"query-input\":{\"@type\":\"PropertyValueSpecification\",\"valueRequired\":true,\"valueName\":\"search_term_string\"}}],\"inLanguage\":\"es\"},{\"@type\":\"Person\",\"@id\":\"https:\/\/www.uruloki.org\/felipeblog\/#\/schema\/person\/ddba06ddaa27edf0c370460d05c51bb3\",\"name\":\"Uruloki\",\"image\":{\"@type\":\"ImageObject\",\"inLanguage\":\"es\",\"@id\":\"https:\/\/www.uruloki.org\/felipeblog\/#\/schema\/person\/image\/\",\"url\":\"https:\/\/secure.gravatar.com\/avatar\/68d5301c5f52ba88fd63f02c75b8c4d1b3c3fc4b21e2998a1e98c4b3a54d9f7c?s=96&d=mm&r=g\",\"contentUrl\":\"https:\/\/secure.gravatar.com\/avatar\/68d5301c5f52ba88fd63f02c75b8c4d1b3c3fc4b21e2998a1e98c4b3a54d9f7c?s=96&d=mm&r=g\",\"caption\":\"Uruloki\"},\"sameAs\":[\"https:\/\/uruloki.org\"],\"url\":\"https:\/\/www.uruloki.org\/felipeblog\/author\/admin-2-2-2\"}]}<\/script>\n<!-- \/ Yoast SEO plugin. -->","yoast_head_json":{"title":"El trailer de MEN IN BLACK: INTERNATIONAL llega con may\u00fasculas","description":"Ya lo habr\u00e9is visto mil veces, pero aqu\u00ed est\u00e1 el primer trailer de MEN IN BLACK: INTERNATIONAL de F. Gary Gray.","robots":{"index":"index","follow":"follow","max-snippet":"max-snippet:-1","max-image-preview":"max-image-preview:large","max-video-preview":"max-video-preview:-1"},"canonical":"https:\/\/www.uruloki.org\/felipeblog\/cine-de-ciencia-ficcion\/el-primer-trailer-de-men-in-black-international-llega-con-todas-las-mayusculas-y-casi-nos-deja-ciegos","og_locale":"es_ES","og_type":"article","og_title":"El trailer de MEN IN BLACK: INTERNATIONAL llega con may\u00fasculas","og_description":"Ya lo habr\u00e9is visto mil veces, pero aqu\u00ed est\u00e1 el primer trailer de MEN IN BLACK: INTERNATIONAL de F. Gary Gray.","og_url":"https:\/\/www.uruloki.org\/felipeblog\/cine-de-ciencia-ficcion\/el-primer-trailer-de-men-in-black-international-llega-con-todas-las-mayusculas-y-casi-nos-deja-ciegos","og_site_name":"Uruloki :: Blog","article_publisher":"https:\/\/www.facebook.com\/uruloki.org","article_published_time":"2018-12-20T21:36:30+00:00","author":"Uruloki","twitter_card":"summary_large_image","twitter_image":"https:\/\/www.uruloki.org\/felipeblog\/imagenes2018\/20181220-mib-international.jpg","twitter_creator":"@uruloki","twitter_site":"@uruloki","twitter_misc":{"Escrito por":"Uruloki","Tiempo de lectura":"1 minuto"},"schema":{"@context":"https:\/\/schema.org","@graph":[{"@type":"WebPage","@id":"https:\/\/www.uruloki.org\/felipeblog\/cine-de-ciencia-ficcion\/el-primer-trailer-de-men-in-black-international-llega-con-todas-las-mayusculas-y-casi-nos-deja-ciegos","url":"https:\/\/www.uruloki.org\/felipeblog\/cine-de-ciencia-ficcion\/el-primer-trailer-de-men-in-black-international-llega-con-todas-las-mayusculas-y-casi-nos-deja-ciegos","name":"El trailer de MEN IN BLACK: INTERNATIONAL llega con may\u00fasculas","isPartOf":{"@id":"https:\/\/www.uruloki.org\/felipeblog\/#website"},"datePublished":"2018-12-20T21:36:30+00:00","dateModified":"2018-12-20T21:36:30+00:00","author":{"@id":"https:\/\/www.uruloki.org\/felipeblog\/#\/schema\/person\/ddba06ddaa27edf0c370460d05c51bb3"},"description":"Ya lo habr\u00e9is visto mil veces, pero aqu\u00ed est\u00e1 el primer trailer de MEN IN BLACK: INTERNATIONAL de F. Gary Gray.","breadcrumb":{"@id":"https:\/\/www.uruloki.org\/felipeblog\/cine-de-ciencia-ficcion\/el-primer-trailer-de-men-in-black-international-llega-con-todas-las-mayusculas-y-casi-nos-deja-ciegos#breadcrumb"},"inLanguage":"es","potentialAction":[{"@type":"ReadAction","target":["https:\/\/www.uruloki.org\/felipeblog\/cine-de-ciencia-ficcion\/el-primer-trailer-de-men-in-black-international-llega-con-todas-las-mayusculas-y-casi-nos-deja-ciegos"]}]},{"@type":"BreadcrumbList","@id":"https:\/\/www.uruloki.org\/felipeblog\/cine-de-ciencia-ficcion\/el-primer-trailer-de-men-in-black-international-llega-con-todas-las-mayusculas-y-casi-nos-deja-ciegos#breadcrumb","itemListElement":[{"@type":"ListItem","position":1,"name":"Portada","item":"https:\/\/www.uruloki.org\/felipeblog"},{"@type":"ListItem","position":2,"name":"El primer trailer de MEN IN BLACK: INTERNATIONAL llega con todas las may\u00fasculas y casi nos deja ciegos&#8230;"}]},{"@type":"WebSite","@id":"https:\/\/www.uruloki.org\/felipeblog\/#website","url":"https:\/\/www.uruloki.org\/felipeblog\/","name":"Uruloki :: Blog","description":"Blog de cine, terror, ciencia ficci\u00f3n, fantas\u00eda y c\u00f3mics","potentialAction":[{"@type":"SearchAction","target":{"@type":"EntryPoint","urlTemplate":"https:\/\/www.uruloki.org\/felipeblog\/?s={search_term_string}"},"query-input":{"@type":"PropertyValueSpecification","valueRequired":true,"valueName":"search_term_string"}}],"inLanguage":"es"},{"@type":"Person","@id":"https:\/\/www.uruloki.org\/felipeblog\/#\/schema\/person\/ddba06ddaa27edf0c370460d05c51bb3","name":"Uruloki","image":{"@type":"ImageObject","inLanguage":"es","@id":"https:\/\/www.uruloki.org\/felipeblog\/#\/schema\/person\/image\/","url":"https:\/\/secure.gravatar.com\/avatar\/68d5301c5f52ba88fd63f02c75b8c4d1b3c3fc4b21e2998a1e98c4b3a54d9f7c?s=96&d=mm&r=g","contentUrl":"https:\/\/secure.gravatar.com\/avatar\/68d5301c5f52ba88fd63f02c75b8c4d1b3c3fc4b21e2998a1e98c4b3a54d9f7c?s=96&d=mm&r=g","caption":"Uruloki"},"sameAs":["https:\/\/uruloki.org"],"url":"https:\/\/www.uruloki.org\/felipeblog\/author\/admin-2-2-2"}]}},"_links":{"self":[{"href":"https:\/\/www.uruloki.org\/felipeblog\/wp-json\/wp\/v2\/posts\/18347","targetHints":{"allow":["GET"]}}],"collection":[{"href":"https:\/\/www.uruloki.org\/felipeblog\/wp-json\/wp\/v2\/posts"}],"about":[{"href":"https:\/\/www.uruloki.org\/felipeblog\/wp-json\/wp\/v2\/types\/post"}],"author":[{"embeddable":true,"href":"https:\/\/www.uruloki.org\/felipeblog\/wp-json\/wp\/v2\/users\/28"}],"replies":[{"embeddable":true,"href":"https:\/\/www.uruloki.org\/felipeblog\/wp-json\/wp\/v2\/comments?post=18347"}],"version-history":[{"count":1,"href":"https:\/\/www.uruloki.org\/felipeblog\/wp-json\/wp\/v2\/posts\/18347\/revisions"}],"predecessor-version":[{"id":18348,"href":"https:\/\/www.uruloki.org\/felipeblog\/wp-json\/wp\/v2\/posts\/18347\/revisions\/18348"}],"wp:attachment":[{"href":"https:\/\/www.uruloki.org\/felipeblog\/wp-json\/wp\/v2\/media?parent=18347"}],"wp:term":[{"taxonomy":"category","embeddable":true,"href":"https:\/\/www.uruloki.org\/felipeblog\/wp-json\/wp\/v2\/categories?post=18347"},{"taxonomy":"post_tag","embeddable":true,"href":"https:\/\/www.uruloki.org\/felipeblog\/wp-json\/wp\/v2\/tags?post=18347"}],"curies":[{"name":"wp","href":"https:\/\/api.w.org\/{rel}","templated":true}]}}