{"id":18229,"date":"2018-11-05T22:06:13","date_gmt":"2018-11-05T21:06:13","guid":{"rendered":"https:\/\/uruloki.org\/felipeblog\/?p=18229"},"modified":"2018-11-05T22:06:13","modified_gmt":"2018-11-05T21:06:13","slug":"andrew-lincoln-se-despide-de-the-walking-dead-pero-dice-hola-a-the-walking-dead-universe-una-serie-de-peliculas-con-el-como-protagonista-james-wan-confirma-que-aquaman-esta-100-terminada-y","status":"publish","type":"post","link":"https:\/\/www.uruloki.org\/felipeblog\/cine-de-terror\/andrew-lincoln-se-despide-de-the-walking-dead-pero-dice-hola-a-the-walking-dead-universe-una-serie-de-peliculas-con-el-como-protagonista-james-wan-confirma-que-aquaman-esta-100-terminada-y","title":{"rendered":"Andrew Lincoln se despide de \u00abThe Walking Dead\u00bb pero dice hola a \u00abThe Walking Dead Universe\u00bb (una serie de pel\u00edculas con \u00e9l como protagonista), James Wan confirma que Aquaman est\u00e1 100% terminada y que ahora toca esperar al d\u00eda de su estreno, y Fede \u00c1lvarez habla de Don&#8217;t Breathe 2 (posible) y Evil Dead 2 (lejos de serlo)&#8230;"},"content":{"rendered":"<p>Se ve que este pasado fin de semana <strong>Andrew Lincoln<\/strong> ha abandonado de forma definitiva <strong>&quot;The Walking Dead&quot;<\/strong>&#8230; m&aacute;s o menos. Ya en su novena temporada, la serie sigue viviendo pese a los muchos estertores  de muerte que la han rodeando de forma constante durante sus inicios, todos ellos debido a su notable irregularidad (una monta&ntilde;a rusa de sensaciones). Siendo <a href=\"https:\/\/variety.com\/2018\/tv\/news\/walking-dead-season-8-finale-ratings-1202754602\/\" target=\"_blank\">uno de los mayores &eacute;xitos de <strong>AMC<\/strong> a&ntilde;o tras a&ntilde;o<\/a>, estaba claro que el canal no iba a mirar para otro lado y dejar que <strong>Lincoln<\/strong> se desintoxicara de su ya cansino personaje  <em>Rick Grimes<\/em>. Que va, en un movimiento final el canal anuncia que <a href=\"https:\/\/www.comingsoon.net\/movies\/news\/1004975-andrew-lincoln-to-lead-three-the-walking-dead-movies-on-amc?utm_source=rss&amp;utm_medium=rss&amp;utm_campaign=andrew-lincoln-to-lead-three-the-walking-dead-movies-on-amc\" target=\"_blank\"><strong>Lincoln<\/strong> regresar&aacute;, y lo har&aacute; como protagonista de una serie de pel&iacute;culas que est&aacute; escribiendo <strong>Scott M. Gimple<\/strong><\/a> y que como mucho iniciar&aacute;n su producci&oacute;n en el 2019. <\/p>\n<p class=\"centrado\"><img decoding=\"async\" src=\"\/felipeblog\/imagenes2018\/20181105-the-walking-dead.jpg\" alt=\"Andrew Lincoln se despide de &quot;The Walking Dead&quot; pero dice hola a &quot;The Walking Dead Universe&quot;\"><br \/><em>Andrew Lincoln se despide de &quot;The Walking Dead&quot; pero dice hola a &quot;The Walking Dead Universe&quot;<\/em><\/p>\n<p>&iquest;Qu&eacute; m&aacute;s infiernos puede sufrir <em>Rick Grimes<\/em>? Pues se ve que le queda mucho por padecer tras ese adi&oacute;s con la mano que le ha hecho a sus compa&ntilde;eros de fatigas. Y si bien <strong>Lincoln<\/strong> tiene un futuro aparentemente cerrado, no queda claro qu&eacute; pasar&aacute; con sus amigos matazombis. &iquest;La salida de <em>Rick Grimes<\/em> de la historia de <strong>&quot;The Walking Dead&quot;<\/strong> puede suponer el adi&oacute;s del resto de personajes? &iquest;No se da nadie cuenta de que la serie est&aacute; en plena extenuaci&oacute;n? En fin, <strong>Gimple<\/strong> apunta &#8230;<\/p>\n<blockquote>\n<p>Comenzaremos con la primera parte de la continuaci&oacute;n de la historia de Rick Grimes, y hay mucho m&aacute;s en camino, presentando mundos a&uacute;n desconocidos de The Walking Dead y rostros del pasado, as&iacute; como nuevos personajes que esperamos se conviertan en  favoritos. Las historias ser&aacute;n contadas por veteranos de TWD y voces emergentes. Queremos abrir nuevos caminos con historias diferentes y distintas, todas parte del mismo mundo que ha capturado nuestra imaginaci&oacute;n durante casi una D&eacute;cada de los Muertos.<\/p>\n<\/blockquote>\n<p>Cambiando de mundillo, <strong>James Wan<\/strong> anuncia que de forma oficial <strong>Aquaman<\/strong> est&aacute; finalizada. Vamos, de ahora en adelante s&oacute;lo queda promoci&oacute;n. Todo lo relativo a post-producci&oacute;n (VFX, montaje, sonido, etc.) ha llegado a su fin y Wan comparte con el respetable una declaraci&oacute;n donde asegura que han sido d&iacute;as eternos, semanas de siete d&iacute;as y muchas semanas sin un momento de relax. Ahora toca esperar al 28 de diciembre, al menos en Espa&ntilde;a, para poder ver el resultado de muchos meses de trabajo.<\/p>\n<div class=\"twittercentrado\">\n<blockquote class=\"instagram-media\" data-instgrm-captioned data-instgrm-permalink=\"https:\/\/www.instagram.com\/p\/BpvNOBeFpA-\/?utm_source=ig_embed&amp;utm_medium=loading\" data-instgrm-version=\"12\" style=\" background:#FFF; border:0; border-radius:3px; box-shadow:0 0 1px 0 rgba(0,0,0,0.5),0 1px 10px 0 rgba(0,0,0,0.15); margin: 1px; max-width:540px; min-width:326px; padding:0; width:99.375%; width:-webkit-calc(100% - 2px); width:calc(100% - 2px);\">\n<div style=\"padding:16px;\"> <a href=\"https:\/\/www.instagram.com\/p\/BpvNOBeFpA-\/?utm_source=ig_embed&amp;utm_medium=loading\" style=\" background:#FFFFFF; line-height:0; padding:0 0; text-align:center; text-decoration:none; width:100%;\" target=\"_blank\"> <\/p>\n<div style=\" display: flex; flex-direction: row; align-items: center;\">\n<div style=\"background-color: #F4F4F4; border-radius: 50%; flex-grow: 0; height: 40px; margin-right: 14px; width: 40px;\"><\/div>\n<div style=\"display: flex; flex-direction: column; flex-grow: 1; justify-content: center;\">\n<div style=\" background-color: #F4F4F4; border-radius: 4px; flex-grow: 0; height: 14px; margin-bottom: 6px; width: 100px;\"><\/div>\n<div style=\" background-color: #F4F4F4; border-radius: 4px; flex-grow: 0; height: 14px; width: 60px;\"><\/div>\n<\/div>\n<\/div>\n<div style=\"padding: 19% 0;\"><\/div>\n<div style=\"display:block; height:50px; margin:0 auto 12px; width:50px;\"><svg width=\"50px\" height=\"50px\" viewBox=\"0 0 60 60\" version=\"1.1\" xmlns=\"https:\/\/www.w3.org\/2000\/svg\" xmlns:xlink=\"https:\/\/www.w3.org\/1999\/xlink\"><g stroke=\"none\" stroke-width=\"1\" fill=\"none\" fill-rule=\"evenodd\"><g transform=\"translate(-511.000000, -20.000000)\" fill=\"#000000\"><g><path d=\"M556.869,30.41 C554.814,30.41 553.148,32.076 553.148,34.131 C553.148,36.186 554.814,37.852 556.869,37.852 C558.924,37.852 560.59,36.186 560.59,34.131 C560.59,32.076 558.924,30.41 556.869,30.41 M541,60.657 C535.114,60.657 530.342,55.887 530.342,50 C530.342,44.114 535.114,39.342 541,39.342 C546.887,39.342 551.658,44.114 551.658,50 C551.658,55.887 546.887,60.657 541,60.657 M541,33.886 C532.1,33.886 524.886,41.1 524.886,50 C524.886,58.899 532.1,66.113 541,66.113 C549.9,66.113 557.115,58.899 557.115,50 C557.115,41.1 549.9,33.886 541,33.886 M565.378,62.101 C565.244,65.022 564.756,66.606 564.346,67.663 C563.803,69.06 563.154,70.057 562.106,71.106 C561.058,72.155 560.06,72.803 558.662,73.347 C557.607,73.757 556.021,74.244 553.102,74.378 C549.944,74.521 548.997,74.552 541,74.552 C533.003,74.552 532.056,74.521 528.898,74.378 C525.979,74.244 524.393,73.757 523.338,73.347 C521.94,72.803 520.942,72.155 519.894,71.106 C518.846,70.057 518.197,69.06 517.654,67.663 C517.244,66.606 516.755,65.022 516.623,62.101 C516.479,58.943 516.448,57.996 516.448,50 C516.448,42.003 516.479,41.056 516.623,37.899 C516.755,34.978 517.244,33.391 517.654,32.338 C518.197,30.938 518.846,29.942 519.894,28.894 C520.942,27.846 521.94,27.196 523.338,26.654 C524.393,26.244 525.979,25.756 528.898,25.623 C532.057,25.479 533.004,25.448 541,25.448 C548.997,25.448 549.943,25.479 553.102,25.623 C556.021,25.756 557.607,26.244 558.662,26.654 C560.06,27.196 561.058,27.846 562.106,28.894 C563.154,29.942 563.803,30.938 564.346,32.338 C564.756,33.391 565.244,34.978 565.378,37.899 C565.522,41.056 565.552,42.003 565.552,50 C565.552,57.996 565.522,58.943 565.378,62.101 M570.82,37.631 C570.674,34.438 570.167,32.258 569.425,30.349 C568.659,28.377 567.633,26.702 565.965,25.035 C564.297,23.368 562.623,22.342 560.652,21.575 C558.743,20.834 556.562,20.326 553.369,20.18 C550.169,20.033 549.148,20 541,20 C532.853,20 531.831,20.033 528.631,20.18 C525.438,20.326 523.257,20.834 521.349,21.575 C519.376,22.342 517.703,23.368 516.035,25.035 C514.368,26.702 513.342,28.377 512.574,30.349 C511.834,32.258 511.326,34.438 511.181,37.631 C511.035,40.831 511,41.851 511,50 C511,58.147 511.035,59.17 511.181,62.369 C511.326,65.562 511.834,67.743 512.574,69.651 C513.342,71.625 514.368,73.296 516.035,74.965 C517.703,76.634 519.376,77.658 521.349,78.425 C523.257,79.167 525.438,79.673 528.631,79.82 C531.831,79.965 532.853,80.001 541,80.001 C549.148,80.001 550.169,79.965 553.369,79.82 C556.562,79.673 558.743,79.167 560.652,78.425 C562.623,77.658 564.297,76.634 565.965,74.965 C567.633,73.296 568.659,71.625 569.425,69.651 C570.167,67.743 570.674,65.562 570.82,62.369 C570.966,59.17 571,58.147 571,50 C571,41.851 570.966,40.831 570.82,37.631\"><\/path><\/g><\/g><\/g><\/svg><\/div>\n<div style=\"padding-top: 8px;\">\n<div style=\" color:#3897f0; font-family:Arial,sans-serif; font-size:14px; font-style:normal; font-weight:550; line-height:18px;\"> Ver esta publicaci\u00f3n en Instagram<\/div>\n<\/div>\n<div style=\"padding: 12.5% 0;\"><\/div>\n<div style=\"display: flex; flex-direction: row; margin-bottom: 14px; align-items: center;\">\n<div>\n<div style=\"background-color: #F4F4F4; border-radius: 50%; height: 12.5px; width: 12.5px; transform: translateX(0px) translateY(7px);\"><\/div>\n<div style=\"background-color: #F4F4F4; height: 12.5px; transform: rotate(-45deg) translateX(3px) translateY(1px); width: 12.5px; flex-grow: 0; margin-right: 14px; margin-left: 2px;\"><\/div>\n<div style=\"background-color: #F4F4F4; border-radius: 50%; height: 12.5px; width: 12.5px; transform: translateX(9px) translateY(-18px);\"><\/div>\n<\/div>\n<div style=\"margin-left: 8px;\">\n<div style=\" background-color: #F4F4F4; border-radius: 50%; flex-grow: 0; height: 20px; width: 20px;\"><\/div>\n<div style=\" width: 0; height: 0; border-top: 2px solid transparent; border-left: 6px solid #f4f4f4; border-bottom: 2px solid transparent; transform: translateX(16px) translateY(-4px) rotate(30deg)\"><\/div>\n<\/div>\n<div style=\"margin-left: auto;\">\n<div style=\" width: 0px; border-top: 8px solid #F4F4F4; border-right: 8px solid transparent; transform: translateY(16px);\"><\/div>\n<div style=\" background-color: #F4F4F4; flex-grow: 0; height: 12px; width: 16px; transform: translateY(-4px);\"><\/div>\n<div style=\" width: 0; height: 0; border-top: 8px solid #F4F4F4; border-left: 8px solid transparent; transform: translateY(-4px) translateX(8px);\"><\/div>\n<\/div>\n<\/div>\n<p><\/a> <\/p>\n<p style=\" margin:8px 0 0 0; padding:0 4px;\"> <a href=\"https:\/\/www.instagram.com\/p\/BpvNOBeFpA-\/?utm_source=ig_embed&amp;utm_medium=loading\" style=\" color:#000; font-family:Arial,sans-serif; font-size:14px; font-style:normal; font-weight:normal; line-height:17px; text-decoration:none; word-wrap:break-word;\" target=\"_blank\">After two years of consuming and devouring my every waking hour, this little indie movie is finally done. It was a monster undertaking. I can\u2019t THANK enough the amazing post team of VFX\/editorial\/sound for working tirelessly around the clock \u2014 crazy long days, 7 days a week, for many many many weeks without a day off \u2014 towards making this a unique and beautiful film. Everyone poured their heart and soul into it, and I can\u2019t wait to share this 21st December! In the meantime, I\u2019m gonna go take a really long nap now.<\/a><\/p>\n<p style=\" color:#c9c8cd; font-family:Arial,sans-serif; font-size:14px; line-height:17px; margin-bottom:0; margin-top:8px; overflow:hidden; padding:8px 0 7px; text-align:center; text-overflow:ellipsis; white-space:nowrap;\">Una publicaci\u00f3n compartida de <a href=\"https:\/\/www.instagram.com\/creepypuppet\/?utm_source=ig_embed&amp;utm_medium=loading\" style=\" color:#c9c8cd; font-family:Arial,sans-serif; font-size:14px; font-style:normal; font-weight:normal; line-height:17px;\" target=\"_blank\"> James Wan<\/a> (@creepypuppet) el <time style=\" font-family:Arial,sans-serif; font-size:14px; line-height:17px;\" datetime=\"2018-11-04T00:03:13+00:00\">3 Nov, 2018 a las 5:03 PDT<\/time><\/p>\n<\/div>\n<\/blockquote>\n<p> <script async src=\"\/\/www.instagram.com\/embed.js\"><\/script><\/div>\n<p>El punto y final lo pone <a href=\"https:\/\/movieweb.com\/evil-dead-2-remake-dont-breathe-2-updates-director-fede-alvarez\/\" target=\"_blank\"><strong>Fede &Aacute;lvarez <\/strong> confirmando por un lado que el gui&oacute;n de la secuela de <strong>No respires<\/strong> (<em>Don&#8217;t Breathe<\/em>) est&aacute; completado<\/a> y que cree que si se lleva adelante lo har&aacute; antes que la secuela de <strong>Posesi&oacute;n Infernal<\/strong> (<em>Evil Dead<\/em>).<strong> &Aacute;lvarez<\/strong> explica que por interesarle le interesa m&aacute;s sacar <strong>Don&#8217;t Breathe 2<\/strong>, gui&oacute;n escrito por &eacute;l y su habitual colaborador <strong>Rodo Sayagues<\/strong>. <strong>Evil Dead 2<\/strong>, si llega a hacerse, seguramente ser&aacute; un &eacute;xito mayor, es una franquicia asentada con un gran n&uacute;mero de seguidores. Sea como fuere falta mucho para ambos proyectos, pero por ahora la ventaja de <strong>Don&#8217;t Breathe 2<\/strong> es clara, el gui&oacute;n est&aacute; escrito y <strong>Fede &Aacute;lvarez<\/strong>, una vez termine con <strong>Millennium: Lo que no te mata te hace m&aacute;s fuerte<\/strong> (<em>The Girl in the Spider&#8217;s Web<\/em>), se pondr&aacute; manos a la obra ya sea para dirigirlo o al menos producirlo.<\/p>\n","protected":false},"excerpt":{"rendered":"<p>Se ve que este pasado fin de semana Andrew Lincoln ha abandonado de forma definitiva &quot;The Walking Dead&quot;&#8230; m&aacute;s o menos. Ya en su novena temporada, la serie sigue viviendo pese a los muchos estertores de muerte que la han rodeando de forma constante durante sus inicios, todos ellos debido a su notable irregularidad (una [&hellip;]<\/p>\n","protected":false},"author":28,"featured_media":0,"comment_status":"open","ping_status":"open","sticky":false,"template":"","format":"standard","meta":{"footnotes":""},"categories":[10,9],"tags":[967,4160,2706,1010],"class_list":["post-18229","post","type-post","status-publish","format-standard","hentry","category-cine-de-comics","category-cine-de-terror","tag-aquaman","tag-dont-breathe-2","tag-evil-dead-2","tag-the-walking-dead"],"yoast_head":"<!-- This site is optimized with the Yoast SEO plugin v24.3 - https:\/\/yoast.com\/wordpress\/plugins\/seo\/ -->\n<title>Andrew Lincoln se despide de &quot;The Walking Dead&quot; pero dice hola a &quot;The Walking Dead Universe&quot;<\/title>\n<meta name=\"description\" content=\"Se ve que este pasado fin de semana Andrew Lincoln ha abandonado de forma definitiva &quot;The Walking Dead&quot;... m\u00e1s o menos. \u00a1Llegan pel\u00edculas y mucho m\u00e1s!\" \/>\n<meta name=\"robots\" content=\"index, follow, max-snippet:-1, max-image-preview:large, max-video-preview:-1\" \/>\n<link rel=\"canonical\" href=\"https:\/\/www.uruloki.org\/felipeblog\/cine-de-terror\/andrew-lincoln-se-despide-de-the-walking-dead-pero-dice-hola-a-the-walking-dead-universe-una-serie-de-peliculas-con-el-como-protagonista-james-wan-confirma-que-aquaman-esta-100-terminada-y\" \/>\n<meta property=\"og:locale\" content=\"es_ES\" \/>\n<meta property=\"og:type\" content=\"article\" \/>\n<meta property=\"og:title\" content=\"Andrew Lincoln se despide de &quot;The Walking Dead&quot; pero dice hola a &quot;The Walking Dead Universe&quot;\" \/>\n<meta property=\"og:description\" content=\"Se ve que este pasado fin de semana Andrew Lincoln ha abandonado de forma definitiva &quot;The Walking Dead&quot;... m\u00e1s o menos. \u00a1Llegan pel\u00edculas y mucho m\u00e1s!\" \/>\n<meta property=\"og:url\" content=\"https:\/\/www.uruloki.org\/felipeblog\/cine-de-terror\/andrew-lincoln-se-despide-de-the-walking-dead-pero-dice-hola-a-the-walking-dead-universe-una-serie-de-peliculas-con-el-como-protagonista-james-wan-confirma-que-aquaman-esta-100-terminada-y\" \/>\n<meta property=\"og:site_name\" content=\"Uruloki :: Blog\" \/>\n<meta property=\"article:publisher\" content=\"https:\/\/www.facebook.com\/uruloki.org\" \/>\n<meta property=\"article:published_time\" content=\"2018-11-05T21:06:13+00:00\" \/>\n<meta name=\"author\" content=\"Uruloki\" \/>\n<meta name=\"twitter:card\" content=\"summary_large_image\" \/>\n<meta name=\"twitter:image\" content=\"https:\/\/www.uruloki.org\/felipeblog\/imagenes2018\/20181105-the-walking-dead.jpg\" \/>\n<meta name=\"twitter:creator\" content=\"@uruloki\" \/>\n<meta name=\"twitter:site\" content=\"@uruloki\" \/>\n<meta name=\"twitter:label1\" content=\"Escrito por\" \/>\n\t<meta name=\"twitter:data1\" content=\"Uruloki\" \/>\n\t<meta name=\"twitter:label2\" content=\"Tiempo de lectura\" \/>\n\t<meta name=\"twitter:data2\" content=\"4 minutos\" \/>\n<script type=\"application\/ld+json\" class=\"yoast-schema-graph\">{\"@context\":\"https:\/\/schema.org\",\"@graph\":[{\"@type\":\"WebPage\",\"@id\":\"https:\/\/www.uruloki.org\/felipeblog\/cine-de-terror\/andrew-lincoln-se-despide-de-the-walking-dead-pero-dice-hola-a-the-walking-dead-universe-una-serie-de-peliculas-con-el-como-protagonista-james-wan-confirma-que-aquaman-esta-100-terminada-y\",\"url\":\"https:\/\/www.uruloki.org\/felipeblog\/cine-de-terror\/andrew-lincoln-se-despide-de-the-walking-dead-pero-dice-hola-a-the-walking-dead-universe-una-serie-de-peliculas-con-el-como-protagonista-james-wan-confirma-que-aquaman-esta-100-terminada-y\",\"name\":\"Andrew Lincoln se despide de \\\"The Walking Dead\\\" pero dice hola a \\\"The Walking Dead Universe\\\"\",\"isPartOf\":{\"@id\":\"https:\/\/www.uruloki.org\/felipeblog\/#website\"},\"datePublished\":\"2018-11-05T21:06:13+00:00\",\"dateModified\":\"2018-11-05T21:06:13+00:00\",\"author\":{\"@id\":\"https:\/\/www.uruloki.org\/felipeblog\/#\/schema\/person\/ddba06ddaa27edf0c370460d05c51bb3\"},\"description\":\"Se ve que este pasado fin de semana Andrew Lincoln ha abandonado de forma definitiva \\\"The Walking Dead\\\"... m\u00e1s o menos. \u00a1Llegan pel\u00edculas y mucho m\u00e1s!\",\"breadcrumb\":{\"@id\":\"https:\/\/www.uruloki.org\/felipeblog\/cine-de-terror\/andrew-lincoln-se-despide-de-the-walking-dead-pero-dice-hola-a-the-walking-dead-universe-una-serie-de-peliculas-con-el-como-protagonista-james-wan-confirma-que-aquaman-esta-100-terminada-y#breadcrumb\"},\"inLanguage\":\"es\",\"potentialAction\":[{\"@type\":\"ReadAction\",\"target\":[\"https:\/\/www.uruloki.org\/felipeblog\/cine-de-terror\/andrew-lincoln-se-despide-de-the-walking-dead-pero-dice-hola-a-the-walking-dead-universe-una-serie-de-peliculas-con-el-como-protagonista-james-wan-confirma-que-aquaman-esta-100-terminada-y\"]}]},{\"@type\":\"BreadcrumbList\",\"@id\":\"https:\/\/www.uruloki.org\/felipeblog\/cine-de-terror\/andrew-lincoln-se-despide-de-the-walking-dead-pero-dice-hola-a-the-walking-dead-universe-una-serie-de-peliculas-con-el-como-protagonista-james-wan-confirma-que-aquaman-esta-100-terminada-y#breadcrumb\",\"itemListElement\":[{\"@type\":\"ListItem\",\"position\":1,\"name\":\"Portada\",\"item\":\"https:\/\/www.uruloki.org\/felipeblog\"},{\"@type\":\"ListItem\",\"position\":2,\"name\":\"Andrew Lincoln se despide de \u00abThe Walking Dead\u00bb pero dice hola a \u00abThe Walking Dead Universe\u00bb (una serie de pel\u00edculas con \u00e9l como protagonista), James Wan confirma que Aquaman est\u00e1 100% terminada y que ahora toca esperar al d\u00eda de su estreno, y Fede \u00c1lvarez habla de Don&#8217;t Breathe 2 (posible) y Evil Dead 2 (lejos de serlo)&#8230;\"}]},{\"@type\":\"WebSite\",\"@id\":\"https:\/\/www.uruloki.org\/felipeblog\/#website\",\"url\":\"https:\/\/www.uruloki.org\/felipeblog\/\",\"name\":\"Uruloki :: Blog\",\"description\":\"Blog de cine, terror, ciencia ficci\u00f3n, fantas\u00eda y c\u00f3mics\",\"potentialAction\":[{\"@type\":\"SearchAction\",\"target\":{\"@type\":\"EntryPoint\",\"urlTemplate\":\"https:\/\/www.uruloki.org\/felipeblog\/?s={search_term_string}\"},\"query-input\":{\"@type\":\"PropertyValueSpecification\",\"valueRequired\":true,\"valueName\":\"search_term_string\"}}],\"inLanguage\":\"es\"},{\"@type\":\"Person\",\"@id\":\"https:\/\/www.uruloki.org\/felipeblog\/#\/schema\/person\/ddba06ddaa27edf0c370460d05c51bb3\",\"name\":\"Uruloki\",\"image\":{\"@type\":\"ImageObject\",\"inLanguage\":\"es\",\"@id\":\"https:\/\/www.uruloki.org\/felipeblog\/#\/schema\/person\/image\/\",\"url\":\"https:\/\/secure.gravatar.com\/avatar\/68d5301c5f52ba88fd63f02c75b8c4d1b3c3fc4b21e2998a1e98c4b3a54d9f7c?s=96&d=mm&r=g\",\"contentUrl\":\"https:\/\/secure.gravatar.com\/avatar\/68d5301c5f52ba88fd63f02c75b8c4d1b3c3fc4b21e2998a1e98c4b3a54d9f7c?s=96&d=mm&r=g\",\"caption\":\"Uruloki\"},\"sameAs\":[\"https:\/\/uruloki.org\"],\"url\":\"https:\/\/www.uruloki.org\/felipeblog\/author\/admin-2-2-2\"}]}<\/script>\n<!-- \/ Yoast SEO plugin. -->","yoast_head_json":{"title":"Andrew Lincoln se despide de \"The Walking Dead\" pero dice hola a \"The Walking Dead Universe\"","description":"Se ve que este pasado fin de semana Andrew Lincoln ha abandonado de forma definitiva \"The Walking Dead\"... m\u00e1s o menos. \u00a1Llegan pel\u00edculas y mucho m\u00e1s!","robots":{"index":"index","follow":"follow","max-snippet":"max-snippet:-1","max-image-preview":"max-image-preview:large","max-video-preview":"max-video-preview:-1"},"canonical":"https:\/\/www.uruloki.org\/felipeblog\/cine-de-terror\/andrew-lincoln-se-despide-de-the-walking-dead-pero-dice-hola-a-the-walking-dead-universe-una-serie-de-peliculas-con-el-como-protagonista-james-wan-confirma-que-aquaman-esta-100-terminada-y","og_locale":"es_ES","og_type":"article","og_title":"Andrew Lincoln se despide de \"The Walking Dead\" pero dice hola a \"The Walking Dead Universe\"","og_description":"Se ve que este pasado fin de semana Andrew Lincoln ha abandonado de forma definitiva \"The Walking Dead\"... m\u00e1s o menos. \u00a1Llegan pel\u00edculas y mucho m\u00e1s!","og_url":"https:\/\/www.uruloki.org\/felipeblog\/cine-de-terror\/andrew-lincoln-se-despide-de-the-walking-dead-pero-dice-hola-a-the-walking-dead-universe-una-serie-de-peliculas-con-el-como-protagonista-james-wan-confirma-que-aquaman-esta-100-terminada-y","og_site_name":"Uruloki :: Blog","article_publisher":"https:\/\/www.facebook.com\/uruloki.org","article_published_time":"2018-11-05T21:06:13+00:00","author":"Uruloki","twitter_card":"summary_large_image","twitter_image":"https:\/\/www.uruloki.org\/felipeblog\/imagenes2018\/20181105-the-walking-dead.jpg","twitter_creator":"@uruloki","twitter_site":"@uruloki","twitter_misc":{"Escrito por":"Uruloki","Tiempo de lectura":"4 minutos"},"schema":{"@context":"https:\/\/schema.org","@graph":[{"@type":"WebPage","@id":"https:\/\/www.uruloki.org\/felipeblog\/cine-de-terror\/andrew-lincoln-se-despide-de-the-walking-dead-pero-dice-hola-a-the-walking-dead-universe-una-serie-de-peliculas-con-el-como-protagonista-james-wan-confirma-que-aquaman-esta-100-terminada-y","url":"https:\/\/www.uruloki.org\/felipeblog\/cine-de-terror\/andrew-lincoln-se-despide-de-the-walking-dead-pero-dice-hola-a-the-walking-dead-universe-una-serie-de-peliculas-con-el-como-protagonista-james-wan-confirma-que-aquaman-esta-100-terminada-y","name":"Andrew Lincoln se despide de \"The Walking Dead\" pero dice hola a \"The Walking Dead Universe\"","isPartOf":{"@id":"https:\/\/www.uruloki.org\/felipeblog\/#website"},"datePublished":"2018-11-05T21:06:13+00:00","dateModified":"2018-11-05T21:06:13+00:00","author":{"@id":"https:\/\/www.uruloki.org\/felipeblog\/#\/schema\/person\/ddba06ddaa27edf0c370460d05c51bb3"},"description":"Se ve que este pasado fin de semana Andrew Lincoln ha abandonado de forma definitiva \"The Walking Dead\"... m\u00e1s o menos. \u00a1Llegan pel\u00edculas y mucho m\u00e1s!","breadcrumb":{"@id":"https:\/\/www.uruloki.org\/felipeblog\/cine-de-terror\/andrew-lincoln-se-despide-de-the-walking-dead-pero-dice-hola-a-the-walking-dead-universe-una-serie-de-peliculas-con-el-como-protagonista-james-wan-confirma-que-aquaman-esta-100-terminada-y#breadcrumb"},"inLanguage":"es","potentialAction":[{"@type":"ReadAction","target":["https:\/\/www.uruloki.org\/felipeblog\/cine-de-terror\/andrew-lincoln-se-despide-de-the-walking-dead-pero-dice-hola-a-the-walking-dead-universe-una-serie-de-peliculas-con-el-como-protagonista-james-wan-confirma-que-aquaman-esta-100-terminada-y"]}]},{"@type":"BreadcrumbList","@id":"https:\/\/www.uruloki.org\/felipeblog\/cine-de-terror\/andrew-lincoln-se-despide-de-the-walking-dead-pero-dice-hola-a-the-walking-dead-universe-una-serie-de-peliculas-con-el-como-protagonista-james-wan-confirma-que-aquaman-esta-100-terminada-y#breadcrumb","itemListElement":[{"@type":"ListItem","position":1,"name":"Portada","item":"https:\/\/www.uruloki.org\/felipeblog"},{"@type":"ListItem","position":2,"name":"Andrew Lincoln se despide de \u00abThe Walking Dead\u00bb pero dice hola a \u00abThe Walking Dead Universe\u00bb (una serie de pel\u00edculas con \u00e9l como protagonista), James Wan confirma que Aquaman est\u00e1 100% terminada y que ahora toca esperar al d\u00eda de su estreno, y Fede \u00c1lvarez habla de Don&#8217;t Breathe 2 (posible) y Evil Dead 2 (lejos de serlo)&#8230;"}]},{"@type":"WebSite","@id":"https:\/\/www.uruloki.org\/felipeblog\/#website","url":"https:\/\/www.uruloki.org\/felipeblog\/","name":"Uruloki :: Blog","description":"Blog de cine, terror, ciencia ficci\u00f3n, fantas\u00eda y c\u00f3mics","potentialAction":[{"@type":"SearchAction","target":{"@type":"EntryPoint","urlTemplate":"https:\/\/www.uruloki.org\/felipeblog\/?s={search_term_string}"},"query-input":{"@type":"PropertyValueSpecification","valueRequired":true,"valueName":"search_term_string"}}],"inLanguage":"es"},{"@type":"Person","@id":"https:\/\/www.uruloki.org\/felipeblog\/#\/schema\/person\/ddba06ddaa27edf0c370460d05c51bb3","name":"Uruloki","image":{"@type":"ImageObject","inLanguage":"es","@id":"https:\/\/www.uruloki.org\/felipeblog\/#\/schema\/person\/image\/","url":"https:\/\/secure.gravatar.com\/avatar\/68d5301c5f52ba88fd63f02c75b8c4d1b3c3fc4b21e2998a1e98c4b3a54d9f7c?s=96&d=mm&r=g","contentUrl":"https:\/\/secure.gravatar.com\/avatar\/68d5301c5f52ba88fd63f02c75b8c4d1b3c3fc4b21e2998a1e98c4b3a54d9f7c?s=96&d=mm&r=g","caption":"Uruloki"},"sameAs":["https:\/\/uruloki.org"],"url":"https:\/\/www.uruloki.org\/felipeblog\/author\/admin-2-2-2"}]}},"_links":{"self":[{"href":"https:\/\/www.uruloki.org\/felipeblog\/wp-json\/wp\/v2\/posts\/18229","targetHints":{"allow":["GET"]}}],"collection":[{"href":"https:\/\/www.uruloki.org\/felipeblog\/wp-json\/wp\/v2\/posts"}],"about":[{"href":"https:\/\/www.uruloki.org\/felipeblog\/wp-json\/wp\/v2\/types\/post"}],"author":[{"embeddable":true,"href":"https:\/\/www.uruloki.org\/felipeblog\/wp-json\/wp\/v2\/users\/28"}],"replies":[{"embeddable":true,"href":"https:\/\/www.uruloki.org\/felipeblog\/wp-json\/wp\/v2\/comments?post=18229"}],"version-history":[{"count":1,"href":"https:\/\/www.uruloki.org\/felipeblog\/wp-json\/wp\/v2\/posts\/18229\/revisions"}],"predecessor-version":[{"id":18230,"href":"https:\/\/www.uruloki.org\/felipeblog\/wp-json\/wp\/v2\/posts\/18229\/revisions\/18230"}],"wp:attachment":[{"href":"https:\/\/www.uruloki.org\/felipeblog\/wp-json\/wp\/v2\/media?parent=18229"}],"wp:term":[{"taxonomy":"category","embeddable":true,"href":"https:\/\/www.uruloki.org\/felipeblog\/wp-json\/wp\/v2\/categories?post=18229"},{"taxonomy":"post_tag","embeddable":true,"href":"https:\/\/www.uruloki.org\/felipeblog\/wp-json\/wp\/v2\/tags?post=18229"}],"curies":[{"name":"wp","href":"https:\/\/api.w.org\/{rel}","templated":true}]}}