{"id":18223,"date":"2018-11-01T22:29:29","date_gmt":"2018-11-01T21:29:29","guid":{"rendered":"https:\/\/uruloki.org\/felipeblog\/?p=18223"},"modified":"2018-11-01T22:30:28","modified_gmt":"2018-11-01T21:30:28","slug":"todo-apunta-a-que-ewan-mcgregor-sera-black-mask-en-birds-of-prey-de-warner-bros-dc-films-primer-vistazo-oficial-a-sylvester-stallone-como-john-rambo-en-rambo-v-last-blood-penny-dreadful-regr","status":"publish","type":"post","link":"https:\/\/www.uruloki.org\/felipeblog\/cine-de-comics\/todo-apunta-a-que-ewan-mcgregor-sera-black-mask-en-birds-of-prey-de-warner-bros-dc-films-primer-vistazo-oficial-a-sylvester-stallone-como-john-rambo-en-rambo-v-last-blood-penny-dreadful-regr","title":{"rendered":"Todo apunta a que Ewan McGregor ser\u00e1 Black Mask en Birds of Prey de Warner Bros. \/ DC Films, primer vistazo oficial a Sylvester Stallone como John Rambo en Rambo V: Last Blood, \u00abPenny Dreadful\u00bb regresar\u00e1 como secuela titulada \u00abPenny Dreadful: City of Angels\u00bb y en otra \u00e9poca y lugar (Los Angeles 1930), The Meg 2 va adelante y tambi\u00e9n la adaptaci\u00f3n de \u00abJoyland\u00bb de Stephen King, junto a este buen cartel IMAX de Overlord&#8230;"},"content":{"rendered":"<p>Venga, vamos con una entrada rapidita mientras veo por en&eacute;sima vez  la fabulosa <strong>Amor a quemarropa<\/strong> (<em>True Romance<\/em>). Arranco fuerte con el anuncio de Variety que coloca a <a href=\"https:\/\/variety.com\/2018\/film\/news\/ewan-mcgregor-black-mask-birds-of-prey-1203017487\/\" target=\"_blank\"><strong>Ewan McGregor<\/strong> como villano principal de <strong>Birds of Prey<\/strong><\/a> de <strong>Cathy Yan<\/strong>. <a href=\"https:\/\/uruloki.org\/felipeblog\/cine-de-comics\/que-villano-de-batman-nunca-visto-plantara-cara-a-birds-of-prey-pues-se-ve-que-el-mafioso-extremo-mascara-negra-dc-films-quiere-ver-a-supergirl-surcando-los-cielos-y-ha-puesto-a-un-guionista-a\">Se sab&iacute;a que <em>M&aacute;scara Negra<\/em> iba a ser el villano elegido desde el mes de agosto<\/a>, un villano inusual, un criminal de los bajos fondos de <em>Gotham<\/em> y l&iacute;der de la <em>Sociedad de Caras Falsas<\/em>. El tema es que <em>Roman Sionis<\/em>, la identidad de <em>Black Mas<\/em>, tuvo relaci&oacute;n con la familia <em>Wayne<\/em> y por lo tanto con <em>Bruce Wayne<\/em>, Esta relaci&oacute;n, basada en el odio transmitido por sus padres hacia los <em>Wayne<\/em>, se fue acrecentando hasta acabar provocando su transformaci&oacute;n en <em>M&aacute;scara Negra<\/em>. Todo apunta a que <strong>McGregor<\/strong>, que ya <a href=\"https:\/\/uruloki.org\/felipeblog\/cine-de-comics\/jurnee-smollett-bell-y-mary-elizabeth-winstead-seran-respectivamente-black-canary-y-huntress-en-birds-of-prey-quentin-tarantino-encuentra-en-bruce-dern-el-sustituto-de-burt-reynolds-para-once-upon-a\">figuraba como opci&oacute;n tras el fichaje de <strong>Jurnee Smollett-Bell<\/strong> y <strong>Mary Elizabeth Winstead<\/strong><\/a> para ser respectivamente <em>Black Canary<\/em> y <em>Huntress<\/em>, ha cuajado porque ahora mismo trabaja ya para <strong>Warner Bros.<\/strong> en <strong>Doctor Sleep<\/strong>, donde es el adulto <em>Danny Torrance<\/em>. En fin, si recapitulamos tenemos a <strong>Margot Robbie<\/strong> como <em>Harley Quinn<\/em>, junto a las ya mencionadas  <strong>Smollett-Bell<\/strong> como <em>Black Canary<\/em> y <strong>Winstead<\/strong> como <em>Huntress<\/em>, las tres zurr&aacute;ndose con <strong>Ewan McGregor<\/strong> aka <em>Black Mask<\/em>, y todo bajo el ojo de  <strong>Rosie Perez<\/strong> como la polic&iacute;a <em>Renee Montoya<\/em>.<\/p>\n<p class=\"centrado\"><img decoding=\"async\" src=\"\/felipeblog\/imagenes2018\/20181101-black-mask.jpg\" alt=\"Ewan McGregor ser&aacute; Black Mask en Birds of Prey\"><br \/><em>Ewan McGregor ser&aacute; Black Mask en Birds of Prey<\/em><\/p>\n<p>Tenemos tambi&eacute;n, cortes&iacute;a de <strong>Lionsgate<\/strong>, la primera imagen oficial de <strong>Sylvester Stallone<\/strong> como <em>John Rambo<\/em> en <strong>Rambo V: Last Blood<\/strong> de <strong>Adrian Grunberg<\/strong>. Por ahora una cosa queda clara&#8230; llueve en la tierra de <em>John Rambo<\/em>. Como se rueda en Espa&ntilde;a han aprovechado y <strong>&Oacute;scar Jaenada<\/strong>, <strong>Paz Vega<\/strong> y <strong>Sergio Peris-Mencheta<\/strong> estar&aacute;n ah&iacute; junto al mito <strong>Stallone<\/strong> pas&aacute;ndolo seguramente que no muy bien (sobre todo el &uacute;ltimo que es el gran villano).<\/p>\n<div class=\"twittercentrado\">\n<blockquote class=\"twitter-tweet\" data-lang=\"es\">\n<p lang=\"en\" dir=\"ltr\">Time to become war. <a href=\"https:\/\/twitter.com\/TheSlyStallone?ref_src=twsrc%5Etfw\" target=\"_blank\">@TheSlyStallone<\/a> is back with your first look at Rambo V: Last Blood. <a href=\"https:\/\/twitter.com\/hashtag\/RamboV?src=hash&amp;ref_src=twsrc%5Etfw\" target=\"_blank\">#RamboV<\/a> <a href=\"https:\/\/t.co\/b1vWEbC3Qz\" target=\"_blank\">pic.twitter.com\/b1vWEbC3Qz<\/a><\/p>\n<p>&mdash; Lionsgate Movies (@Lionsgate) <a href=\"https:\/\/twitter.com\/Lionsgate\/status\/1058042034072637440?ref_src=twsrc%5Etfw\" target=\"_blank\">1 de noviembre de 2018<\/a><\/p><\/blockquote>\n<p><script async src=\"https:\/\/platform.twitter.com\/widgets.js\" charset=\"utf-8\"><\/script><\/div>\n<p>Tenemos tambi&eacute;n <a href=\"https:\/\/www.slashfilm.com\/penny-dreadful-city-of-angels\/\" target=\"_blank\">anuncio de que la cancelada <strong>&quot;Penny Dreadful&quot;<\/strong> revive, o bueno, casi<\/a>. Revive pero en forma de secuela titulada <strong>&quot;Penny Dreadful: City of Angels&quot;<\/strong> con <strong>John Logan<\/strong> volviendo como creador y trasladando los terrores de la era victoriana al Los Angeles de los a&ntilde;os 30. No se cree que regrese nadie de la serie original, pena de <strong>Eva Green<\/strong> que era una diosa, pero en boca de <strong>Logan<\/strong>:<\/p>\n<blockquote>\n<p>Nos enfrentaremos a cuestiones pol&iacute;ticas, religiosas, sociales y raciales espec&iacute;ficas, hist&oacute;ricas y reales del mundo. En 1938, Los Angeles se enfrentaba a algunas preguntas dif&iacute;ciles sobre su futuro y su alma. Nuestros personajes deben hacer lo mismo. No hay respuestas f&aacute;ciles. S&oacute;lo hay preguntas poderosas y desaf&iacute;os morales fascinantes. Como siempre en el mundo de Penny Dreadful, no hay h&eacute;roes ni villanos en este mundo, s&oacute;lo protagonistas y antagonistas; personajes complicados y conflictivos que viven en el punto de apoyo de la elecci&oacute;n moral.<\/p>\n<\/blockquote>\n<p>Se plantea un inicio de producci&oacute;n a principios del 2019.<\/p>\n<p class=\"centrado\"><img decoding=\"async\" src=\"\/felipeblog\/imagenes2018\/20181101-penny-dreadful-city-of-angels.jpg\" alt=\"Primer cartel de &quot;Penny Dreadful: City of Angels&quot;\"><br \/><em>Primer cartel de &quot;Penny Dreadful: City of Angels&quot;<\/em><\/p>\n<p>Para rematar un par de breves. Hay tambores que suenan indicando que <a href=\"https:\/\/deadline.com\/2018\/10\/the-meg-2-early-development-warner-bros-china-1202492498\/\" target=\"_blank\"><strong>The Meg 2<\/strong>, tan innecesaria como la primera parte, comienza a fraguarse<\/a>. La verdad, 527 millones recaudados a nivel mundial son muchas razones para hacer una secuela por muy mala que sea. <a href=\"https:\/\/deadline.com\/2018\/10\/stephen-king-joyland-novel-adapted-tv-series-freeform-1202492978\/\" target=\"_blank\">La novela <strong>&quot;Joyland&quot;<\/strong> de <strong>Stephen King<\/strong> ser&aacute; llevada a la televisi&oacute;n por parte de <strong>Freeform<\/strong><\/a> con <strong>Chris Pe&ntilde;a<\/strong> (<em>&quot;Jane the Virgin&quot;<\/em>) y <strong>Cyrus Nowrasteh<\/strong> escribiendo. <strong>&quot;Joyland&quot;<\/strong> contar&aacute; la historia de <em>Devin<\/em>, un estudiante universitario que acepta un trabajo de verano en un parque de atracciones en un pueblo tur&iacute;stico de Carolina del Norte. All&iacute; deber&aacute; hacer frente al legado de un asesinato perturbador y al destino de un ni&ntilde;o moribundo. Ambos elementos cambiar&aacute;n su vida para siempre.<\/p>\n<p class=\"centrado\"><img decoding=\"async\" src=\"\/felipeblog\/imagenes2018\/20181101-overlord.jpg\" alt=\"Cartel IMAX de Overlord... ya falta menos\"><br \/><em>Cartel IMAX de Overlord&#8230; ya falta menos<\/em><\/p>\n","protected":false},"excerpt":{"rendered":"<p>Venga, vamos con una entrada rapidita mientras veo por en&eacute;sima vez la fabulosa Amor a quemarropa (True Romance). Arranco fuerte con el anuncio de Variety que coloca a Ewan McGregor como villano principal de Birds of Prey de Cathy Yan. Se sab&iacute;a que M&aacute;scara Negra iba a ser el villano elegido desde el mes de [&hellip;]<\/p>\n","protected":false},"author":28,"featured_media":0,"comment_status":"open","ping_status":"open","sticky":false,"template":"","format":"standard","meta":{"footnotes":""},"categories":[6,10,8,9],"tags":[3996,4156,3708,2420,4154,4153,4155],"class_list":["post-18223","post","type-post","status-publish","format-standard","hentry","category-cine","category-cine-de-comics","category-cine-de-ciencia-ficcion","category-cine-de-terror","tag-birds-of-prey","tag-joyland","tag-overlord","tag-penny-dreadful","tag-penny-dreadful-city-of-angels","tag-rambo-v-last-blood","tag-the-meg-2"],"yoast_head":"<!-- This site is optimized with the Yoast SEO plugin v24.3 - https:\/\/yoast.com\/wordpress\/plugins\/seo\/ -->\n<title>Todo apunta a que Ewan McGregor ser\u00e1 Black Mask en Birds of Prey de Warner Bros. \/ DC Films<\/title>\n<meta name=\"description\" content=\"Arranco fuerte con el anuncio de Variety que coloca a Ewan McGregor como villano principal de Birds of Prey de Cathy Yan. \u00a1Llega Black Mask!\" \/>\n<meta name=\"robots\" content=\"index, follow, max-snippet:-1, max-image-preview:large, max-video-preview:-1\" \/>\n<link rel=\"canonical\" href=\"https:\/\/www.uruloki.org\/felipeblog\/cine-de-comics\/todo-apunta-a-que-ewan-mcgregor-sera-black-mask-en-birds-of-prey-de-warner-bros-dc-films-primer-vistazo-oficial-a-sylvester-stallone-como-john-rambo-en-rambo-v-last-blood-penny-dreadful-regr\" \/>\n<meta property=\"og:locale\" content=\"es_ES\" \/>\n<meta property=\"og:type\" content=\"article\" \/>\n<meta property=\"og:title\" content=\"Todo apunta a que Ewan McGregor ser\u00e1 Black Mask en Birds of Prey de Warner Bros. \/ DC Films\" \/>\n<meta property=\"og:description\" content=\"Arranco fuerte con el anuncio de Variety que coloca a Ewan McGregor como villano principal de Birds of Prey de Cathy Yan. \u00a1Llega Black Mask!\" \/>\n<meta property=\"og:url\" content=\"https:\/\/www.uruloki.org\/felipeblog\/cine-de-comics\/todo-apunta-a-que-ewan-mcgregor-sera-black-mask-en-birds-of-prey-de-warner-bros-dc-films-primer-vistazo-oficial-a-sylvester-stallone-como-john-rambo-en-rambo-v-last-blood-penny-dreadful-regr\" \/>\n<meta property=\"og:site_name\" content=\"Uruloki :: Blog\" \/>\n<meta property=\"article:publisher\" content=\"https:\/\/www.facebook.com\/uruloki.org\" \/>\n<meta property=\"article:published_time\" content=\"2018-11-01T21:29:29+00:00\" \/>\n<meta property=\"article:modified_time\" content=\"2018-11-01T21:30:28+00:00\" \/>\n<meta name=\"author\" content=\"Uruloki\" \/>\n<meta name=\"twitter:card\" content=\"summary_large_image\" \/>\n<meta name=\"twitter:image\" content=\"https:\/\/www.uruloki.org\/felipeblog\/imagenes2018\/20181101-black-mask.jpg\" \/>\n<meta name=\"twitter:creator\" content=\"@uruloki\" \/>\n<meta name=\"twitter:site\" content=\"@uruloki\" \/>\n<meta name=\"twitter:label1\" content=\"Escrito por\" \/>\n\t<meta name=\"twitter:data1\" content=\"Uruloki\" \/>\n\t<meta name=\"twitter:label2\" content=\"Tiempo de lectura\" \/>\n\t<meta name=\"twitter:data2\" content=\"4 minutos\" \/>\n<script type=\"application\/ld+json\" class=\"yoast-schema-graph\">{\"@context\":\"https:\/\/schema.org\",\"@graph\":[{\"@type\":\"WebPage\",\"@id\":\"https:\/\/www.uruloki.org\/felipeblog\/cine-de-comics\/todo-apunta-a-que-ewan-mcgregor-sera-black-mask-en-birds-of-prey-de-warner-bros-dc-films-primer-vistazo-oficial-a-sylvester-stallone-como-john-rambo-en-rambo-v-last-blood-penny-dreadful-regr\",\"url\":\"https:\/\/www.uruloki.org\/felipeblog\/cine-de-comics\/todo-apunta-a-que-ewan-mcgregor-sera-black-mask-en-birds-of-prey-de-warner-bros-dc-films-primer-vistazo-oficial-a-sylvester-stallone-como-john-rambo-en-rambo-v-last-blood-penny-dreadful-regr\",\"name\":\"Todo apunta a que Ewan McGregor ser\u00e1 Black Mask en Birds of Prey de Warner Bros. \/ DC Films\",\"isPartOf\":{\"@id\":\"https:\/\/www.uruloki.org\/felipeblog\/#website\"},\"datePublished\":\"2018-11-01T21:29:29+00:00\",\"dateModified\":\"2018-11-01T21:30:28+00:00\",\"author\":{\"@id\":\"https:\/\/www.uruloki.org\/felipeblog\/#\/schema\/person\/ddba06ddaa27edf0c370460d05c51bb3\"},\"description\":\"Arranco fuerte con el anuncio de Variety que coloca a Ewan McGregor como villano principal de Birds of Prey de Cathy Yan. \u00a1Llega Black Mask!\",\"breadcrumb\":{\"@id\":\"https:\/\/www.uruloki.org\/felipeblog\/cine-de-comics\/todo-apunta-a-que-ewan-mcgregor-sera-black-mask-en-birds-of-prey-de-warner-bros-dc-films-primer-vistazo-oficial-a-sylvester-stallone-como-john-rambo-en-rambo-v-last-blood-penny-dreadful-regr#breadcrumb\"},\"inLanguage\":\"es\",\"potentialAction\":[{\"@type\":\"ReadAction\",\"target\":[\"https:\/\/www.uruloki.org\/felipeblog\/cine-de-comics\/todo-apunta-a-que-ewan-mcgregor-sera-black-mask-en-birds-of-prey-de-warner-bros-dc-films-primer-vistazo-oficial-a-sylvester-stallone-como-john-rambo-en-rambo-v-last-blood-penny-dreadful-regr\"]}]},{\"@type\":\"BreadcrumbList\",\"@id\":\"https:\/\/www.uruloki.org\/felipeblog\/cine-de-comics\/todo-apunta-a-que-ewan-mcgregor-sera-black-mask-en-birds-of-prey-de-warner-bros-dc-films-primer-vistazo-oficial-a-sylvester-stallone-como-john-rambo-en-rambo-v-last-blood-penny-dreadful-regr#breadcrumb\",\"itemListElement\":[{\"@type\":\"ListItem\",\"position\":1,\"name\":\"Portada\",\"item\":\"https:\/\/www.uruloki.org\/felipeblog\"},{\"@type\":\"ListItem\",\"position\":2,\"name\":\"Todo apunta a que Ewan McGregor ser\u00e1 Black Mask en Birds of Prey de Warner Bros. \/ DC Films, primer vistazo oficial a Sylvester Stallone como John Rambo en Rambo V: Last Blood, \u00abPenny Dreadful\u00bb regresar\u00e1 como secuela titulada \u00abPenny Dreadful: City of Angels\u00bb y en otra \u00e9poca y lugar (Los Angeles 1930), The Meg 2 va adelante y tambi\u00e9n la adaptaci\u00f3n de \u00abJoyland\u00bb de Stephen King, junto a este buen cartel IMAX de Overlord&#8230;\"}]},{\"@type\":\"WebSite\",\"@id\":\"https:\/\/www.uruloki.org\/felipeblog\/#website\",\"url\":\"https:\/\/www.uruloki.org\/felipeblog\/\",\"name\":\"Uruloki :: Blog\",\"description\":\"Blog de cine, terror, ciencia ficci\u00f3n, fantas\u00eda y c\u00f3mics\",\"potentialAction\":[{\"@type\":\"SearchAction\",\"target\":{\"@type\":\"EntryPoint\",\"urlTemplate\":\"https:\/\/www.uruloki.org\/felipeblog\/?s={search_term_string}\"},\"query-input\":{\"@type\":\"PropertyValueSpecification\",\"valueRequired\":true,\"valueName\":\"search_term_string\"}}],\"inLanguage\":\"es\"},{\"@type\":\"Person\",\"@id\":\"https:\/\/www.uruloki.org\/felipeblog\/#\/schema\/person\/ddba06ddaa27edf0c370460d05c51bb3\",\"name\":\"Uruloki\",\"image\":{\"@type\":\"ImageObject\",\"inLanguage\":\"es\",\"@id\":\"https:\/\/www.uruloki.org\/felipeblog\/#\/schema\/person\/image\/\",\"url\":\"https:\/\/secure.gravatar.com\/avatar\/68d5301c5f52ba88fd63f02c75b8c4d1b3c3fc4b21e2998a1e98c4b3a54d9f7c?s=96&d=mm&r=g\",\"contentUrl\":\"https:\/\/secure.gravatar.com\/avatar\/68d5301c5f52ba88fd63f02c75b8c4d1b3c3fc4b21e2998a1e98c4b3a54d9f7c?s=96&d=mm&r=g\",\"caption\":\"Uruloki\"},\"sameAs\":[\"https:\/\/uruloki.org\"],\"url\":\"https:\/\/www.uruloki.org\/felipeblog\/author\/admin-2-2-2\"}]}<\/script>\n<!-- \/ Yoast SEO plugin. -->","yoast_head_json":{"title":"Todo apunta a que Ewan McGregor ser\u00e1 Black Mask en Birds of Prey de Warner Bros. \/ DC Films","description":"Arranco fuerte con el anuncio de Variety que coloca a Ewan McGregor como villano principal de Birds of Prey de Cathy Yan. \u00a1Llega Black Mask!","robots":{"index":"index","follow":"follow","max-snippet":"max-snippet:-1","max-image-preview":"max-image-preview:large","max-video-preview":"max-video-preview:-1"},"canonical":"https:\/\/www.uruloki.org\/felipeblog\/cine-de-comics\/todo-apunta-a-que-ewan-mcgregor-sera-black-mask-en-birds-of-prey-de-warner-bros-dc-films-primer-vistazo-oficial-a-sylvester-stallone-como-john-rambo-en-rambo-v-last-blood-penny-dreadful-regr","og_locale":"es_ES","og_type":"article","og_title":"Todo apunta a que Ewan McGregor ser\u00e1 Black Mask en Birds of Prey de Warner Bros. \/ DC Films","og_description":"Arranco fuerte con el anuncio de Variety que coloca a Ewan McGregor como villano principal de Birds of Prey de Cathy Yan. \u00a1Llega Black Mask!","og_url":"https:\/\/www.uruloki.org\/felipeblog\/cine-de-comics\/todo-apunta-a-que-ewan-mcgregor-sera-black-mask-en-birds-of-prey-de-warner-bros-dc-films-primer-vistazo-oficial-a-sylvester-stallone-como-john-rambo-en-rambo-v-last-blood-penny-dreadful-regr","og_site_name":"Uruloki :: Blog","article_publisher":"https:\/\/www.facebook.com\/uruloki.org","article_published_time":"2018-11-01T21:29:29+00:00","article_modified_time":"2018-11-01T21:30:28+00:00","author":"Uruloki","twitter_card":"summary_large_image","twitter_image":"https:\/\/www.uruloki.org\/felipeblog\/imagenes2018\/20181101-black-mask.jpg","twitter_creator":"@uruloki","twitter_site":"@uruloki","twitter_misc":{"Escrito por":"Uruloki","Tiempo de lectura":"4 minutos"},"schema":{"@context":"https:\/\/schema.org","@graph":[{"@type":"WebPage","@id":"https:\/\/www.uruloki.org\/felipeblog\/cine-de-comics\/todo-apunta-a-que-ewan-mcgregor-sera-black-mask-en-birds-of-prey-de-warner-bros-dc-films-primer-vistazo-oficial-a-sylvester-stallone-como-john-rambo-en-rambo-v-last-blood-penny-dreadful-regr","url":"https:\/\/www.uruloki.org\/felipeblog\/cine-de-comics\/todo-apunta-a-que-ewan-mcgregor-sera-black-mask-en-birds-of-prey-de-warner-bros-dc-films-primer-vistazo-oficial-a-sylvester-stallone-como-john-rambo-en-rambo-v-last-blood-penny-dreadful-regr","name":"Todo apunta a que Ewan McGregor ser\u00e1 Black Mask en Birds of Prey de Warner Bros. \/ DC Films","isPartOf":{"@id":"https:\/\/www.uruloki.org\/felipeblog\/#website"},"datePublished":"2018-11-01T21:29:29+00:00","dateModified":"2018-11-01T21:30:28+00:00","author":{"@id":"https:\/\/www.uruloki.org\/felipeblog\/#\/schema\/person\/ddba06ddaa27edf0c370460d05c51bb3"},"description":"Arranco fuerte con el anuncio de Variety que coloca a Ewan McGregor como villano principal de Birds of Prey de Cathy Yan. \u00a1Llega Black Mask!","breadcrumb":{"@id":"https:\/\/www.uruloki.org\/felipeblog\/cine-de-comics\/todo-apunta-a-que-ewan-mcgregor-sera-black-mask-en-birds-of-prey-de-warner-bros-dc-films-primer-vistazo-oficial-a-sylvester-stallone-como-john-rambo-en-rambo-v-last-blood-penny-dreadful-regr#breadcrumb"},"inLanguage":"es","potentialAction":[{"@type":"ReadAction","target":["https:\/\/www.uruloki.org\/felipeblog\/cine-de-comics\/todo-apunta-a-que-ewan-mcgregor-sera-black-mask-en-birds-of-prey-de-warner-bros-dc-films-primer-vistazo-oficial-a-sylvester-stallone-como-john-rambo-en-rambo-v-last-blood-penny-dreadful-regr"]}]},{"@type":"BreadcrumbList","@id":"https:\/\/www.uruloki.org\/felipeblog\/cine-de-comics\/todo-apunta-a-que-ewan-mcgregor-sera-black-mask-en-birds-of-prey-de-warner-bros-dc-films-primer-vistazo-oficial-a-sylvester-stallone-como-john-rambo-en-rambo-v-last-blood-penny-dreadful-regr#breadcrumb","itemListElement":[{"@type":"ListItem","position":1,"name":"Portada","item":"https:\/\/www.uruloki.org\/felipeblog"},{"@type":"ListItem","position":2,"name":"Todo apunta a que Ewan McGregor ser\u00e1 Black Mask en Birds of Prey de Warner Bros. \/ DC Films, primer vistazo oficial a Sylvester Stallone como John Rambo en Rambo V: Last Blood, \u00abPenny Dreadful\u00bb regresar\u00e1 como secuela titulada \u00abPenny Dreadful: City of Angels\u00bb y en otra \u00e9poca y lugar (Los Angeles 1930), The Meg 2 va adelante y tambi\u00e9n la adaptaci\u00f3n de \u00abJoyland\u00bb de Stephen King, junto a este buen cartel IMAX de Overlord&#8230;"}]},{"@type":"WebSite","@id":"https:\/\/www.uruloki.org\/felipeblog\/#website","url":"https:\/\/www.uruloki.org\/felipeblog\/","name":"Uruloki :: Blog","description":"Blog de cine, terror, ciencia ficci\u00f3n, fantas\u00eda y c\u00f3mics","potentialAction":[{"@type":"SearchAction","target":{"@type":"EntryPoint","urlTemplate":"https:\/\/www.uruloki.org\/felipeblog\/?s={search_term_string}"},"query-input":{"@type":"PropertyValueSpecification","valueRequired":true,"valueName":"search_term_string"}}],"inLanguage":"es"},{"@type":"Person","@id":"https:\/\/www.uruloki.org\/felipeblog\/#\/schema\/person\/ddba06ddaa27edf0c370460d05c51bb3","name":"Uruloki","image":{"@type":"ImageObject","inLanguage":"es","@id":"https:\/\/www.uruloki.org\/felipeblog\/#\/schema\/person\/image\/","url":"https:\/\/secure.gravatar.com\/avatar\/68d5301c5f52ba88fd63f02c75b8c4d1b3c3fc4b21e2998a1e98c4b3a54d9f7c?s=96&d=mm&r=g","contentUrl":"https:\/\/secure.gravatar.com\/avatar\/68d5301c5f52ba88fd63f02c75b8c4d1b3c3fc4b21e2998a1e98c4b3a54d9f7c?s=96&d=mm&r=g","caption":"Uruloki"},"sameAs":["https:\/\/uruloki.org"],"url":"https:\/\/www.uruloki.org\/felipeblog\/author\/admin-2-2-2"}]}},"_links":{"self":[{"href":"https:\/\/www.uruloki.org\/felipeblog\/wp-json\/wp\/v2\/posts\/18223","targetHints":{"allow":["GET"]}}],"collection":[{"href":"https:\/\/www.uruloki.org\/felipeblog\/wp-json\/wp\/v2\/posts"}],"about":[{"href":"https:\/\/www.uruloki.org\/felipeblog\/wp-json\/wp\/v2\/types\/post"}],"author":[{"embeddable":true,"href":"https:\/\/www.uruloki.org\/felipeblog\/wp-json\/wp\/v2\/users\/28"}],"replies":[{"embeddable":true,"href":"https:\/\/www.uruloki.org\/felipeblog\/wp-json\/wp\/v2\/comments?post=18223"}],"version-history":[{"count":2,"href":"https:\/\/www.uruloki.org\/felipeblog\/wp-json\/wp\/v2\/posts\/18223\/revisions"}],"predecessor-version":[{"id":18225,"href":"https:\/\/www.uruloki.org\/felipeblog\/wp-json\/wp\/v2\/posts\/18223\/revisions\/18225"}],"wp:attachment":[{"href":"https:\/\/www.uruloki.org\/felipeblog\/wp-json\/wp\/v2\/media?parent=18223"}],"wp:term":[{"taxonomy":"category","embeddable":true,"href":"https:\/\/www.uruloki.org\/felipeblog\/wp-json\/wp\/v2\/categories?post=18223"},{"taxonomy":"post_tag","embeddable":true,"href":"https:\/\/www.uruloki.org\/felipeblog\/wp-json\/wp\/v2\/tags?post=18223"}],"curies":[{"name":"wp","href":"https:\/\/api.w.org\/{rel}","templated":true}]}}