{"id":18215,"date":"2018-10-29T23:55:08","date_gmt":"2018-10-29T22:55:08","guid":{"rendered":"https:\/\/uruloki.org\/felipeblog\/?p=18215"},"modified":"2018-10-29T23:55:08","modified_gmt":"2018-10-29T22:55:08","slug":"andy-muschietti-se-hara-cargo-de-la-adaptacion-made-in-hollywood-de-attack-on-titan-el-trailer-final-de-overlord-os-alegrara-este-frio-lunes-todo-apunta-a-que-red-sonja-esta-mas-cerca-que-nunca","status":"publish","type":"post","link":"https:\/\/www.uruloki.org\/felipeblog\/cine-de-comics\/andy-muschietti-se-hara-cargo-de-la-adaptacion-made-in-hollywood-de-attack-on-titan-el-trailer-final-de-overlord-os-alegrara-este-frio-lunes-todo-apunta-a-que-red-sonja-esta-mas-cerca-que-nunca","title":{"rendered":"Andy Muschietti se har\u00e1 cargo de la adaptaci\u00f3n made in Hollywood de \u00abAttack on Titan\u00bb, el trailer final de Overlord os alegrar\u00e1 este fr\u00edo lunes, todo apunta a que Red Sonja est\u00e1 m\u00e1s cerca que nunca de ser una realidad futura en cines, Katherine Langford es la \u00faltima en unirse al infinito reparto de Avengers 4 (si bien no se sabe para que papel), ya tenemos Madame Xanadu para \u00abSwamp Thing\u00bb de DC Universe, y el director Destin Daniel Cretton llevar\u00e1 a la gran pantalla la adaptaci\u00f3n de la premiada novela gr\u00e1fica \u00abThe Sculptor\u00bb&#8230;"},"content":{"rendered":"<p>Hoy me he visto <strong>La noche de Halloween<\/strong> (<em>Halloween<\/em>). Voy a meditarla y a ver si ma&ntilde;ana encuentro un hueco para hablar de ella. Mientras tanto noticias de las gordas.<\/p>\n<p>La m&aacute;s salvaje  de todas la anuncia Variety indicando que <a href=\"https:\/\/variety.com\/2018\/film\/news\/andy-muscietti-attack-on-titan-1203007109\/\" target=\"_blank\"><strong>Andy Muschietti<\/strong> ha sido fichado por <strong>Warner Bros.<\/strong> para dirigir una nueva adaptaci&oacute;n a acci&oacute;n de real del manga de la <strong>Kodansha &quot;Attack on Titan&quot;<\/strong> de <strong>Hajime Isayama<\/strong><\/a>. Con <strong>David Heyman<\/strong> (sagas <em>Harry Potter<\/em> y <em>Animales Fant&aacute;sticos<\/em>) produciendo, y con <strong>Masi Oka<\/strong> y <strong>Barbara Muschietti<\/strong> ayud&aacute;ndole en esta gran aventura, estamos todav&iacute;a lejos de que el proyecto sea una realidad, pero poco a poco y con buena letra. Por ahora, para el que no pueda esperar, que le eche un vistazo a las adaptaciones de <strong>Shinji Higuchi<\/strong> de hace unos a&ntilde;os. Para que aquel o aquella que no conozca la obrad e Isayama&#8230;<\/p>\n<blockquote>\n<p>Hace un siglo, los grotescos gigantes conocidos como Titanes aparecieron y devoraron a todos menos a unos pocos miles de humanos. Los supervivientes se refugiaron detr&aacute;s de muros gigantescos. Hoy en d&iacute;a, la amenaza de los Titanes es un recuerdo lejano, y un ni&ntilde;o llamado Eren anhela explorar el mundo m&aacute;s all&aacute; del Muro Maria. Pero lo que comenz&oacute; como un sue&ntilde;o infantil se convertir&aacute; en una pesadilla demasiado real cuando los Titanes regresen y la humanidad vuelva a estar al borde de la extinci&oacute;n.<\/p>\n<\/blockquote>\n<p class=\"centrado\"><img decoding=\"async\" src=\"\/felipeblog\/imagenes2018\/20181029-attack-on-titan.jpg\" alt=\"Andy Muschietti se har&aacute; cargo de la adaptaci&oacute;n made in Hollywood de &quot;Attack on Titan&quot;\"><br \/><em>Andy Muschietti se har&aacute; cargo de la adaptaci&oacute;n made in Hollywood de &quot;Attack on Titan&quot;<\/em><\/p>\n<p>Tambi&eacute;n hay que recordar que el pr&oacute;ximo 9 de noviembre llega a los cines <strong>Overlord<\/strong> de <strong>Julius Avery<\/strong>. Tras su pase por el Festival de Sitges 2018 estamos todos los que no pudimos verla con los dientes largos, tanto que <strong>Paramount Pictures<\/strong> \/ <strong>Bad Robot<\/strong> han decidido poner sobre la mesa un nuevo trailer, aseguran que el definitivo, en aras de que el hype siga creciendo. Pronto podremos ver en cines esta alocada aventura con nazis,  resucitados y gore. En el reparto una buena ristra de secundarios que comienzan a hacer carrera como titulares&#8230; <strong>Jovan Adepo<\/strong> (<em>Madre!<\/em>), <strong>Wyatt Russell<\/strong> (<em>Infiltrados en la universidad<\/em>), <strong>Mathilde Ollivier<\/strong>, <strong>John Magaro<\/strong> (<em>La gran apuesta<\/em>), <strong>Gianny Taufer<\/strong>, <strong>Pilou Asb&aelig;k<\/strong> (<em>Ghost in the Shell<\/em>) o el ya veterano <strong>Bokeem Woodbine<\/strong> (<em>Spider-Man: Homecoming<\/em> o <em>La trampa del mal<\/em>).<\/p>\n<div class=\"video\"><iframe loading=\"lazy\" width=\"100%\" height=\"360\" src=\"https:\/\/www.youtube.com\/embed\/N03Ls2U0W0Q\" allowfullscreen=\"true\"><\/iframe><\/div>\n<p>Momento de unas cuantas breves. Se ve que en el AFM (American Film Market) <a href=\"https:\/\/www.screendaily.com\/news\/hope-for-red-sonja-revival-as-millennium-media-plans-to-launch-talks-at-afm-exclusive\/5134023.article\" target=\"_blank\">hay indicios de que <strong>Avi Lerner<\/strong> va a tener suerte y hay inter&eacute;s sobre la nueva adaptaci&oacute;n de <strong>Red Sonja<\/strong> al cine<\/a>. Millenium Films tiene cerradas diversas reuniones en el AFM orientadas a que <strong>Red Sonja<\/strong>, puede que en manos de <strong>Bryan Singer<\/strong> y con gui&oacute;n de <strong>Ashley Edward Miller<\/strong>, sea una realidad. Veremos si es verdad eso de que para el recuerdo quedar&aacute; la versi&oacute;n de <strong>Richard Fleischer<\/strong> con <strong>Brigitte Nielsen<\/strong> y <strong>Arnold Schwarzenegger<\/strong> como protagonistas. <a href=\"https:\/\/www.thewrap.com\/13-reasons-why-katherine-langford-avengers-4\/\" target=\"_blank\">Tenemos tambi&eacute;n a <strong>Katherine Langford<\/strong> uni&eacute;ndose repentinamente al reparto de <strong>Avengers 4<\/strong><\/a>. Por ahora no se sabe nada de qu&eacute; papel podr&iacute;a interpretar. Aunque no es que tenga una larga carrera repleta de grandes papeles, la <strong>Langford<\/strong> ha jugado muy bien sus cartas en <strong>&quot;Por trece razones&quot;<\/strong> (<em>&quot;13 Reasons Why&quot;<\/em>). &iquest;Se tratar&aacute; de una nueva hero&iacute;na no catalogada hasta ahora? Y hablando de personajes comiqueros, la habitual televisiva <a href=\"https:\/\/www.comingsoon.net\/tv\/news\/1001835-swamp-thing-finds-its-madame-xanadu-in-jeryl-prescott\" target=\"_blank\"><strong>Jeryl Prescott<\/strong> (<em>&quot;The Walking Dead&quot;<\/em>) ser&aacute; <em>Madame Xanadu<\/em> en la adaptaci&oacute;n de <strong>&quot;Swamp Thing&quot;<\/strong> de <strong>DC Universe<\/strong><\/a>. Tras poner a <strong>Jennifer Beals<\/strong> en uno de los papeles clave, la <strong>Prescott<\/strong> tambi&eacute;n jugar&aacute; su cartas en esta partida&#8230; y nunca mejor dicho.<\/p>\n<p class=\"centrado\"><img decoding=\"async\" src=\"\/felipeblog\/imagenes2018\/20181029-the-sculptor.jpg\" alt=\"&quot;The Sculptor&quot; al cine\"><br \/><em>&quot;The Sculptor&quot; al cine<\/em><\/p>\n<p>El punto y final para hoy lo pone THR indicando que <a href=\"https:\/\/www.hollywoodreporter.com\/heat-vision\/short-term-12-filmmaker-adapt-sculptor-graphic-novel-1155133\" target=\"_blank\"><strong>Destin Daniel Cretton<\/strong> se har&aacute; cargo de la adaptaci&oacute;n a cine de la aclamada novela gr&aacute;fica <strong>&quot;The Sculptor&quot;<\/strong><\/a> de <strong>Scott McCloud<\/strong>. De <strong>Daniel Cretton<\/strong> hay que citar <strong>Las vidas de Grace<\/strong> (<em>Short Term 12)<\/em>, drama protagonizado por <strong>Brie Larson<\/strong> y <strong>Rami Malek<\/strong> que se llev&oacute; premios a cascoporro como en el SXSW Film Festival, Locarno, Valladolid y un largo etc&eacute;tera.  En <strong>&quot;The Sculptor&quot;<\/strong> un artista neoyorquino llamado <em>David Smith<\/em> hace un trato con la <em>Muerte<\/em> para obtener ciertas habilidades sobrenaturales que le permitir&aacute;n esculpir cualquier cosa que desee pero a costa de tener un a&ntilde;o menos de vida. Con el paso del tiempo se dar&aacute; cuenta de que el camino hacia el &eacute;xito no es tan f&aacute;cil de seguir mientras intenta encontrar su propia voz art&iacute;stica al tiempo que aprende a manejar sus poderes. Pero todo se complica inesperadamente cuando se enamora.<\/p>\n","protected":false},"excerpt":{"rendered":"<p>Hoy me he visto La noche de Halloween (Halloween). Voy a meditarla y a ver si ma&ntilde;ana encuentro un hueco para hablar de ella. Mientras tanto noticias de las gordas. La m&aacute;s salvaje de todas la anuncia Variety indicando que Andy Muschietti ha sido fichado por Warner Bros. para dirigir una nueva adaptaci&oacute;n a acci&oacute;n [&hellip;]<\/p>\n","protected":false},"author":28,"featured_media":0,"comment_status":"open","ping_status":"open","sticky":false,"template":"","format":"standard","meta":{"footnotes":""},"categories":[10,12,9,19],"tags":[3348,3167,3708,486,1031,4152],"class_list":["post-18215","post","type-post","status-publish","format-standard","hentry","category-cine-de-comics","category-cine-de-fantasia","category-cine-de-terror","category-cine-inclasificable","tag-attack-on-titan","tag-avengers-4","tag-overlord","tag-red-sonja","tag-swamp-thing","tag-the-sculptor"],"yoast_head":"<!-- This site is optimized with the Yoast SEO plugin v24.3 - https:\/\/yoast.com\/wordpress\/plugins\/seo\/ -->\n<title>Andy Muschietti se har\u00e1 cargo de la adaptaci\u00f3n de &quot;Attack on Titan&quot;<\/title>\n<meta name=\"description\" content=\"Andy Muschietti ha sido fichado por Warner para dirigir una nueva adaptaci\u00f3n a acci\u00f3n de real del manga de la Kodansha &quot;Attack on Titan&quot; de Hajime Isayama\" \/>\n<meta name=\"robots\" content=\"index, follow, max-snippet:-1, max-image-preview:large, max-video-preview:-1\" \/>\n<link rel=\"canonical\" href=\"https:\/\/www.uruloki.org\/felipeblog\/cine-de-comics\/andy-muschietti-se-hara-cargo-de-la-adaptacion-made-in-hollywood-de-attack-on-titan-el-trailer-final-de-overlord-os-alegrara-este-frio-lunes-todo-apunta-a-que-red-sonja-esta-mas-cerca-que-nunca\" \/>\n<meta property=\"og:locale\" content=\"es_ES\" \/>\n<meta property=\"og:type\" content=\"article\" \/>\n<meta property=\"og:title\" content=\"Andy Muschietti se har\u00e1 cargo de la adaptaci\u00f3n de &quot;Attack on Titan&quot;\" \/>\n<meta property=\"og:description\" content=\"Andy Muschietti ha sido fichado por Warner para dirigir una nueva adaptaci\u00f3n a acci\u00f3n de real del manga de la Kodansha &quot;Attack on Titan&quot; de Hajime Isayama\" \/>\n<meta property=\"og:url\" content=\"https:\/\/www.uruloki.org\/felipeblog\/cine-de-comics\/andy-muschietti-se-hara-cargo-de-la-adaptacion-made-in-hollywood-de-attack-on-titan-el-trailer-final-de-overlord-os-alegrara-este-frio-lunes-todo-apunta-a-que-red-sonja-esta-mas-cerca-que-nunca\" \/>\n<meta property=\"og:site_name\" content=\"Uruloki :: Blog\" \/>\n<meta property=\"article:publisher\" content=\"https:\/\/www.facebook.com\/uruloki.org\" \/>\n<meta property=\"article:published_time\" content=\"2018-10-29T22:55:08+00:00\" \/>\n<meta name=\"author\" content=\"Uruloki\" \/>\n<meta name=\"twitter:card\" content=\"summary_large_image\" \/>\n<meta name=\"twitter:image\" content=\"https:\/\/www.uruloki.org\/felipeblog\/imagenes2018\/20181029-attack-on-titan.jpg\" \/>\n<meta name=\"twitter:creator\" content=\"@uruloki\" \/>\n<meta name=\"twitter:site\" content=\"@uruloki\" \/>\n<meta name=\"twitter:label1\" content=\"Escrito por\" \/>\n\t<meta name=\"twitter:data1\" content=\"Uruloki\" \/>\n\t<meta name=\"twitter:label2\" content=\"Tiempo de lectura\" \/>\n\t<meta name=\"twitter:data2\" content=\"4 minutos\" \/>\n<script type=\"application\/ld+json\" class=\"yoast-schema-graph\">{\"@context\":\"https:\/\/schema.org\",\"@graph\":[{\"@type\":\"WebPage\",\"@id\":\"https:\/\/www.uruloki.org\/felipeblog\/cine-de-comics\/andy-muschietti-se-hara-cargo-de-la-adaptacion-made-in-hollywood-de-attack-on-titan-el-trailer-final-de-overlord-os-alegrara-este-frio-lunes-todo-apunta-a-que-red-sonja-esta-mas-cerca-que-nunca\",\"url\":\"https:\/\/www.uruloki.org\/felipeblog\/cine-de-comics\/andy-muschietti-se-hara-cargo-de-la-adaptacion-made-in-hollywood-de-attack-on-titan-el-trailer-final-de-overlord-os-alegrara-este-frio-lunes-todo-apunta-a-que-red-sonja-esta-mas-cerca-que-nunca\",\"name\":\"Andy Muschietti se har\u00e1 cargo de la adaptaci\u00f3n de \\\"Attack on Titan\\\"\",\"isPartOf\":{\"@id\":\"https:\/\/www.uruloki.org\/felipeblog\/#website\"},\"datePublished\":\"2018-10-29T22:55:08+00:00\",\"dateModified\":\"2018-10-29T22:55:08+00:00\",\"author\":{\"@id\":\"https:\/\/www.uruloki.org\/felipeblog\/#\/schema\/person\/ddba06ddaa27edf0c370460d05c51bb3\"},\"description\":\"Andy Muschietti ha sido fichado por Warner para dirigir una nueva adaptaci\u00f3n a acci\u00f3n de real del manga de la Kodansha \\\"Attack on Titan\\\" de Hajime Isayama\",\"breadcrumb\":{\"@id\":\"https:\/\/www.uruloki.org\/felipeblog\/cine-de-comics\/andy-muschietti-se-hara-cargo-de-la-adaptacion-made-in-hollywood-de-attack-on-titan-el-trailer-final-de-overlord-os-alegrara-este-frio-lunes-todo-apunta-a-que-red-sonja-esta-mas-cerca-que-nunca#breadcrumb\"},\"inLanguage\":\"es\",\"potentialAction\":[{\"@type\":\"ReadAction\",\"target\":[\"https:\/\/www.uruloki.org\/felipeblog\/cine-de-comics\/andy-muschietti-se-hara-cargo-de-la-adaptacion-made-in-hollywood-de-attack-on-titan-el-trailer-final-de-overlord-os-alegrara-este-frio-lunes-todo-apunta-a-que-red-sonja-esta-mas-cerca-que-nunca\"]}]},{\"@type\":\"BreadcrumbList\",\"@id\":\"https:\/\/www.uruloki.org\/felipeblog\/cine-de-comics\/andy-muschietti-se-hara-cargo-de-la-adaptacion-made-in-hollywood-de-attack-on-titan-el-trailer-final-de-overlord-os-alegrara-este-frio-lunes-todo-apunta-a-que-red-sonja-esta-mas-cerca-que-nunca#breadcrumb\",\"itemListElement\":[{\"@type\":\"ListItem\",\"position\":1,\"name\":\"Portada\",\"item\":\"https:\/\/www.uruloki.org\/felipeblog\"},{\"@type\":\"ListItem\",\"position\":2,\"name\":\"Andy Muschietti se har\u00e1 cargo de la adaptaci\u00f3n made in Hollywood de \u00abAttack on Titan\u00bb, el trailer final de Overlord os alegrar\u00e1 este fr\u00edo lunes, todo apunta a que Red Sonja est\u00e1 m\u00e1s cerca que nunca de ser una realidad futura en cines, Katherine Langford es la \u00faltima en unirse al infinito reparto de Avengers 4 (si bien no se sabe para que papel), ya tenemos Madame Xanadu para \u00abSwamp Thing\u00bb de DC Universe, y el director Destin Daniel Cretton llevar\u00e1 a la gran pantalla la adaptaci\u00f3n de la premiada novela gr\u00e1fica \u00abThe Sculptor\u00bb&#8230;\"}]},{\"@type\":\"WebSite\",\"@id\":\"https:\/\/www.uruloki.org\/felipeblog\/#website\",\"url\":\"https:\/\/www.uruloki.org\/felipeblog\/\",\"name\":\"Uruloki :: Blog\",\"description\":\"Blog de cine, terror, ciencia ficci\u00f3n, fantas\u00eda y c\u00f3mics\",\"potentialAction\":[{\"@type\":\"SearchAction\",\"target\":{\"@type\":\"EntryPoint\",\"urlTemplate\":\"https:\/\/www.uruloki.org\/felipeblog\/?s={search_term_string}\"},\"query-input\":{\"@type\":\"PropertyValueSpecification\",\"valueRequired\":true,\"valueName\":\"search_term_string\"}}],\"inLanguage\":\"es\"},{\"@type\":\"Person\",\"@id\":\"https:\/\/www.uruloki.org\/felipeblog\/#\/schema\/person\/ddba06ddaa27edf0c370460d05c51bb3\",\"name\":\"Uruloki\",\"image\":{\"@type\":\"ImageObject\",\"inLanguage\":\"es\",\"@id\":\"https:\/\/www.uruloki.org\/felipeblog\/#\/schema\/person\/image\/\",\"url\":\"https:\/\/secure.gravatar.com\/avatar\/68d5301c5f52ba88fd63f02c75b8c4d1b3c3fc4b21e2998a1e98c4b3a54d9f7c?s=96&d=mm&r=g\",\"contentUrl\":\"https:\/\/secure.gravatar.com\/avatar\/68d5301c5f52ba88fd63f02c75b8c4d1b3c3fc4b21e2998a1e98c4b3a54d9f7c?s=96&d=mm&r=g\",\"caption\":\"Uruloki\"},\"sameAs\":[\"https:\/\/uruloki.org\"],\"url\":\"https:\/\/www.uruloki.org\/felipeblog\/author\/admin-2-2-2\"}]}<\/script>\n<!-- \/ Yoast SEO plugin. -->","yoast_head_json":{"title":"Andy Muschietti se har\u00e1 cargo de la adaptaci\u00f3n de \"Attack on Titan\"","description":"Andy Muschietti ha sido fichado por Warner para dirigir una nueva adaptaci\u00f3n a acci\u00f3n de real del manga de la Kodansha \"Attack on Titan\" de Hajime Isayama","robots":{"index":"index","follow":"follow","max-snippet":"max-snippet:-1","max-image-preview":"max-image-preview:large","max-video-preview":"max-video-preview:-1"},"canonical":"https:\/\/www.uruloki.org\/felipeblog\/cine-de-comics\/andy-muschietti-se-hara-cargo-de-la-adaptacion-made-in-hollywood-de-attack-on-titan-el-trailer-final-de-overlord-os-alegrara-este-frio-lunes-todo-apunta-a-que-red-sonja-esta-mas-cerca-que-nunca","og_locale":"es_ES","og_type":"article","og_title":"Andy Muschietti se har\u00e1 cargo de la adaptaci\u00f3n de \"Attack on Titan\"","og_description":"Andy Muschietti ha sido fichado por Warner para dirigir una nueva adaptaci\u00f3n a acci\u00f3n de real del manga de la Kodansha \"Attack on Titan\" de Hajime Isayama","og_url":"https:\/\/www.uruloki.org\/felipeblog\/cine-de-comics\/andy-muschietti-se-hara-cargo-de-la-adaptacion-made-in-hollywood-de-attack-on-titan-el-trailer-final-de-overlord-os-alegrara-este-frio-lunes-todo-apunta-a-que-red-sonja-esta-mas-cerca-que-nunca","og_site_name":"Uruloki :: Blog","article_publisher":"https:\/\/www.facebook.com\/uruloki.org","article_published_time":"2018-10-29T22:55:08+00:00","author":"Uruloki","twitter_card":"summary_large_image","twitter_image":"https:\/\/www.uruloki.org\/felipeblog\/imagenes2018\/20181029-attack-on-titan.jpg","twitter_creator":"@uruloki","twitter_site":"@uruloki","twitter_misc":{"Escrito por":"Uruloki","Tiempo de lectura":"4 minutos"},"schema":{"@context":"https:\/\/schema.org","@graph":[{"@type":"WebPage","@id":"https:\/\/www.uruloki.org\/felipeblog\/cine-de-comics\/andy-muschietti-se-hara-cargo-de-la-adaptacion-made-in-hollywood-de-attack-on-titan-el-trailer-final-de-overlord-os-alegrara-este-frio-lunes-todo-apunta-a-que-red-sonja-esta-mas-cerca-que-nunca","url":"https:\/\/www.uruloki.org\/felipeblog\/cine-de-comics\/andy-muschietti-se-hara-cargo-de-la-adaptacion-made-in-hollywood-de-attack-on-titan-el-trailer-final-de-overlord-os-alegrara-este-frio-lunes-todo-apunta-a-que-red-sonja-esta-mas-cerca-que-nunca","name":"Andy Muschietti se har\u00e1 cargo de la adaptaci\u00f3n de \"Attack on Titan\"","isPartOf":{"@id":"https:\/\/www.uruloki.org\/felipeblog\/#website"},"datePublished":"2018-10-29T22:55:08+00:00","dateModified":"2018-10-29T22:55:08+00:00","author":{"@id":"https:\/\/www.uruloki.org\/felipeblog\/#\/schema\/person\/ddba06ddaa27edf0c370460d05c51bb3"},"description":"Andy Muschietti ha sido fichado por Warner para dirigir una nueva adaptaci\u00f3n a acci\u00f3n de real del manga de la Kodansha \"Attack on Titan\" de Hajime Isayama","breadcrumb":{"@id":"https:\/\/www.uruloki.org\/felipeblog\/cine-de-comics\/andy-muschietti-se-hara-cargo-de-la-adaptacion-made-in-hollywood-de-attack-on-titan-el-trailer-final-de-overlord-os-alegrara-este-frio-lunes-todo-apunta-a-que-red-sonja-esta-mas-cerca-que-nunca#breadcrumb"},"inLanguage":"es","potentialAction":[{"@type":"ReadAction","target":["https:\/\/www.uruloki.org\/felipeblog\/cine-de-comics\/andy-muschietti-se-hara-cargo-de-la-adaptacion-made-in-hollywood-de-attack-on-titan-el-trailer-final-de-overlord-os-alegrara-este-frio-lunes-todo-apunta-a-que-red-sonja-esta-mas-cerca-que-nunca"]}]},{"@type":"BreadcrumbList","@id":"https:\/\/www.uruloki.org\/felipeblog\/cine-de-comics\/andy-muschietti-se-hara-cargo-de-la-adaptacion-made-in-hollywood-de-attack-on-titan-el-trailer-final-de-overlord-os-alegrara-este-frio-lunes-todo-apunta-a-que-red-sonja-esta-mas-cerca-que-nunca#breadcrumb","itemListElement":[{"@type":"ListItem","position":1,"name":"Portada","item":"https:\/\/www.uruloki.org\/felipeblog"},{"@type":"ListItem","position":2,"name":"Andy Muschietti se har\u00e1 cargo de la adaptaci\u00f3n made in Hollywood de \u00abAttack on Titan\u00bb, el trailer final de Overlord os alegrar\u00e1 este fr\u00edo lunes, todo apunta a que Red Sonja est\u00e1 m\u00e1s cerca que nunca de ser una realidad futura en cines, Katherine Langford es la \u00faltima en unirse al infinito reparto de Avengers 4 (si bien no se sabe para que papel), ya tenemos Madame Xanadu para \u00abSwamp Thing\u00bb de DC Universe, y el director Destin Daniel Cretton llevar\u00e1 a la gran pantalla la adaptaci\u00f3n de la premiada novela gr\u00e1fica \u00abThe Sculptor\u00bb&#8230;"}]},{"@type":"WebSite","@id":"https:\/\/www.uruloki.org\/felipeblog\/#website","url":"https:\/\/www.uruloki.org\/felipeblog\/","name":"Uruloki :: Blog","description":"Blog de cine, terror, ciencia ficci\u00f3n, fantas\u00eda y c\u00f3mics","potentialAction":[{"@type":"SearchAction","target":{"@type":"EntryPoint","urlTemplate":"https:\/\/www.uruloki.org\/felipeblog\/?s={search_term_string}"},"query-input":{"@type":"PropertyValueSpecification","valueRequired":true,"valueName":"search_term_string"}}],"inLanguage":"es"},{"@type":"Person","@id":"https:\/\/www.uruloki.org\/felipeblog\/#\/schema\/person\/ddba06ddaa27edf0c370460d05c51bb3","name":"Uruloki","image":{"@type":"ImageObject","inLanguage":"es","@id":"https:\/\/www.uruloki.org\/felipeblog\/#\/schema\/person\/image\/","url":"https:\/\/secure.gravatar.com\/avatar\/68d5301c5f52ba88fd63f02c75b8c4d1b3c3fc4b21e2998a1e98c4b3a54d9f7c?s=96&d=mm&r=g","contentUrl":"https:\/\/secure.gravatar.com\/avatar\/68d5301c5f52ba88fd63f02c75b8c4d1b3c3fc4b21e2998a1e98c4b3a54d9f7c?s=96&d=mm&r=g","caption":"Uruloki"},"sameAs":["https:\/\/uruloki.org"],"url":"https:\/\/www.uruloki.org\/felipeblog\/author\/admin-2-2-2"}]}},"_links":{"self":[{"href":"https:\/\/www.uruloki.org\/felipeblog\/wp-json\/wp\/v2\/posts\/18215","targetHints":{"allow":["GET"]}}],"collection":[{"href":"https:\/\/www.uruloki.org\/felipeblog\/wp-json\/wp\/v2\/posts"}],"about":[{"href":"https:\/\/www.uruloki.org\/felipeblog\/wp-json\/wp\/v2\/types\/post"}],"author":[{"embeddable":true,"href":"https:\/\/www.uruloki.org\/felipeblog\/wp-json\/wp\/v2\/users\/28"}],"replies":[{"embeddable":true,"href":"https:\/\/www.uruloki.org\/felipeblog\/wp-json\/wp\/v2\/comments?post=18215"}],"version-history":[{"count":1,"href":"https:\/\/www.uruloki.org\/felipeblog\/wp-json\/wp\/v2\/posts\/18215\/revisions"}],"predecessor-version":[{"id":18216,"href":"https:\/\/www.uruloki.org\/felipeblog\/wp-json\/wp\/v2\/posts\/18215\/revisions\/18216"}],"wp:attachment":[{"href":"https:\/\/www.uruloki.org\/felipeblog\/wp-json\/wp\/v2\/media?parent=18215"}],"wp:term":[{"taxonomy":"category","embeddable":true,"href":"https:\/\/www.uruloki.org\/felipeblog\/wp-json\/wp\/v2\/categories?post=18215"},{"taxonomy":"post_tag","embeddable":true,"href":"https:\/\/www.uruloki.org\/felipeblog\/wp-json\/wp\/v2\/tags?post=18215"}],"curies":[{"name":"wp","href":"https:\/\/api.w.org\/{rel}","templated":true}]}}