{"id":18158,"date":"2018-10-06T11:18:44","date_gmt":"2018-10-06T09:18:44","guid":{"rendered":"https:\/\/uruloki.org\/felipeblog\/?p=18158"},"modified":"2018-10-06T11:18:44","modified_gmt":"2018-10-06T09:18:44","slug":"the-mandalorian-descubre-su-primera-imagen-oficial-y-los-directores-que-se-haran-cargo-de-ella-filoni-chow-famuyiwa-howard-y-waititi-el-nuevo-trailer-de-mortal-engines-apunta-a-despiporre-vi","status":"publish","type":"post","link":"https:\/\/www.uruloki.org\/felipeblog\/star-wars\/the-mandalorian-descubre-su-primera-imagen-oficial-y-los-directores-que-se-haran-cargo-de-ella-filoni-chow-famuyiwa-howard-y-waititi-el-nuevo-trailer-de-mortal-engines-apunta-a-despiporre-vi","title":{"rendered":"\u00abThe Mandalorian\u00bb descubre su primera imagen oficial y los directores que se har\u00e1n cargo de ella (Filoni, Chow, Famuyiwa, Howard y Waititi), el nuevo trailer de Mortal Engines apunta a despiporre visual (y veremos si algo m\u00e1s), carteles ilustrados para la Comic-Con de New York de Hellboy y La noche de Halloween, y ojo al primer cartel y adelanto de \u00abThe Boys\u00bb de Amazon Studios&#8230;"},"content":{"rendered":"<p>S&aacute;bado de bautizo. Un rato r&aacute;pido y hasta la pr&oacute;xima. Echando al vista atr&aacute;s a unos d&iacute;as muy cargados, en parte por la Comic-Con de New York, hay que volver a hablar de <strong>Star Wars<\/strong> y <strong>&quot;The Mandalorian&quot;<\/strong> de <strong>Jon Favreau<\/strong>. Resulta que en StarWars.com ha aparecido la <a href=\"https:\/\/www.starwars.com\/news\/the-mandalorian-revealed\" target=\"_blank\">nota oficial en la cual se presenta la primera imagen  de la serie<\/a> y se indican los directores que se har&aacute;n cargo de rodarla. Ojo, <strong>Favreau<\/strong> como showrunner y guionista no dirige, el peso cae en otros hombros. La serie contar&aacute; con <strong>Dave Filoni<\/strong> (<em>Star Wars: The Clone Wars<\/em>,&nbsp;<em>Star Wars Rebels<\/em>)&nbsp;como responsable del episodio piloto y el quinto, mientras que otros episodios caer&aacute;n en manos de <strong>Deborah Chow<\/strong> (<em>Jessica Jones<\/em>), tercero y s&eacute;ptimo, <strong>Rick Famuyiwa<\/strong> (<em>Dope<\/em>), segundo y sexto, <strong>Bryce Dallas Howard<\/strong> (<em>Solemates<\/em>), cuarto, y <strong>Taika Waititi<\/strong> (<em>Thor: Ragnarok<\/em>), octavo.<\/p>\n<p class=\"centrado\"><img decoding=\"async\" src=\"\/felipeblog\/imagenes2018\/20181006-mandalorian.jpg\" alt=\"Primera imagen oficial de &quot;The Mandalorian&quot;\"><br \/><em>Primera imagen oficial de &quot;The Mandalorian&quot;<\/em><\/p>\n<p>Ojo ahora al nuevo trailer de <strong>Mortal Engines<\/strong> de <strong>Christian Rivers<\/strong>, o puede que m&aacute;s bien de <strong>Peter Jackson<\/strong> y <strong>WETA Studios<\/strong>. Visualmente vibrante, como no pod&iacute;a ser menos. Pinta bien, &iquest;inicio de una nueva saga? Habr&aacute; que estar muy atentos a ver si rascan lo que supongo esperan rascar. En el reparto <strong>Hugo Weaving<\/strong>, <strong>Hera Hilmar<\/strong>, <strong>Robert Sheehan<\/strong>, <strong>Jihae<\/strong>, Ronan<strong> Raftery<\/strong>, <strong>Leila George<\/strong>, <strong>Patrick Malahide<\/strong> y <strong>Stephen Lang<\/strong>, estreno tambi&eacute;n en diciembre, muy cerca de <strong>Aquaman<\/strong>, lo que no es raro porque esto es <strong>Universal Pictures<\/strong>.<\/p>\n<div class=\"video\"><iframe loading=\"lazy\" width=\"100%\" height=\"360\" src=\"https:\/\/www.youtube.com\/embed\/cuL5yXsOAIA\" allowfullscreen=\"true\"><\/iframe><\/div>\n<p>&iquest;Y qu&eacute; m&aacute;s tenemos? Pues supongo que por motivo de la Comic-Con de New York sendos carteles ilustrados de <strong>Hellboy<\/strong> de <strong>Neil Marshall<\/strong> y <strong>La noche de Halloween<\/strong> (Halloween) de <strong>David Gordon Green<\/strong>, este adem&aacute;s ilustrado por el m&iacute;tico <strong>Todd McFarlane<\/strong>. El de <strong>Hellboy<\/strong> sirve adem&aacute;s para ver que la cosa apunta a mucho <em>practical effect<\/em>, igual que los films de <strong>Del Toro<\/strong>, con criatura vistas en el c&oacute;mic como el jabal&iacute; <em>Gruagach<\/em>, el demonio <em>Camazotz<\/em> y <em>Baba Yaga<\/em>, combinado con otras de gran tama&ntilde;o creadas mediante CGI. Adem&aacute;s, primer vistazo a <strong>Milla Jovovich<\/strong> como <em>Nimue<\/em>, <strong>Ian McShane<\/strong> como el <em>Profesor Bruttenhilm<\/em>, <strong>Daniel Dae Kim<\/strong> como <em>Ben Daimio<\/em> o <strong>Sasha Lane<\/strong> como <em>Alice Monaghan<\/em>. El de <strong>La noche de Halloween<\/strong> pues es lo que tiene que ser&#8230; <em>Michael Myers<\/em>. <\/p>\n<p class=\"centrado\"><a href=\"\/felipeblog\/imagenes2018\/20181006-hellboy.jpg\" target=\"_blank\" onclick=\"returns false;\" rel=\"shadowbox\"><img decoding=\"async\" src=\"\/felipeblog\/imagenes2018\/20181006-hellboy.jpg\" alt=\"Nuevo cartel de Hellboy para la Comic-Con de New York\" width=\"625\"><\/a><br \/><em>Nuevo cartel de Hellboy para la Comic-Con de New York<\/em><\/p>\n<p class=\"centrado\"><img decoding=\"async\" src=\"\/felipeblog\/imagenes2018\/20181005-halloween.jpg\" alt=\"Nuevo cartel de La noche de Halloween obra de Todd McFarlane\"><br \/><em>Nuevo cartel de La noche de Halloween obra de Todd McFarlane<\/em><\/p>\n<p class=\"centrado\"><img decoding=\"async\" src=\"\/felipeblog\/imagenes2018\/20181005-suspiria.jpg\" alt=\"El merecido cartel de Dakota Johnson para Suspiria\"><br \/><em>El merecido cartel de Dakota Johnson para Suspiria<\/em><\/p>\n<p>Ah, y tenemos tambi&eacute;n primer cartel de <strong>&quot;The Boys&quot;<\/strong>, adaptaci&oacute;n de la violenta obra comiquera de <strong>Garth Ennis<\/strong> y <strong>Darick Robertson<\/strong>, adem&aacute;s de confirmaci&oacute;n de que <strong>Simon Pegg<\/strong> estar&aacute; en la serie&#8230; pero como padre de <em>Wee Hughie<\/em> (<strong>Jack Quaid<\/strong>). Recordemos que todos vimos a <strong>Pegg<\/strong> desde hace milenios como <em>Hughie<\/em>, pero el tiempo y otras circunstancias llevaron al cambio.<\/p>\n<div class=\"video\"><iframe loading=\"lazy\" width=\"100%\" height=\"360\" src=\"https:\/\/www.youtube.com\/embed\/FG1EByNnHUU\" allowfullscreen=\"true\"><\/iframe><\/div>\n<p class=\"centrado\"><img decoding=\"async\" src=\"\/felipeblog\/imagenes2018\/20181006-the-boys.jpg\" alt=\"Primer cartel de &quot;The Boys&quot;... pura fidelidad\"><br \/><em>Primer cartel de &quot;The Boys&quot;&#8230; pura fidelidad<\/em><\/p>\n","protected":false},"excerpt":{"rendered":"<p>S&aacute;bado de bautizo. Un rato r&aacute;pido y hasta la pr&oacute;xima. Echando al vista atr&aacute;s a unos d&iacute;as muy cargados, en parte por la Comic-Con de New York, hay que volver a hablar de Star Wars y &quot;The Mandalorian&quot; de Jon Favreau. Resulta que en StarWars.com ha aparecido la nota oficial en la cual se presenta [&hellip;]<\/p>\n","protected":false},"author":28,"featured_media":0,"comment_status":"open","ping_status":"open","sticky":false,"template":"","format":"standard","meta":{"footnotes":""},"categories":[10,8,9,19,15],"tags":[597,530,3659,224,184,4127],"class_list":["post-18158","post","type-post","status-publish","format-standard","hentry","category-cine-de-comics","category-cine-de-ciencia-ficcion","category-cine-de-terror","category-cine-inclasificable","category-star-wars","tag-halloween","tag-hellboy","tag-mortal-engines","tag-suspiria","tag-the-boys","tag-the-mandalorian"],"yoast_head":"<!-- This site is optimized with the Yoast SEO plugin v24.3 - https:\/\/yoast.com\/wordpress\/plugins\/seo\/ -->\n<title>&quot;The Mandalorian&quot; descubre su primera imagen oficial y los directores que se har\u00e1n cargo de ella<\/title>\n<meta name=\"description\" content=\"Hay que volver a hablar de Star Wars y &quot;The Mandalorian&quot; de Jon Favreau porque en StarWars.com ha aparecido la primera imagen de la serie.\" \/>\n<meta name=\"robots\" content=\"index, follow, max-snippet:-1, max-image-preview:large, max-video-preview:-1\" \/>\n<link rel=\"canonical\" href=\"https:\/\/www.uruloki.org\/felipeblog\/star-wars\/the-mandalorian-descubre-su-primera-imagen-oficial-y-los-directores-que-se-haran-cargo-de-ella-filoni-chow-famuyiwa-howard-y-waititi-el-nuevo-trailer-de-mortal-engines-apunta-a-despiporre-vi\" \/>\n<meta property=\"og:locale\" content=\"es_ES\" \/>\n<meta property=\"og:type\" content=\"article\" \/>\n<meta property=\"og:title\" content=\"&quot;The Mandalorian&quot; descubre su primera imagen oficial y los directores que se har\u00e1n cargo de ella\" \/>\n<meta property=\"og:description\" content=\"Hay que volver a hablar de Star Wars y &quot;The Mandalorian&quot; de Jon Favreau porque en StarWars.com ha aparecido la primera imagen de la serie.\" \/>\n<meta property=\"og:url\" content=\"https:\/\/www.uruloki.org\/felipeblog\/star-wars\/the-mandalorian-descubre-su-primera-imagen-oficial-y-los-directores-que-se-haran-cargo-de-ella-filoni-chow-famuyiwa-howard-y-waititi-el-nuevo-trailer-de-mortal-engines-apunta-a-despiporre-vi\" \/>\n<meta property=\"og:site_name\" content=\"Uruloki :: Blog\" \/>\n<meta property=\"article:publisher\" content=\"https:\/\/www.facebook.com\/uruloki.org\" \/>\n<meta property=\"article:published_time\" content=\"2018-10-06T09:18:44+00:00\" \/>\n<meta name=\"author\" content=\"Uruloki\" \/>\n<meta name=\"twitter:card\" content=\"summary_large_image\" \/>\n<meta name=\"twitter:image\" content=\"https:\/\/www.uruloki.org\/felipeblog\/imagenes2018\/20181006-mandalorian.jpg\" \/>\n<meta name=\"twitter:creator\" content=\"@uruloki\" \/>\n<meta name=\"twitter:site\" content=\"@uruloki\" \/>\n<meta name=\"twitter:label1\" content=\"Escrito por\" \/>\n\t<meta name=\"twitter:data1\" content=\"Uruloki\" \/>\n\t<meta name=\"twitter:label2\" content=\"Tiempo de lectura\" \/>\n\t<meta name=\"twitter:data2\" content=\"3 minutos\" \/>\n<script type=\"application\/ld+json\" class=\"yoast-schema-graph\">{\"@context\":\"https:\/\/schema.org\",\"@graph\":[{\"@type\":\"WebPage\",\"@id\":\"https:\/\/www.uruloki.org\/felipeblog\/star-wars\/the-mandalorian-descubre-su-primera-imagen-oficial-y-los-directores-que-se-haran-cargo-de-ella-filoni-chow-famuyiwa-howard-y-waititi-el-nuevo-trailer-de-mortal-engines-apunta-a-despiporre-vi\",\"url\":\"https:\/\/www.uruloki.org\/felipeblog\/star-wars\/the-mandalorian-descubre-su-primera-imagen-oficial-y-los-directores-que-se-haran-cargo-de-ella-filoni-chow-famuyiwa-howard-y-waititi-el-nuevo-trailer-de-mortal-engines-apunta-a-despiporre-vi\",\"name\":\"\\\"The Mandalorian\\\" descubre su primera imagen oficial y los directores que se har\u00e1n cargo de ella\",\"isPartOf\":{\"@id\":\"https:\/\/www.uruloki.org\/felipeblog\/#website\"},\"datePublished\":\"2018-10-06T09:18:44+00:00\",\"dateModified\":\"2018-10-06T09:18:44+00:00\",\"author\":{\"@id\":\"https:\/\/www.uruloki.org\/felipeblog\/#\/schema\/person\/ddba06ddaa27edf0c370460d05c51bb3\"},\"description\":\"Hay que volver a hablar de Star Wars y \\\"The Mandalorian\\\" de Jon Favreau porque en StarWars.com ha aparecido la primera imagen de la serie.\",\"breadcrumb\":{\"@id\":\"https:\/\/www.uruloki.org\/felipeblog\/star-wars\/the-mandalorian-descubre-su-primera-imagen-oficial-y-los-directores-que-se-haran-cargo-de-ella-filoni-chow-famuyiwa-howard-y-waititi-el-nuevo-trailer-de-mortal-engines-apunta-a-despiporre-vi#breadcrumb\"},\"inLanguage\":\"es\",\"potentialAction\":[{\"@type\":\"ReadAction\",\"target\":[\"https:\/\/www.uruloki.org\/felipeblog\/star-wars\/the-mandalorian-descubre-su-primera-imagen-oficial-y-los-directores-que-se-haran-cargo-de-ella-filoni-chow-famuyiwa-howard-y-waititi-el-nuevo-trailer-de-mortal-engines-apunta-a-despiporre-vi\"]}]},{\"@type\":\"BreadcrumbList\",\"@id\":\"https:\/\/www.uruloki.org\/felipeblog\/star-wars\/the-mandalorian-descubre-su-primera-imagen-oficial-y-los-directores-que-se-haran-cargo-de-ella-filoni-chow-famuyiwa-howard-y-waititi-el-nuevo-trailer-de-mortal-engines-apunta-a-despiporre-vi#breadcrumb\",\"itemListElement\":[{\"@type\":\"ListItem\",\"position\":1,\"name\":\"Portada\",\"item\":\"https:\/\/www.uruloki.org\/felipeblog\"},{\"@type\":\"ListItem\",\"position\":2,\"name\":\"\u00abThe Mandalorian\u00bb descubre su primera imagen oficial y los directores que se har\u00e1n cargo de ella (Filoni, Chow, Famuyiwa, Howard y Waititi), el nuevo trailer de Mortal Engines apunta a despiporre visual (y veremos si algo m\u00e1s), carteles ilustrados para la Comic-Con de New York de Hellboy y La noche de Halloween, y ojo al primer cartel y adelanto de \u00abThe Boys\u00bb de Amazon Studios&#8230;\"}]},{\"@type\":\"WebSite\",\"@id\":\"https:\/\/www.uruloki.org\/felipeblog\/#website\",\"url\":\"https:\/\/www.uruloki.org\/felipeblog\/\",\"name\":\"Uruloki :: Blog\",\"description\":\"Blog de cine, terror, ciencia ficci\u00f3n, fantas\u00eda y c\u00f3mics\",\"potentialAction\":[{\"@type\":\"SearchAction\",\"target\":{\"@type\":\"EntryPoint\",\"urlTemplate\":\"https:\/\/www.uruloki.org\/felipeblog\/?s={search_term_string}\"},\"query-input\":{\"@type\":\"PropertyValueSpecification\",\"valueRequired\":true,\"valueName\":\"search_term_string\"}}],\"inLanguage\":\"es\"},{\"@type\":\"Person\",\"@id\":\"https:\/\/www.uruloki.org\/felipeblog\/#\/schema\/person\/ddba06ddaa27edf0c370460d05c51bb3\",\"name\":\"Uruloki\",\"image\":{\"@type\":\"ImageObject\",\"inLanguage\":\"es\",\"@id\":\"https:\/\/www.uruloki.org\/felipeblog\/#\/schema\/person\/image\/\",\"url\":\"https:\/\/secure.gravatar.com\/avatar\/68d5301c5f52ba88fd63f02c75b8c4d1b3c3fc4b21e2998a1e98c4b3a54d9f7c?s=96&d=mm&r=g\",\"contentUrl\":\"https:\/\/secure.gravatar.com\/avatar\/68d5301c5f52ba88fd63f02c75b8c4d1b3c3fc4b21e2998a1e98c4b3a54d9f7c?s=96&d=mm&r=g\",\"caption\":\"Uruloki\"},\"sameAs\":[\"https:\/\/uruloki.org\"],\"url\":\"https:\/\/www.uruloki.org\/felipeblog\/author\/admin-2-2-2\"}]}<\/script>\n<!-- \/ Yoast SEO plugin. -->","yoast_head_json":{"title":"\"The Mandalorian\" descubre su primera imagen oficial y los directores que se har\u00e1n cargo de ella","description":"Hay que volver a hablar de Star Wars y \"The Mandalorian\" de Jon Favreau porque en StarWars.com ha aparecido la primera imagen de la serie.","robots":{"index":"index","follow":"follow","max-snippet":"max-snippet:-1","max-image-preview":"max-image-preview:large","max-video-preview":"max-video-preview:-1"},"canonical":"https:\/\/www.uruloki.org\/felipeblog\/star-wars\/the-mandalorian-descubre-su-primera-imagen-oficial-y-los-directores-que-se-haran-cargo-de-ella-filoni-chow-famuyiwa-howard-y-waititi-el-nuevo-trailer-de-mortal-engines-apunta-a-despiporre-vi","og_locale":"es_ES","og_type":"article","og_title":"\"The Mandalorian\" descubre su primera imagen oficial y los directores que se har\u00e1n cargo de ella","og_description":"Hay que volver a hablar de Star Wars y \"The Mandalorian\" de Jon Favreau porque en StarWars.com ha aparecido la primera imagen de la serie.","og_url":"https:\/\/www.uruloki.org\/felipeblog\/star-wars\/the-mandalorian-descubre-su-primera-imagen-oficial-y-los-directores-que-se-haran-cargo-de-ella-filoni-chow-famuyiwa-howard-y-waititi-el-nuevo-trailer-de-mortal-engines-apunta-a-despiporre-vi","og_site_name":"Uruloki :: Blog","article_publisher":"https:\/\/www.facebook.com\/uruloki.org","article_published_time":"2018-10-06T09:18:44+00:00","author":"Uruloki","twitter_card":"summary_large_image","twitter_image":"https:\/\/www.uruloki.org\/felipeblog\/imagenes2018\/20181006-mandalorian.jpg","twitter_creator":"@uruloki","twitter_site":"@uruloki","twitter_misc":{"Escrito por":"Uruloki","Tiempo de lectura":"3 minutos"},"schema":{"@context":"https:\/\/schema.org","@graph":[{"@type":"WebPage","@id":"https:\/\/www.uruloki.org\/felipeblog\/star-wars\/the-mandalorian-descubre-su-primera-imagen-oficial-y-los-directores-que-se-haran-cargo-de-ella-filoni-chow-famuyiwa-howard-y-waititi-el-nuevo-trailer-de-mortal-engines-apunta-a-despiporre-vi","url":"https:\/\/www.uruloki.org\/felipeblog\/star-wars\/the-mandalorian-descubre-su-primera-imagen-oficial-y-los-directores-que-se-haran-cargo-de-ella-filoni-chow-famuyiwa-howard-y-waititi-el-nuevo-trailer-de-mortal-engines-apunta-a-despiporre-vi","name":"\"The Mandalorian\" descubre su primera imagen oficial y los directores que se har\u00e1n cargo de ella","isPartOf":{"@id":"https:\/\/www.uruloki.org\/felipeblog\/#website"},"datePublished":"2018-10-06T09:18:44+00:00","dateModified":"2018-10-06T09:18:44+00:00","author":{"@id":"https:\/\/www.uruloki.org\/felipeblog\/#\/schema\/person\/ddba06ddaa27edf0c370460d05c51bb3"},"description":"Hay que volver a hablar de Star Wars y \"The Mandalorian\" de Jon Favreau porque en StarWars.com ha aparecido la primera imagen de la serie.","breadcrumb":{"@id":"https:\/\/www.uruloki.org\/felipeblog\/star-wars\/the-mandalorian-descubre-su-primera-imagen-oficial-y-los-directores-que-se-haran-cargo-de-ella-filoni-chow-famuyiwa-howard-y-waititi-el-nuevo-trailer-de-mortal-engines-apunta-a-despiporre-vi#breadcrumb"},"inLanguage":"es","potentialAction":[{"@type":"ReadAction","target":["https:\/\/www.uruloki.org\/felipeblog\/star-wars\/the-mandalorian-descubre-su-primera-imagen-oficial-y-los-directores-que-se-haran-cargo-de-ella-filoni-chow-famuyiwa-howard-y-waititi-el-nuevo-trailer-de-mortal-engines-apunta-a-despiporre-vi"]}]},{"@type":"BreadcrumbList","@id":"https:\/\/www.uruloki.org\/felipeblog\/star-wars\/the-mandalorian-descubre-su-primera-imagen-oficial-y-los-directores-que-se-haran-cargo-de-ella-filoni-chow-famuyiwa-howard-y-waititi-el-nuevo-trailer-de-mortal-engines-apunta-a-despiporre-vi#breadcrumb","itemListElement":[{"@type":"ListItem","position":1,"name":"Portada","item":"https:\/\/www.uruloki.org\/felipeblog"},{"@type":"ListItem","position":2,"name":"\u00abThe Mandalorian\u00bb descubre su primera imagen oficial y los directores que se har\u00e1n cargo de ella (Filoni, Chow, Famuyiwa, Howard y Waititi), el nuevo trailer de Mortal Engines apunta a despiporre visual (y veremos si algo m\u00e1s), carteles ilustrados para la Comic-Con de New York de Hellboy y La noche de Halloween, y ojo al primer cartel y adelanto de \u00abThe Boys\u00bb de Amazon Studios&#8230;"}]},{"@type":"WebSite","@id":"https:\/\/www.uruloki.org\/felipeblog\/#website","url":"https:\/\/www.uruloki.org\/felipeblog\/","name":"Uruloki :: Blog","description":"Blog de cine, terror, ciencia ficci\u00f3n, fantas\u00eda y c\u00f3mics","potentialAction":[{"@type":"SearchAction","target":{"@type":"EntryPoint","urlTemplate":"https:\/\/www.uruloki.org\/felipeblog\/?s={search_term_string}"},"query-input":{"@type":"PropertyValueSpecification","valueRequired":true,"valueName":"search_term_string"}}],"inLanguage":"es"},{"@type":"Person","@id":"https:\/\/www.uruloki.org\/felipeblog\/#\/schema\/person\/ddba06ddaa27edf0c370460d05c51bb3","name":"Uruloki","image":{"@type":"ImageObject","inLanguage":"es","@id":"https:\/\/www.uruloki.org\/felipeblog\/#\/schema\/person\/image\/","url":"https:\/\/secure.gravatar.com\/avatar\/68d5301c5f52ba88fd63f02c75b8c4d1b3c3fc4b21e2998a1e98c4b3a54d9f7c?s=96&d=mm&r=g","contentUrl":"https:\/\/secure.gravatar.com\/avatar\/68d5301c5f52ba88fd63f02c75b8c4d1b3c3fc4b21e2998a1e98c4b3a54d9f7c?s=96&d=mm&r=g","caption":"Uruloki"},"sameAs":["https:\/\/uruloki.org"],"url":"https:\/\/www.uruloki.org\/felipeblog\/author\/admin-2-2-2"}]}},"_links":{"self":[{"href":"https:\/\/www.uruloki.org\/felipeblog\/wp-json\/wp\/v2\/posts\/18158","targetHints":{"allow":["GET"]}}],"collection":[{"href":"https:\/\/www.uruloki.org\/felipeblog\/wp-json\/wp\/v2\/posts"}],"about":[{"href":"https:\/\/www.uruloki.org\/felipeblog\/wp-json\/wp\/v2\/types\/post"}],"author":[{"embeddable":true,"href":"https:\/\/www.uruloki.org\/felipeblog\/wp-json\/wp\/v2\/users\/28"}],"replies":[{"embeddable":true,"href":"https:\/\/www.uruloki.org\/felipeblog\/wp-json\/wp\/v2\/comments?post=18158"}],"version-history":[{"count":1,"href":"https:\/\/www.uruloki.org\/felipeblog\/wp-json\/wp\/v2\/posts\/18158\/revisions"}],"predecessor-version":[{"id":18159,"href":"https:\/\/www.uruloki.org\/felipeblog\/wp-json\/wp\/v2\/posts\/18158\/revisions\/18159"}],"wp:attachment":[{"href":"https:\/\/www.uruloki.org\/felipeblog\/wp-json\/wp\/v2\/media?parent=18158"}],"wp:term":[{"taxonomy":"category","embeddable":true,"href":"https:\/\/www.uruloki.org\/felipeblog\/wp-json\/wp\/v2\/categories?post=18158"},{"taxonomy":"post_tag","embeddable":true,"href":"https:\/\/www.uruloki.org\/felipeblog\/wp-json\/wp\/v2\/tags?post=18158"}],"curies":[{"name":"wp","href":"https:\/\/api.w.org\/{rel}","templated":true}]}}