{"id":18134,"date":"2018-09-27T07:56:41","date_gmt":"2018-09-27T05:56:41","guid":{"rendered":"https:\/\/uruloki.org\/felipeblog\/?p=18134"},"modified":"2018-09-27T07:56:41","modified_gmt":"2018-09-27T05:56:41","slug":"el-primer-trailer-de-x-men-fenix-oscura-ha-llegado-al-ritmo-de-los-doors-y-el-anuncio-del-fin","status":"publish","type":"post","link":"https:\/\/www.uruloki.org\/felipeblog\/cine-de-comics\/el-primer-trailer-de-x-men-fenix-oscura-ha-llegado-al-ritmo-de-los-doors-y-el-anuncio-del-fin","title":{"rendered":"El primer trailer de X-Men: F\u00e9nix Oscura ha llegado al ritmo de los Doors y el anuncio del fin&#8230;"},"content":{"rendered":"<p>Tenemos ya entre manos el primer avance de <strong>X-Men: F&eacute;nix Oscura<\/strong> (<em>Dark Phoenix<\/em>) de <strong>Simon Kinberg<\/strong>. El caos est&aacute; servido con la entrada en escena de la versi&oacute;n maligna de <em>Jean Grey<\/em> (<strong>Sophie Turner<\/strong>) y las constantes dudas del resto del equipo, encabezado por <strong>James McAvoy<\/strong> como <em>Charles Xavier<\/em> y <strong>Michael Fassbender<\/strong> como <em>Magneto<\/em>. Recuerda en parte a <strong>X-Men: Primera Generaci&oacute;n<\/strong> (<em>X-Men: First Class<\/em>) con ese problema recurrente a lo largo de toda la saga cinematogr&aacute;fica, siempre hay alguien con dudas o siempre hay alguien que cambia de bando. Esta vez, eso s&iacute;, el cambio de bando es a un tercero, ni <em>Xavier<\/em> ni <em>Magneto<\/em> parecen tirar de <em>F&eacute;nix Oscura<\/em>, que va por libre, manejada por los <em>Shi&#8217;ar<\/em> se supone, para acabar con todos. Tenemos adem&aacute;s sinopsis oficial&#8230;<\/p>\n<blockquote>\n<p>En F&eacute;nix Oscura, los X-Men se enfrentan a su enemigo m&aacute;s formidable y poderoso: una de los suyos, Jean Grey. Durante una misi&oacute;n de rescate en el espacio, Jean est&aacute; a punto de morir tras impactar con una misteriosa fuerza c&oacute;smica. Una vez que vuelve a casa, esta fuerza no solo la hace infinitamente m&aacute;s poderosa, sino tambi&eacute;n mucho m&aacute;s inestable. Luchando con esta entidad que habita en su interior, Jean desata sus poderes de maneras que no puede ni comprender ni contener. Con Jean fuera de control y haciendo da&ntilde;o a aquellos que m&aacute;s quiere, empieza a deshacer el tejido que mantiene juntos a los X-Men. Ahora, con su familia derrumb&aacute;ndose, deben encontrar una forma de unirse, no solo para salvar el alma de Jean, sino tambi&eacute;n para salvar nuestro planeta de alien&iacute;genas que quieren convertir esa fuerza en un arma con la que dominar la galaxia.<\/p>\n<\/blockquote>\n<div class=\"video\"><iframe loading=\"lazy\" width=\"100%\" height=\"360\" src=\"https:\/\/www.youtube.com\/embed\/Eclj77aXmWs\" allowfullscreen=\"true\"><\/iframe><\/div>\n<p>De regalo tenemos tambi&eacute;n el trailer ya doblado al castellano&#8230; estreno el mismo 14 de febrero. Lo peor, no saber abstraerse del <strong>X-Men<\/strong> y de <strong>F&eacute;nix Oscura<\/strong>, que mola, tirar de nuevo de <strong>X-Men: F&eacute;nix Oscura<\/strong>.<\/p>\n<div class=\"video\"><iframe loading=\"lazy\" width=\"100%\" height=\"360\" src=\"https:\/\/www.youtube.com\/embed\/f6A1gEb9utI\" allowfullscreen=\"true\"><\/iframe><\/div>\n<p class=\"centrado\"><img decoding=\"async\" src=\"\/felipeblog\/imagenes2018\/20180926-dark-phoenix.jpg\" alt=\"El primer cartel de X-Men: F\u00e9nix Oscura\"><br \/><em>El primer cartel de X-Men: F\u00e9nix Oscura<\/em><\/p>\n","protected":false},"excerpt":{"rendered":"<p>Tenemos ya entre manos el primer avance de X-Men: F&eacute;nix Oscura (Dark Phoenix) de Simon Kinberg. El caos est&aacute; servido con la entrada en escena de la versi&oacute;n maligna de Jean Grey (Sophie Turner) y las constantes dudas del resto del equipo, encabezado por James McAvoy como Charles Xavier y Michael Fassbender como Magneto. Recuerda [&hellip;]<\/p>\n","protected":false},"author":28,"featured_media":0,"comment_status":"open","ping_status":"open","sticky":false,"template":"","format":"standard","meta":{"footnotes":""},"categories":[10],"tags":[3745],"class_list":["post-18134","post","type-post","status-publish","format-standard","hentry","category-cine-de-comics","tag-x-men-dark-phoenix"],"yoast_head":"<!-- This site is optimized with the Yoast SEO plugin v24.3 - https:\/\/yoast.com\/wordpress\/plugins\/seo\/ -->\n<title>El primer trailer de X-Men: F\u00e9nix Oscura ha llegado al ritmo de los Doors y el anuncio del fin<\/title>\n<meta name=\"description\" content=\"Tenemos ya el primer avance de X-Men: F\u00e9nix Oscura de Simon Kinberg. El caos est\u00e1 servido con la entrada en escena de la versi\u00f3n maligna de Jean Grey.\" \/>\n<meta name=\"robots\" content=\"index, follow, max-snippet:-1, max-image-preview:large, max-video-preview:-1\" \/>\n<link rel=\"canonical\" href=\"https:\/\/www.uruloki.org\/felipeblog\/cine-de-comics\/el-primer-trailer-de-x-men-fenix-oscura-ha-llegado-al-ritmo-de-los-doors-y-el-anuncio-del-fin\" \/>\n<meta property=\"og:locale\" content=\"es_ES\" \/>\n<meta property=\"og:type\" content=\"article\" \/>\n<meta property=\"og:title\" content=\"El primer trailer de X-Men: F\u00e9nix Oscura ha llegado al ritmo de los Doors y el anuncio del fin\" \/>\n<meta property=\"og:description\" content=\"Tenemos ya el primer avance de X-Men: F\u00e9nix Oscura de Simon Kinberg. El caos est\u00e1 servido con la entrada en escena de la versi\u00f3n maligna de Jean Grey.\" \/>\n<meta property=\"og:url\" content=\"https:\/\/www.uruloki.org\/felipeblog\/cine-de-comics\/el-primer-trailer-de-x-men-fenix-oscura-ha-llegado-al-ritmo-de-los-doors-y-el-anuncio-del-fin\" \/>\n<meta property=\"og:site_name\" content=\"Uruloki :: Blog\" \/>\n<meta property=\"article:publisher\" content=\"https:\/\/www.facebook.com\/uruloki.org\" \/>\n<meta property=\"article:published_time\" content=\"2018-09-27T05:56:41+00:00\" \/>\n<meta property=\"og:image\" content=\"https:\/\/www.uruloki.org\/felipeblog\/imagenes2018\/20180926-dark-phoenix.jpg\" \/>\n<meta name=\"author\" content=\"Uruloki\" \/>\n<meta name=\"twitter:card\" content=\"summary_large_image\" \/>\n<meta name=\"twitter:creator\" content=\"@uruloki\" \/>\n<meta name=\"twitter:site\" content=\"@uruloki\" \/>\n<meta name=\"twitter:label1\" content=\"Escrito por\" \/>\n\t<meta name=\"twitter:data1\" content=\"Uruloki\" \/>\n\t<meta name=\"twitter:label2\" content=\"Tiempo de lectura\" \/>\n\t<meta name=\"twitter:data2\" content=\"2 minutos\" \/>\n<script type=\"application\/ld+json\" class=\"yoast-schema-graph\">{\"@context\":\"https:\/\/schema.org\",\"@graph\":[{\"@type\":\"WebPage\",\"@id\":\"https:\/\/www.uruloki.org\/felipeblog\/cine-de-comics\/el-primer-trailer-de-x-men-fenix-oscura-ha-llegado-al-ritmo-de-los-doors-y-el-anuncio-del-fin\",\"url\":\"https:\/\/www.uruloki.org\/felipeblog\/cine-de-comics\/el-primer-trailer-de-x-men-fenix-oscura-ha-llegado-al-ritmo-de-los-doors-y-el-anuncio-del-fin\",\"name\":\"El primer trailer de X-Men: F\u00e9nix Oscura ha llegado al ritmo de los Doors y el anuncio del fin\",\"isPartOf\":{\"@id\":\"https:\/\/www.uruloki.org\/felipeblog\/#website\"},\"datePublished\":\"2018-09-27T05:56:41+00:00\",\"dateModified\":\"2018-09-27T05:56:41+00:00\",\"author\":{\"@id\":\"https:\/\/www.uruloki.org\/felipeblog\/#\/schema\/person\/ddba06ddaa27edf0c370460d05c51bb3\"},\"description\":\"Tenemos ya el primer avance de X-Men: F\u00e9nix Oscura de Simon Kinberg. El caos est\u00e1 servido con la entrada en escena de la versi\u00f3n maligna de Jean Grey.\",\"breadcrumb\":{\"@id\":\"https:\/\/www.uruloki.org\/felipeblog\/cine-de-comics\/el-primer-trailer-de-x-men-fenix-oscura-ha-llegado-al-ritmo-de-los-doors-y-el-anuncio-del-fin#breadcrumb\"},\"inLanguage\":\"es\",\"potentialAction\":[{\"@type\":\"ReadAction\",\"target\":[\"https:\/\/www.uruloki.org\/felipeblog\/cine-de-comics\/el-primer-trailer-de-x-men-fenix-oscura-ha-llegado-al-ritmo-de-los-doors-y-el-anuncio-del-fin\"]}]},{\"@type\":\"BreadcrumbList\",\"@id\":\"https:\/\/www.uruloki.org\/felipeblog\/cine-de-comics\/el-primer-trailer-de-x-men-fenix-oscura-ha-llegado-al-ritmo-de-los-doors-y-el-anuncio-del-fin#breadcrumb\",\"itemListElement\":[{\"@type\":\"ListItem\",\"position\":1,\"name\":\"Portada\",\"item\":\"https:\/\/www.uruloki.org\/felipeblog\"},{\"@type\":\"ListItem\",\"position\":2,\"name\":\"El primer trailer de X-Men: F\u00e9nix Oscura ha llegado al ritmo de los Doors y el anuncio del fin&#8230;\"}]},{\"@type\":\"WebSite\",\"@id\":\"https:\/\/www.uruloki.org\/felipeblog\/#website\",\"url\":\"https:\/\/www.uruloki.org\/felipeblog\/\",\"name\":\"Uruloki :: Blog\",\"description\":\"Blog de cine, terror, ciencia ficci\u00f3n, fantas\u00eda y c\u00f3mics\",\"potentialAction\":[{\"@type\":\"SearchAction\",\"target\":{\"@type\":\"EntryPoint\",\"urlTemplate\":\"https:\/\/www.uruloki.org\/felipeblog\/?s={search_term_string}\"},\"query-input\":{\"@type\":\"PropertyValueSpecification\",\"valueRequired\":true,\"valueName\":\"search_term_string\"}}],\"inLanguage\":\"es\"},{\"@type\":\"Person\",\"@id\":\"https:\/\/www.uruloki.org\/felipeblog\/#\/schema\/person\/ddba06ddaa27edf0c370460d05c51bb3\",\"name\":\"Uruloki\",\"image\":{\"@type\":\"ImageObject\",\"inLanguage\":\"es\",\"@id\":\"https:\/\/www.uruloki.org\/felipeblog\/#\/schema\/person\/image\/\",\"url\":\"https:\/\/secure.gravatar.com\/avatar\/68d5301c5f52ba88fd63f02c75b8c4d1b3c3fc4b21e2998a1e98c4b3a54d9f7c?s=96&d=mm&r=g\",\"contentUrl\":\"https:\/\/secure.gravatar.com\/avatar\/68d5301c5f52ba88fd63f02c75b8c4d1b3c3fc4b21e2998a1e98c4b3a54d9f7c?s=96&d=mm&r=g\",\"caption\":\"Uruloki\"},\"sameAs\":[\"https:\/\/uruloki.org\"],\"url\":\"https:\/\/www.uruloki.org\/felipeblog\/author\/admin-2-2-2\"}]}<\/script>\n<!-- \/ Yoast SEO plugin. -->","yoast_head_json":{"title":"El primer trailer de X-Men: F\u00e9nix Oscura ha llegado al ritmo de los Doors y el anuncio del fin","description":"Tenemos ya el primer avance de X-Men: F\u00e9nix Oscura de Simon Kinberg. El caos est\u00e1 servido con la entrada en escena de la versi\u00f3n maligna de Jean Grey.","robots":{"index":"index","follow":"follow","max-snippet":"max-snippet:-1","max-image-preview":"max-image-preview:large","max-video-preview":"max-video-preview:-1"},"canonical":"https:\/\/www.uruloki.org\/felipeblog\/cine-de-comics\/el-primer-trailer-de-x-men-fenix-oscura-ha-llegado-al-ritmo-de-los-doors-y-el-anuncio-del-fin","og_locale":"es_ES","og_type":"article","og_title":"El primer trailer de X-Men: F\u00e9nix Oscura ha llegado al ritmo de los Doors y el anuncio del fin","og_description":"Tenemos ya el primer avance de X-Men: F\u00e9nix Oscura de Simon Kinberg. El caos est\u00e1 servido con la entrada en escena de la versi\u00f3n maligna de Jean Grey.","og_url":"https:\/\/www.uruloki.org\/felipeblog\/cine-de-comics\/el-primer-trailer-de-x-men-fenix-oscura-ha-llegado-al-ritmo-de-los-doors-y-el-anuncio-del-fin","og_site_name":"Uruloki :: Blog","article_publisher":"https:\/\/www.facebook.com\/uruloki.org","article_published_time":"2018-09-27T05:56:41+00:00","og_image":[{"url":"https:\/\/www.uruloki.org\/felipeblog\/imagenes2018\/20180926-dark-phoenix.jpg","type":"","width":"","height":""}],"author":"Uruloki","twitter_card":"summary_large_image","twitter_creator":"@uruloki","twitter_site":"@uruloki","twitter_misc":{"Escrito por":"Uruloki","Tiempo de lectura":"2 minutos"},"schema":{"@context":"https:\/\/schema.org","@graph":[{"@type":"WebPage","@id":"https:\/\/www.uruloki.org\/felipeblog\/cine-de-comics\/el-primer-trailer-de-x-men-fenix-oscura-ha-llegado-al-ritmo-de-los-doors-y-el-anuncio-del-fin","url":"https:\/\/www.uruloki.org\/felipeblog\/cine-de-comics\/el-primer-trailer-de-x-men-fenix-oscura-ha-llegado-al-ritmo-de-los-doors-y-el-anuncio-del-fin","name":"El primer trailer de X-Men: F\u00e9nix Oscura ha llegado al ritmo de los Doors y el anuncio del fin","isPartOf":{"@id":"https:\/\/www.uruloki.org\/felipeblog\/#website"},"datePublished":"2018-09-27T05:56:41+00:00","dateModified":"2018-09-27T05:56:41+00:00","author":{"@id":"https:\/\/www.uruloki.org\/felipeblog\/#\/schema\/person\/ddba06ddaa27edf0c370460d05c51bb3"},"description":"Tenemos ya el primer avance de X-Men: F\u00e9nix Oscura de Simon Kinberg. El caos est\u00e1 servido con la entrada en escena de la versi\u00f3n maligna de Jean Grey.","breadcrumb":{"@id":"https:\/\/www.uruloki.org\/felipeblog\/cine-de-comics\/el-primer-trailer-de-x-men-fenix-oscura-ha-llegado-al-ritmo-de-los-doors-y-el-anuncio-del-fin#breadcrumb"},"inLanguage":"es","potentialAction":[{"@type":"ReadAction","target":["https:\/\/www.uruloki.org\/felipeblog\/cine-de-comics\/el-primer-trailer-de-x-men-fenix-oscura-ha-llegado-al-ritmo-de-los-doors-y-el-anuncio-del-fin"]}]},{"@type":"BreadcrumbList","@id":"https:\/\/www.uruloki.org\/felipeblog\/cine-de-comics\/el-primer-trailer-de-x-men-fenix-oscura-ha-llegado-al-ritmo-de-los-doors-y-el-anuncio-del-fin#breadcrumb","itemListElement":[{"@type":"ListItem","position":1,"name":"Portada","item":"https:\/\/www.uruloki.org\/felipeblog"},{"@type":"ListItem","position":2,"name":"El primer trailer de X-Men: F\u00e9nix Oscura ha llegado al ritmo de los Doors y el anuncio del fin&#8230;"}]},{"@type":"WebSite","@id":"https:\/\/www.uruloki.org\/felipeblog\/#website","url":"https:\/\/www.uruloki.org\/felipeblog\/","name":"Uruloki :: Blog","description":"Blog de cine, terror, ciencia ficci\u00f3n, fantas\u00eda y c\u00f3mics","potentialAction":[{"@type":"SearchAction","target":{"@type":"EntryPoint","urlTemplate":"https:\/\/www.uruloki.org\/felipeblog\/?s={search_term_string}"},"query-input":{"@type":"PropertyValueSpecification","valueRequired":true,"valueName":"search_term_string"}}],"inLanguage":"es"},{"@type":"Person","@id":"https:\/\/www.uruloki.org\/felipeblog\/#\/schema\/person\/ddba06ddaa27edf0c370460d05c51bb3","name":"Uruloki","image":{"@type":"ImageObject","inLanguage":"es","@id":"https:\/\/www.uruloki.org\/felipeblog\/#\/schema\/person\/image\/","url":"https:\/\/secure.gravatar.com\/avatar\/68d5301c5f52ba88fd63f02c75b8c4d1b3c3fc4b21e2998a1e98c4b3a54d9f7c?s=96&d=mm&r=g","contentUrl":"https:\/\/secure.gravatar.com\/avatar\/68d5301c5f52ba88fd63f02c75b8c4d1b3c3fc4b21e2998a1e98c4b3a54d9f7c?s=96&d=mm&r=g","caption":"Uruloki"},"sameAs":["https:\/\/uruloki.org"],"url":"https:\/\/www.uruloki.org\/felipeblog\/author\/admin-2-2-2"}]}},"_links":{"self":[{"href":"https:\/\/www.uruloki.org\/felipeblog\/wp-json\/wp\/v2\/posts\/18134","targetHints":{"allow":["GET"]}}],"collection":[{"href":"https:\/\/www.uruloki.org\/felipeblog\/wp-json\/wp\/v2\/posts"}],"about":[{"href":"https:\/\/www.uruloki.org\/felipeblog\/wp-json\/wp\/v2\/types\/post"}],"author":[{"embeddable":true,"href":"https:\/\/www.uruloki.org\/felipeblog\/wp-json\/wp\/v2\/users\/28"}],"replies":[{"embeddable":true,"href":"https:\/\/www.uruloki.org\/felipeblog\/wp-json\/wp\/v2\/comments?post=18134"}],"version-history":[{"count":1,"href":"https:\/\/www.uruloki.org\/felipeblog\/wp-json\/wp\/v2\/posts\/18134\/revisions"}],"predecessor-version":[{"id":18135,"href":"https:\/\/www.uruloki.org\/felipeblog\/wp-json\/wp\/v2\/posts\/18134\/revisions\/18135"}],"wp:attachment":[{"href":"https:\/\/www.uruloki.org\/felipeblog\/wp-json\/wp\/v2\/media?parent=18134"}],"wp:term":[{"taxonomy":"category","embeddable":true,"href":"https:\/\/www.uruloki.org\/felipeblog\/wp-json\/wp\/v2\/categories?post=18134"},{"taxonomy":"post_tag","embeddable":true,"href":"https:\/\/www.uruloki.org\/felipeblog\/wp-json\/wp\/v2\/tags?post=18134"}],"curies":[{"name":"wp","href":"https:\/\/api.w.org\/{rel}","templated":true}]}}