{"id":17938,"date":"2018-07-20T22:52:17","date_gmt":"2018-07-20T20:52:17","guid":{"rendered":"https:\/\/uruloki.org\/felipeblog\/?p=17938"},"modified":"2018-07-21T12:02:37","modified_gmt":"2018-07-21T10:02:37","slug":"comic-con-2018-james-gunn-despedido-como-director-de-guardians-of-the-galaxy-vol-3-y-la-razon-son-unos-tweets-polemicos-escritos-hace-casi-una-decada","status":"publish","type":"post","link":"https:\/\/www.uruloki.org\/felipeblog\/comic-con-2018\/comic-con-2018-james-gunn-despedido-como-director-de-guardians-of-the-galaxy-vol-3-y-la-razon-son-unos-tweets-polemicos-escritos-hace-casi-una-decada","title":{"rendered":"Comic-Con 2018: James Gunn despedido como director de Guardians of the Galaxy Vol. 3 y la raz\u00f3n son unos tweets pol\u00e9micos escritos hace casi una d\u00e9cada (o unos recientes contra Donald Trump)&#8230;"},"content":{"rendered":"<p><strong class=\"nota\">&nbsp;ACTUALIZACI\u00d3N&nbsp;<\/strong> Ayer mientras escrib\u00eda esto encontraba tan absurdo lo ocurrido que no paraba de buscar otras posibles razones. Frente a la il\u00f3gica de los tweets pasados, se acrecentaban razones de discrepancia pol\u00edtica. \u00bfPor qu\u00e9? Pues porque <strong>Gunn<\/strong> <a href=\"https:\/\/twitter.com\/JamesGunn\/status\/1019984790475309056\" rel=\"noopener\" target=\"_blank\">lleva d\u00edas<\/a> si no semanas lanzando <a href=\"https:\/\/twitter.com\/JamesGunn\/status\/1020099421336289280\" rel=\"noopener\" target=\"_blank\">cr\u00edticas directas<\/a> contra <a href=\"https:\/\/twitter.com\/JamesGunn\/status\/1019690727842885632\" rel=\"noopener\" target=\"_blank\">los movimientos<\/a> de <strong>Donald Trump<\/strong> y su gobierno. La verdad, no ser\u00eda de extra\u00f1ar que fuera esta la verdadera raz\u00f3n que ha llevado a <strong>Disney<\/strong> a despedirlo, raz\u00f3n igualmente absurda porque otros directores como <strong>Alfonso Cuar\u00f3n<\/strong>, <strong>Guillermo del Toro<\/strong>, etc. han igualmente hablado contra los m\u00e9todos de este personaje de pelo rubio y tez naranja (muro anti-M\u00e9xico, meter a los ni\u00f1os de los inmigrantes en celdas separados de sus padres, reunirse con <strong>Putin<\/strong> y decir que le cree m\u00e1s a \u00e9l que a sus propios servicios de inteligencia,&#8230;). Y aparentemente no ha pasado nada. Puede que <strong>Disney<\/strong>, quitemos el puede, sea intransigente ante todo tipo de cr\u00edtica.<\/p>\n<p>Probablemente la noticia del momento. <a href=\"https:\/\/www.hollywoodreporter.com\/heat-vision\/james-gunn-exits-guardians-galaxy-vol-3-1128786\"><strong>James Gunn<\/strong> ha sido despedido por <strong>Disney Pictures<\/strong> y no dirigir&aacute; <strong>Guardians of the Galaxy Vol. 3<\/strong><\/a>. La raz&oacute;n del despido nos la cuenta THR, resulta que en su etapa post-troma, cuando <strong>Gunn<\/strong> ya hab&iacute;a rodado <strong>Slither<\/strong> o su serie <strong>&quot;PG Porn&quot;<\/strong>, y cuando seguramente estaba apostando duramente por <a href=\"https:\/\/uruloki.org\/felipeblog\/cine-de-terror\/uruloki-en-sitges-da-4-the-new-daughter-super-dream-home-vanishing-on-7th-street-e-insidious\">la maravillosa <strong>Super<\/strong><\/a>, public&oacute; una serie de <em>tweets<\/em> donde hac&iacute;a mofa sobre temas tan controvertidos como la violaci&oacute;n o la pedofilia, y escrib&iacute;a art&iacute;culos de blog sobre temas homof&oacute;bicos y sexistas, uno de ellos ri&eacute;ndose de <em>Batwoman<\/em> que caus&oacute; una pol&eacute;mica notable.<\/p>\n<p class=\"centrado\"><img decoding=\"async\" src=\"\/felipeblog\/imagenes2018\/20180720-james-gunn.jpg\" alt=\"James Gunn despedido como director de Guardians of the Galaxy Vol. 3\" width=\"100%\"><br \/><em>James Gunn despedido como director de Guardians of the Galaxy Vol. 3<\/em><\/p>\n<p> <strong>Gunn<\/strong> ha publicado hoy una serie de tweets donde reconoce que no puede borrar su pasado, pero su &eacute;l de entonces era el de un provocador (con ver <strong>&quot;PG-Porn&quot;<\/strong> llega para saber c&oacute;mo era) que hac&iacute;a chistes sobre temas tab&uacute; y controvertidos&#8230; ni Twitter ni los blogs era medios adecuados para este tipo de humor. Aqu&iacute; sus comentarios:<\/p>\n<div class=\"twittercentrado\">\n<blockquote class=\"twitter-tweet\" data-lang=\"es\">\n<p lang=\"en\" dir=\"ltr\">1. Many people who have followed my career know when I started, I viewed myself as a provocateur, making movies and telling jokes that were outrageous and taboo. As I have discussed publicly many times, as I\u2019ve developed as a person, so has my work and my humor.<\/p>\n<p>&mdash; James Gunn (@JamesGunn) <a href=\"https:\/\/twitter.com\/JamesGunn\/status\/1020154776539967489?ref_src=twsrc%5Etfw\">20 de julio de 2018<\/a><\/p><\/blockquote>\n<\/div>\n<div class=\"twittercentrado\">\n<blockquote class=\"twitter-tweet\" data-conversation=\"none\" data-lang=\"es\">\n<p lang=\"en\" dir=\"ltr\">2. It\u2019s not to say I\u2019m better, but I am very, very different than I was a few years ago; today I try to root my work in love and connection and less in anger.  My days saying something just because it\u2019s shocking and trying to get a reaction are over.<\/p>\n<p>&mdash; James Gunn (@JamesGunn) <a href=\"https:\/\/twitter.com\/JamesGunn\/status\/1020154777525575682?ref_src=twsrc%5Etfw\">20 de julio de 2018<\/a><\/p><\/blockquote>\n<\/div>\n<div class=\"twittercentrado\">\n<blockquote class=\"twitter-tweet\" data-conversation=\"none\" data-lang=\"es\">\n<p lang=\"en\" dir=\"ltr\">3. In the past, I have apologized for humor of mine that hurt people. I truly felt sorry and meant every word of my apologies.<\/p>\n<p>&mdash; James Gunn (@JamesGunn) <a href=\"https:\/\/twitter.com\/JamesGunn\/status\/1020154778356146177?ref_src=twsrc%5Etfw\">20 de julio de 2018<\/a><\/p><\/blockquote>\n<\/div>\n<div class=\"twittercentrado\">\n<blockquote class=\"twitter-tweet\" data-conversation=\"none\" data-lang=\"es\">\n<p lang=\"en\" dir=\"ltr\">4. For the record, when I made these shocking jokes, I wasn\u2019t living them out. I know this is a weird statement to make, and seems obvious, but, still, here I am, saying it.<\/p>\n<p>&mdash; James Gunn (@JamesGunn) <a href=\"https:\/\/twitter.com\/JamesGunn\/status\/1020154779169783808?ref_src=twsrc%5Etfw\">20 de julio de 2018<\/a><\/p><\/blockquote>\n<\/div>\n<div class=\"twittercentrado\">\n<blockquote class=\"twitter-tweet\" data-conversation=\"none\" data-lang=\"es\">\n<p lang=\"en\" dir=\"ltr\">5. Anyway, that\u2019s the completely honest truth: I used to make a lot of offensive jokes. I don\u2019t anymore. I don\u2019t blame my past self for this, but I like myself more and feel like a more full human being and creator today.  Love you to you all.<\/p>\n<p>&mdash; James Gunn (@JamesGunn) <a href=\"https:\/\/twitter.com\/JamesGunn\/status\/1020154780012834816?ref_src=twsrc%5Etfw\">20 de julio de 2018<\/a><\/p><\/blockquote>\n<p><script async src=\"https:\/\/platform.twitter.com\/widgets.js\" charset=\"utf-8\"><\/script><\/div>\n<p>El tema es que <strong>Alan Horn<\/strong>, presidente de <strong>Walt Disney Studios<\/strong>, ha declarado<\/p>\n<blockquote>\n<p>Las actitudes y declaraciones ofensivas descubiertas en el Twitter de James son indefendibles e inconsistentes con los valores de nuestro estudio, y hemos roto nuestra relaci&oacute;n comercial con &eacute;l.<\/p>\n<\/blockquote>\n<p>Pues telita, con <strong>James Gunn<\/strong> escribiendo el gui&oacute;n de <strong>Guardians of the Galaxy Vol. 3<\/strong>, con el estudio barajando su fecha prevista de estreno en el 2020, y con todo pensado para iniciar el rodaje a finales de este a&ntilde;o, ahora madre m&iacute;a menudo golpe. Ojo, el inicio de una franquicia como <strong>Guardianes de la Galaxia<\/strong> amas&oacute; mundialmente 773 millones de d&oacute;lares, su segunda parte m&aacute;s de 860&#8230; y va ahora Disney y se carga al director de semejantes &eacute;xitos.<\/p>\n","protected":false},"excerpt":{"rendered":"<p>&nbsp;ACTUALIZACI\u00d3N&nbsp; Ayer mientras escrib\u00eda esto encontraba tan absurdo lo ocurrido que no paraba de buscar otras posibles razones. Frente a la il\u00f3gica de los tweets pasados, se acrecentaban razones de discrepancia pol\u00edtica. \u00bfPor qu\u00e9? Pues porque Gunn lleva d\u00edas si no semanas lanzando cr\u00edticas directas contra los movimientos de Donald Trump y su gobierno. La [&hellip;]<\/p>\n","protected":false},"author":28,"featured_media":0,"comment_status":"open","ping_status":"open","sticky":false,"template":"","format":"standard","meta":{"footnotes":""},"categories":[10,4068],"tags":[3523],"class_list":["post-17938","post","type-post","status-publish","format-standard","hentry","category-cine-de-comics","category-comic-con-2018","tag-guardians-of-the-galaxy-vol-3"],"yoast_head":"<!-- This site is optimized with the Yoast SEO plugin v24.3 - https:\/\/yoast.com\/wordpress\/plugins\/seo\/ -->\n<title>Comic-Con 2018: James Gunn despedido como director de Guardians of the Galaxy Vol. 3<\/title>\n<meta name=\"description\" content=\"Probablemente la noticia del momento. James Gunn ha sido despedido por Disney Pictures y no dirigir\u00e1 Guardians of the Galaxy Vol. 3.\" \/>\n<meta name=\"robots\" content=\"index, follow, max-snippet:-1, max-image-preview:large, max-video-preview:-1\" \/>\n<link rel=\"canonical\" href=\"https:\/\/www.uruloki.org\/felipeblog\/comic-con-2018\/comic-con-2018-james-gunn-despedido-como-director-de-guardians-of-the-galaxy-vol-3-y-la-razon-son-unos-tweets-polemicos-escritos-hace-casi-una-decada\" \/>\n<meta property=\"og:locale\" content=\"es_ES\" \/>\n<meta property=\"og:type\" content=\"article\" \/>\n<meta property=\"og:title\" content=\"Comic-Con 2018: James Gunn despedido como director de Guardians of the Galaxy Vol. 3\" \/>\n<meta property=\"og:description\" content=\"Probablemente la noticia del momento. James Gunn ha sido despedido por Disney Pictures y no dirigir\u00e1 Guardians of the Galaxy Vol. 3.\" \/>\n<meta property=\"og:url\" content=\"https:\/\/www.uruloki.org\/felipeblog\/comic-con-2018\/comic-con-2018-james-gunn-despedido-como-director-de-guardians-of-the-galaxy-vol-3-y-la-razon-son-unos-tweets-polemicos-escritos-hace-casi-una-decada\" \/>\n<meta property=\"og:site_name\" content=\"Uruloki :: Blog\" \/>\n<meta property=\"article:publisher\" content=\"https:\/\/www.facebook.com\/uruloki.org\" \/>\n<meta property=\"article:published_time\" content=\"2018-07-20T20:52:17+00:00\" \/>\n<meta property=\"article:modified_time\" content=\"2018-07-21T10:02:37+00:00\" \/>\n<meta property=\"og:image\" content=\"https:\/\/www.uruloki.org\/felipeblog\/imagenes2018\/20180720-james-gunn.jpg\" \/>\n<meta name=\"author\" content=\"Uruloki\" \/>\n<meta name=\"twitter:card\" content=\"summary_large_image\" \/>\n<meta name=\"twitter:creator\" content=\"@uruloki\" \/>\n<meta name=\"twitter:site\" content=\"@uruloki\" \/>\n<meta name=\"twitter:label1\" content=\"Escrito por\" \/>\n\t<meta name=\"twitter:data1\" content=\"Uruloki\" \/>\n\t<meta name=\"twitter:label2\" content=\"Tiempo de lectura\" \/>\n\t<meta name=\"twitter:data2\" content=\"4 minutos\" \/>\n<script type=\"application\/ld+json\" class=\"yoast-schema-graph\">{\"@context\":\"https:\/\/schema.org\",\"@graph\":[{\"@type\":\"WebPage\",\"@id\":\"https:\/\/www.uruloki.org\/felipeblog\/comic-con-2018\/comic-con-2018-james-gunn-despedido-como-director-de-guardians-of-the-galaxy-vol-3-y-la-razon-son-unos-tweets-polemicos-escritos-hace-casi-una-decada\",\"url\":\"https:\/\/www.uruloki.org\/felipeblog\/comic-con-2018\/comic-con-2018-james-gunn-despedido-como-director-de-guardians-of-the-galaxy-vol-3-y-la-razon-son-unos-tweets-polemicos-escritos-hace-casi-una-decada\",\"name\":\"Comic-Con 2018: James Gunn despedido como director de Guardians of the Galaxy Vol. 3\",\"isPartOf\":{\"@id\":\"https:\/\/www.uruloki.org\/felipeblog\/#website\"},\"datePublished\":\"2018-07-20T20:52:17+00:00\",\"dateModified\":\"2018-07-21T10:02:37+00:00\",\"author\":{\"@id\":\"https:\/\/www.uruloki.org\/felipeblog\/#\/schema\/person\/ddba06ddaa27edf0c370460d05c51bb3\"},\"description\":\"Probablemente la noticia del momento. James Gunn ha sido despedido por Disney Pictures y no dirigir\u00e1 Guardians of the Galaxy Vol. 3.\",\"breadcrumb\":{\"@id\":\"https:\/\/www.uruloki.org\/felipeblog\/comic-con-2018\/comic-con-2018-james-gunn-despedido-como-director-de-guardians-of-the-galaxy-vol-3-y-la-razon-son-unos-tweets-polemicos-escritos-hace-casi-una-decada#breadcrumb\"},\"inLanguage\":\"es\",\"potentialAction\":[{\"@type\":\"ReadAction\",\"target\":[\"https:\/\/www.uruloki.org\/felipeblog\/comic-con-2018\/comic-con-2018-james-gunn-despedido-como-director-de-guardians-of-the-galaxy-vol-3-y-la-razon-son-unos-tweets-polemicos-escritos-hace-casi-una-decada\"]}]},{\"@type\":\"BreadcrumbList\",\"@id\":\"https:\/\/www.uruloki.org\/felipeblog\/comic-con-2018\/comic-con-2018-james-gunn-despedido-como-director-de-guardians-of-the-galaxy-vol-3-y-la-razon-son-unos-tweets-polemicos-escritos-hace-casi-una-decada#breadcrumb\",\"itemListElement\":[{\"@type\":\"ListItem\",\"position\":1,\"name\":\"Portada\",\"item\":\"https:\/\/www.uruloki.org\/felipeblog\"},{\"@type\":\"ListItem\",\"position\":2,\"name\":\"Comic-Con 2018: James Gunn despedido como director de Guardians of the Galaxy Vol. 3 y la raz\u00f3n son unos tweets pol\u00e9micos escritos hace casi una d\u00e9cada (o unos recientes contra Donald Trump)&#8230;\"}]},{\"@type\":\"WebSite\",\"@id\":\"https:\/\/www.uruloki.org\/felipeblog\/#website\",\"url\":\"https:\/\/www.uruloki.org\/felipeblog\/\",\"name\":\"Uruloki :: Blog\",\"description\":\"Blog de cine, terror, ciencia ficci\u00f3n, fantas\u00eda y c\u00f3mics\",\"potentialAction\":[{\"@type\":\"SearchAction\",\"target\":{\"@type\":\"EntryPoint\",\"urlTemplate\":\"https:\/\/www.uruloki.org\/felipeblog\/?s={search_term_string}\"},\"query-input\":{\"@type\":\"PropertyValueSpecification\",\"valueRequired\":true,\"valueName\":\"search_term_string\"}}],\"inLanguage\":\"es\"},{\"@type\":\"Person\",\"@id\":\"https:\/\/www.uruloki.org\/felipeblog\/#\/schema\/person\/ddba06ddaa27edf0c370460d05c51bb3\",\"name\":\"Uruloki\",\"image\":{\"@type\":\"ImageObject\",\"inLanguage\":\"es\",\"@id\":\"https:\/\/www.uruloki.org\/felipeblog\/#\/schema\/person\/image\/\",\"url\":\"https:\/\/secure.gravatar.com\/avatar\/68d5301c5f52ba88fd63f02c75b8c4d1b3c3fc4b21e2998a1e98c4b3a54d9f7c?s=96&d=mm&r=g\",\"contentUrl\":\"https:\/\/secure.gravatar.com\/avatar\/68d5301c5f52ba88fd63f02c75b8c4d1b3c3fc4b21e2998a1e98c4b3a54d9f7c?s=96&d=mm&r=g\",\"caption\":\"Uruloki\"},\"sameAs\":[\"https:\/\/uruloki.org\"],\"url\":\"https:\/\/www.uruloki.org\/felipeblog\/author\/admin-2-2-2\"}]}<\/script>\n<!-- \/ Yoast SEO plugin. -->","yoast_head_json":{"title":"Comic-Con 2018: James Gunn despedido como director de Guardians of the Galaxy Vol. 3","description":"Probablemente la noticia del momento. James Gunn ha sido despedido por Disney Pictures y no dirigir\u00e1 Guardians of the Galaxy Vol. 3.","robots":{"index":"index","follow":"follow","max-snippet":"max-snippet:-1","max-image-preview":"max-image-preview:large","max-video-preview":"max-video-preview:-1"},"canonical":"https:\/\/www.uruloki.org\/felipeblog\/comic-con-2018\/comic-con-2018-james-gunn-despedido-como-director-de-guardians-of-the-galaxy-vol-3-y-la-razon-son-unos-tweets-polemicos-escritos-hace-casi-una-decada","og_locale":"es_ES","og_type":"article","og_title":"Comic-Con 2018: James Gunn despedido como director de Guardians of the Galaxy Vol. 3","og_description":"Probablemente la noticia del momento. James Gunn ha sido despedido por Disney Pictures y no dirigir\u00e1 Guardians of the Galaxy Vol. 3.","og_url":"https:\/\/www.uruloki.org\/felipeblog\/comic-con-2018\/comic-con-2018-james-gunn-despedido-como-director-de-guardians-of-the-galaxy-vol-3-y-la-razon-son-unos-tweets-polemicos-escritos-hace-casi-una-decada","og_site_name":"Uruloki :: Blog","article_publisher":"https:\/\/www.facebook.com\/uruloki.org","article_published_time":"2018-07-20T20:52:17+00:00","article_modified_time":"2018-07-21T10:02:37+00:00","og_image":[{"url":"https:\/\/www.uruloki.org\/felipeblog\/imagenes2018\/20180720-james-gunn.jpg","type":"","width":"","height":""}],"author":"Uruloki","twitter_card":"summary_large_image","twitter_creator":"@uruloki","twitter_site":"@uruloki","twitter_misc":{"Escrito por":"Uruloki","Tiempo de lectura":"4 minutos"},"schema":{"@context":"https:\/\/schema.org","@graph":[{"@type":"WebPage","@id":"https:\/\/www.uruloki.org\/felipeblog\/comic-con-2018\/comic-con-2018-james-gunn-despedido-como-director-de-guardians-of-the-galaxy-vol-3-y-la-razon-son-unos-tweets-polemicos-escritos-hace-casi-una-decada","url":"https:\/\/www.uruloki.org\/felipeblog\/comic-con-2018\/comic-con-2018-james-gunn-despedido-como-director-de-guardians-of-the-galaxy-vol-3-y-la-razon-son-unos-tweets-polemicos-escritos-hace-casi-una-decada","name":"Comic-Con 2018: James Gunn despedido como director de Guardians of the Galaxy Vol. 3","isPartOf":{"@id":"https:\/\/www.uruloki.org\/felipeblog\/#website"},"datePublished":"2018-07-20T20:52:17+00:00","dateModified":"2018-07-21T10:02:37+00:00","author":{"@id":"https:\/\/www.uruloki.org\/felipeblog\/#\/schema\/person\/ddba06ddaa27edf0c370460d05c51bb3"},"description":"Probablemente la noticia del momento. James Gunn ha sido despedido por Disney Pictures y no dirigir\u00e1 Guardians of the Galaxy Vol. 3.","breadcrumb":{"@id":"https:\/\/www.uruloki.org\/felipeblog\/comic-con-2018\/comic-con-2018-james-gunn-despedido-como-director-de-guardians-of-the-galaxy-vol-3-y-la-razon-son-unos-tweets-polemicos-escritos-hace-casi-una-decada#breadcrumb"},"inLanguage":"es","potentialAction":[{"@type":"ReadAction","target":["https:\/\/www.uruloki.org\/felipeblog\/comic-con-2018\/comic-con-2018-james-gunn-despedido-como-director-de-guardians-of-the-galaxy-vol-3-y-la-razon-son-unos-tweets-polemicos-escritos-hace-casi-una-decada"]}]},{"@type":"BreadcrumbList","@id":"https:\/\/www.uruloki.org\/felipeblog\/comic-con-2018\/comic-con-2018-james-gunn-despedido-como-director-de-guardians-of-the-galaxy-vol-3-y-la-razon-son-unos-tweets-polemicos-escritos-hace-casi-una-decada#breadcrumb","itemListElement":[{"@type":"ListItem","position":1,"name":"Portada","item":"https:\/\/www.uruloki.org\/felipeblog"},{"@type":"ListItem","position":2,"name":"Comic-Con 2018: James Gunn despedido como director de Guardians of the Galaxy Vol. 3 y la raz\u00f3n son unos tweets pol\u00e9micos escritos hace casi una d\u00e9cada (o unos recientes contra Donald Trump)&#8230;"}]},{"@type":"WebSite","@id":"https:\/\/www.uruloki.org\/felipeblog\/#website","url":"https:\/\/www.uruloki.org\/felipeblog\/","name":"Uruloki :: Blog","description":"Blog de cine, terror, ciencia ficci\u00f3n, fantas\u00eda y c\u00f3mics","potentialAction":[{"@type":"SearchAction","target":{"@type":"EntryPoint","urlTemplate":"https:\/\/www.uruloki.org\/felipeblog\/?s={search_term_string}"},"query-input":{"@type":"PropertyValueSpecification","valueRequired":true,"valueName":"search_term_string"}}],"inLanguage":"es"},{"@type":"Person","@id":"https:\/\/www.uruloki.org\/felipeblog\/#\/schema\/person\/ddba06ddaa27edf0c370460d05c51bb3","name":"Uruloki","image":{"@type":"ImageObject","inLanguage":"es","@id":"https:\/\/www.uruloki.org\/felipeblog\/#\/schema\/person\/image\/","url":"https:\/\/secure.gravatar.com\/avatar\/68d5301c5f52ba88fd63f02c75b8c4d1b3c3fc4b21e2998a1e98c4b3a54d9f7c?s=96&d=mm&r=g","contentUrl":"https:\/\/secure.gravatar.com\/avatar\/68d5301c5f52ba88fd63f02c75b8c4d1b3c3fc4b21e2998a1e98c4b3a54d9f7c?s=96&d=mm&r=g","caption":"Uruloki"},"sameAs":["https:\/\/uruloki.org"],"url":"https:\/\/www.uruloki.org\/felipeblog\/author\/admin-2-2-2"}]}},"_links":{"self":[{"href":"https:\/\/www.uruloki.org\/felipeblog\/wp-json\/wp\/v2\/posts\/17938","targetHints":{"allow":["GET"]}}],"collection":[{"href":"https:\/\/www.uruloki.org\/felipeblog\/wp-json\/wp\/v2\/posts"}],"about":[{"href":"https:\/\/www.uruloki.org\/felipeblog\/wp-json\/wp\/v2\/types\/post"}],"author":[{"embeddable":true,"href":"https:\/\/www.uruloki.org\/felipeblog\/wp-json\/wp\/v2\/users\/28"}],"replies":[{"embeddable":true,"href":"https:\/\/www.uruloki.org\/felipeblog\/wp-json\/wp\/v2\/comments?post=17938"}],"version-history":[{"count":6,"href":"https:\/\/www.uruloki.org\/felipeblog\/wp-json\/wp\/v2\/posts\/17938\/revisions"}],"predecessor-version":[{"id":17950,"href":"https:\/\/www.uruloki.org\/felipeblog\/wp-json\/wp\/v2\/posts\/17938\/revisions\/17950"}],"wp:attachment":[{"href":"https:\/\/www.uruloki.org\/felipeblog\/wp-json\/wp\/v2\/media?parent=17938"}],"wp:term":[{"taxonomy":"category","embeddable":true,"href":"https:\/\/www.uruloki.org\/felipeblog\/wp-json\/wp\/v2\/categories?post=17938"},{"taxonomy":"post_tag","embeddable":true,"href":"https:\/\/www.uruloki.org\/felipeblog\/wp-json\/wp\/v2\/tags?post=17938"}],"curies":[{"name":"wp","href":"https:\/\/api.w.org\/{rel}","templated":true}]}}