{"id":17279,"date":"2017-11-20T18:49:52","date_gmt":"2017-11-20T17:49:52","guid":{"rendered":"https:\/\/uruloki.org\/felipeblog\/?p=17279"},"modified":"2017-11-20T18:53:47","modified_gmt":"2017-11-20T17:53:47","slug":"liga-de-la-justicia-opinion","status":"publish","type":"post","link":"https:\/\/www.uruloki.org\/felipeblog\/cine-de-comics\/liga-de-la-justicia-opinion","title":{"rendered":"Liga de la Justicia (opini\u00f3n)&#8230;"},"content":{"rendered":"<p>Se ha estrenado una de las producciones comiqueras m&aacute;s deseadas del momento, y esperada presentaci&oacute;n de varios de los personajes que nos acompa&ntilde;ar&aacute;n durante los pr&oacute;ximos a&ntilde;os luciendo  mallas y antifaz si de lo que hablamos es del <strong>DC Extended Universe<\/strong>. Con <strong>Liga de la Justicia<\/strong> (<em>Justice League<\/em>) de <strong>Zack Snyder<\/strong> \/ <strong>Joss Whedon<\/strong> el cine de supergrupos se gana un nuevo episodio (igual hasta pega decir enemigo), uno que como ya sab&iacute;amos no iba a gustar a todos y seguro enfrentar&iacute;a opiniones  notablemente diferentes. Vamos al tema que hay mucho de qu&eacute; hablar y, desde luego, la pol&eacute;mica est&aacute; servida&#8230; en ciertos aspectos <strong>DC Films<\/strong> y <strong>Warner Bros.<\/strong> deber&iacute;an hac&eacute;rselo mirar  porque se ganan a pulso este debate. <strong>Liga de la Justicia<\/strong> es desde luego un film de supergrupo at&iacute;pico, y los es por diversas razones, hora de enumerar y que cada uno saque sus conclusiones. En mi caso me ha gustado (bastante), pero no obvio los muchos problemas que agrava en un universo generosamente &quot;extendido&quot; pero no suficientemente &quot;cocinado&quot;.<\/p>\n<p>Primera. Si bien se nos plantea esta pel&iacute;cula como el nacimiento de esa m&iacute;tica unidad  llamada la <em>JLA<\/em>, al tiempo sirve de punto de partida o presentaci&oacute;n de tres de los nuevos personajes que en solitario deber&iacute;an poblar las salas de cine durante los pr&oacute;ximos a&ntilde;os. El resultado obtenido es una  idea no muy amablemente explotada y hasta puede que no muy acertada en su planteamiento. Con el origen de <em>Wonder Woman<\/em> (<strong>Gal Gadot<\/strong>) ya sobre la mesa, y <em>Batman<\/em> (<strong>Ben Affleck<\/strong>) o <em>Superman<\/em> (<strong>Henry Cavill<\/strong>) compartiendo pantalla en la tampoco no pol&eacute;mica <strong>Batman v Superman: El Amanecer de la Justicia<\/strong> (<em>Batman v Superman: Dawn of Justice<\/em>), adem&aacute;s tras la presentaci&oacute;n del segundo en <strong>El Hombre de Acero<\/strong> (<em>Man of Steel<\/em>), poner sobre la mesa la entrada a las bravas  de tres nuevos ic&oacute;nicos personajes como <em>Arthur Curry<\/em> \/ <em>Aquaman<\/em> (<strong>Jason Momoa<\/strong>), <em>Barry Allen<\/em> \/ <em>Flash<\/em> (<strong>Ezra Miller<\/strong>) y <em>Victor Stone<\/em> \/ <em>Cyborg<\/em> (<strong>Ray Fisher<\/strong>) es, desde luego, muy arriesgado. La cosa funciona mejor para unos que para otros, y gracias a la portentosa personalidad otorgada a <em>Aquaman<\/em>, o a la permanente gracia de <em>Flash<\/em>, ambos se ponen a la zaga en cuanto a presencia de <em>Wonder Woman<\/em> manteniendo el tipo al encumbrarse como alivios c&oacute;micos de la pel&iacute;cula. Pero, &iquest;y el resto? Pues la realidad es que <em>Cyborg<\/em> est&aacute; completamente desdibujado, como presentaci&oacute;n no llena las dudas sobre el personaje aunque sorprendentemente   funciona incluso mejor que <em>Superman<\/em> y se coloca al nivel de <em>Batman<\/em>.<\/p>\n<p>Segundo. <strong>Liga de la Justicia<\/strong> es una pel&iacute;cula labrada en el estilo cinematogr&aacute;fico de <strong>Zack Snyder<\/strong>, pero se nota su ausencia y por otro lado la presencia de <strong>Joss Whedon<\/strong>, que de entrar para pulir y mejorar el guion  de <strong>Chris Terrio<\/strong> acab&oacute; inmerso en tareas de direcci&oacute;n cuando <strong>Snyder<\/strong> se dio de baja a ra&iacute;z de una fatalidad familiar. &iquest;Qu&eacute; ha pasado con <strong>Liga de la Justicia<\/strong>? Pues que en parte ha perdido la personalidad que seguro espera gran parte del p&uacute;blico a verla en pantalla grande. Ya lo ven&iacute;an anunciado, uno de los grandes retos de <strong>Liga de la Justicia<\/strong> estuvo en fusionar los diferentes estilos de <strong>Snyder<\/strong> y <strong>Whedon<\/strong> y que no se notara que es una pel&iacute;cula de dos directores. Se nota. Ojo, no voy a decir que le haya venido mal, mentir&iacute;a, y creo que la presencia de ese <em>Flash<\/em> c&oacute;mico es necesaria, y que con otro <em>Aquaman<\/em> puede que la cosa no hubiera molado tanto  como realmente mola. Pero desde luego el tono no es el que se nos vendi&oacute; en <strong>El Hombre de Acero<\/strong> y menos en <strong>Batman v Superman: El Amanecer de la Justicia<\/strong>. Warner Bros. se ha visto en la tesitura de aguantar el palo del barco de la seriedad y el tono m&aacute;s &quot;oscuro&quot;, y ha pretendido encajar la ficha de, esto es  indiscutible, el factor tonto de <strong>Marvel Studios<\/strong>. &iquest;Funciona? S&iacute;, desde luego, &iquest;es el tono adecuado? Pues es algo bastante discutible.<\/p>\n<p>Tercero. <em>Reshoots<\/em>, <em>reshoots<\/em> y m&aacute;s <em>reshoots<\/em>. Se nota a leguas todo lo que ha pasado por encima de <strong>Liga de la Justicia<\/strong>. El montaje estrenado en cines no contiene ni por asomo la mitad de secuencias rodadas por <strong>Snyder<\/strong> (y que se pueden recuperar en los trailers). Pero lo que escama y pasa factura es la total falta de coordinaci&oacute;n con <strong>Henry Cavill<\/strong> y el mostacho borrado digitalmente. Si todo puede salir mal, saldr&aacute; mal. El error es de a&uacute;pa y canta tanto que quita credibilidad y aplomo a lo que se muestra por pantalla. Desconcierta, por momentos da la sensaci&oacute;n de estar viendo a un actor cambiado, de que no es <strong>Cavill<\/strong> el que vemos&#8230; que va, borrado digital del bigote y zasca. &iquest;Qu&eacute; pretendes?, &iquest;tan mal estaba lo rodado por <strong>Snyder<\/strong>? El caos es patente en la producci&oacute;n en general, pero si aun con esas logran una producci&oacute;n entretenida, que mantiene el inter&eacute;s y con personaje interesantes&#8230; &iquest;qu&eacute; hubiera pasado si las ansias, dudas y tensiones de <strong>Warner Bros.<\/strong> no fueran lo que est&aacute;n siendo sobre el DCEU?<\/p>\n<p>Cuarto. <em>Steppenwolf<\/em> y sus <em>parademonios<\/em>. En esto es donde <strong>Liga de la Justicia<\/strong> tambi&eacute;n falla, relativamente. Primero con los parademonios, sin un m&iacute;nimo engranaje que justifique lo vemos en esa primera entrada en pantalla de <em>Batman<\/em> y ese ratero encarnado por <strong>Holt McCallany<\/strong> (<em>Mindhunter<\/em>). &iquest;Qu&eacute; narices ha pasado? <strong>Batman v Superman: El Amanecer de la Justicia<\/strong> mostraba uno de los momentos m&aacute;s apocal&iacute;pticos del cine de superh&eacute;roes con el <em>Batman<\/em> desierto y los parademonios de <em>Darkseid<\/em> dando la tabarra en el famoso sue&ntilde;o del se&ntilde;or de la noche de <em>Gotham<\/em>. Aqu&iacute;, sin comerlo ni beberlo, como si fuera lo m&aacute;s normal del mundo. Falta algo y se nota, falta justificaci&oacute;n, falta explicaci&oacute;n, falta, como decimos en Galicia, un poco de sentidi&ntilde;o a la narrativa. La otra columna maestra de la villan&iacute;a, <em>Steppenwolf<\/em> (<strong>Ciar&aacute;n Hinds<\/strong>), mola, s&iacute;, y no es lo que muchos dicen que es. Pero le falta pegada y un poco m&aacute;s de autonom&iacute;a como personaje.<\/p>\n<p>&iquest;Podr&iacute;a seguir? Por poder se puede, pero no tengo muchas m&aacute;s ganas. Ojo, el gran problema de <strong>Liga de la Justicia<\/strong> es que pese a todas sus imperfecciones me ha gustado. La he disfrutado, me han flipado <em>Aquaman<\/em> y <em>Flash<\/em>, <em>Wonder Woman<\/em> perfecta y hasta <em>Batman<\/em> que cumple pese a que se va a comer los mocos a estos niveles de batalla. <em>Superman<\/em>, pues eso, est&aacute; bastante bien pero con ciertos pelillos que no se pueden echar a la mar. Visualmente mola, musicalmente es un cero a la izquierda (&iexcl;p&iacute;rate <strong>Danny Elfman<\/strong> y regresad <strong>Hans Zimmer<\/strong> y <strong>Junkie XL<\/strong>!), y no merece todos los palos que le est&aacute;n dando. Pero ojo, ah&iacute; est&aacute;n esos 96 millones de recaudaci&oacute;n en USA para un producto de casi 300 de coste. Casi 70 menos que <strong>Batman v Superman<\/strong>, casi 10 menos que <strong>Wonder Woman<\/strong>, 20 menos que <strong>El Hombre de Acero<\/strong> y cerca de 40 menos que <strong>Escuadr&oacute;n Suicida<\/strong>. Algo est&aacute; fallando.<\/p>\n<p class=\"centrado\"><img decoding=\"async\" src=\"https:\/\/uruloki.org\/felipeblog\/imagenes2017\/20170723-justice-league.jpg\" alt=\"El magistral cartel de Liga de la Justicia presentado en la Comic-Con 2017\"><br \/><em>El magistral cartel de Liga de la Justicia presentado en la Comic-Con 2017<\/em> <\/p>\n","protected":false},"excerpt":{"rendered":"<p>Se ha estrenado una de las producciones comiqueras m&aacute;s deseadas del momento, y esperada presentaci&oacute;n de varios de los personajes que nos acompa&ntilde;ar&aacute;n durante los pr&oacute;ximos a&ntilde;os luciendo mallas y antifaz si de lo que hablamos es del DC Extended Universe. Con Liga de la Justicia (Justice League) de Zack Snyder \/ Joss Whedon el [&hellip;]<\/p>\n","protected":false},"author":28,"featured_media":0,"comment_status":"open","ping_status":"open","sticky":false,"template":"","format":"standard","meta":{"footnotes":""},"categories":[10,27],"tags":[2248,3373],"class_list":["post-17279","post","type-post","status-publish","format-standard","hentry","category-cine-de-comics","category-opinion","tag-justice-league","tag-opinion"],"yoast_head":"<!-- This site is optimized with the Yoast SEO plugin v24.3 - https:\/\/yoast.com\/wordpress\/plugins\/seo\/ -->\n<title>Liga de la Justicia (opini\u00f3n). Si es que me ha gustado, pero... \u00bfen serio?<\/title>\n<meta name=\"description\" content=\"Con Liga de la Justicia de Zack Snyder \/ Joss Whedon el cine de supergrupos se gana un nuevo cap\u00edtulo, uno que como ya sab\u00edamos no iba a gustar a todos.\" \/>\n<meta name=\"robots\" content=\"index, follow, max-snippet:-1, max-image-preview:large, max-video-preview:-1\" \/>\n<link rel=\"canonical\" href=\"https:\/\/www.uruloki.org\/felipeblog\/cine-de-comics\/liga-de-la-justicia-opinion\" \/>\n<meta property=\"og:locale\" content=\"es_ES\" \/>\n<meta property=\"og:type\" content=\"article\" \/>\n<meta property=\"og:title\" content=\"Liga de la Justicia (opini\u00f3n). Si es que me ha gustado, pero... \u00bfen serio?\" \/>\n<meta property=\"og:description\" content=\"Con Liga de la Justicia de Zack Snyder \/ Joss Whedon el cine de supergrupos se gana un nuevo cap\u00edtulo, uno que como ya sab\u00edamos no iba a gustar a todos.\" \/>\n<meta property=\"og:url\" content=\"https:\/\/www.uruloki.org\/felipeblog\/cine-de-comics\/liga-de-la-justicia-opinion\" \/>\n<meta property=\"og:site_name\" content=\"Uruloki :: Blog\" \/>\n<meta property=\"article:publisher\" content=\"https:\/\/www.facebook.com\/uruloki.org\" \/>\n<meta property=\"article:published_time\" content=\"2017-11-20T17:49:52+00:00\" \/>\n<meta property=\"article:modified_time\" content=\"2017-11-20T17:53:47+00:00\" \/>\n<meta property=\"og:image\" content=\"https:\/\/uruloki.org\/felipeblog\/imagenes2017\/20170723-justice-league.jpg\" \/>\n<meta name=\"author\" content=\"Uruloki\" \/>\n<meta name=\"twitter:card\" content=\"summary_large_image\" \/>\n<meta name=\"twitter:creator\" content=\"@uruloki\" \/>\n<meta name=\"twitter:site\" content=\"@uruloki\" \/>\n<meta name=\"twitter:label1\" content=\"Escrito por\" \/>\n\t<meta name=\"twitter:data1\" content=\"Uruloki\" \/>\n\t<meta name=\"twitter:label2\" content=\"Tiempo de lectura\" \/>\n\t<meta name=\"twitter:data2\" content=\"7 minutos\" \/>\n<script type=\"application\/ld+json\" class=\"yoast-schema-graph\">{\"@context\":\"https:\/\/schema.org\",\"@graph\":[{\"@type\":\"WebPage\",\"@id\":\"https:\/\/www.uruloki.org\/felipeblog\/cine-de-comics\/liga-de-la-justicia-opinion\",\"url\":\"https:\/\/www.uruloki.org\/felipeblog\/cine-de-comics\/liga-de-la-justicia-opinion\",\"name\":\"Liga de la Justicia (opini\u00f3n). Si es que me ha gustado, pero... \u00bfen serio?\",\"isPartOf\":{\"@id\":\"https:\/\/www.uruloki.org\/felipeblog\/#website\"},\"primaryImageOfPage\":{\"@id\":\"https:\/\/www.uruloki.org\/felipeblog\/cine-de-comics\/liga-de-la-justicia-opinion#primaryimage\"},\"image\":{\"@id\":\"https:\/\/www.uruloki.org\/felipeblog\/cine-de-comics\/liga-de-la-justicia-opinion#primaryimage\"},\"thumbnailUrl\":\"https:\/\/uruloki.org\/felipeblog\/imagenes2017\/20170723-justice-league.jpg\",\"datePublished\":\"2017-11-20T17:49:52+00:00\",\"dateModified\":\"2017-11-20T17:53:47+00:00\",\"author\":{\"@id\":\"https:\/\/www.uruloki.org\/felipeblog\/#\/schema\/person\/ddba06ddaa27edf0c370460d05c51bb3\"},\"description\":\"Con Liga de la Justicia de Zack Snyder \/ Joss Whedon el cine de supergrupos se gana un nuevo cap\u00edtulo, uno que como ya sab\u00edamos no iba a gustar a todos.\",\"breadcrumb\":{\"@id\":\"https:\/\/www.uruloki.org\/felipeblog\/cine-de-comics\/liga-de-la-justicia-opinion#breadcrumb\"},\"inLanguage\":\"es\",\"potentialAction\":[{\"@type\":\"ReadAction\",\"target\":[\"https:\/\/www.uruloki.org\/felipeblog\/cine-de-comics\/liga-de-la-justicia-opinion\"]}]},{\"@type\":\"ImageObject\",\"inLanguage\":\"es\",\"@id\":\"https:\/\/www.uruloki.org\/felipeblog\/cine-de-comics\/liga-de-la-justicia-opinion#primaryimage\",\"url\":\"https:\/\/uruloki.org\/felipeblog\/imagenes2017\/20170723-justice-league.jpg\",\"contentUrl\":\"https:\/\/uruloki.org\/felipeblog\/imagenes2017\/20170723-justice-league.jpg\"},{\"@type\":\"BreadcrumbList\",\"@id\":\"https:\/\/www.uruloki.org\/felipeblog\/cine-de-comics\/liga-de-la-justicia-opinion#breadcrumb\",\"itemListElement\":[{\"@type\":\"ListItem\",\"position\":1,\"name\":\"Portada\",\"item\":\"https:\/\/www.uruloki.org\/felipeblog\"},{\"@type\":\"ListItem\",\"position\":2,\"name\":\"Liga de la Justicia (opini\u00f3n)&#8230;\"}]},{\"@type\":\"WebSite\",\"@id\":\"https:\/\/www.uruloki.org\/felipeblog\/#website\",\"url\":\"https:\/\/www.uruloki.org\/felipeblog\/\",\"name\":\"Uruloki :: Blog\",\"description\":\"Blog de cine, terror, ciencia ficci\u00f3n, fantas\u00eda y c\u00f3mics\",\"potentialAction\":[{\"@type\":\"SearchAction\",\"target\":{\"@type\":\"EntryPoint\",\"urlTemplate\":\"https:\/\/www.uruloki.org\/felipeblog\/?s={search_term_string}\"},\"query-input\":{\"@type\":\"PropertyValueSpecification\",\"valueRequired\":true,\"valueName\":\"search_term_string\"}}],\"inLanguage\":\"es\"},{\"@type\":\"Person\",\"@id\":\"https:\/\/www.uruloki.org\/felipeblog\/#\/schema\/person\/ddba06ddaa27edf0c370460d05c51bb3\",\"name\":\"Uruloki\",\"image\":{\"@type\":\"ImageObject\",\"inLanguage\":\"es\",\"@id\":\"https:\/\/www.uruloki.org\/felipeblog\/#\/schema\/person\/image\/\",\"url\":\"https:\/\/secure.gravatar.com\/avatar\/68d5301c5f52ba88fd63f02c75b8c4d1b3c3fc4b21e2998a1e98c4b3a54d9f7c?s=96&d=mm&r=g\",\"contentUrl\":\"https:\/\/secure.gravatar.com\/avatar\/68d5301c5f52ba88fd63f02c75b8c4d1b3c3fc4b21e2998a1e98c4b3a54d9f7c?s=96&d=mm&r=g\",\"caption\":\"Uruloki\"},\"sameAs\":[\"https:\/\/uruloki.org\"],\"url\":\"https:\/\/www.uruloki.org\/felipeblog\/author\/admin-2-2-2\"}]}<\/script>\n<!-- \/ Yoast SEO plugin. -->","yoast_head_json":{"title":"Liga de la Justicia (opini\u00f3n). Si es que me ha gustado, pero... \u00bfen serio?","description":"Con Liga de la Justicia de Zack Snyder \/ Joss Whedon el cine de supergrupos se gana un nuevo cap\u00edtulo, uno que como ya sab\u00edamos no iba a gustar a todos.","robots":{"index":"index","follow":"follow","max-snippet":"max-snippet:-1","max-image-preview":"max-image-preview:large","max-video-preview":"max-video-preview:-1"},"canonical":"https:\/\/www.uruloki.org\/felipeblog\/cine-de-comics\/liga-de-la-justicia-opinion","og_locale":"es_ES","og_type":"article","og_title":"Liga de la Justicia (opini\u00f3n). Si es que me ha gustado, pero... \u00bfen serio?","og_description":"Con Liga de la Justicia de Zack Snyder \/ Joss Whedon el cine de supergrupos se gana un nuevo cap\u00edtulo, uno que como ya sab\u00edamos no iba a gustar a todos.","og_url":"https:\/\/www.uruloki.org\/felipeblog\/cine-de-comics\/liga-de-la-justicia-opinion","og_site_name":"Uruloki :: Blog","article_publisher":"https:\/\/www.facebook.com\/uruloki.org","article_published_time":"2017-11-20T17:49:52+00:00","article_modified_time":"2017-11-20T17:53:47+00:00","og_image":[{"url":"https:\/\/uruloki.org\/felipeblog\/imagenes2017\/20170723-justice-league.jpg","type":"","width":"","height":""}],"author":"Uruloki","twitter_card":"summary_large_image","twitter_creator":"@uruloki","twitter_site":"@uruloki","twitter_misc":{"Escrito por":"Uruloki","Tiempo de lectura":"7 minutos"},"schema":{"@context":"https:\/\/schema.org","@graph":[{"@type":"WebPage","@id":"https:\/\/www.uruloki.org\/felipeblog\/cine-de-comics\/liga-de-la-justicia-opinion","url":"https:\/\/www.uruloki.org\/felipeblog\/cine-de-comics\/liga-de-la-justicia-opinion","name":"Liga de la Justicia (opini\u00f3n). Si es que me ha gustado, pero... \u00bfen serio?","isPartOf":{"@id":"https:\/\/www.uruloki.org\/felipeblog\/#website"},"primaryImageOfPage":{"@id":"https:\/\/www.uruloki.org\/felipeblog\/cine-de-comics\/liga-de-la-justicia-opinion#primaryimage"},"image":{"@id":"https:\/\/www.uruloki.org\/felipeblog\/cine-de-comics\/liga-de-la-justicia-opinion#primaryimage"},"thumbnailUrl":"https:\/\/uruloki.org\/felipeblog\/imagenes2017\/20170723-justice-league.jpg","datePublished":"2017-11-20T17:49:52+00:00","dateModified":"2017-11-20T17:53:47+00:00","author":{"@id":"https:\/\/www.uruloki.org\/felipeblog\/#\/schema\/person\/ddba06ddaa27edf0c370460d05c51bb3"},"description":"Con Liga de la Justicia de Zack Snyder \/ Joss Whedon el cine de supergrupos se gana un nuevo cap\u00edtulo, uno que como ya sab\u00edamos no iba a gustar a todos.","breadcrumb":{"@id":"https:\/\/www.uruloki.org\/felipeblog\/cine-de-comics\/liga-de-la-justicia-opinion#breadcrumb"},"inLanguage":"es","potentialAction":[{"@type":"ReadAction","target":["https:\/\/www.uruloki.org\/felipeblog\/cine-de-comics\/liga-de-la-justicia-opinion"]}]},{"@type":"ImageObject","inLanguage":"es","@id":"https:\/\/www.uruloki.org\/felipeblog\/cine-de-comics\/liga-de-la-justicia-opinion#primaryimage","url":"https:\/\/uruloki.org\/felipeblog\/imagenes2017\/20170723-justice-league.jpg","contentUrl":"https:\/\/uruloki.org\/felipeblog\/imagenes2017\/20170723-justice-league.jpg"},{"@type":"BreadcrumbList","@id":"https:\/\/www.uruloki.org\/felipeblog\/cine-de-comics\/liga-de-la-justicia-opinion#breadcrumb","itemListElement":[{"@type":"ListItem","position":1,"name":"Portada","item":"https:\/\/www.uruloki.org\/felipeblog"},{"@type":"ListItem","position":2,"name":"Liga de la Justicia (opini\u00f3n)&#8230;"}]},{"@type":"WebSite","@id":"https:\/\/www.uruloki.org\/felipeblog\/#website","url":"https:\/\/www.uruloki.org\/felipeblog\/","name":"Uruloki :: Blog","description":"Blog de cine, terror, ciencia ficci\u00f3n, fantas\u00eda y c\u00f3mics","potentialAction":[{"@type":"SearchAction","target":{"@type":"EntryPoint","urlTemplate":"https:\/\/www.uruloki.org\/felipeblog\/?s={search_term_string}"},"query-input":{"@type":"PropertyValueSpecification","valueRequired":true,"valueName":"search_term_string"}}],"inLanguage":"es"},{"@type":"Person","@id":"https:\/\/www.uruloki.org\/felipeblog\/#\/schema\/person\/ddba06ddaa27edf0c370460d05c51bb3","name":"Uruloki","image":{"@type":"ImageObject","inLanguage":"es","@id":"https:\/\/www.uruloki.org\/felipeblog\/#\/schema\/person\/image\/","url":"https:\/\/secure.gravatar.com\/avatar\/68d5301c5f52ba88fd63f02c75b8c4d1b3c3fc4b21e2998a1e98c4b3a54d9f7c?s=96&d=mm&r=g","contentUrl":"https:\/\/secure.gravatar.com\/avatar\/68d5301c5f52ba88fd63f02c75b8c4d1b3c3fc4b21e2998a1e98c4b3a54d9f7c?s=96&d=mm&r=g","caption":"Uruloki"},"sameAs":["https:\/\/uruloki.org"],"url":"https:\/\/www.uruloki.org\/felipeblog\/author\/admin-2-2-2"}]}},"_links":{"self":[{"href":"https:\/\/www.uruloki.org\/felipeblog\/wp-json\/wp\/v2\/posts\/17279","targetHints":{"allow":["GET"]}}],"collection":[{"href":"https:\/\/www.uruloki.org\/felipeblog\/wp-json\/wp\/v2\/posts"}],"about":[{"href":"https:\/\/www.uruloki.org\/felipeblog\/wp-json\/wp\/v2\/types\/post"}],"author":[{"embeddable":true,"href":"https:\/\/www.uruloki.org\/felipeblog\/wp-json\/wp\/v2\/users\/28"}],"replies":[{"embeddable":true,"href":"https:\/\/www.uruloki.org\/felipeblog\/wp-json\/wp\/v2\/comments?post=17279"}],"version-history":[{"count":2,"href":"https:\/\/www.uruloki.org\/felipeblog\/wp-json\/wp\/v2\/posts\/17279\/revisions"}],"predecessor-version":[{"id":17281,"href":"https:\/\/www.uruloki.org\/felipeblog\/wp-json\/wp\/v2\/posts\/17279\/revisions\/17281"}],"wp:attachment":[{"href":"https:\/\/www.uruloki.org\/felipeblog\/wp-json\/wp\/v2\/media?parent=17279"}],"wp:term":[{"taxonomy":"category","embeddable":true,"href":"https:\/\/www.uruloki.org\/felipeblog\/wp-json\/wp\/v2\/categories?post=17279"},{"taxonomy":"post_tag","embeddable":true,"href":"https:\/\/www.uruloki.org\/felipeblog\/wp-json\/wp\/v2\/tags?post=17279"}],"curies":[{"name":"wp","href":"https:\/\/api.w.org\/{rel}","templated":true}]}}