{"id":17277,"date":"2017-11-19T19:31:39","date_gmt":"2017-11-19T18:31:39","guid":{"rendered":"https:\/\/uruloki.org\/felipeblog\/?p=17277"},"modified":"2017-11-19T19:31:39","modified_gmt":"2017-11-19T18:31:39","slug":"primer-teaser-trailer-los-increibles-2-vuelve-la-familia-mas-famosa-dentro-del-universo-superheroe-moderno","status":"publish","type":"post","link":"https:\/\/www.uruloki.org\/felipeblog\/cine-inclasificable\/primer-teaser-trailer-los-increibles-2-vuelve-la-familia-mas-famosa-dentro-del-universo-superheroe-moderno","title":{"rendered":"Primer teaser trailer de Los Incre\u00edbles 2, vuelve la familia m\u00e1s famosa dentro del universo superh\u00e9roe moderno&#8230;"},"content":{"rendered":"<p>Mirad por donde, <strong>Pixar<\/strong> presenta el primer teaser trailer de <strong>Los Incre&iacute;bles 2<\/strong> (<em>The Incredibles 2<\/em>, 2018), la continuaci&oacute;n de las aventuras de la familia <em>Parr<\/em> 13 a&ntilde;os despu&eacute;s del estreno del magn&iacute;fico film de <strong>Brad Bird<\/strong>. Curiosamente, y como la animaci&oacute;n as&iacute; lo permite, la historia de <strong>Los Incre&iacute;bles 2<\/strong> contin&uacute;a el film donde lo dej&oacute; la primera parte, con el beb&eacute; <em>Jack-Jack<\/em> descubriendo sus poderes. Volver&aacute; el resto de la familia encabezada por  <em>Helen Parr<\/em> (<strong>Holly Hunter<\/strong>) y <em>Bob Parr<\/em> (<strong>Craig T. Nelson<\/strong>), pero cambiando los papeles. Esta vez le toca a <em>Mr. Incre&iacute;ble<\/em> hacer de amo de casa y a <em>Elastic Girl<\/em> eso de buscarse la vida como superh&eacute;roe. Curioso pero divertido cambio, seguro que nos echamos unas risas inmensas. Regresan tambi&eacute;n <strong>Sarah Vowell<\/strong> como <em>Violeta<\/em>, hija de los <em>Parr<\/em>, mientras que el hijo <em>Dash<\/em> tendr&aacute; la voz de <strong>Huck Milner<\/strong> (han pasado muchos a&ntilde;os y la voz original han tenido que cambiarla). <em>Frozone<\/em> contar&aacute; nuevamente con la voz de <strong>Samuel L. Jackson<\/strong>. Pues nada, entretenimiento asegurado&#8230;<\/p>\n<div class=\"video\"><iframe loading=\"lazy\" width=\"100%\" height=\"360\" src=\"https:\/\/www.youtube.com\/embed\/ZJDMWVZta3M\" allowfullscreen=\"true\"><\/iframe><\/div>\n<p>Tenemos tambi&eacute;n el teaser ya doblado en castellano.<\/p>\n<div class=\"video\"><iframe loading=\"lazy\" width=\"100%\" height=\"360\" src=\"https:\/\/www.youtube.com\/embed\/gD5PEHX3jog\" allowfullscreen=\"true\"><\/iframe><\/div>\n<p class=\"centrado\"><img decoding=\"async\" src=\"https:\/\/uruloki.org\/felipeblog\/imagenes2017\/20171119-the-incredibles-1.jpg\" alt=\"Primer cartel de Los Incre\u00edbles\"><br \/><em>Primer cartel de Los Incre\u00edbles<\/em><\/p>\n","protected":false},"excerpt":{"rendered":"<p>Mirad por donde, Pixar presenta el primer teaser trailer de Los Incre&iacute;bles 2 (The Incredibles 2, 2018), la continuaci&oacute;n de las aventuras de la familia Parr 13 a&ntilde;os despu&eacute;s del estreno del magn&iacute;fico film de Brad Bird. Curiosamente, y como la animaci&oacute;n as&iacute; lo permite, la historia de Los Incre&iacute;bles 2 contin&uacute;a el film donde [&hellip;]<\/p>\n","protected":false},"author":28,"featured_media":0,"comment_status":"open","ping_status":"open","sticky":false,"template":"","format":"standard","meta":{"footnotes":""},"categories":[19],"tags":[3884],"class_list":["post-17277","post","type-post","status-publish","format-standard","hentry","category-cine-inclasificable","tag-the-incredibles-2"],"yoast_head":"<!-- This site is optimized with the Yoast SEO plugin v24.3 - https:\/\/yoast.com\/wordpress\/plugins\/seo\/ -->\n<title>Primer teaser trailer de Los Incre\u00edbles 2<\/title>\n<meta name=\"description\" content=\"Pixar presenta el primer teaser de Los Incre\u00edbles 2, la continuaci\u00f3n de las aventuras de la familia Parr 13 a\u00f1os despu\u00e9s del estreno del film de Brad Bird.\" \/>\n<meta name=\"robots\" content=\"index, follow, max-snippet:-1, max-image-preview:large, max-video-preview:-1\" \/>\n<link rel=\"canonical\" href=\"https:\/\/www.uruloki.org\/felipeblog\/cine-inclasificable\/primer-teaser-trailer-los-increibles-2-vuelve-la-familia-mas-famosa-dentro-del-universo-superheroe-moderno\" \/>\n<meta property=\"og:locale\" content=\"es_ES\" \/>\n<meta property=\"og:type\" content=\"article\" \/>\n<meta property=\"og:title\" content=\"Primer teaser trailer de Los Incre\u00edbles 2\" \/>\n<meta property=\"og:description\" content=\"Pixar presenta el primer teaser de Los Incre\u00edbles 2, la continuaci\u00f3n de las aventuras de la familia Parr 13 a\u00f1os despu\u00e9s del estreno del film de Brad Bird.\" \/>\n<meta property=\"og:url\" content=\"https:\/\/www.uruloki.org\/felipeblog\/cine-inclasificable\/primer-teaser-trailer-los-increibles-2-vuelve-la-familia-mas-famosa-dentro-del-universo-superheroe-moderno\" \/>\n<meta property=\"og:site_name\" content=\"Uruloki :: Blog\" \/>\n<meta property=\"article:publisher\" content=\"https:\/\/www.facebook.com\/uruloki.org\" \/>\n<meta property=\"article:published_time\" content=\"2017-11-19T18:31:39+00:00\" \/>\n<meta property=\"og:image\" content=\"https:\/\/uruloki.org\/felipeblog\/imagenes2017\/20171119-the-incredibles-1.jpg\" \/>\n<meta name=\"author\" content=\"Uruloki\" \/>\n<meta name=\"twitter:card\" content=\"summary_large_image\" \/>\n<meta name=\"twitter:creator\" content=\"@uruloki\" \/>\n<meta name=\"twitter:site\" content=\"@uruloki\" \/>\n<meta name=\"twitter:label1\" content=\"Escrito por\" \/>\n\t<meta name=\"twitter:data1\" content=\"Uruloki\" \/>\n\t<meta name=\"twitter:label2\" content=\"Tiempo de lectura\" \/>\n\t<meta name=\"twitter:data2\" content=\"1 minuto\" \/>\n<script type=\"application\/ld+json\" class=\"yoast-schema-graph\">{\"@context\":\"https:\/\/schema.org\",\"@graph\":[{\"@type\":\"WebPage\",\"@id\":\"https:\/\/www.uruloki.org\/felipeblog\/cine-inclasificable\/primer-teaser-trailer-los-increibles-2-vuelve-la-familia-mas-famosa-dentro-del-universo-superheroe-moderno\",\"url\":\"https:\/\/www.uruloki.org\/felipeblog\/cine-inclasificable\/primer-teaser-trailer-los-increibles-2-vuelve-la-familia-mas-famosa-dentro-del-universo-superheroe-moderno\",\"name\":\"Primer teaser trailer de Los Incre\u00edbles 2\",\"isPartOf\":{\"@id\":\"https:\/\/www.uruloki.org\/felipeblog\/#website\"},\"primaryImageOfPage\":{\"@id\":\"https:\/\/www.uruloki.org\/felipeblog\/cine-inclasificable\/primer-teaser-trailer-los-increibles-2-vuelve-la-familia-mas-famosa-dentro-del-universo-superheroe-moderno#primaryimage\"},\"image\":{\"@id\":\"https:\/\/www.uruloki.org\/felipeblog\/cine-inclasificable\/primer-teaser-trailer-los-increibles-2-vuelve-la-familia-mas-famosa-dentro-del-universo-superheroe-moderno#primaryimage\"},\"thumbnailUrl\":\"https:\/\/uruloki.org\/felipeblog\/imagenes2017\/20171119-the-incredibles-1.jpg\",\"datePublished\":\"2017-11-19T18:31:39+00:00\",\"dateModified\":\"2017-11-19T18:31:39+00:00\",\"author\":{\"@id\":\"https:\/\/www.uruloki.org\/felipeblog\/#\/schema\/person\/ddba06ddaa27edf0c370460d05c51bb3\"},\"description\":\"Pixar presenta el primer teaser de Los Incre\u00edbles 2, la continuaci\u00f3n de las aventuras de la familia Parr 13 a\u00f1os despu\u00e9s del estreno del film de Brad Bird.\",\"breadcrumb\":{\"@id\":\"https:\/\/www.uruloki.org\/felipeblog\/cine-inclasificable\/primer-teaser-trailer-los-increibles-2-vuelve-la-familia-mas-famosa-dentro-del-universo-superheroe-moderno#breadcrumb\"},\"inLanguage\":\"es\",\"potentialAction\":[{\"@type\":\"ReadAction\",\"target\":[\"https:\/\/www.uruloki.org\/felipeblog\/cine-inclasificable\/primer-teaser-trailer-los-increibles-2-vuelve-la-familia-mas-famosa-dentro-del-universo-superheroe-moderno\"]}]},{\"@type\":\"ImageObject\",\"inLanguage\":\"es\",\"@id\":\"https:\/\/www.uruloki.org\/felipeblog\/cine-inclasificable\/primer-teaser-trailer-los-increibles-2-vuelve-la-familia-mas-famosa-dentro-del-universo-superheroe-moderno#primaryimage\",\"url\":\"https:\/\/uruloki.org\/felipeblog\/imagenes2017\/20171119-the-incredibles-1.jpg\",\"contentUrl\":\"https:\/\/uruloki.org\/felipeblog\/imagenes2017\/20171119-the-incredibles-1.jpg\"},{\"@type\":\"BreadcrumbList\",\"@id\":\"https:\/\/www.uruloki.org\/felipeblog\/cine-inclasificable\/primer-teaser-trailer-los-increibles-2-vuelve-la-familia-mas-famosa-dentro-del-universo-superheroe-moderno#breadcrumb\",\"itemListElement\":[{\"@type\":\"ListItem\",\"position\":1,\"name\":\"Portada\",\"item\":\"https:\/\/www.uruloki.org\/felipeblog\"},{\"@type\":\"ListItem\",\"position\":2,\"name\":\"Primer teaser trailer de Los Incre\u00edbles 2, vuelve la familia m\u00e1s famosa dentro del universo superh\u00e9roe moderno&#8230;\"}]},{\"@type\":\"WebSite\",\"@id\":\"https:\/\/www.uruloki.org\/felipeblog\/#website\",\"url\":\"https:\/\/www.uruloki.org\/felipeblog\/\",\"name\":\"Uruloki :: Blog\",\"description\":\"Blog de cine, terror, ciencia ficci\u00f3n, fantas\u00eda y c\u00f3mics\",\"potentialAction\":[{\"@type\":\"SearchAction\",\"target\":{\"@type\":\"EntryPoint\",\"urlTemplate\":\"https:\/\/www.uruloki.org\/felipeblog\/?s={search_term_string}\"},\"query-input\":{\"@type\":\"PropertyValueSpecification\",\"valueRequired\":true,\"valueName\":\"search_term_string\"}}],\"inLanguage\":\"es\"},{\"@type\":\"Person\",\"@id\":\"https:\/\/www.uruloki.org\/felipeblog\/#\/schema\/person\/ddba06ddaa27edf0c370460d05c51bb3\",\"name\":\"Uruloki\",\"image\":{\"@type\":\"ImageObject\",\"inLanguage\":\"es\",\"@id\":\"https:\/\/www.uruloki.org\/felipeblog\/#\/schema\/person\/image\/\",\"url\":\"https:\/\/secure.gravatar.com\/avatar\/68d5301c5f52ba88fd63f02c75b8c4d1b3c3fc4b21e2998a1e98c4b3a54d9f7c?s=96&d=mm&r=g\",\"contentUrl\":\"https:\/\/secure.gravatar.com\/avatar\/68d5301c5f52ba88fd63f02c75b8c4d1b3c3fc4b21e2998a1e98c4b3a54d9f7c?s=96&d=mm&r=g\",\"caption\":\"Uruloki\"},\"sameAs\":[\"https:\/\/uruloki.org\"],\"url\":\"https:\/\/www.uruloki.org\/felipeblog\/author\/admin-2-2-2\"}]}<\/script>\n<!-- \/ Yoast SEO plugin. -->","yoast_head_json":{"title":"Primer teaser trailer de Los Incre\u00edbles 2","description":"Pixar presenta el primer teaser de Los Incre\u00edbles 2, la continuaci\u00f3n de las aventuras de la familia Parr 13 a\u00f1os despu\u00e9s del estreno del film de Brad Bird.","robots":{"index":"index","follow":"follow","max-snippet":"max-snippet:-1","max-image-preview":"max-image-preview:large","max-video-preview":"max-video-preview:-1"},"canonical":"https:\/\/www.uruloki.org\/felipeblog\/cine-inclasificable\/primer-teaser-trailer-los-increibles-2-vuelve-la-familia-mas-famosa-dentro-del-universo-superheroe-moderno","og_locale":"es_ES","og_type":"article","og_title":"Primer teaser trailer de Los Incre\u00edbles 2","og_description":"Pixar presenta el primer teaser de Los Incre\u00edbles 2, la continuaci\u00f3n de las aventuras de la familia Parr 13 a\u00f1os despu\u00e9s del estreno del film de Brad Bird.","og_url":"https:\/\/www.uruloki.org\/felipeblog\/cine-inclasificable\/primer-teaser-trailer-los-increibles-2-vuelve-la-familia-mas-famosa-dentro-del-universo-superheroe-moderno","og_site_name":"Uruloki :: Blog","article_publisher":"https:\/\/www.facebook.com\/uruloki.org","article_published_time":"2017-11-19T18:31:39+00:00","og_image":[{"url":"https:\/\/uruloki.org\/felipeblog\/imagenes2017\/20171119-the-incredibles-1.jpg","type":"","width":"","height":""}],"author":"Uruloki","twitter_card":"summary_large_image","twitter_creator":"@uruloki","twitter_site":"@uruloki","twitter_misc":{"Escrito por":"Uruloki","Tiempo de lectura":"1 minuto"},"schema":{"@context":"https:\/\/schema.org","@graph":[{"@type":"WebPage","@id":"https:\/\/www.uruloki.org\/felipeblog\/cine-inclasificable\/primer-teaser-trailer-los-increibles-2-vuelve-la-familia-mas-famosa-dentro-del-universo-superheroe-moderno","url":"https:\/\/www.uruloki.org\/felipeblog\/cine-inclasificable\/primer-teaser-trailer-los-increibles-2-vuelve-la-familia-mas-famosa-dentro-del-universo-superheroe-moderno","name":"Primer teaser trailer de Los Incre\u00edbles 2","isPartOf":{"@id":"https:\/\/www.uruloki.org\/felipeblog\/#website"},"primaryImageOfPage":{"@id":"https:\/\/www.uruloki.org\/felipeblog\/cine-inclasificable\/primer-teaser-trailer-los-increibles-2-vuelve-la-familia-mas-famosa-dentro-del-universo-superheroe-moderno#primaryimage"},"image":{"@id":"https:\/\/www.uruloki.org\/felipeblog\/cine-inclasificable\/primer-teaser-trailer-los-increibles-2-vuelve-la-familia-mas-famosa-dentro-del-universo-superheroe-moderno#primaryimage"},"thumbnailUrl":"https:\/\/uruloki.org\/felipeblog\/imagenes2017\/20171119-the-incredibles-1.jpg","datePublished":"2017-11-19T18:31:39+00:00","dateModified":"2017-11-19T18:31:39+00:00","author":{"@id":"https:\/\/www.uruloki.org\/felipeblog\/#\/schema\/person\/ddba06ddaa27edf0c370460d05c51bb3"},"description":"Pixar presenta el primer teaser de Los Incre\u00edbles 2, la continuaci\u00f3n de las aventuras de la familia Parr 13 a\u00f1os despu\u00e9s del estreno del film de Brad Bird.","breadcrumb":{"@id":"https:\/\/www.uruloki.org\/felipeblog\/cine-inclasificable\/primer-teaser-trailer-los-increibles-2-vuelve-la-familia-mas-famosa-dentro-del-universo-superheroe-moderno#breadcrumb"},"inLanguage":"es","potentialAction":[{"@type":"ReadAction","target":["https:\/\/www.uruloki.org\/felipeblog\/cine-inclasificable\/primer-teaser-trailer-los-increibles-2-vuelve-la-familia-mas-famosa-dentro-del-universo-superheroe-moderno"]}]},{"@type":"ImageObject","inLanguage":"es","@id":"https:\/\/www.uruloki.org\/felipeblog\/cine-inclasificable\/primer-teaser-trailer-los-increibles-2-vuelve-la-familia-mas-famosa-dentro-del-universo-superheroe-moderno#primaryimage","url":"https:\/\/uruloki.org\/felipeblog\/imagenes2017\/20171119-the-incredibles-1.jpg","contentUrl":"https:\/\/uruloki.org\/felipeblog\/imagenes2017\/20171119-the-incredibles-1.jpg"},{"@type":"BreadcrumbList","@id":"https:\/\/www.uruloki.org\/felipeblog\/cine-inclasificable\/primer-teaser-trailer-los-increibles-2-vuelve-la-familia-mas-famosa-dentro-del-universo-superheroe-moderno#breadcrumb","itemListElement":[{"@type":"ListItem","position":1,"name":"Portada","item":"https:\/\/www.uruloki.org\/felipeblog"},{"@type":"ListItem","position":2,"name":"Primer teaser trailer de Los Incre\u00edbles 2, vuelve la familia m\u00e1s famosa dentro del universo superh\u00e9roe moderno&#8230;"}]},{"@type":"WebSite","@id":"https:\/\/www.uruloki.org\/felipeblog\/#website","url":"https:\/\/www.uruloki.org\/felipeblog\/","name":"Uruloki :: Blog","description":"Blog de cine, terror, ciencia ficci\u00f3n, fantas\u00eda y c\u00f3mics","potentialAction":[{"@type":"SearchAction","target":{"@type":"EntryPoint","urlTemplate":"https:\/\/www.uruloki.org\/felipeblog\/?s={search_term_string}"},"query-input":{"@type":"PropertyValueSpecification","valueRequired":true,"valueName":"search_term_string"}}],"inLanguage":"es"},{"@type":"Person","@id":"https:\/\/www.uruloki.org\/felipeblog\/#\/schema\/person\/ddba06ddaa27edf0c370460d05c51bb3","name":"Uruloki","image":{"@type":"ImageObject","inLanguage":"es","@id":"https:\/\/www.uruloki.org\/felipeblog\/#\/schema\/person\/image\/","url":"https:\/\/secure.gravatar.com\/avatar\/68d5301c5f52ba88fd63f02c75b8c4d1b3c3fc4b21e2998a1e98c4b3a54d9f7c?s=96&d=mm&r=g","contentUrl":"https:\/\/secure.gravatar.com\/avatar\/68d5301c5f52ba88fd63f02c75b8c4d1b3c3fc4b21e2998a1e98c4b3a54d9f7c?s=96&d=mm&r=g","caption":"Uruloki"},"sameAs":["https:\/\/uruloki.org"],"url":"https:\/\/www.uruloki.org\/felipeblog\/author\/admin-2-2-2"}]}},"_links":{"self":[{"href":"https:\/\/www.uruloki.org\/felipeblog\/wp-json\/wp\/v2\/posts\/17277","targetHints":{"allow":["GET"]}}],"collection":[{"href":"https:\/\/www.uruloki.org\/felipeblog\/wp-json\/wp\/v2\/posts"}],"about":[{"href":"https:\/\/www.uruloki.org\/felipeblog\/wp-json\/wp\/v2\/types\/post"}],"author":[{"embeddable":true,"href":"https:\/\/www.uruloki.org\/felipeblog\/wp-json\/wp\/v2\/users\/28"}],"replies":[{"embeddable":true,"href":"https:\/\/www.uruloki.org\/felipeblog\/wp-json\/wp\/v2\/comments?post=17277"}],"version-history":[{"count":1,"href":"https:\/\/www.uruloki.org\/felipeblog\/wp-json\/wp\/v2\/posts\/17277\/revisions"}],"predecessor-version":[{"id":17278,"href":"https:\/\/www.uruloki.org\/felipeblog\/wp-json\/wp\/v2\/posts\/17277\/revisions\/17278"}],"wp:attachment":[{"href":"https:\/\/www.uruloki.org\/felipeblog\/wp-json\/wp\/v2\/media?parent=17277"}],"wp:term":[{"taxonomy":"category","embeddable":true,"href":"https:\/\/www.uruloki.org\/felipeblog\/wp-json\/wp\/v2\/categories?post=17277"},{"taxonomy":"post_tag","embeddable":true,"href":"https:\/\/www.uruloki.org\/felipeblog\/wp-json\/wp\/v2\/tags?post=17277"}],"curies":[{"name":"wp","href":"https:\/\/api.w.org\/{rel}","templated":true}]}}