{"id":16881,"date":"2017-07-10T14:31:41","date_gmt":"2017-07-10T12:31:41","guid":{"rendered":"https:\/\/uruloki.org\/felipeblog\/?p=16881"},"modified":"2017-07-10T14:31:41","modified_gmt":"2017-07-10T12:31:41","slug":"nuevo-trailer-internacional-la-torre-oscura-ese-idris-elba-no-dispara-la-mano","status":"publish","type":"post","link":"https:\/\/www.uruloki.org\/felipeblog\/cine-de-ciencia-ficcion\/nuevo-trailer-internacional-la-torre-oscura-ese-idris-elba-no-dispara-la-mano","title":{"rendered":"Nuevo trailer internacional de La Torre Oscura, ese en el que Idris Elba no dispara con la mano&#8230;"},"content":{"rendered":"<p>Pues nada, que a golpe de lunes tenemos un nuevo trailer de <strong>La Torre Oscura<\/strong> (<em>The Dark Tower<\/em>, 2017) de <strong>Nikolaj Arcel<\/strong>&#8230; uno en el que <strong>Idris Elba<\/strong>, o su personaje Ronald Dechain, suelta una frase molona como esta &quot;<em>no disparo con la mano, disparo con la mente, no mato con mi pistola, mato con mi coraz&oacute;n<\/em>&quot;. La adaptaci&oacute;n de la obra de <strong>Stephen King<\/strong>, de la que ya se dicen muchas cosas, vuelve a promocionarse con un trailer hiperactivo y mucho m&aacute;s reflejo visual de lo que es el Hollywood de hoy en d&iacute;a. Como desconocedor de la obra escrita no puedo argumentar mucho, por lo tanto os invito a decir qu&eacute; os parece&#8230;<\/p>\n<div class=\"video\"><iframe loading=\"lazy\" width=\"100%\" height=\"360\" src=\"https:\/\/www.youtube.com\/embed\/wZC5FoJ-cPU\" allowfullscreen=\"true\"><\/iframe><\/div>\n<p>Tenemos versi&oacute;n doblada al castellano del trailer, al que acompa&ntilde;a una nueva sinopsis que reza lo siguiente&#8230;<\/p>\n<blockquote>\n<p>El &uacute;ltimo Caballero Guerrero, Roland Deschain (Idris Elba), ha estado enfrascado en una batalla eterna con Walter O&rsquo;Dim, tambi&eacute;n conocido como El Hombre de Negro (Matthew McConaughey), decidido a impedir que &eacute;ste derribe la Torre Oscura, que mantiene unido al universo. Con el destino de los mundos en juego, el bien y el mal colisionar&aacute;n en la batalla final en la que s&oacute;lo Roland podr&aacute; defender la Torre de El Hombre de Negro.<\/p>\n<\/blockquote>\n<div class=\"video\"><iframe loading=\"lazy\" width=\"100%\" height=\"360\" src=\"https:\/\/www.youtube.com\/embed\/sgxkab6EdPQ\" allowfullscreen=\"true\"><\/iframe><\/div>\n<p class=\"centrado\"><img decoding=\"async\" src=\"https:\/\/uruloki.org\/felipeblog\/imagenes2017\/20170319-the-dark-tower.jpg\" alt=\"El primer cartel de la adaptaci\u00f3n a cine de La Torre Oscura de Stephen King, el m\u00e1s bonito\"><br \/><em>El primer cartel de la adaptaci\u00f3n a cine de La Torre Oscura de Stephen King, el m&aacute;s bonito<\/em><\/p>\n","protected":false},"excerpt":{"rendered":"<p>Pues nada, que a golpe de lunes tenemos un nuevo trailer de La Torre Oscura (The Dark Tower, 2017) de Nikolaj Arcel&#8230; uno en el que Idris Elba, o su personaje Ronald Dechain, suelta una frase molona como esta &quot;no disparo con la mano, disparo con la mente, no mato con mi pistola, mato con [&hellip;]<\/p>\n","protected":false},"author":28,"featured_media":0,"comment_status":"open","ping_status":"open","sticky":false,"template":"","format":"standard","meta":{"footnotes":""},"categories":[8],"tags":[188],"class_list":["post-16881","post","type-post","status-publish","format-standard","hentry","category-cine-de-ciencia-ficcion","tag-the-dark-tower"],"yoast_head":"<!-- This site is optimized with the Yoast SEO plugin v24.3 - https:\/\/yoast.com\/wordpress\/plugins\/seo\/ -->\n<title>Nuevo trailer internacional de La Torre Oscura, ese en el que Idris Elba no dispara con la mano<\/title>\n<meta name=\"description\" content=\"Pues nada, que a golpe de lunes tenemos un nuevo trailer de La Torre Oscura (The Dark Tower, 2017) de Nikolaj Arcel. Idris Elba vs. Matthew McConaughey.\" \/>\n<meta name=\"robots\" content=\"index, follow, max-snippet:-1, max-image-preview:large, max-video-preview:-1\" \/>\n<link rel=\"canonical\" href=\"https:\/\/www.uruloki.org\/felipeblog\/cine-de-ciencia-ficcion\/nuevo-trailer-internacional-la-torre-oscura-ese-idris-elba-no-dispara-la-mano\" \/>\n<meta property=\"og:locale\" content=\"es_ES\" \/>\n<meta property=\"og:type\" content=\"article\" \/>\n<meta property=\"og:title\" content=\"Nuevo trailer internacional de La Torre Oscura, ese en el que Idris Elba no dispara con la mano\" \/>\n<meta property=\"og:description\" content=\"Pues nada, que a golpe de lunes tenemos un nuevo trailer de La Torre Oscura (The Dark Tower, 2017) de Nikolaj Arcel. Idris Elba vs. Matthew McConaughey.\" \/>\n<meta property=\"og:url\" content=\"https:\/\/www.uruloki.org\/felipeblog\/cine-de-ciencia-ficcion\/nuevo-trailer-internacional-la-torre-oscura-ese-idris-elba-no-dispara-la-mano\" \/>\n<meta property=\"og:site_name\" content=\"Uruloki :: Blog\" \/>\n<meta property=\"article:publisher\" content=\"https:\/\/www.facebook.com\/uruloki.org\" \/>\n<meta property=\"article:published_time\" content=\"2017-07-10T12:31:41+00:00\" \/>\n<meta property=\"og:image\" content=\"https:\/\/uruloki.org\/felipeblog\/imagenes2017\/20170319-the-dark-tower.jpg\" \/>\n<meta name=\"author\" content=\"Uruloki\" \/>\n<meta name=\"twitter:card\" content=\"summary_large_image\" \/>\n<meta name=\"twitter:creator\" content=\"@uruloki\" \/>\n<meta name=\"twitter:site\" content=\"@uruloki\" \/>\n<meta name=\"twitter:label1\" content=\"Escrito por\" \/>\n\t<meta name=\"twitter:data1\" content=\"Uruloki\" \/>\n\t<meta name=\"twitter:label2\" content=\"Tiempo de lectura\" \/>\n\t<meta name=\"twitter:data2\" content=\"1 minuto\" \/>\n<script type=\"application\/ld+json\" class=\"yoast-schema-graph\">{\"@context\":\"https:\/\/schema.org\",\"@graph\":[{\"@type\":\"WebPage\",\"@id\":\"https:\/\/www.uruloki.org\/felipeblog\/cine-de-ciencia-ficcion\/nuevo-trailer-internacional-la-torre-oscura-ese-idris-elba-no-dispara-la-mano\",\"url\":\"https:\/\/www.uruloki.org\/felipeblog\/cine-de-ciencia-ficcion\/nuevo-trailer-internacional-la-torre-oscura-ese-idris-elba-no-dispara-la-mano\",\"name\":\"Nuevo trailer internacional de La Torre Oscura, ese en el que Idris Elba no dispara con la mano\",\"isPartOf\":{\"@id\":\"https:\/\/www.uruloki.org\/felipeblog\/#website\"},\"primaryImageOfPage\":{\"@id\":\"https:\/\/www.uruloki.org\/felipeblog\/cine-de-ciencia-ficcion\/nuevo-trailer-internacional-la-torre-oscura-ese-idris-elba-no-dispara-la-mano#primaryimage\"},\"image\":{\"@id\":\"https:\/\/www.uruloki.org\/felipeblog\/cine-de-ciencia-ficcion\/nuevo-trailer-internacional-la-torre-oscura-ese-idris-elba-no-dispara-la-mano#primaryimage\"},\"thumbnailUrl\":\"https:\/\/uruloki.org\/felipeblog\/imagenes2017\/20170319-the-dark-tower.jpg\",\"datePublished\":\"2017-07-10T12:31:41+00:00\",\"dateModified\":\"2017-07-10T12:31:41+00:00\",\"author\":{\"@id\":\"https:\/\/www.uruloki.org\/felipeblog\/#\/schema\/person\/ddba06ddaa27edf0c370460d05c51bb3\"},\"description\":\"Pues nada, que a golpe de lunes tenemos un nuevo trailer de La Torre Oscura (The Dark Tower, 2017) de Nikolaj Arcel. Idris Elba vs. Matthew McConaughey.\",\"breadcrumb\":{\"@id\":\"https:\/\/www.uruloki.org\/felipeblog\/cine-de-ciencia-ficcion\/nuevo-trailer-internacional-la-torre-oscura-ese-idris-elba-no-dispara-la-mano#breadcrumb\"},\"inLanguage\":\"es\",\"potentialAction\":[{\"@type\":\"ReadAction\",\"target\":[\"https:\/\/www.uruloki.org\/felipeblog\/cine-de-ciencia-ficcion\/nuevo-trailer-internacional-la-torre-oscura-ese-idris-elba-no-dispara-la-mano\"]}]},{\"@type\":\"ImageObject\",\"inLanguage\":\"es\",\"@id\":\"https:\/\/www.uruloki.org\/felipeblog\/cine-de-ciencia-ficcion\/nuevo-trailer-internacional-la-torre-oscura-ese-idris-elba-no-dispara-la-mano#primaryimage\",\"url\":\"https:\/\/uruloki.org\/felipeblog\/imagenes2017\/20170319-the-dark-tower.jpg\",\"contentUrl\":\"https:\/\/uruloki.org\/felipeblog\/imagenes2017\/20170319-the-dark-tower.jpg\"},{\"@type\":\"BreadcrumbList\",\"@id\":\"https:\/\/www.uruloki.org\/felipeblog\/cine-de-ciencia-ficcion\/nuevo-trailer-internacional-la-torre-oscura-ese-idris-elba-no-dispara-la-mano#breadcrumb\",\"itemListElement\":[{\"@type\":\"ListItem\",\"position\":1,\"name\":\"Portada\",\"item\":\"https:\/\/www.uruloki.org\/felipeblog\"},{\"@type\":\"ListItem\",\"position\":2,\"name\":\"Nuevo trailer internacional de La Torre Oscura, ese en el que Idris Elba no dispara con la mano&#8230;\"}]},{\"@type\":\"WebSite\",\"@id\":\"https:\/\/www.uruloki.org\/felipeblog\/#website\",\"url\":\"https:\/\/www.uruloki.org\/felipeblog\/\",\"name\":\"Uruloki :: Blog\",\"description\":\"Blog de cine, terror, ciencia ficci\u00f3n, fantas\u00eda y c\u00f3mics\",\"potentialAction\":[{\"@type\":\"SearchAction\",\"target\":{\"@type\":\"EntryPoint\",\"urlTemplate\":\"https:\/\/www.uruloki.org\/felipeblog\/?s={search_term_string}\"},\"query-input\":{\"@type\":\"PropertyValueSpecification\",\"valueRequired\":true,\"valueName\":\"search_term_string\"}}],\"inLanguage\":\"es\"},{\"@type\":\"Person\",\"@id\":\"https:\/\/www.uruloki.org\/felipeblog\/#\/schema\/person\/ddba06ddaa27edf0c370460d05c51bb3\",\"name\":\"Uruloki\",\"image\":{\"@type\":\"ImageObject\",\"inLanguage\":\"es\",\"@id\":\"https:\/\/www.uruloki.org\/felipeblog\/#\/schema\/person\/image\/\",\"url\":\"https:\/\/secure.gravatar.com\/avatar\/68d5301c5f52ba88fd63f02c75b8c4d1b3c3fc4b21e2998a1e98c4b3a54d9f7c?s=96&d=mm&r=g\",\"contentUrl\":\"https:\/\/secure.gravatar.com\/avatar\/68d5301c5f52ba88fd63f02c75b8c4d1b3c3fc4b21e2998a1e98c4b3a54d9f7c?s=96&d=mm&r=g\",\"caption\":\"Uruloki\"},\"sameAs\":[\"https:\/\/uruloki.org\"],\"url\":\"https:\/\/www.uruloki.org\/felipeblog\/author\/admin-2-2-2\"}]}<\/script>\n<!-- \/ Yoast SEO plugin. -->","yoast_head_json":{"title":"Nuevo trailer internacional de La Torre Oscura, ese en el que Idris Elba no dispara con la mano","description":"Pues nada, que a golpe de lunes tenemos un nuevo trailer de La Torre Oscura (The Dark Tower, 2017) de Nikolaj Arcel. Idris Elba vs. Matthew McConaughey.","robots":{"index":"index","follow":"follow","max-snippet":"max-snippet:-1","max-image-preview":"max-image-preview:large","max-video-preview":"max-video-preview:-1"},"canonical":"https:\/\/www.uruloki.org\/felipeblog\/cine-de-ciencia-ficcion\/nuevo-trailer-internacional-la-torre-oscura-ese-idris-elba-no-dispara-la-mano","og_locale":"es_ES","og_type":"article","og_title":"Nuevo trailer internacional de La Torre Oscura, ese en el que Idris Elba no dispara con la mano","og_description":"Pues nada, que a golpe de lunes tenemos un nuevo trailer de La Torre Oscura (The Dark Tower, 2017) de Nikolaj Arcel. Idris Elba vs. Matthew McConaughey.","og_url":"https:\/\/www.uruloki.org\/felipeblog\/cine-de-ciencia-ficcion\/nuevo-trailer-internacional-la-torre-oscura-ese-idris-elba-no-dispara-la-mano","og_site_name":"Uruloki :: Blog","article_publisher":"https:\/\/www.facebook.com\/uruloki.org","article_published_time":"2017-07-10T12:31:41+00:00","og_image":[{"url":"https:\/\/uruloki.org\/felipeblog\/imagenes2017\/20170319-the-dark-tower.jpg","type":"","width":"","height":""}],"author":"Uruloki","twitter_card":"summary_large_image","twitter_creator":"@uruloki","twitter_site":"@uruloki","twitter_misc":{"Escrito por":"Uruloki","Tiempo de lectura":"1 minuto"},"schema":{"@context":"https:\/\/schema.org","@graph":[{"@type":"WebPage","@id":"https:\/\/www.uruloki.org\/felipeblog\/cine-de-ciencia-ficcion\/nuevo-trailer-internacional-la-torre-oscura-ese-idris-elba-no-dispara-la-mano","url":"https:\/\/www.uruloki.org\/felipeblog\/cine-de-ciencia-ficcion\/nuevo-trailer-internacional-la-torre-oscura-ese-idris-elba-no-dispara-la-mano","name":"Nuevo trailer internacional de La Torre Oscura, ese en el que Idris Elba no dispara con la mano","isPartOf":{"@id":"https:\/\/www.uruloki.org\/felipeblog\/#website"},"primaryImageOfPage":{"@id":"https:\/\/www.uruloki.org\/felipeblog\/cine-de-ciencia-ficcion\/nuevo-trailer-internacional-la-torre-oscura-ese-idris-elba-no-dispara-la-mano#primaryimage"},"image":{"@id":"https:\/\/www.uruloki.org\/felipeblog\/cine-de-ciencia-ficcion\/nuevo-trailer-internacional-la-torre-oscura-ese-idris-elba-no-dispara-la-mano#primaryimage"},"thumbnailUrl":"https:\/\/uruloki.org\/felipeblog\/imagenes2017\/20170319-the-dark-tower.jpg","datePublished":"2017-07-10T12:31:41+00:00","dateModified":"2017-07-10T12:31:41+00:00","author":{"@id":"https:\/\/www.uruloki.org\/felipeblog\/#\/schema\/person\/ddba06ddaa27edf0c370460d05c51bb3"},"description":"Pues nada, que a golpe de lunes tenemos un nuevo trailer de La Torre Oscura (The Dark Tower, 2017) de Nikolaj Arcel. Idris Elba vs. Matthew McConaughey.","breadcrumb":{"@id":"https:\/\/www.uruloki.org\/felipeblog\/cine-de-ciencia-ficcion\/nuevo-trailer-internacional-la-torre-oscura-ese-idris-elba-no-dispara-la-mano#breadcrumb"},"inLanguage":"es","potentialAction":[{"@type":"ReadAction","target":["https:\/\/www.uruloki.org\/felipeblog\/cine-de-ciencia-ficcion\/nuevo-trailer-internacional-la-torre-oscura-ese-idris-elba-no-dispara-la-mano"]}]},{"@type":"ImageObject","inLanguage":"es","@id":"https:\/\/www.uruloki.org\/felipeblog\/cine-de-ciencia-ficcion\/nuevo-trailer-internacional-la-torre-oscura-ese-idris-elba-no-dispara-la-mano#primaryimage","url":"https:\/\/uruloki.org\/felipeblog\/imagenes2017\/20170319-the-dark-tower.jpg","contentUrl":"https:\/\/uruloki.org\/felipeblog\/imagenes2017\/20170319-the-dark-tower.jpg"},{"@type":"BreadcrumbList","@id":"https:\/\/www.uruloki.org\/felipeblog\/cine-de-ciencia-ficcion\/nuevo-trailer-internacional-la-torre-oscura-ese-idris-elba-no-dispara-la-mano#breadcrumb","itemListElement":[{"@type":"ListItem","position":1,"name":"Portada","item":"https:\/\/www.uruloki.org\/felipeblog"},{"@type":"ListItem","position":2,"name":"Nuevo trailer internacional de La Torre Oscura, ese en el que Idris Elba no dispara con la mano&#8230;"}]},{"@type":"WebSite","@id":"https:\/\/www.uruloki.org\/felipeblog\/#website","url":"https:\/\/www.uruloki.org\/felipeblog\/","name":"Uruloki :: Blog","description":"Blog de cine, terror, ciencia ficci\u00f3n, fantas\u00eda y c\u00f3mics","potentialAction":[{"@type":"SearchAction","target":{"@type":"EntryPoint","urlTemplate":"https:\/\/www.uruloki.org\/felipeblog\/?s={search_term_string}"},"query-input":{"@type":"PropertyValueSpecification","valueRequired":true,"valueName":"search_term_string"}}],"inLanguage":"es"},{"@type":"Person","@id":"https:\/\/www.uruloki.org\/felipeblog\/#\/schema\/person\/ddba06ddaa27edf0c370460d05c51bb3","name":"Uruloki","image":{"@type":"ImageObject","inLanguage":"es","@id":"https:\/\/www.uruloki.org\/felipeblog\/#\/schema\/person\/image\/","url":"https:\/\/secure.gravatar.com\/avatar\/68d5301c5f52ba88fd63f02c75b8c4d1b3c3fc4b21e2998a1e98c4b3a54d9f7c?s=96&d=mm&r=g","contentUrl":"https:\/\/secure.gravatar.com\/avatar\/68d5301c5f52ba88fd63f02c75b8c4d1b3c3fc4b21e2998a1e98c4b3a54d9f7c?s=96&d=mm&r=g","caption":"Uruloki"},"sameAs":["https:\/\/uruloki.org"],"url":"https:\/\/www.uruloki.org\/felipeblog\/author\/admin-2-2-2"}]}},"_links":{"self":[{"href":"https:\/\/www.uruloki.org\/felipeblog\/wp-json\/wp\/v2\/posts\/16881","targetHints":{"allow":["GET"]}}],"collection":[{"href":"https:\/\/www.uruloki.org\/felipeblog\/wp-json\/wp\/v2\/posts"}],"about":[{"href":"https:\/\/www.uruloki.org\/felipeblog\/wp-json\/wp\/v2\/types\/post"}],"author":[{"embeddable":true,"href":"https:\/\/www.uruloki.org\/felipeblog\/wp-json\/wp\/v2\/users\/28"}],"replies":[{"embeddable":true,"href":"https:\/\/www.uruloki.org\/felipeblog\/wp-json\/wp\/v2\/comments?post=16881"}],"version-history":[{"count":1,"href":"https:\/\/www.uruloki.org\/felipeblog\/wp-json\/wp\/v2\/posts\/16881\/revisions"}],"predecessor-version":[{"id":16882,"href":"https:\/\/www.uruloki.org\/felipeblog\/wp-json\/wp\/v2\/posts\/16881\/revisions\/16882"}],"wp:attachment":[{"href":"https:\/\/www.uruloki.org\/felipeblog\/wp-json\/wp\/v2\/media?parent=16881"}],"wp:term":[{"taxonomy":"category","embeddable":true,"href":"https:\/\/www.uruloki.org\/felipeblog\/wp-json\/wp\/v2\/categories?post=16881"},{"taxonomy":"post_tag","embeddable":true,"href":"https:\/\/www.uruloki.org\/felipeblog\/wp-json\/wp\/v2\/tags?post=16881"}],"curies":[{"name":"wp","href":"https:\/\/api.w.org\/{rel}","templated":true}]}}