{"id":16764,"date":"2017-05-23T23:40:16","date_gmt":"2017-05-23T21:40:16","guid":{"rendered":"https:\/\/uruloki.org\/felipeblog\/?p=16764"},"modified":"2017-05-23T23:40:16","modified_gmt":"2017-05-23T21:40:16","slug":"zack-snyder-abandona-motivos-familiares-la-fase-final-produccion-liga-la-justicia-pone-joss-whedon-los-mandos-estos-tres-nuevos-carteles-wonder-woman-casi-hacen-poster-molon","status":"publish","type":"post","link":"https:\/\/www.uruloki.org\/felipeblog\/cine-de-comics\/zack-snyder-abandona-motivos-familiares-la-fase-final-produccion-liga-la-justicia-pone-joss-whedon-los-mandos-estos-tres-nuevos-carteles-wonder-woman-casi-hacen-poster-molon","title":{"rendered":"Zack Snyder abandona por motivos familiares la fase final de producci\u00f3n de Liga de la Justicia y pone a Joss Whedon a los mandos, estos tres nuevos carteles de Wonder Woman casi hacen un p\u00f3ster mol\u00f3n, James Wan producir\u00e1 el reboot de Resident Evil y Greg Russo ser\u00e1 su guionista, Sam Mendes se suma al universo acci\u00f3n real de Disney con su candidatura para Pinocchio y otro parte de p\u00f3sters IMAX de La Momia con Tom Cruise como centro de atenci\u00f3n&#8230;"},"content":{"rendered":"<p>A la velocidad del rayo un repaso a otras noticias de la jornada tras <a href=\"https:\/\/uruloki.org\/felipeblog\/personalsimo\/roger-moore-ha-fallecido\" target=\"_blank\">el triste fallecimiento de <strong>Sir Roger Moore<\/strong><\/a>. Hay de todos los colores, todas ellas muy respetables y algunas duras.<\/p>\n<p>Arranco con <a href=\"http:\/\/www.hollywoodreporter.com\/heat-vision\/zack-snyder-steps-down-justice-league-deal-family-tragedy-1006455\" target=\"_blank\">un  poco agradable recambio en la fase final de post-producci&oacute;n de <strong>Liga de la Justicia<\/strong> (<em>Justice League<\/em>, 2017)<\/a> de <strong>Zack Snyder<\/strong>. Todos estar&eacute;is al tanto ya de la noticia por la cual la familia <strong>Snyder<\/strong> ha tenido que abandonar la producci&oacute;n del nuevo film del <strong>DC Extended Universe<\/strong> por razones familiares. Resulta que <strong>Deborah<\/strong> y <strong>Zack<\/strong> han aguantado  un par de meses hasta considerar que el suicidio de su hija <strong>Autumn<\/strong>, que tuvo lugar en marzo y que desde aquella han mantenido como un asunto totalmente privado, est&aacute; siendo m&aacute;s duro de lo que realmente pueden sobrellevar. Si bien retornaron al trabajo con idea de llevar mejor el golpe familiar, ha llegado el momento de retirarse temporalmente y en esta fase final <strong>Deborah<\/strong> dejar&aacute; las tareas de productora y <strong>Zack<\/strong> las de direcci&oacute;n, montaje y fase final del desarrollo del film. El propio director, que ten&iacute;a pendiente completar el rodaje de una serie de nuevas secuencias que solicit&oacute; hacer y que han sido escritas por el reci&eacute;n llegado <strong>Joss Whedon<\/strong>, guionista y director de la futura <strong>Batgirl<\/strong>, ha delegado en este &uacute;ltimo la tarea de direcci&oacute;n tambi&eacute;n. <strong>Warner Bros.<\/strong> ha apoyado en todo momento y por completo la decisi&oacute;n de los <strong>Snyder<\/strong> y con respeto, y eso que le propusieron retrasar el estreno, mantendr&aacute; el objetivo  de lanzar la pel&iacute;cula el pr&oacute;ximo 17 de noviembre ante la petici&oacute;n del director y la productora.<\/p>\n<p class=\"centrado\"><a href=\"https:\/\/uruloki.org\/felipeblog\/imagenes2017\/20170523-wonder-woman-1.jpg\" target=\"_blank\" onclick=\"return false;\" rel=\"shadowbox\"><img decoding=\"async\" src=\"https:\/\/uruloki.org\/felipeblog\/imagenes2017\/20170523-wonder-woman-1.jpg\" alt=\"Tres nuevos cartels de Wonder Woman... casi forman un collage\" width=\"33%\" \/><\/a><a href=\"https:\/\/uruloki.org\/felipeblog\/imagenes2017\/20170523-wonder-woman-2.jpg\" target=\"_blank\" onclick=\"return false;\" rel=\"shadowbox\"><img decoding=\"async\" src=\"https:\/\/uruloki.org\/felipeblog\/imagenes2017\/20170523-wonder-woman-2.jpg\" alt=\"Tres nuevos cartels de Wonder Woman... casi forman un collage\" width=\"33%\" \/><\/a><a href=\"https:\/\/uruloki.org\/felipeblog\/imagenes2017\/20170523-wonder-woman-3.jpg\" target=\"_blank\" onclick=\"return false;\" rel=\"shadowbox\"><img decoding=\"async\" src=\"https:\/\/uruloki.org\/felipeblog\/imagenes2017\/20170523-wonder-woman-3.jpg\" alt=\"Tres nuevos cartels de Wonder Woman... casi forman un collage\" width=\"33%\" \/><\/a><br \/>\n<em>Tres nuevos carteles de Wonder Woman&#8230; casi forman un collage<\/em> <\/p>\n<p>Hoy tambi&eacute;n tenemos novedades sobre una de las sorpresas ocurridas ayer. Deadline comenta que <a href=\"https:\/\/deadline.com\/2017\/05\/resident-evil-movie-reboot-james-wan-produce-greg-russo-script-1202100081\/\" target=\"_blank\"><strong>James Wan<\/strong> producir&aacute; el <em>reboot<\/em> de <strong>Resident Evil<\/strong> por parte de <strong>Constantine Films<\/strong><\/a> al tiempo que supervisa el gui&oacute;n que escribir&aacute; <strong>Greg Russo<\/strong>, joven que tiene ya entre manos dos interesantes encargos como <strong>Robotech<\/strong> y el tambi&eacute;n <em>reboot<\/em> de <strong>Mortal Kombat<\/strong>, ambos con <strong>Wan<\/strong> a los mandos de la producci&oacute;n y con el &uacute;ltimo contando con <strong>Simon McQuoid<\/strong> como director. Se aclara que nadie del pasado regresar&aacute;&#8230; mejor. <\/p>\n<p class=\"centrado\"><img decoding=\"async\" src=\"https:\/\/uruloki.org\/felipeblog\/imagenes2017\/20180523-the-mummy-1.jpg\" alt=\"Un nuevo cartel IMAX de La Momia\" \/><br \/><em>Un nuevo cartel IMAX de La Momia<\/em> <\/p>\n<p>El mismo portal advierte que el n&uacute;mero uno <a href=\"http:\/\/deadline.com\/2017\/05\/sam-mendes-disney-live-action-pinocchio-1202100024\/\"><strong>Sam Mendes<\/strong> est&aacute; siendo tanteado por <strong>Disney<\/strong> para hacerse cargo de la pel&iacute;cula de acci&oacute;n real de <strong>Pinocchio<\/strong><\/a>, film escrito por <strong>Chris Weitz<\/strong> y que se unir&aacute; a la larga lista de aventuras en este formato de los cl&aacute;sicos de animaci&oacute;n del estudio. <strong>Mendes<\/strong> se podr&iacute;a sumar a una lista de directores de nivel alto como <strong>Tim Burton<\/strong>, ahora con <strong>Dumbo<\/strong>, <strong>Jon Favreau<\/strong>, con <strong>The Lion King<\/strong>, <strong>Rob Marshall<\/strong>, con <strong>El regreso de Mary Poppins<\/strong> (<em>Mary Poppins Returns<\/em>, 2018), <strong>Niki Caro<\/strong>, con <strong>Mulan<\/strong>,   o <strong>Guy Ritchie<\/strong>, a los mandos de <strong>Aladdin<\/strong>.<\/p>\n<p class=\"centrado\"><img decoding=\"async\" src=\"https:\/\/uruloki.org\/felipeblog\/imagenes2017\/20180523-the-mummy-2.jpg\" alt=\"Otro nuevo cartel IMAX de La Momia\" \/><br \/><em>Otro nuevo cartel IMAX de La Momia<\/em><\/p>\n","protected":false},"excerpt":{"rendered":"<p>A la velocidad del rayo un repaso a otras noticias de la jornada tras el triste fallecimiento de Sir Roger Moore. Hay de todos los colores, todas ellas muy respetables y algunas duras. Arranco con un poco agradable recambio en la fase final de post-producci&oacute;n de Liga de la Justicia (Justice League, 2017) de Zack [&hellip;]<\/p>\n","protected":false},"author":28,"featured_media":0,"comment_status":"open","ping_status":"open","sticky":false,"template":"","format":"standard","meta":{"footnotes":""},"categories":[10,12,9],"tags":[2248,1441,3166,2087],"class_list":["post-16764","post","type-post","status-publish","format-standard","hentry","category-cine-de-comics","category-cine-de-fantasia","category-cine-de-terror","tag-justice-league","tag-pinnochio","tag-resident-evil","tag-the-mummy"],"yoast_head":"<!-- This site is optimized with the Yoast SEO plugin v24.3 - https:\/\/yoast.com\/wordpress\/plugins\/seo\/ -->\n<title>Zack Snyder abandona por motivos familiares la fase final de producci\u00f3n de Liga de la Justicia<\/title>\n<meta name=\"description\" content=\"Arranco con un poco agradable recambio en la fase final de producci\u00f3n de Liga de la Justicia (Justice League) de Zack Snyder. Joss Whedon a los mandos.\" \/>\n<meta name=\"robots\" content=\"index, follow, max-snippet:-1, max-image-preview:large, max-video-preview:-1\" \/>\n<link rel=\"canonical\" href=\"https:\/\/www.uruloki.org\/felipeblog\/cine-de-comics\/zack-snyder-abandona-motivos-familiares-la-fase-final-produccion-liga-la-justicia-pone-joss-whedon-los-mandos-estos-tres-nuevos-carteles-wonder-woman-casi-hacen-poster-molon\" \/>\n<meta property=\"og:locale\" content=\"es_ES\" \/>\n<meta property=\"og:type\" content=\"article\" \/>\n<meta property=\"og:title\" content=\"Zack Snyder abandona por motivos familiares la fase final de producci\u00f3n de Liga de la Justicia\" \/>\n<meta property=\"og:description\" content=\"Arranco con un poco agradable recambio en la fase final de producci\u00f3n de Liga de la Justicia (Justice League) de Zack Snyder. Joss Whedon a los mandos.\" \/>\n<meta property=\"og:url\" content=\"https:\/\/www.uruloki.org\/felipeblog\/cine-de-comics\/zack-snyder-abandona-motivos-familiares-la-fase-final-produccion-liga-la-justicia-pone-joss-whedon-los-mandos-estos-tres-nuevos-carteles-wonder-woman-casi-hacen-poster-molon\" \/>\n<meta property=\"og:site_name\" content=\"Uruloki :: Blog\" \/>\n<meta property=\"article:publisher\" content=\"https:\/\/www.facebook.com\/uruloki.org\" \/>\n<meta property=\"article:published_time\" content=\"2017-05-23T21:40:16+00:00\" \/>\n<meta property=\"og:image\" content=\"https:\/\/uruloki.org\/felipeblog\/imagenes2017\/20170523-wonder-woman-1.jpg\" \/>\n<meta name=\"author\" content=\"Uruloki\" \/>\n<meta name=\"twitter:card\" content=\"summary_large_image\" \/>\n<meta name=\"twitter:creator\" content=\"@uruloki\" \/>\n<meta name=\"twitter:site\" content=\"@uruloki\" \/>\n<meta name=\"twitter:label1\" content=\"Escrito por\" \/>\n\t<meta name=\"twitter:data1\" content=\"Uruloki\" \/>\n\t<meta name=\"twitter:label2\" content=\"Tiempo de lectura\" \/>\n\t<meta name=\"twitter:data2\" content=\"3 minutos\" \/>\n<script type=\"application\/ld+json\" class=\"yoast-schema-graph\">{\"@context\":\"https:\/\/schema.org\",\"@graph\":[{\"@type\":\"WebPage\",\"@id\":\"https:\/\/www.uruloki.org\/felipeblog\/cine-de-comics\/zack-snyder-abandona-motivos-familiares-la-fase-final-produccion-liga-la-justicia-pone-joss-whedon-los-mandos-estos-tres-nuevos-carteles-wonder-woman-casi-hacen-poster-molon\",\"url\":\"https:\/\/www.uruloki.org\/felipeblog\/cine-de-comics\/zack-snyder-abandona-motivos-familiares-la-fase-final-produccion-liga-la-justicia-pone-joss-whedon-los-mandos-estos-tres-nuevos-carteles-wonder-woman-casi-hacen-poster-molon\",\"name\":\"Zack Snyder abandona por motivos familiares la fase final de producci\u00f3n de Liga de la Justicia\",\"isPartOf\":{\"@id\":\"https:\/\/www.uruloki.org\/felipeblog\/#website\"},\"primaryImageOfPage\":{\"@id\":\"https:\/\/www.uruloki.org\/felipeblog\/cine-de-comics\/zack-snyder-abandona-motivos-familiares-la-fase-final-produccion-liga-la-justicia-pone-joss-whedon-los-mandos-estos-tres-nuevos-carteles-wonder-woman-casi-hacen-poster-molon#primaryimage\"},\"image\":{\"@id\":\"https:\/\/www.uruloki.org\/felipeblog\/cine-de-comics\/zack-snyder-abandona-motivos-familiares-la-fase-final-produccion-liga-la-justicia-pone-joss-whedon-los-mandos-estos-tres-nuevos-carteles-wonder-woman-casi-hacen-poster-molon#primaryimage\"},\"thumbnailUrl\":\"https:\/\/uruloki.org\/felipeblog\/imagenes2017\/20170523-wonder-woman-1.jpg\",\"datePublished\":\"2017-05-23T21:40:16+00:00\",\"dateModified\":\"2017-05-23T21:40:16+00:00\",\"author\":{\"@id\":\"https:\/\/www.uruloki.org\/felipeblog\/#\/schema\/person\/ddba06ddaa27edf0c370460d05c51bb3\"},\"description\":\"Arranco con un poco agradable recambio en la fase final de producci\u00f3n de Liga de la Justicia (Justice League) de Zack Snyder. Joss Whedon a los mandos.\",\"breadcrumb\":{\"@id\":\"https:\/\/www.uruloki.org\/felipeblog\/cine-de-comics\/zack-snyder-abandona-motivos-familiares-la-fase-final-produccion-liga-la-justicia-pone-joss-whedon-los-mandos-estos-tres-nuevos-carteles-wonder-woman-casi-hacen-poster-molon#breadcrumb\"},\"inLanguage\":\"es\",\"potentialAction\":[{\"@type\":\"ReadAction\",\"target\":[\"https:\/\/www.uruloki.org\/felipeblog\/cine-de-comics\/zack-snyder-abandona-motivos-familiares-la-fase-final-produccion-liga-la-justicia-pone-joss-whedon-los-mandos-estos-tres-nuevos-carteles-wonder-woman-casi-hacen-poster-molon\"]}]},{\"@type\":\"ImageObject\",\"inLanguage\":\"es\",\"@id\":\"https:\/\/www.uruloki.org\/felipeblog\/cine-de-comics\/zack-snyder-abandona-motivos-familiares-la-fase-final-produccion-liga-la-justicia-pone-joss-whedon-los-mandos-estos-tres-nuevos-carteles-wonder-woman-casi-hacen-poster-molon#primaryimage\",\"url\":\"https:\/\/uruloki.org\/felipeblog\/imagenes2017\/20170523-wonder-woman-1.jpg\",\"contentUrl\":\"https:\/\/uruloki.org\/felipeblog\/imagenes2017\/20170523-wonder-woman-1.jpg\"},{\"@type\":\"BreadcrumbList\",\"@id\":\"https:\/\/www.uruloki.org\/felipeblog\/cine-de-comics\/zack-snyder-abandona-motivos-familiares-la-fase-final-produccion-liga-la-justicia-pone-joss-whedon-los-mandos-estos-tres-nuevos-carteles-wonder-woman-casi-hacen-poster-molon#breadcrumb\",\"itemListElement\":[{\"@type\":\"ListItem\",\"position\":1,\"name\":\"Portada\",\"item\":\"https:\/\/www.uruloki.org\/felipeblog\"},{\"@type\":\"ListItem\",\"position\":2,\"name\":\"Zack Snyder abandona por motivos familiares la fase final de producci\u00f3n de Liga de la Justicia y pone a Joss Whedon a los mandos, estos tres nuevos carteles de Wonder Woman casi hacen un p\u00f3ster mol\u00f3n, James Wan producir\u00e1 el reboot de Resident Evil y Greg Russo ser\u00e1 su guionista, Sam Mendes se suma al universo acci\u00f3n real de Disney con su candidatura para Pinocchio y otro parte de p\u00f3sters IMAX de La Momia con Tom Cruise como centro de atenci\u00f3n&#8230;\"}]},{\"@type\":\"WebSite\",\"@id\":\"https:\/\/www.uruloki.org\/felipeblog\/#website\",\"url\":\"https:\/\/www.uruloki.org\/felipeblog\/\",\"name\":\"Uruloki :: Blog\",\"description\":\"Blog de cine, terror, ciencia ficci\u00f3n, fantas\u00eda y c\u00f3mics\",\"potentialAction\":[{\"@type\":\"SearchAction\",\"target\":{\"@type\":\"EntryPoint\",\"urlTemplate\":\"https:\/\/www.uruloki.org\/felipeblog\/?s={search_term_string}\"},\"query-input\":{\"@type\":\"PropertyValueSpecification\",\"valueRequired\":true,\"valueName\":\"search_term_string\"}}],\"inLanguage\":\"es\"},{\"@type\":\"Person\",\"@id\":\"https:\/\/www.uruloki.org\/felipeblog\/#\/schema\/person\/ddba06ddaa27edf0c370460d05c51bb3\",\"name\":\"Uruloki\",\"image\":{\"@type\":\"ImageObject\",\"inLanguage\":\"es\",\"@id\":\"https:\/\/www.uruloki.org\/felipeblog\/#\/schema\/person\/image\/\",\"url\":\"https:\/\/secure.gravatar.com\/avatar\/68d5301c5f52ba88fd63f02c75b8c4d1b3c3fc4b21e2998a1e98c4b3a54d9f7c?s=96&d=mm&r=g\",\"contentUrl\":\"https:\/\/secure.gravatar.com\/avatar\/68d5301c5f52ba88fd63f02c75b8c4d1b3c3fc4b21e2998a1e98c4b3a54d9f7c?s=96&d=mm&r=g\",\"caption\":\"Uruloki\"},\"sameAs\":[\"https:\/\/uruloki.org\"],\"url\":\"https:\/\/www.uruloki.org\/felipeblog\/author\/admin-2-2-2\"}]}<\/script>\n<!-- \/ Yoast SEO plugin. -->","yoast_head_json":{"title":"Zack Snyder abandona por motivos familiares la fase final de producci\u00f3n de Liga de la Justicia","description":"Arranco con un poco agradable recambio en la fase final de producci\u00f3n de Liga de la Justicia (Justice League) de Zack Snyder. Joss Whedon a los mandos.","robots":{"index":"index","follow":"follow","max-snippet":"max-snippet:-1","max-image-preview":"max-image-preview:large","max-video-preview":"max-video-preview:-1"},"canonical":"https:\/\/www.uruloki.org\/felipeblog\/cine-de-comics\/zack-snyder-abandona-motivos-familiares-la-fase-final-produccion-liga-la-justicia-pone-joss-whedon-los-mandos-estos-tres-nuevos-carteles-wonder-woman-casi-hacen-poster-molon","og_locale":"es_ES","og_type":"article","og_title":"Zack Snyder abandona por motivos familiares la fase final de producci\u00f3n de Liga de la Justicia","og_description":"Arranco con un poco agradable recambio en la fase final de producci\u00f3n de Liga de la Justicia (Justice League) de Zack Snyder. Joss Whedon a los mandos.","og_url":"https:\/\/www.uruloki.org\/felipeblog\/cine-de-comics\/zack-snyder-abandona-motivos-familiares-la-fase-final-produccion-liga-la-justicia-pone-joss-whedon-los-mandos-estos-tres-nuevos-carteles-wonder-woman-casi-hacen-poster-molon","og_site_name":"Uruloki :: Blog","article_publisher":"https:\/\/www.facebook.com\/uruloki.org","article_published_time":"2017-05-23T21:40:16+00:00","og_image":[{"url":"https:\/\/uruloki.org\/felipeblog\/imagenes2017\/20170523-wonder-woman-1.jpg","type":"","width":"","height":""}],"author":"Uruloki","twitter_card":"summary_large_image","twitter_creator":"@uruloki","twitter_site":"@uruloki","twitter_misc":{"Escrito por":"Uruloki","Tiempo de lectura":"3 minutos"},"schema":{"@context":"https:\/\/schema.org","@graph":[{"@type":"WebPage","@id":"https:\/\/www.uruloki.org\/felipeblog\/cine-de-comics\/zack-snyder-abandona-motivos-familiares-la-fase-final-produccion-liga-la-justicia-pone-joss-whedon-los-mandos-estos-tres-nuevos-carteles-wonder-woman-casi-hacen-poster-molon","url":"https:\/\/www.uruloki.org\/felipeblog\/cine-de-comics\/zack-snyder-abandona-motivos-familiares-la-fase-final-produccion-liga-la-justicia-pone-joss-whedon-los-mandos-estos-tres-nuevos-carteles-wonder-woman-casi-hacen-poster-molon","name":"Zack Snyder abandona por motivos familiares la fase final de producci\u00f3n de Liga de la Justicia","isPartOf":{"@id":"https:\/\/www.uruloki.org\/felipeblog\/#website"},"primaryImageOfPage":{"@id":"https:\/\/www.uruloki.org\/felipeblog\/cine-de-comics\/zack-snyder-abandona-motivos-familiares-la-fase-final-produccion-liga-la-justicia-pone-joss-whedon-los-mandos-estos-tres-nuevos-carteles-wonder-woman-casi-hacen-poster-molon#primaryimage"},"image":{"@id":"https:\/\/www.uruloki.org\/felipeblog\/cine-de-comics\/zack-snyder-abandona-motivos-familiares-la-fase-final-produccion-liga-la-justicia-pone-joss-whedon-los-mandos-estos-tres-nuevos-carteles-wonder-woman-casi-hacen-poster-molon#primaryimage"},"thumbnailUrl":"https:\/\/uruloki.org\/felipeblog\/imagenes2017\/20170523-wonder-woman-1.jpg","datePublished":"2017-05-23T21:40:16+00:00","dateModified":"2017-05-23T21:40:16+00:00","author":{"@id":"https:\/\/www.uruloki.org\/felipeblog\/#\/schema\/person\/ddba06ddaa27edf0c370460d05c51bb3"},"description":"Arranco con un poco agradable recambio en la fase final de producci\u00f3n de Liga de la Justicia (Justice League) de Zack Snyder. Joss Whedon a los mandos.","breadcrumb":{"@id":"https:\/\/www.uruloki.org\/felipeblog\/cine-de-comics\/zack-snyder-abandona-motivos-familiares-la-fase-final-produccion-liga-la-justicia-pone-joss-whedon-los-mandos-estos-tres-nuevos-carteles-wonder-woman-casi-hacen-poster-molon#breadcrumb"},"inLanguage":"es","potentialAction":[{"@type":"ReadAction","target":["https:\/\/www.uruloki.org\/felipeblog\/cine-de-comics\/zack-snyder-abandona-motivos-familiares-la-fase-final-produccion-liga-la-justicia-pone-joss-whedon-los-mandos-estos-tres-nuevos-carteles-wonder-woman-casi-hacen-poster-molon"]}]},{"@type":"ImageObject","inLanguage":"es","@id":"https:\/\/www.uruloki.org\/felipeblog\/cine-de-comics\/zack-snyder-abandona-motivos-familiares-la-fase-final-produccion-liga-la-justicia-pone-joss-whedon-los-mandos-estos-tres-nuevos-carteles-wonder-woman-casi-hacen-poster-molon#primaryimage","url":"https:\/\/uruloki.org\/felipeblog\/imagenes2017\/20170523-wonder-woman-1.jpg","contentUrl":"https:\/\/uruloki.org\/felipeblog\/imagenes2017\/20170523-wonder-woman-1.jpg"},{"@type":"BreadcrumbList","@id":"https:\/\/www.uruloki.org\/felipeblog\/cine-de-comics\/zack-snyder-abandona-motivos-familiares-la-fase-final-produccion-liga-la-justicia-pone-joss-whedon-los-mandos-estos-tres-nuevos-carteles-wonder-woman-casi-hacen-poster-molon#breadcrumb","itemListElement":[{"@type":"ListItem","position":1,"name":"Portada","item":"https:\/\/www.uruloki.org\/felipeblog"},{"@type":"ListItem","position":2,"name":"Zack Snyder abandona por motivos familiares la fase final de producci\u00f3n de Liga de la Justicia y pone a Joss Whedon a los mandos, estos tres nuevos carteles de Wonder Woman casi hacen un p\u00f3ster mol\u00f3n, James Wan producir\u00e1 el reboot de Resident Evil y Greg Russo ser\u00e1 su guionista, Sam Mendes se suma al universo acci\u00f3n real de Disney con su candidatura para Pinocchio y otro parte de p\u00f3sters IMAX de La Momia con Tom Cruise como centro de atenci\u00f3n&#8230;"}]},{"@type":"WebSite","@id":"https:\/\/www.uruloki.org\/felipeblog\/#website","url":"https:\/\/www.uruloki.org\/felipeblog\/","name":"Uruloki :: Blog","description":"Blog de cine, terror, ciencia ficci\u00f3n, fantas\u00eda y c\u00f3mics","potentialAction":[{"@type":"SearchAction","target":{"@type":"EntryPoint","urlTemplate":"https:\/\/www.uruloki.org\/felipeblog\/?s={search_term_string}"},"query-input":{"@type":"PropertyValueSpecification","valueRequired":true,"valueName":"search_term_string"}}],"inLanguage":"es"},{"@type":"Person","@id":"https:\/\/www.uruloki.org\/felipeblog\/#\/schema\/person\/ddba06ddaa27edf0c370460d05c51bb3","name":"Uruloki","image":{"@type":"ImageObject","inLanguage":"es","@id":"https:\/\/www.uruloki.org\/felipeblog\/#\/schema\/person\/image\/","url":"https:\/\/secure.gravatar.com\/avatar\/68d5301c5f52ba88fd63f02c75b8c4d1b3c3fc4b21e2998a1e98c4b3a54d9f7c?s=96&d=mm&r=g","contentUrl":"https:\/\/secure.gravatar.com\/avatar\/68d5301c5f52ba88fd63f02c75b8c4d1b3c3fc4b21e2998a1e98c4b3a54d9f7c?s=96&d=mm&r=g","caption":"Uruloki"},"sameAs":["https:\/\/uruloki.org"],"url":"https:\/\/www.uruloki.org\/felipeblog\/author\/admin-2-2-2"}]}},"_links":{"self":[{"href":"https:\/\/www.uruloki.org\/felipeblog\/wp-json\/wp\/v2\/posts\/16764","targetHints":{"allow":["GET"]}}],"collection":[{"href":"https:\/\/www.uruloki.org\/felipeblog\/wp-json\/wp\/v2\/posts"}],"about":[{"href":"https:\/\/www.uruloki.org\/felipeblog\/wp-json\/wp\/v2\/types\/post"}],"author":[{"embeddable":true,"href":"https:\/\/www.uruloki.org\/felipeblog\/wp-json\/wp\/v2\/users\/28"}],"replies":[{"embeddable":true,"href":"https:\/\/www.uruloki.org\/felipeblog\/wp-json\/wp\/v2\/comments?post=16764"}],"version-history":[{"count":1,"href":"https:\/\/www.uruloki.org\/felipeblog\/wp-json\/wp\/v2\/posts\/16764\/revisions"}],"predecessor-version":[{"id":16765,"href":"https:\/\/www.uruloki.org\/felipeblog\/wp-json\/wp\/v2\/posts\/16764\/revisions\/16765"}],"wp:attachment":[{"href":"https:\/\/www.uruloki.org\/felipeblog\/wp-json\/wp\/v2\/media?parent=16764"}],"wp:term":[{"taxonomy":"category","embeddable":true,"href":"https:\/\/www.uruloki.org\/felipeblog\/wp-json\/wp\/v2\/categories?post=16764"},{"taxonomy":"post_tag","embeddable":true,"href":"https:\/\/www.uruloki.org\/felipeblog\/wp-json\/wp\/v2\/tags?post=16764"}],"curies":[{"name":"wp","href":"https:\/\/api.w.org\/{rel}","templated":true}]}}