{"id":16653,"date":"2017-04-21T17:30:14","date_gmt":"2017-04-21T15:30:14","guid":{"rendered":"https:\/\/uruloki.org\/felipeblog\/?p=16653"},"modified":"2017-04-21T17:30:14","modified_gmt":"2017-04-21T15:30:14","slug":"james-gunn-afirma-adam-warlock-una-parte-importante-del-mcu-fue-quitado-del-primer-borrador-gotg-vol-2-estara-presente-guardians-of-the-galaxy-vol-3-carlton-cuse-scott-derr","status":"publish","type":"post","link":"https:\/\/www.uruloki.org\/felipeblog\/cine-de-comics\/james-gunn-afirma-adam-warlock-una-parte-importante-del-mcu-fue-quitado-del-primer-borrador-gotg-vol-2-estara-presente-guardians-of-the-galaxy-vol-3-carlton-cuse-scott-derr","title":{"rendered":"James Gunn afirma que Adam Warlock es una parte importante del MCU, que fue quitado del primer borrador de GoTG Vol. 2 y que estar\u00e1 presente en Guardians of the Galaxy Vol. 3, Carlton Cuse, Scott Derrickson y Joe Hill unen fuerzas para llevar adelante la adaptaci\u00f3n de \u00abLocke &#038; Key\u00bb, tendremos nueva temporada de \u00abExpediente X\u00bb al finalizar el a\u00f1o, finalmente la saga fant\u00e1stica \u00abLa rueda del tiempo\u00bb ser\u00e1 serie de televisi\u00f3n de la mano de Sony y una nueva imagen de Spider-Man: Homecoming demuestra que Peter Parker salta alto&#8230;"},"content":{"rendered":"<p>Pues nada, que estaba <strong>James Gunn<\/strong> comentando con la gente de \/Films la vida y obra pasada para realizar <strong>Guardianes de la Galaxia Vol. 2<\/strong> (<em>Guardians of the Galaxy Vol. 2<\/em>, 2017) y va y les descubre, en primicia, que <a href=\"http:\/\/www.slashfilm.com\/adam-warlock-guardians-of-the-galaxy\/\" target=\"_blank\"><em>Adam Warlock<\/em> form&oacute; parte muy importante del primer borrador del gui&oacute;n del<\/a> film, pero que fue eliminado finalmente porque eran demasiados personajes con arcos a resolver y no pod&iacute;an meter uno m&aacute;s (y de semejante calado). Advierte no obstante que <em>Warlock<\/em> es crucial y que tendr&aacute; una presencia importante en la nueva fase que se iniciar&aacute; tras rematar esta Guerra del Infinito que ahora se nos viene encima. &iquest;Cu&aacute;ndo? Pues si <strong>James Gunn<\/strong> ya lo meti&oacute;, lo l&oacute;gico es que fuera en <strong>Guardians of the Galaxy Vol. 3<\/strong>. Poco m&aacute;s que decir.<\/p>\n<p class=\"centrado\"><img decoding=\"async\" src=\"https:\/\/uruloki.org\/felipeblog\/imagenes2017\/20170421-adam-warlock.jpg\" alt=\"Saludemos a Adam Warlock\" width=\"625\" \/><br \/><em>Saludemos a Adam Warlock<\/em> <\/p>\n<p>Segunda, interesante el anuncio aparecido ayer en Deadline y confirmado poco despu&eacute;s por alguno de los propios afectados. <a href=\"http:\/\/deadline.com\/2017\/04\/locke-key-pilot-hulu-carlton-cuse-joe-hill-scott-derrickson-idw-1202073121\/\" target=\"_blank\"><strong>Carlton Cuse<\/strong>, <strong>Joe Hill<\/strong> e <strong>IDW Entertainment<\/strong> han acordado con <strong>Hulu<\/strong><\/a> llevar adelante un piloto de la en su momento cancelada adaptaci&oacute;n del c&oacute;mic <strong>&quot;Locke &amp; Key&quot;<\/strong>, <a href=\"https:\/\/uruloki.org\/felipeblog\/cine\/un-nuevo-trailer-de-drive-r-i-p-d-ficha-en-la-factora-victorias-secret-sports-illustrated-pacific-rim-incorpora-productora-de-alto-copete-puede-christian-bale-ser-el-villano-de\">hasta tuvimos un trailer de la misma<\/a>. Pero no s&oacute;lo eso, <strong>Scott Derrickson<\/strong> es el director fichado para hacerse cargo de la aventura, que cuenta ya con gui&oacute;n de Hill y supervisi&oacute;n del propio <strong>Cuse<\/strong> (uno de los mogules en esto de las series de televisi&oacute;n). Si todo cuaja, pronto recordaremos la maldici&oacute;n sobre el proyecto, se dice que <strong>Derrickson<\/strong> figurar&aacute; como director durante muchos de los episodios de la primera temporada. Pero claro, <a href=\"https:\/\/uruloki.org\/felipeblog\/cine\/peligrosas-noticias-para-gravity-fox-da-el-si-a-locke-key-y-warner-bros-tv-se-pone-a-trabajar-en-the-sandman-de-neil-gaiman-ya-hay-prota-femenina-para-mission-impossi\"><strong>&quot;Locke &amp; Key&quot;<\/strong> pudo ser serie de televisi&oacute;n en el ya lejano 2010<\/a>, el piloto enlazado, con <a href=\"https:\/\/uruloki.org\/felipeblog\/cine-de-ciencia-ficcion\/da-wtf-the-dark-knight-rises-el-ltimo-de-nolan-bale-y-podra-tomar-como-base-batman-prey-underworld-4-new-dawn-ya-tiene-ttulo-y-sinopsis-el-p\"><strong>Mark Romanek<\/strong> dirigiendo, <strong>Miranda Otto<\/strong> protagonizando<\/a>, y con los productores gur&uacute; del momento <strong>Alex Kurtzman<\/strong> y <strong>Roberto Orci<\/strong> mandando desde su sello <strong>K\/O Pictures<\/strong>. Luego <a href=\"https:\/\/uruloki.org\/felipeblog\/cine-de-ciencia-ficcion\/el-remake-de-poltergeist-ya-tiene-luz-verde-y-mgm-y-fox-2000-se-unen-a-sam-raimi-para-matarnos-de-miedo-un-par-de-spots-de-guerra-mundial-z-y-otro-de-r-i-p-d-nos-animan-la-entrada-parece-ser-que-q\">hasta pudo ser trilog&iacute;a cinematogr&aacute;fica en manos de <strong>Universal<\/strong> pero nada<\/a>. En fin, han pasado 7 a&ntilde;os desde le primer intento, veremos este nuevo si cuaja&#8230; que puede que si.<\/p>\n<div class=\"twittercentrado\">\n<blockquote class=\"twitter-tweet\" data-lang=\"es\">\n<p lang=\"en\" dir=\"ltr\">I&#39;m directing the <a href=\"https:\/\/twitter.com\/joe_hill\" target=\"_blank\">@joe_hill<\/a> TV pilot adaptation of his own amazing graphic novel for Hulu and producer @carletoncuse <a href=\"https:\/\/t.co\/7J6PzffSvk\" target=\"_blank\">pic.twitter.com\/7J6PzffSvk<\/a><\/p>\n<p>&mdash; Scott Derrickson (@scottderrickson) <a href=\"https:\/\/twitter.com\/scottderrickson\/status\/855147336053407744\" target=\"_blank\">20 de abril de 2017<\/a><\/p><\/blockquote>\n<p><script async src=\"\/\/platform.twitter.com\/widgets.js\" charset=\"utf-8\"><\/script><\/div>\n<p>Y hablando de series, <a href=\"http:\/\/www.comingsoon.net\/tv\/news\/840117-x-files-returns#\/slide\/1\" target=\"_blank\">2017-2018 es el a&ntilde;o en el que veremos una nueva temporada de <strong>&quot;Expediente X&quot;<\/strong> (<em>&quot;X-Files&quot;<\/em>)<\/a>. Lo ha anunciado oficialmente FOX a&ntilde;adiendo que la serie llegar&aacute; hacia finales de a&ntilde;o, ser&aacute;n 10 episodios y contar&aacute; nuevamente con el equipo deseado y que forman <strong>Chris Carter<\/strong>, <strong>David Duchovny<\/strong> como <em>Fox Mulder<\/em>, <strong>Gillian Anderson<\/strong> como <em>Dana Scully<\/em>. Y sin abandonar el tema seri&eacute;filo, Variety anuncia que <a href=\"http:\/\/variety.com\/2017\/tv\/news\/wheel-of-time-tv-series-sony-1202390897\/\" target=\"_blank\"><strong>&quot;La rueda del tiempo&quot;<\/strong> de <strong>Robert Jordan<\/strong> y <strong>Brandon Sanderson<\/strong> ser&aacute; transformada en serie de televisi&oacute;n por <strong>Sony<\/strong><\/a>. Una de las sagas literarias de fantas&iacute;a m&aacute;s largas (est&aacute; compuesta por 14 novelas) probar&aacute; suerte en la televisi&oacute;n al amparo de otros proyectos previos que han pegado y pegan fuerte. Al frente de la adaptaci&oacute;n est&aacute; <strong>Rafe Judkins<\/strong>, guionista con experiencia en <strong>&quot;Agentes de S.H.I.E.L.D.&quot;<\/strong>, <strong>&quot;Hemlock Grove&quot;<\/strong> o <strong>&quot;Chuck&quot;<\/strong>.<\/p>\n<p class=\"centrado\"><img decoding=\"async\" src=\"https:\/\/uruloki.org\/felipeblog\/imagenes2017\/20170421-x-files.jpg\" alt=\"Spider-Man: Homecoming, Peter Parker vuela alto... o al menos lo intenta\" width=\"625\" \/><br \/><em>El primer cartel del nuevo retorno de &quot;Expediente X&quot;<\/em> <\/p>\n<p>Otro proyecto que se mueve, pero hablamos de cine, es <strong>Insidious: Chapter 4<\/strong> que cambia de fecha de estreno. Del previsto octubre de este a&ntilde;o se cae al 5 de enero del 2018, un buen regalo de noche de Reyes. La fecha ocupada por el cuarto episodio de Insidious ahora la tiene <strong>Half of Death<\/strong> (2017), otro proyecto sello <strong>Blumhouse<\/strong> que seguramente interese lanzar en esas fechas (y as&iacute; aprovechar el tir&oacute;n de las &eacute;poca que es).<\/p>\n<p class=\"centrado\"><img decoding=\"async\" src=\"https:\/\/uruloki.org\/felipeblog\/imagenes2017\/20170421-spiderman-homecoming.jpg\" alt=\"Spider-Man: Homecoming, Peter Parker vuela alto... o al menos lo intenta\" width=\"100%\" \/><br \/><em>Spider-Man: Homecoming, Peter Parker vuela alto&#8230; o al menos lo intenta<\/em><\/p>\n","protected":false},"excerpt":{"rendered":"<p>Pues nada, que estaba James Gunn comentando con la gente de \/Films la vida y obra pasada para realizar Guardianes de la Galaxia Vol. 2 (Guardians of the Galaxy Vol. 2, 2017) y va y les descubre, en primicia, que Adam Warlock form&oacute; parte muy importante del primer borrador del gui&oacute;n del film, pero que [&hellip;]<\/p>\n","protected":false},"author":28,"featured_media":0,"comment_status":"open","ping_status":"open","sticky":false,"template":"","format":"standard","meta":{"footnotes":""},"categories":[10,12,9],"tags":[3523,195,3520,3744,3241],"class_list":["post-16653","post","type-post","status-publish","format-standard","hentry","category-cine-de-comics","category-cine-de-fantasia","category-cine-de-terror","tag-guardians-of-the-galaxy-vol-3","tag-locke-key","tag-spider-man-homecoming","tag-the-wheel-of-time","tag-x-files"],"yoast_head":"<!-- This site is optimized with the Yoast SEO plugin v24.3 - https:\/\/yoast.com\/wordpress\/plugins\/seo\/ -->\n<title>James Gunn afirma que Adam Warlock es una parte importante del MCU, que fue quitado del primer borrador de GoTG Vol. 2 y que estar\u00e1 presente en Guardians of the Galaxy Vol. 3<\/title>\n<meta name=\"description\" content=\"Tenemos a ames Gunn comentando que Adam Warlock form\u00f3 parte muy importante del primer borrador del gui\u00f3n Guardianes de la Galaxia Vol. 2. El futuro.\" \/>\n<meta name=\"robots\" content=\"index, follow, max-snippet:-1, max-image-preview:large, max-video-preview:-1\" \/>\n<link rel=\"canonical\" href=\"https:\/\/www.uruloki.org\/felipeblog\/cine-de-comics\/james-gunn-afirma-adam-warlock-una-parte-importante-del-mcu-fue-quitado-del-primer-borrador-gotg-vol-2-estara-presente-guardians-of-the-galaxy-vol-3-carlton-cuse-scott-derr\" \/>\n<meta property=\"og:locale\" content=\"es_ES\" \/>\n<meta property=\"og:type\" content=\"article\" \/>\n<meta property=\"og:title\" content=\"James Gunn afirma que Adam Warlock es una parte importante del MCU, que fue quitado del primer borrador de GoTG Vol. 2 y que estar\u00e1 presente en Guardians of the Galaxy Vol. 3\" \/>\n<meta property=\"og:description\" content=\"Tenemos a ames Gunn comentando que Adam Warlock form\u00f3 parte muy importante del primer borrador del gui\u00f3n Guardianes de la Galaxia Vol. 2. El futuro.\" \/>\n<meta property=\"og:url\" content=\"https:\/\/www.uruloki.org\/felipeblog\/cine-de-comics\/james-gunn-afirma-adam-warlock-una-parte-importante-del-mcu-fue-quitado-del-primer-borrador-gotg-vol-2-estara-presente-guardians-of-the-galaxy-vol-3-carlton-cuse-scott-derr\" \/>\n<meta property=\"og:site_name\" content=\"Uruloki :: Blog\" \/>\n<meta property=\"article:publisher\" content=\"https:\/\/www.facebook.com\/uruloki.org\" \/>\n<meta property=\"article:published_time\" content=\"2017-04-21T15:30:14+00:00\" \/>\n<meta property=\"og:image\" content=\"https:\/\/uruloki.org\/felipeblog\/imagenes2017\/20170421-adam-warlock.jpg\" \/>\n<meta name=\"author\" content=\"Uruloki\" \/>\n<meta name=\"twitter:card\" content=\"summary_large_image\" \/>\n<meta name=\"twitter:creator\" content=\"@uruloki\" \/>\n<meta name=\"twitter:site\" content=\"@uruloki\" \/>\n<meta name=\"twitter:label1\" content=\"Escrito por\" \/>\n\t<meta name=\"twitter:data1\" content=\"Uruloki\" \/>\n\t<meta name=\"twitter:label2\" content=\"Tiempo de lectura\" \/>\n\t<meta name=\"twitter:data2\" content=\"3 minutos\" \/>\n<script type=\"application\/ld+json\" class=\"yoast-schema-graph\">{\"@context\":\"https:\/\/schema.org\",\"@graph\":[{\"@type\":\"WebPage\",\"@id\":\"https:\/\/www.uruloki.org\/felipeblog\/cine-de-comics\/james-gunn-afirma-adam-warlock-una-parte-importante-del-mcu-fue-quitado-del-primer-borrador-gotg-vol-2-estara-presente-guardians-of-the-galaxy-vol-3-carlton-cuse-scott-derr\",\"url\":\"https:\/\/www.uruloki.org\/felipeblog\/cine-de-comics\/james-gunn-afirma-adam-warlock-una-parte-importante-del-mcu-fue-quitado-del-primer-borrador-gotg-vol-2-estara-presente-guardians-of-the-galaxy-vol-3-carlton-cuse-scott-derr\",\"name\":\"James Gunn afirma que Adam Warlock es una parte importante del MCU, que fue quitado del primer borrador de GoTG Vol. 2 y que estar\u00e1 presente en Guardians of the Galaxy Vol. 3\",\"isPartOf\":{\"@id\":\"https:\/\/www.uruloki.org\/felipeblog\/#website\"},\"primaryImageOfPage\":{\"@id\":\"https:\/\/www.uruloki.org\/felipeblog\/cine-de-comics\/james-gunn-afirma-adam-warlock-una-parte-importante-del-mcu-fue-quitado-del-primer-borrador-gotg-vol-2-estara-presente-guardians-of-the-galaxy-vol-3-carlton-cuse-scott-derr#primaryimage\"},\"image\":{\"@id\":\"https:\/\/www.uruloki.org\/felipeblog\/cine-de-comics\/james-gunn-afirma-adam-warlock-una-parte-importante-del-mcu-fue-quitado-del-primer-borrador-gotg-vol-2-estara-presente-guardians-of-the-galaxy-vol-3-carlton-cuse-scott-derr#primaryimage\"},\"thumbnailUrl\":\"https:\/\/uruloki.org\/felipeblog\/imagenes2017\/20170421-adam-warlock.jpg\",\"datePublished\":\"2017-04-21T15:30:14+00:00\",\"dateModified\":\"2017-04-21T15:30:14+00:00\",\"author\":{\"@id\":\"https:\/\/www.uruloki.org\/felipeblog\/#\/schema\/person\/ddba06ddaa27edf0c370460d05c51bb3\"},\"description\":\"Tenemos a ames Gunn comentando que Adam Warlock form\u00f3 parte muy importante del primer borrador del gui\u00f3n Guardianes de la Galaxia Vol. 2. El futuro.\",\"breadcrumb\":{\"@id\":\"https:\/\/www.uruloki.org\/felipeblog\/cine-de-comics\/james-gunn-afirma-adam-warlock-una-parte-importante-del-mcu-fue-quitado-del-primer-borrador-gotg-vol-2-estara-presente-guardians-of-the-galaxy-vol-3-carlton-cuse-scott-derr#breadcrumb\"},\"inLanguage\":\"es\",\"potentialAction\":[{\"@type\":\"ReadAction\",\"target\":[\"https:\/\/www.uruloki.org\/felipeblog\/cine-de-comics\/james-gunn-afirma-adam-warlock-una-parte-importante-del-mcu-fue-quitado-del-primer-borrador-gotg-vol-2-estara-presente-guardians-of-the-galaxy-vol-3-carlton-cuse-scott-derr\"]}]},{\"@type\":\"ImageObject\",\"inLanguage\":\"es\",\"@id\":\"https:\/\/www.uruloki.org\/felipeblog\/cine-de-comics\/james-gunn-afirma-adam-warlock-una-parte-importante-del-mcu-fue-quitado-del-primer-borrador-gotg-vol-2-estara-presente-guardians-of-the-galaxy-vol-3-carlton-cuse-scott-derr#primaryimage\",\"url\":\"https:\/\/uruloki.org\/felipeblog\/imagenes2017\/20170421-adam-warlock.jpg\",\"contentUrl\":\"https:\/\/uruloki.org\/felipeblog\/imagenes2017\/20170421-adam-warlock.jpg\"},{\"@type\":\"BreadcrumbList\",\"@id\":\"https:\/\/www.uruloki.org\/felipeblog\/cine-de-comics\/james-gunn-afirma-adam-warlock-una-parte-importante-del-mcu-fue-quitado-del-primer-borrador-gotg-vol-2-estara-presente-guardians-of-the-galaxy-vol-3-carlton-cuse-scott-derr#breadcrumb\",\"itemListElement\":[{\"@type\":\"ListItem\",\"position\":1,\"name\":\"Portada\",\"item\":\"https:\/\/www.uruloki.org\/felipeblog\"},{\"@type\":\"ListItem\",\"position\":2,\"name\":\"James Gunn afirma que Adam Warlock es una parte importante del MCU, que fue quitado del primer borrador de GoTG Vol. 2 y que estar\u00e1 presente en Guardians of the Galaxy Vol. 3, Carlton Cuse, Scott Derrickson y Joe Hill unen fuerzas para llevar adelante la adaptaci\u00f3n de \u00abLocke &#038; Key\u00bb, tendremos nueva temporada de \u00abExpediente X\u00bb al finalizar el a\u00f1o, finalmente la saga fant\u00e1stica \u00abLa rueda del tiempo\u00bb ser\u00e1 serie de televisi\u00f3n de la mano de Sony y una nueva imagen de Spider-Man: Homecoming demuestra que Peter Parker salta alto&#8230;\"}]},{\"@type\":\"WebSite\",\"@id\":\"https:\/\/www.uruloki.org\/felipeblog\/#website\",\"url\":\"https:\/\/www.uruloki.org\/felipeblog\/\",\"name\":\"Uruloki :: Blog\",\"description\":\"Blog de cine, terror, ciencia ficci\u00f3n, fantas\u00eda y c\u00f3mics\",\"potentialAction\":[{\"@type\":\"SearchAction\",\"target\":{\"@type\":\"EntryPoint\",\"urlTemplate\":\"https:\/\/www.uruloki.org\/felipeblog\/?s={search_term_string}\"},\"query-input\":{\"@type\":\"PropertyValueSpecification\",\"valueRequired\":true,\"valueName\":\"search_term_string\"}}],\"inLanguage\":\"es\"},{\"@type\":\"Person\",\"@id\":\"https:\/\/www.uruloki.org\/felipeblog\/#\/schema\/person\/ddba06ddaa27edf0c370460d05c51bb3\",\"name\":\"Uruloki\",\"image\":{\"@type\":\"ImageObject\",\"inLanguage\":\"es\",\"@id\":\"https:\/\/www.uruloki.org\/felipeblog\/#\/schema\/person\/image\/\",\"url\":\"https:\/\/secure.gravatar.com\/avatar\/68d5301c5f52ba88fd63f02c75b8c4d1b3c3fc4b21e2998a1e98c4b3a54d9f7c?s=96&d=mm&r=g\",\"contentUrl\":\"https:\/\/secure.gravatar.com\/avatar\/68d5301c5f52ba88fd63f02c75b8c4d1b3c3fc4b21e2998a1e98c4b3a54d9f7c?s=96&d=mm&r=g\",\"caption\":\"Uruloki\"},\"sameAs\":[\"https:\/\/uruloki.org\"],\"url\":\"https:\/\/www.uruloki.org\/felipeblog\/author\/admin-2-2-2\"}]}<\/script>\n<!-- \/ Yoast SEO plugin. -->","yoast_head_json":{"title":"James Gunn afirma que Adam Warlock es una parte importante del MCU, que fue quitado del primer borrador de GoTG Vol. 2 y que estar\u00e1 presente en Guardians of the Galaxy Vol. 3","description":"Tenemos a ames Gunn comentando que Adam Warlock form\u00f3 parte muy importante del primer borrador del gui\u00f3n Guardianes de la Galaxia Vol. 2. El futuro.","robots":{"index":"index","follow":"follow","max-snippet":"max-snippet:-1","max-image-preview":"max-image-preview:large","max-video-preview":"max-video-preview:-1"},"canonical":"https:\/\/www.uruloki.org\/felipeblog\/cine-de-comics\/james-gunn-afirma-adam-warlock-una-parte-importante-del-mcu-fue-quitado-del-primer-borrador-gotg-vol-2-estara-presente-guardians-of-the-galaxy-vol-3-carlton-cuse-scott-derr","og_locale":"es_ES","og_type":"article","og_title":"James Gunn afirma que Adam Warlock es una parte importante del MCU, que fue quitado del primer borrador de GoTG Vol. 2 y que estar\u00e1 presente en Guardians of the Galaxy Vol. 3","og_description":"Tenemos a ames Gunn comentando que Adam Warlock form\u00f3 parte muy importante del primer borrador del gui\u00f3n Guardianes de la Galaxia Vol. 2. El futuro.","og_url":"https:\/\/www.uruloki.org\/felipeblog\/cine-de-comics\/james-gunn-afirma-adam-warlock-una-parte-importante-del-mcu-fue-quitado-del-primer-borrador-gotg-vol-2-estara-presente-guardians-of-the-galaxy-vol-3-carlton-cuse-scott-derr","og_site_name":"Uruloki :: Blog","article_publisher":"https:\/\/www.facebook.com\/uruloki.org","article_published_time":"2017-04-21T15:30:14+00:00","og_image":[{"url":"https:\/\/uruloki.org\/felipeblog\/imagenes2017\/20170421-adam-warlock.jpg","type":"","width":"","height":""}],"author":"Uruloki","twitter_card":"summary_large_image","twitter_creator":"@uruloki","twitter_site":"@uruloki","twitter_misc":{"Escrito por":"Uruloki","Tiempo de lectura":"3 minutos"},"schema":{"@context":"https:\/\/schema.org","@graph":[{"@type":"WebPage","@id":"https:\/\/www.uruloki.org\/felipeblog\/cine-de-comics\/james-gunn-afirma-adam-warlock-una-parte-importante-del-mcu-fue-quitado-del-primer-borrador-gotg-vol-2-estara-presente-guardians-of-the-galaxy-vol-3-carlton-cuse-scott-derr","url":"https:\/\/www.uruloki.org\/felipeblog\/cine-de-comics\/james-gunn-afirma-adam-warlock-una-parte-importante-del-mcu-fue-quitado-del-primer-borrador-gotg-vol-2-estara-presente-guardians-of-the-galaxy-vol-3-carlton-cuse-scott-derr","name":"James Gunn afirma que Adam Warlock es una parte importante del MCU, que fue quitado del primer borrador de GoTG Vol. 2 y que estar\u00e1 presente en Guardians of the Galaxy Vol. 3","isPartOf":{"@id":"https:\/\/www.uruloki.org\/felipeblog\/#website"},"primaryImageOfPage":{"@id":"https:\/\/www.uruloki.org\/felipeblog\/cine-de-comics\/james-gunn-afirma-adam-warlock-una-parte-importante-del-mcu-fue-quitado-del-primer-borrador-gotg-vol-2-estara-presente-guardians-of-the-galaxy-vol-3-carlton-cuse-scott-derr#primaryimage"},"image":{"@id":"https:\/\/www.uruloki.org\/felipeblog\/cine-de-comics\/james-gunn-afirma-adam-warlock-una-parte-importante-del-mcu-fue-quitado-del-primer-borrador-gotg-vol-2-estara-presente-guardians-of-the-galaxy-vol-3-carlton-cuse-scott-derr#primaryimage"},"thumbnailUrl":"https:\/\/uruloki.org\/felipeblog\/imagenes2017\/20170421-adam-warlock.jpg","datePublished":"2017-04-21T15:30:14+00:00","dateModified":"2017-04-21T15:30:14+00:00","author":{"@id":"https:\/\/www.uruloki.org\/felipeblog\/#\/schema\/person\/ddba06ddaa27edf0c370460d05c51bb3"},"description":"Tenemos a ames Gunn comentando que Adam Warlock form\u00f3 parte muy importante del primer borrador del gui\u00f3n Guardianes de la Galaxia Vol. 2. El futuro.","breadcrumb":{"@id":"https:\/\/www.uruloki.org\/felipeblog\/cine-de-comics\/james-gunn-afirma-adam-warlock-una-parte-importante-del-mcu-fue-quitado-del-primer-borrador-gotg-vol-2-estara-presente-guardians-of-the-galaxy-vol-3-carlton-cuse-scott-derr#breadcrumb"},"inLanguage":"es","potentialAction":[{"@type":"ReadAction","target":["https:\/\/www.uruloki.org\/felipeblog\/cine-de-comics\/james-gunn-afirma-adam-warlock-una-parte-importante-del-mcu-fue-quitado-del-primer-borrador-gotg-vol-2-estara-presente-guardians-of-the-galaxy-vol-3-carlton-cuse-scott-derr"]}]},{"@type":"ImageObject","inLanguage":"es","@id":"https:\/\/www.uruloki.org\/felipeblog\/cine-de-comics\/james-gunn-afirma-adam-warlock-una-parte-importante-del-mcu-fue-quitado-del-primer-borrador-gotg-vol-2-estara-presente-guardians-of-the-galaxy-vol-3-carlton-cuse-scott-derr#primaryimage","url":"https:\/\/uruloki.org\/felipeblog\/imagenes2017\/20170421-adam-warlock.jpg","contentUrl":"https:\/\/uruloki.org\/felipeblog\/imagenes2017\/20170421-adam-warlock.jpg"},{"@type":"BreadcrumbList","@id":"https:\/\/www.uruloki.org\/felipeblog\/cine-de-comics\/james-gunn-afirma-adam-warlock-una-parte-importante-del-mcu-fue-quitado-del-primer-borrador-gotg-vol-2-estara-presente-guardians-of-the-galaxy-vol-3-carlton-cuse-scott-derr#breadcrumb","itemListElement":[{"@type":"ListItem","position":1,"name":"Portada","item":"https:\/\/www.uruloki.org\/felipeblog"},{"@type":"ListItem","position":2,"name":"James Gunn afirma que Adam Warlock es una parte importante del MCU, que fue quitado del primer borrador de GoTG Vol. 2 y que estar\u00e1 presente en Guardians of the Galaxy Vol. 3, Carlton Cuse, Scott Derrickson y Joe Hill unen fuerzas para llevar adelante la adaptaci\u00f3n de \u00abLocke &#038; Key\u00bb, tendremos nueva temporada de \u00abExpediente X\u00bb al finalizar el a\u00f1o, finalmente la saga fant\u00e1stica \u00abLa rueda del tiempo\u00bb ser\u00e1 serie de televisi\u00f3n de la mano de Sony y una nueva imagen de Spider-Man: Homecoming demuestra que Peter Parker salta alto&#8230;"}]},{"@type":"WebSite","@id":"https:\/\/www.uruloki.org\/felipeblog\/#website","url":"https:\/\/www.uruloki.org\/felipeblog\/","name":"Uruloki :: Blog","description":"Blog de cine, terror, ciencia ficci\u00f3n, fantas\u00eda y c\u00f3mics","potentialAction":[{"@type":"SearchAction","target":{"@type":"EntryPoint","urlTemplate":"https:\/\/www.uruloki.org\/felipeblog\/?s={search_term_string}"},"query-input":{"@type":"PropertyValueSpecification","valueRequired":true,"valueName":"search_term_string"}}],"inLanguage":"es"},{"@type":"Person","@id":"https:\/\/www.uruloki.org\/felipeblog\/#\/schema\/person\/ddba06ddaa27edf0c370460d05c51bb3","name":"Uruloki","image":{"@type":"ImageObject","inLanguage":"es","@id":"https:\/\/www.uruloki.org\/felipeblog\/#\/schema\/person\/image\/","url":"https:\/\/secure.gravatar.com\/avatar\/68d5301c5f52ba88fd63f02c75b8c4d1b3c3fc4b21e2998a1e98c4b3a54d9f7c?s=96&d=mm&r=g","contentUrl":"https:\/\/secure.gravatar.com\/avatar\/68d5301c5f52ba88fd63f02c75b8c4d1b3c3fc4b21e2998a1e98c4b3a54d9f7c?s=96&d=mm&r=g","caption":"Uruloki"},"sameAs":["https:\/\/uruloki.org"],"url":"https:\/\/www.uruloki.org\/felipeblog\/author\/admin-2-2-2"}]}},"_links":{"self":[{"href":"https:\/\/www.uruloki.org\/felipeblog\/wp-json\/wp\/v2\/posts\/16653","targetHints":{"allow":["GET"]}}],"collection":[{"href":"https:\/\/www.uruloki.org\/felipeblog\/wp-json\/wp\/v2\/posts"}],"about":[{"href":"https:\/\/www.uruloki.org\/felipeblog\/wp-json\/wp\/v2\/types\/post"}],"author":[{"embeddable":true,"href":"https:\/\/www.uruloki.org\/felipeblog\/wp-json\/wp\/v2\/users\/28"}],"replies":[{"embeddable":true,"href":"https:\/\/www.uruloki.org\/felipeblog\/wp-json\/wp\/v2\/comments?post=16653"}],"version-history":[{"count":1,"href":"https:\/\/www.uruloki.org\/felipeblog\/wp-json\/wp\/v2\/posts\/16653\/revisions"}],"predecessor-version":[{"id":16654,"href":"https:\/\/www.uruloki.org\/felipeblog\/wp-json\/wp\/v2\/posts\/16653\/revisions\/16654"}],"wp:attachment":[{"href":"https:\/\/www.uruloki.org\/felipeblog\/wp-json\/wp\/v2\/media?parent=16653"}],"wp:term":[{"taxonomy":"category","embeddable":true,"href":"https:\/\/www.uruloki.org\/felipeblog\/wp-json\/wp\/v2\/categories?post=16653"},{"taxonomy":"post_tag","embeddable":true,"href":"https:\/\/www.uruloki.org\/felipeblog\/wp-json\/wp\/v2\/tags?post=16653"}],"curies":[{"name":"wp","href":"https:\/\/api.w.org\/{rel}","templated":true}]}}