{"id":16539,"date":"2017-03-19T00:01:38","date_gmt":"2017-03-18T23:01:38","guid":{"rendered":"https:\/\/uruloki.org\/felipeblog\/?p=16539"},"modified":"2017-03-19T00:01:38","modified_gmt":"2017-03-18T23:01:38","slug":"fondo-estuvieramos-ante-una-precuela-the-matrix-centrada-la-vida-del-mismisimo-morfeo-sylvester-stallone-michael-rosenbaum-importantes-personajes-marvel-guardianes","status":"publish","type":"post","link":"https:\/\/www.uruloki.org\/felipeblog\/cine-de-ciencia-ficcion\/fondo-estuvieramos-ante-una-precuela-the-matrix-centrada-la-vida-del-mismisimo-morfeo-sylvester-stallone-michael-rosenbaum-importantes-personajes-marvel-guardianes","title":{"rendered":"\u00bfY si en el fondo estuvi\u00e9ramos ante una precuela de The Matrix centrada en la vida del mism\u00edsimo Morfeo?, Sylvester Stallone y Michael Rosenbaum son importantes personajes Marvel en Guardianes de la Galaxia Vol. 2 (seg\u00fan James Gunn), Henry Cavill se une a Mission: Impossible 6, Dan Trachtenberg dirigir\u00e1 Space Race, y primer cartel y sinopsis del film de terror Ver\u00f3nica de Paco Plaza&#8230;"},"content":{"rendered":"<p>Venga, vamos con unas cuantas breves mientras aprovecho algo de tiempo para descansar este fin de semana. Adem&aacute;s, hoy me he visto <strong>La Bella y la Bestia<\/strong> (<em>Beauty and the Beast<\/em>) y flojita.<\/p>\n<p>En primer lugar los &uacute;ltimos rumores sobre ese nuevo <strong>The Matrix<\/strong> del que llevamos hablando unos d&iacute;as. Como recordar&eacute;is con el anuncio del nuevo film del otro d&iacute;a se dec&iacute;a que <a href=\"https:\/\/uruloki.org\/felipeblog\/cine-de-ciencia-ficcion\/apaga-vamonos-warner-bros-suena-reboot-matrix-20th-century-fox-ha-puesto-trabajar-j-d-dillar-una-nueva-adaptacion-la-mosca-ojos-al-megaspoiler-red-band\"><strong>Michael B. Jordan<\/strong> era el actor por el que <strong>Warner Bros.<\/strong> hab&iacute;a mostrado mayor inter&eacute;s<\/a>. Ahora en Birth.Movies.Death dicen que han hablado con personal interno al proyecto (un par de fuentes) y estas personas cuentan que <a href=\"http:\/\/birthmoviesdeath.com\/2017\/03\/17\/the-new-matrix-may-be-a-young-morpheus-movie\">el inter&eacute;s se debe a que lo que se quiere contar es una historia donde nos presentar&aacute;n al joven <em>Morfeo<\/em><\/a>, interpretado por <strong>Lawrence Fishburne<\/strong> en la saga de las <strong>Hermanas Wachowski<\/strong>. Con esto se confirmar&iacute;a lo dicho por <strong>Zak Penn<\/strong> ayer: ni <em>remake<\/em>, ni <em>reboot<\/em>, el plan podr&iacute;a ser sencillamente una precuela. &iquest;Qu&eacute; tipo de precuela? Pues conociendo el pasado del personaje, uno en el que se pas&oacute; media vida tratando de encontrar al verdadero elegido, pues la cosa podr&iacute;a tirar por esos derroteros&#8230; por decir algo. &iquest;Prefer&iacute;s seguir la l&iacute;nea conocida, en este caso hacia atr&aacute;s, o que os cuenten algo completamente nuevo sin referencias a personajes o hechos ya conocidos?<\/p>\n<p class=\"centrado\"><img decoding=\"async\" src=\"https:\/\/uruloki.org\/felipeblog\/imagenes2017\/20170319-morfeo.jpg\" alt=\"&iquest;Y si estuvi&eacute;ramos en en el fondo ante una precuela de The Matrix centrada en la vida de Morfeo?\" \/><br \/><em>&iquest;Y si estuvi&eacute;ramos en  el fondo ante una precuela de The Matrix centrada en la vida de Morfeo?<\/em><\/p>\n<p>Dejando el mundo rumor ah&iacute; aparcado, <strong>James Gunn<\/strong> apunta en The Adam Corolla Show que <a href=\"http:\/\/www.slashfilm.com\/guardians-of-the-galaxy-2-cast-2\/\">hay dos personajes todav&iacute;a no descubiertos en <strong>Guardianes de la Galaxia Vol. 2<\/strong> (<em>Guardians of the Galaxy Vol. 2<\/em>, 2017)<\/a>. <strong>Gunn<\/strong> suelta la perla indicando que <strong>Sylvester Stallone<\/strong> encarna a uno de estos personajes y que <strong>Michael Rosenbaum<\/strong>, amigo de <strong>Gunn<\/strong> con el que ya ha contado en  aventuras previas, el otro. No descubre de qu&eacute; personajes se trata, pero advierte que son  muy importantes si hablamos del universo <strong>Marvel<\/strong> conocido. El tema, ambos personajes, el de <strong>Stallone<\/strong> y el de <strong>Rosenbaum<\/strong>, est&aacute;n relacionados y podr&iacute;a decirse, seg&uacute;n <strong>Gunn<\/strong>, que trabajan \/ funcionan en t&aacute;ndem. Hace tiempo se dijo que <strong>Stallone<\/strong> apuntaba a <em>Nova Corps<\/em>, &iquest;se os ocurre alguna otra idea?<\/p>\n<p>Otro que tambi&eacute;n encuentra trabajo, esta vez tras <strong>Justice League<\/strong> (2017), es <a href=\"https:\/\/variety.com\/2017\/film\/news\/henry-cavill-tom-cruise-mission-impossible-6-1202003164\/\"><strong>Henry Cavill<\/strong> sum&aacute;ndose de forma inesperada a <strong>Mission: Impossible 6<\/strong> (2018) de <strong>Christopher McQuarrie<\/strong><\/a>. <strong>Cavill<\/strong>, por mucho tiempo el nuevo <em>Superman<\/em>, se une por lo tanto a un <em>mogul<\/em> como <strong>Tom Cruise<\/strong> y puede que a <strong>Rebecca Ferguson<\/strong>, <strong>Simon Pegg<\/strong> o <strong>Jeremy Renner<\/strong> (ninguno de ellos ha sido confirmado por ahora). No se sabe nada de la trama, si bien Variety apunta que <strong>Cavill<\/strong> ser&aacute; una especie de mano derecha de la unidad de acci&oacute;n comandada por <strong>Cruise<\/strong>. Igualmente interesante, pero m&aacute;s misteriosa si cabe, es la exclusiva que ofrece Deadline indicando que <a href=\"https:\/\/deadline.com\/2017\/03\/space-race-dan-trachtenberg-universal-pictures-daniel-kunka-spec-script-dylan-clark-1202045186\/\"><strong>Universal Pictures<\/strong> ha decidido apostar por <strong>Space Race<\/strong><\/a>, una historia escrita por <strong>Daniel Kunka<\/strong> que cuenta con <strong>Dan Trachtenberg<\/strong> como director (y padre de la idea).  <strong>Trachtenberg<\/strong> es el responsable de la reciente y muy molona <strong>Calle Cloverfield 10<\/strong> (<em>10 Cloverfield Lane<\/em>). <\/p>\n<p>Para terminar os dejo con el primer cartel de <strong>Ver&oacute;nica<\/strong> (2017), el nuevo film de <strong>Paco Plaza<\/strong> sobre unos aparentes archivos policiales nunca resueltos en los que se mezclan partidas de <em>ouija<\/em>, presencias sobrenaturales y acosos chungos. El film se estrenar&aacute; en agosto de este a&ntilde;o, me lo voy a perder, y cuenta en su reparto con un buen pack de debutantes como son <strong>Sandra Escacena<\/strong>, <strong>Bruna Gonz&aacute;lez<\/strong>, <strong>Claudia Placer<\/strong> e <strong>Iv&aacute;n Chavero<\/strong> o las ya veteranas <strong>Ana Torrent<\/strong> o <strong>Leticia Dolera<\/strong>. De Plaza qu&eacute; decir, la saga <strong>[Rec]<\/strong> (de la primera a la tercera) y <strong>Romasanta, la caza de la bestia<\/strong> son su pasado.<\/p>\n<p class=\"centrado\"><img decoding=\"async\" src=\"https:\/\/uruloki.org\/felipeblog\/imagenes2017\/20170319-veronica.jpg\" alt=\"Primer cartel del film de terror Ver&oacute;nica de Paco Plaza\" \/><br \/><em>Primer cartel  del film de terror Ver&oacute;nica de Paco Plaza<\/em><\/p>\n","protected":false},"excerpt":{"rendered":"<p>Venga, vamos con unas cuantas breves mientras aprovecho algo de tiempo para descansar este fin de semana. Adem&aacute;s, hoy me he visto La Bella y la Bestia (Beauty and the Beast) y flojita. En primer lugar los &uacute;ltimos rumores sobre ese nuevo The Matrix del que llevamos hablando unos d&iacute;as. Como recordar&eacute;is con el anuncio [&hellip;]<\/p>\n","protected":false},"author":28,"featured_media":0,"comment_status":"open","ping_status":"open","sticky":false,"template":"","format":"standard","meta":{"footnotes":""},"categories":[6,10,8,9],"tags":[3335,3457,3730,2974,3731],"class_list":["post-16539","post","type-post","status-publish","format-standard","hentry","category-cine","category-cine-de-comics","category-cine-de-ciencia-ficcion","category-cine-de-terror","tag-guardians-of-the-galaxy-vol-2","tag-mission-impossible-6","tag-space-race","tag-the-matrix","tag-veronica"],"yoast_head":"<!-- This site is optimized with the Yoast SEO plugin v24.3 - https:\/\/yoast.com\/wordpress\/plugins\/seo\/ -->\n<title>\u00bfY si en el fondo estamos ante una precuela de The Matrix centrada en la vida de Morfeo?<\/title>\n<meta name=\"description\" content=\"Con el anuncio del otro d\u00eda se dec\u00eda que Michael B. Jordan era el actor tanteado por Warner Bros. Ahora se apunta a que ser\u00e1 un joven Morfeo.\" \/>\n<meta name=\"robots\" content=\"index, follow, max-snippet:-1, max-image-preview:large, max-video-preview:-1\" \/>\n<link rel=\"canonical\" href=\"https:\/\/www.uruloki.org\/felipeblog\/cine-de-ciencia-ficcion\/fondo-estuvieramos-ante-una-precuela-the-matrix-centrada-la-vida-del-mismisimo-morfeo-sylvester-stallone-michael-rosenbaum-importantes-personajes-marvel-guardianes\" \/>\n<meta property=\"og:locale\" content=\"es_ES\" \/>\n<meta property=\"og:type\" content=\"article\" \/>\n<meta property=\"og:title\" content=\"\u00bfY si en el fondo estamos ante una precuela de The Matrix centrada en la vida de Morfeo?\" \/>\n<meta property=\"og:description\" content=\"Con el anuncio del otro d\u00eda se dec\u00eda que Michael B. Jordan era el actor tanteado por Warner Bros. Ahora se apunta a que ser\u00e1 un joven Morfeo.\" \/>\n<meta property=\"og:url\" content=\"https:\/\/www.uruloki.org\/felipeblog\/cine-de-ciencia-ficcion\/fondo-estuvieramos-ante-una-precuela-the-matrix-centrada-la-vida-del-mismisimo-morfeo-sylvester-stallone-michael-rosenbaum-importantes-personajes-marvel-guardianes\" \/>\n<meta property=\"og:site_name\" content=\"Uruloki :: Blog\" \/>\n<meta property=\"article:publisher\" content=\"https:\/\/www.facebook.com\/uruloki.org\" \/>\n<meta property=\"article:published_time\" content=\"2017-03-18T23:01:38+00:00\" \/>\n<meta property=\"og:image\" content=\"https:\/\/uruloki.org\/felipeblog\/imagenes2017\/20170319-morfeo.jpg\" \/>\n<meta name=\"author\" content=\"Uruloki\" \/>\n<meta name=\"twitter:card\" content=\"summary_large_image\" \/>\n<meta name=\"twitter:creator\" content=\"@uruloki\" \/>\n<meta name=\"twitter:site\" content=\"@uruloki\" \/>\n<meta name=\"twitter:label1\" content=\"Escrito por\" \/>\n\t<meta name=\"twitter:data1\" content=\"Uruloki\" \/>\n\t<meta name=\"twitter:label2\" content=\"Tiempo de lectura\" \/>\n\t<meta name=\"twitter:data2\" content=\"3 minutos\" \/>\n<script type=\"application\/ld+json\" class=\"yoast-schema-graph\">{\"@context\":\"https:\/\/schema.org\",\"@graph\":[{\"@type\":\"WebPage\",\"@id\":\"https:\/\/www.uruloki.org\/felipeblog\/cine-de-ciencia-ficcion\/fondo-estuvieramos-ante-una-precuela-the-matrix-centrada-la-vida-del-mismisimo-morfeo-sylvester-stallone-michael-rosenbaum-importantes-personajes-marvel-guardianes\",\"url\":\"https:\/\/www.uruloki.org\/felipeblog\/cine-de-ciencia-ficcion\/fondo-estuvieramos-ante-una-precuela-the-matrix-centrada-la-vida-del-mismisimo-morfeo-sylvester-stallone-michael-rosenbaum-importantes-personajes-marvel-guardianes\",\"name\":\"\u00bfY si en el fondo estamos ante una precuela de The Matrix centrada en la vida de Morfeo?\",\"isPartOf\":{\"@id\":\"https:\/\/www.uruloki.org\/felipeblog\/#website\"},\"primaryImageOfPage\":{\"@id\":\"https:\/\/www.uruloki.org\/felipeblog\/cine-de-ciencia-ficcion\/fondo-estuvieramos-ante-una-precuela-the-matrix-centrada-la-vida-del-mismisimo-morfeo-sylvester-stallone-michael-rosenbaum-importantes-personajes-marvel-guardianes#primaryimage\"},\"image\":{\"@id\":\"https:\/\/www.uruloki.org\/felipeblog\/cine-de-ciencia-ficcion\/fondo-estuvieramos-ante-una-precuela-the-matrix-centrada-la-vida-del-mismisimo-morfeo-sylvester-stallone-michael-rosenbaum-importantes-personajes-marvel-guardianes#primaryimage\"},\"thumbnailUrl\":\"https:\/\/uruloki.org\/felipeblog\/imagenes2017\/20170319-morfeo.jpg\",\"datePublished\":\"2017-03-18T23:01:38+00:00\",\"dateModified\":\"2017-03-18T23:01:38+00:00\",\"author\":{\"@id\":\"https:\/\/www.uruloki.org\/felipeblog\/#\/schema\/person\/ddba06ddaa27edf0c370460d05c51bb3\"},\"description\":\"Con el anuncio del otro d\u00eda se dec\u00eda que Michael B. Jordan era el actor tanteado por Warner Bros. Ahora se apunta a que ser\u00e1 un joven Morfeo.\",\"breadcrumb\":{\"@id\":\"https:\/\/www.uruloki.org\/felipeblog\/cine-de-ciencia-ficcion\/fondo-estuvieramos-ante-una-precuela-the-matrix-centrada-la-vida-del-mismisimo-morfeo-sylvester-stallone-michael-rosenbaum-importantes-personajes-marvel-guardianes#breadcrumb\"},\"inLanguage\":\"es\",\"potentialAction\":[{\"@type\":\"ReadAction\",\"target\":[\"https:\/\/www.uruloki.org\/felipeblog\/cine-de-ciencia-ficcion\/fondo-estuvieramos-ante-una-precuela-the-matrix-centrada-la-vida-del-mismisimo-morfeo-sylvester-stallone-michael-rosenbaum-importantes-personajes-marvel-guardianes\"]}]},{\"@type\":\"ImageObject\",\"inLanguage\":\"es\",\"@id\":\"https:\/\/www.uruloki.org\/felipeblog\/cine-de-ciencia-ficcion\/fondo-estuvieramos-ante-una-precuela-the-matrix-centrada-la-vida-del-mismisimo-morfeo-sylvester-stallone-michael-rosenbaum-importantes-personajes-marvel-guardianes#primaryimage\",\"url\":\"https:\/\/uruloki.org\/felipeblog\/imagenes2017\/20170319-morfeo.jpg\",\"contentUrl\":\"https:\/\/uruloki.org\/felipeblog\/imagenes2017\/20170319-morfeo.jpg\"},{\"@type\":\"BreadcrumbList\",\"@id\":\"https:\/\/www.uruloki.org\/felipeblog\/cine-de-ciencia-ficcion\/fondo-estuvieramos-ante-una-precuela-the-matrix-centrada-la-vida-del-mismisimo-morfeo-sylvester-stallone-michael-rosenbaum-importantes-personajes-marvel-guardianes#breadcrumb\",\"itemListElement\":[{\"@type\":\"ListItem\",\"position\":1,\"name\":\"Portada\",\"item\":\"https:\/\/www.uruloki.org\/felipeblog\"},{\"@type\":\"ListItem\",\"position\":2,\"name\":\"\u00bfY si en el fondo estuvi\u00e9ramos ante una precuela de The Matrix centrada en la vida del mism\u00edsimo Morfeo?, Sylvester Stallone y Michael Rosenbaum son importantes personajes Marvel en Guardianes de la Galaxia Vol. 2 (seg\u00fan James Gunn), Henry Cavill se une a Mission: Impossible 6, Dan Trachtenberg dirigir\u00e1 Space Race, y primer cartel y sinopsis del film de terror Ver\u00f3nica de Paco Plaza&#8230;\"}]},{\"@type\":\"WebSite\",\"@id\":\"https:\/\/www.uruloki.org\/felipeblog\/#website\",\"url\":\"https:\/\/www.uruloki.org\/felipeblog\/\",\"name\":\"Uruloki :: Blog\",\"description\":\"Blog de cine, terror, ciencia ficci\u00f3n, fantas\u00eda y c\u00f3mics\",\"potentialAction\":[{\"@type\":\"SearchAction\",\"target\":{\"@type\":\"EntryPoint\",\"urlTemplate\":\"https:\/\/www.uruloki.org\/felipeblog\/?s={search_term_string}\"},\"query-input\":{\"@type\":\"PropertyValueSpecification\",\"valueRequired\":true,\"valueName\":\"search_term_string\"}}],\"inLanguage\":\"es\"},{\"@type\":\"Person\",\"@id\":\"https:\/\/www.uruloki.org\/felipeblog\/#\/schema\/person\/ddba06ddaa27edf0c370460d05c51bb3\",\"name\":\"Uruloki\",\"image\":{\"@type\":\"ImageObject\",\"inLanguage\":\"es\",\"@id\":\"https:\/\/www.uruloki.org\/felipeblog\/#\/schema\/person\/image\/\",\"url\":\"https:\/\/secure.gravatar.com\/avatar\/68d5301c5f52ba88fd63f02c75b8c4d1b3c3fc4b21e2998a1e98c4b3a54d9f7c?s=96&d=mm&r=g\",\"contentUrl\":\"https:\/\/secure.gravatar.com\/avatar\/68d5301c5f52ba88fd63f02c75b8c4d1b3c3fc4b21e2998a1e98c4b3a54d9f7c?s=96&d=mm&r=g\",\"caption\":\"Uruloki\"},\"sameAs\":[\"https:\/\/uruloki.org\"],\"url\":\"https:\/\/www.uruloki.org\/felipeblog\/author\/admin-2-2-2\"}]}<\/script>\n<!-- \/ Yoast SEO plugin. -->","yoast_head_json":{"title":"\u00bfY si en el fondo estamos ante una precuela de The Matrix centrada en la vida de Morfeo?","description":"Con el anuncio del otro d\u00eda se dec\u00eda que Michael B. Jordan era el actor tanteado por Warner Bros. Ahora se apunta a que ser\u00e1 un joven Morfeo.","robots":{"index":"index","follow":"follow","max-snippet":"max-snippet:-1","max-image-preview":"max-image-preview:large","max-video-preview":"max-video-preview:-1"},"canonical":"https:\/\/www.uruloki.org\/felipeblog\/cine-de-ciencia-ficcion\/fondo-estuvieramos-ante-una-precuela-the-matrix-centrada-la-vida-del-mismisimo-morfeo-sylvester-stallone-michael-rosenbaum-importantes-personajes-marvel-guardianes","og_locale":"es_ES","og_type":"article","og_title":"\u00bfY si en el fondo estamos ante una precuela de The Matrix centrada en la vida de Morfeo?","og_description":"Con el anuncio del otro d\u00eda se dec\u00eda que Michael B. Jordan era el actor tanteado por Warner Bros. Ahora se apunta a que ser\u00e1 un joven Morfeo.","og_url":"https:\/\/www.uruloki.org\/felipeblog\/cine-de-ciencia-ficcion\/fondo-estuvieramos-ante-una-precuela-the-matrix-centrada-la-vida-del-mismisimo-morfeo-sylvester-stallone-michael-rosenbaum-importantes-personajes-marvel-guardianes","og_site_name":"Uruloki :: Blog","article_publisher":"https:\/\/www.facebook.com\/uruloki.org","article_published_time":"2017-03-18T23:01:38+00:00","og_image":[{"url":"https:\/\/uruloki.org\/felipeblog\/imagenes2017\/20170319-morfeo.jpg","type":"","width":"","height":""}],"author":"Uruloki","twitter_card":"summary_large_image","twitter_creator":"@uruloki","twitter_site":"@uruloki","twitter_misc":{"Escrito por":"Uruloki","Tiempo de lectura":"3 minutos"},"schema":{"@context":"https:\/\/schema.org","@graph":[{"@type":"WebPage","@id":"https:\/\/www.uruloki.org\/felipeblog\/cine-de-ciencia-ficcion\/fondo-estuvieramos-ante-una-precuela-the-matrix-centrada-la-vida-del-mismisimo-morfeo-sylvester-stallone-michael-rosenbaum-importantes-personajes-marvel-guardianes","url":"https:\/\/www.uruloki.org\/felipeblog\/cine-de-ciencia-ficcion\/fondo-estuvieramos-ante-una-precuela-the-matrix-centrada-la-vida-del-mismisimo-morfeo-sylvester-stallone-michael-rosenbaum-importantes-personajes-marvel-guardianes","name":"\u00bfY si en el fondo estamos ante una precuela de The Matrix centrada en la vida de Morfeo?","isPartOf":{"@id":"https:\/\/www.uruloki.org\/felipeblog\/#website"},"primaryImageOfPage":{"@id":"https:\/\/www.uruloki.org\/felipeblog\/cine-de-ciencia-ficcion\/fondo-estuvieramos-ante-una-precuela-the-matrix-centrada-la-vida-del-mismisimo-morfeo-sylvester-stallone-michael-rosenbaum-importantes-personajes-marvel-guardianes#primaryimage"},"image":{"@id":"https:\/\/www.uruloki.org\/felipeblog\/cine-de-ciencia-ficcion\/fondo-estuvieramos-ante-una-precuela-the-matrix-centrada-la-vida-del-mismisimo-morfeo-sylvester-stallone-michael-rosenbaum-importantes-personajes-marvel-guardianes#primaryimage"},"thumbnailUrl":"https:\/\/uruloki.org\/felipeblog\/imagenes2017\/20170319-morfeo.jpg","datePublished":"2017-03-18T23:01:38+00:00","dateModified":"2017-03-18T23:01:38+00:00","author":{"@id":"https:\/\/www.uruloki.org\/felipeblog\/#\/schema\/person\/ddba06ddaa27edf0c370460d05c51bb3"},"description":"Con el anuncio del otro d\u00eda se dec\u00eda que Michael B. Jordan era el actor tanteado por Warner Bros. Ahora se apunta a que ser\u00e1 un joven Morfeo.","breadcrumb":{"@id":"https:\/\/www.uruloki.org\/felipeblog\/cine-de-ciencia-ficcion\/fondo-estuvieramos-ante-una-precuela-the-matrix-centrada-la-vida-del-mismisimo-morfeo-sylvester-stallone-michael-rosenbaum-importantes-personajes-marvel-guardianes#breadcrumb"},"inLanguage":"es","potentialAction":[{"@type":"ReadAction","target":["https:\/\/www.uruloki.org\/felipeblog\/cine-de-ciencia-ficcion\/fondo-estuvieramos-ante-una-precuela-the-matrix-centrada-la-vida-del-mismisimo-morfeo-sylvester-stallone-michael-rosenbaum-importantes-personajes-marvel-guardianes"]}]},{"@type":"ImageObject","inLanguage":"es","@id":"https:\/\/www.uruloki.org\/felipeblog\/cine-de-ciencia-ficcion\/fondo-estuvieramos-ante-una-precuela-the-matrix-centrada-la-vida-del-mismisimo-morfeo-sylvester-stallone-michael-rosenbaum-importantes-personajes-marvel-guardianes#primaryimage","url":"https:\/\/uruloki.org\/felipeblog\/imagenes2017\/20170319-morfeo.jpg","contentUrl":"https:\/\/uruloki.org\/felipeblog\/imagenes2017\/20170319-morfeo.jpg"},{"@type":"BreadcrumbList","@id":"https:\/\/www.uruloki.org\/felipeblog\/cine-de-ciencia-ficcion\/fondo-estuvieramos-ante-una-precuela-the-matrix-centrada-la-vida-del-mismisimo-morfeo-sylvester-stallone-michael-rosenbaum-importantes-personajes-marvel-guardianes#breadcrumb","itemListElement":[{"@type":"ListItem","position":1,"name":"Portada","item":"https:\/\/www.uruloki.org\/felipeblog"},{"@type":"ListItem","position":2,"name":"\u00bfY si en el fondo estuvi\u00e9ramos ante una precuela de The Matrix centrada en la vida del mism\u00edsimo Morfeo?, Sylvester Stallone y Michael Rosenbaum son importantes personajes Marvel en Guardianes de la Galaxia Vol. 2 (seg\u00fan James Gunn), Henry Cavill se une a Mission: Impossible 6, Dan Trachtenberg dirigir\u00e1 Space Race, y primer cartel y sinopsis del film de terror Ver\u00f3nica de Paco Plaza&#8230;"}]},{"@type":"WebSite","@id":"https:\/\/www.uruloki.org\/felipeblog\/#website","url":"https:\/\/www.uruloki.org\/felipeblog\/","name":"Uruloki :: Blog","description":"Blog de cine, terror, ciencia ficci\u00f3n, fantas\u00eda y c\u00f3mics","potentialAction":[{"@type":"SearchAction","target":{"@type":"EntryPoint","urlTemplate":"https:\/\/www.uruloki.org\/felipeblog\/?s={search_term_string}"},"query-input":{"@type":"PropertyValueSpecification","valueRequired":true,"valueName":"search_term_string"}}],"inLanguage":"es"},{"@type":"Person","@id":"https:\/\/www.uruloki.org\/felipeblog\/#\/schema\/person\/ddba06ddaa27edf0c370460d05c51bb3","name":"Uruloki","image":{"@type":"ImageObject","inLanguage":"es","@id":"https:\/\/www.uruloki.org\/felipeblog\/#\/schema\/person\/image\/","url":"https:\/\/secure.gravatar.com\/avatar\/68d5301c5f52ba88fd63f02c75b8c4d1b3c3fc4b21e2998a1e98c4b3a54d9f7c?s=96&d=mm&r=g","contentUrl":"https:\/\/secure.gravatar.com\/avatar\/68d5301c5f52ba88fd63f02c75b8c4d1b3c3fc4b21e2998a1e98c4b3a54d9f7c?s=96&d=mm&r=g","caption":"Uruloki"},"sameAs":["https:\/\/uruloki.org"],"url":"https:\/\/www.uruloki.org\/felipeblog\/author\/admin-2-2-2"}]}},"_links":{"self":[{"href":"https:\/\/www.uruloki.org\/felipeblog\/wp-json\/wp\/v2\/posts\/16539","targetHints":{"allow":["GET"]}}],"collection":[{"href":"https:\/\/www.uruloki.org\/felipeblog\/wp-json\/wp\/v2\/posts"}],"about":[{"href":"https:\/\/www.uruloki.org\/felipeblog\/wp-json\/wp\/v2\/types\/post"}],"author":[{"embeddable":true,"href":"https:\/\/www.uruloki.org\/felipeblog\/wp-json\/wp\/v2\/users\/28"}],"replies":[{"embeddable":true,"href":"https:\/\/www.uruloki.org\/felipeblog\/wp-json\/wp\/v2\/comments?post=16539"}],"version-history":[{"count":1,"href":"https:\/\/www.uruloki.org\/felipeblog\/wp-json\/wp\/v2\/posts\/16539\/revisions"}],"predecessor-version":[{"id":16540,"href":"https:\/\/www.uruloki.org\/felipeblog\/wp-json\/wp\/v2\/posts\/16539\/revisions\/16540"}],"wp:attachment":[{"href":"https:\/\/www.uruloki.org\/felipeblog\/wp-json\/wp\/v2\/media?parent=16539"}],"wp:term":[{"taxonomy":"category","embeddable":true,"href":"https:\/\/www.uruloki.org\/felipeblog\/wp-json\/wp\/v2\/categories?post=16539"},{"taxonomy":"post_tag","embeddable":true,"href":"https:\/\/www.uruloki.org\/felipeblog\/wp-json\/wp\/v2\/tags?post=16539"}],"curies":[{"name":"wp","href":"https:\/\/api.w.org\/{rel}","templated":true}]}}