{"id":16433,"date":"2017-02-07T21:17:37","date_gmt":"2017-02-07T20:17:37","guid":{"rendered":"https:\/\/uruloki.org\/felipeblog\/?p=16433"},"modified":"2017-02-07T21:17:37","modified_gmt":"2017-02-07T20:17:37","slug":"mes-estreno-nuevo-trailer-marvels-iron-fist-john-boyega-comparte-la-primera-imagen-oficial-pacific-rim-uprising-la-secuela-guerra-mundial-z-reboot-viernes-13-desaparecen","status":"publish","type":"post","link":"https:\/\/www.uruloki.org\/felipeblog\/cine-de-comics\/mes-estreno-nuevo-trailer-marvels-iron-fist-john-boyega-comparte-la-primera-imagen-oficial-pacific-rim-uprising-la-secuela-guerra-mundial-z-reboot-viernes-13-desaparecen","title":{"rendered":"A un mes de su estreno nuevo trailer \u00abMarvel&#8217;s Iron Fist\u00bb, John Boyega comparte la primera imagen oficial de Pacific Rim: Uprising, la secuela de Guerra Mundial Z y el reboot de Viernes 13 desaparecen de la parrilla de estrenos previstos, ojo a este tweet de M. Night Shyamalan y que cada uno se emociones como prefiera, y para flipar un rato largo con el cartel japon\u00e9s de Kong: la Isla Calavera (para cagarse)&#8230;"},"content":{"rendered":"<p>Hoy <strong>Netflix<\/strong> ha sacado el nuevo trailer de <strong>&quot;Marvel&#8217;s Iron Fist&quot;<\/strong>, la nueva serie de la saga de los <em>Defensores<\/em> que estrenar&aacute; el canal el pr&oacute;ximo 17 de marzo. El trailer entre un poco m&aacute;s en el retorno de <em>Danny Rand<\/em> (<strong>Finn Jones<\/strong>), 15 a&ntilde;os despu&eacute;s de ser dado por muerto junto a sus padres en un accidente de avi&oacute;n. Ahora <em>Rand<\/em> regresa a Nueva York decidido a ejercer sus derechos de primog&eacute;nito y reclamar la empresa familiar. No obstante, cuando surge un enemigo se descubre que <em>Rand<\/em> en verdad es un arma viviente que tendr&aacute; que elegir entre el legado familiar y su deber como <em>Iron Fist<\/em>. Con este personaje se cierra el c&iacute;rculo que derivar&aacute; en <strong>&quot;Marvel&#8217;s The Defenders&quot;<\/strong>, serie que ya se rueda y que juntar&aacute; a <em>Daredevil<\/em> (<strong>Charlie Cox<\/strong>), <em>Jessica Jones<\/em> (<strong>Krysten Ritter<\/strong>), <em>Luke Cage<\/em> (<strong>Mike Colter<\/strong>) y <em>Iron Fist<\/em>. El trailer tambi&eacute;n lo tenemos doblado, por eso del estreno mundial  de <strong>&quot;Marvel&#8217;s Iron Fist&quot;.<\/strong><\/p>\n<div class=\"video\"><iframe loading=\"lazy\" width=\"100%\" height=\"360\" src=\"https:\/\/www.youtube.com\/embed\/f9OKL5no-S0\" allowfullscreen=\"true\"><\/iframe><\/div>\n<div class=\"video\"><iframe loading=\"lazy\" width=\"100%\" height=\"360\" src=\"https:\/\/www.youtube.com\/embed\/UM-uqfKBtQ0\" allowfullscreen=\"true\"><\/iframe><\/div>\n<p>Tenemos tambi&eacute;n a <strong>John Boyega<\/strong> compartiendo la aparentemente  primera imagen oficial de <strong>Pacific Rim: Uprising<\/strong> (2018) de <strong>Steven S. DeKnight<\/strong>. La fotograf&iacute;a no es que muestre mucho pero podemos ver a <em>Jake Pentecost<\/em>, hijo de <em>Stacker Pentecost<\/em> (<strong>Idris Elba<\/strong>). Por otro lado tenemos <a href=\"http:\/\/www.hollywoodreporter.com\/news\/world-war-z-sequel-pulled-release-calendar-972612\" target=\"_blank\">malas noticias para la secuela de <strong>Guerra Mundial Z<\/strong> (<em>World War Z<\/em>)<\/a> con el dato de que <strong>Paramount<\/strong> y <strong>Skydance<\/strong> la borran, obviamente, del calendario del 2017. &iquest;Cu&aacute;ndo llegar&aacute; a los cines? Pues cuando encuentren un nuevo director tras la marcha de <strong>Juan Antonio Bayona<\/strong> del proyecto, en favor de <strong>Jurassic World 2<\/strong> (2018). En el mismo art&iacute;culo hablan de la tambi&eacute;n desaparici&oacute;n de la nueve <strong>Friday the 13th<\/strong>, prevista para octubre de este a&ntilde;o.<\/p>\n<div class=\"twittercentrado\">\n<blockquote class=\"twitter-tweet\" data-lang=\"es\">\n<p lang=\"en\" dir=\"ltr\">I am Pentecost<br \/>2018<a href=\"https:\/\/twitter.com\/hashtag\/PacificRimUprising?src=hash\" target=\"_blank\">#PacificRimUprising<\/a> <a href=\"https:\/\/t.co\/36BEwIVRVD\" target=\"_blank\">pic.twitter.com\/36BEwIVRVD<\/a><\/p>\n<p>&mdash; John Boyega (@JohnBoyega) <a href=\"https:\/\/twitter.com\/JohnBoyega\/status\/828817860013154305\" target=\"_blank\">7 de febrero de 2017<\/a><\/p><\/blockquote>\n<\/div>\n<p>Y hablando de tweets molones, ojo a este nuevo de <strong>M. Night Shyamalan<\/strong>&#8230; queda ah&iacute; y que cada uno entienda lo que quiera. Yo s&oacute;lo puedo emocionarme.<\/p>\n<div class=\"twittercentrado\">\n<blockquote class=\"twitter-tweet\" data-lang=\"es\">\n<p lang=\"en\" dir=\"ltr\">I have an 11 page outline for my next film in my bag. I can&#39;t tell you what it is, but If you&#39;ve seen <a href=\"https:\/\/twitter.com\/hashtag\/Split?src=hash\" target=\"_blank\">#Split<\/a>&#8230;<\/p>\n<p>&mdash; M. Night Shyamalan (@MNightShyamalan) <a href=\"https:\/\/twitter.com\/MNightShyamalan\/status\/827951147470225408\" target=\"_blank\">4 de febrero de 2017<\/a><\/p><\/blockquote>\n<p><script async src=\"\/\/platform.twitter.com\/widgets.js\" charset=\"utf-8\"><\/script><\/div>\n<p>Para rematar con nota m&aacute;s que alta os dejo aqu&iacute; el impresionantemente  mol&oacute;n cartel definitivo del 2017&#8230; el japon&eacute;s de <strong>Kong: la isla Calavera<\/strong> (<em>Kong: Skull Island<\/em>, 2017). Menuda joya!<\/p>\n<p class=\"centrado\"><img decoding=\"async\" src=\"https:\/\/uruloki.org\/felipeblog\/imagenes2017\/20170207-kong-skull-island.jpg\" alt=\"Este cartel de Kong: la Isla Calavera es para cagarse... o casi\" \/><br \/><em>Este cartel de Kong: la Isla Calavera es para cagarse&#8230; o casi<\/em> <\/p>\n","protected":false},"excerpt":{"rendered":"<p>Hoy Netflix ha sacado el nuevo trailer de &quot;Marvel&#8217;s Iron Fist&quot;, la nueva serie de la saga de los Defensores que estrenar&aacute; el canal el pr&oacute;ximo 17 de marzo. El trailer entre un poco m&aacute;s en el retorno de Danny Rand (Finn Jones), 15 a&ntilde;os despu&eacute;s de ser dado por muerto junto a sus padres [&hellip;]<\/p>\n","protected":false},"author":28,"featured_media":0,"comment_status":"open","ping_status":"open","sticky":false,"template":"","format":"standard","meta":{"footnotes":""},"categories":[10,8,9,26],"tags":[273,3223,3583,3694,2844],"class_list":["post-16433","post","type-post","status-publish","format-standard","hentry","category-cine-de-comics","category-cine-de-ciencia-ficcion","category-cine-de-terror","category-gdt","tag-friday-the-13th","tag-kong-skull-island","tag-marvels-iron-fist","tag-pacific-rim-uprising","tag-world-war-z-2"],"yoast_head":"<!-- This site is optimized with the Yoast SEO plugin v24.3 - https:\/\/yoast.com\/wordpress\/plugins\/seo\/ -->\n<title>A un mes de su estreno nuevo trailer &quot;Marvel&#039;s Iron Fist&quot;, la cosa mola<\/title>\n<meta name=\"description\" content=\"Hoy Netflix ha sacado el nuevo trailer de &quot;Marvel&#039;s Iron Fist&quot;, la nueva serie de la saga de los Defensores que estrenar\u00e1 el canal el pr\u00f3ximo 17 de marzo.\" \/>\n<meta name=\"robots\" content=\"index, follow, max-snippet:-1, max-image-preview:large, max-video-preview:-1\" \/>\n<link rel=\"canonical\" href=\"https:\/\/www.uruloki.org\/felipeblog\/cine-de-comics\/mes-estreno-nuevo-trailer-marvels-iron-fist-john-boyega-comparte-la-primera-imagen-oficial-pacific-rim-uprising-la-secuela-guerra-mundial-z-reboot-viernes-13-desaparecen\" \/>\n<meta property=\"og:locale\" content=\"es_ES\" \/>\n<meta property=\"og:type\" content=\"article\" \/>\n<meta property=\"og:title\" content=\"A un mes de su estreno nuevo trailer &quot;Marvel&#039;s Iron Fist&quot;, la cosa mola\" \/>\n<meta property=\"og:description\" content=\"Hoy Netflix ha sacado el nuevo trailer de &quot;Marvel&#039;s Iron Fist&quot;, la nueva serie de la saga de los Defensores que estrenar\u00e1 el canal el pr\u00f3ximo 17 de marzo.\" \/>\n<meta property=\"og:url\" content=\"https:\/\/www.uruloki.org\/felipeblog\/cine-de-comics\/mes-estreno-nuevo-trailer-marvels-iron-fist-john-boyega-comparte-la-primera-imagen-oficial-pacific-rim-uprising-la-secuela-guerra-mundial-z-reboot-viernes-13-desaparecen\" \/>\n<meta property=\"og:site_name\" content=\"Uruloki :: Blog\" \/>\n<meta property=\"article:publisher\" content=\"https:\/\/www.facebook.com\/uruloki.org\" \/>\n<meta property=\"article:published_time\" content=\"2017-02-07T20:17:37+00:00\" \/>\n<meta property=\"og:image\" content=\"https:\/\/uruloki.org\/felipeblog\/imagenes2017\/20170207-kong-skull-island.jpg\" \/>\n<meta name=\"author\" content=\"Uruloki\" \/>\n<meta name=\"twitter:card\" content=\"summary_large_image\" \/>\n<meta name=\"twitter:creator\" content=\"@uruloki\" \/>\n<meta name=\"twitter:site\" content=\"@uruloki\" \/>\n<meta name=\"twitter:label1\" content=\"Escrito por\" \/>\n\t<meta name=\"twitter:data1\" content=\"Uruloki\" \/>\n\t<meta name=\"twitter:label2\" content=\"Tiempo de lectura\" \/>\n\t<meta name=\"twitter:data2\" content=\"2 minutos\" \/>\n<script type=\"application\/ld+json\" class=\"yoast-schema-graph\">{\"@context\":\"https:\/\/schema.org\",\"@graph\":[{\"@type\":\"WebPage\",\"@id\":\"https:\/\/www.uruloki.org\/felipeblog\/cine-de-comics\/mes-estreno-nuevo-trailer-marvels-iron-fist-john-boyega-comparte-la-primera-imagen-oficial-pacific-rim-uprising-la-secuela-guerra-mundial-z-reboot-viernes-13-desaparecen\",\"url\":\"https:\/\/www.uruloki.org\/felipeblog\/cine-de-comics\/mes-estreno-nuevo-trailer-marvels-iron-fist-john-boyega-comparte-la-primera-imagen-oficial-pacific-rim-uprising-la-secuela-guerra-mundial-z-reboot-viernes-13-desaparecen\",\"name\":\"A un mes de su estreno nuevo trailer \\\"Marvel's Iron Fist\\\", la cosa mola\",\"isPartOf\":{\"@id\":\"https:\/\/www.uruloki.org\/felipeblog\/#website\"},\"primaryImageOfPage\":{\"@id\":\"https:\/\/www.uruloki.org\/felipeblog\/cine-de-comics\/mes-estreno-nuevo-trailer-marvels-iron-fist-john-boyega-comparte-la-primera-imagen-oficial-pacific-rim-uprising-la-secuela-guerra-mundial-z-reboot-viernes-13-desaparecen#primaryimage\"},\"image\":{\"@id\":\"https:\/\/www.uruloki.org\/felipeblog\/cine-de-comics\/mes-estreno-nuevo-trailer-marvels-iron-fist-john-boyega-comparte-la-primera-imagen-oficial-pacific-rim-uprising-la-secuela-guerra-mundial-z-reboot-viernes-13-desaparecen#primaryimage\"},\"thumbnailUrl\":\"https:\/\/uruloki.org\/felipeblog\/imagenes2017\/20170207-kong-skull-island.jpg\",\"datePublished\":\"2017-02-07T20:17:37+00:00\",\"dateModified\":\"2017-02-07T20:17:37+00:00\",\"author\":{\"@id\":\"https:\/\/www.uruloki.org\/felipeblog\/#\/schema\/person\/ddba06ddaa27edf0c370460d05c51bb3\"},\"description\":\"Hoy Netflix ha sacado el nuevo trailer de \\\"Marvel's Iron Fist\\\", la nueva serie de la saga de los Defensores que estrenar\u00e1 el canal el pr\u00f3ximo 17 de marzo.\",\"breadcrumb\":{\"@id\":\"https:\/\/www.uruloki.org\/felipeblog\/cine-de-comics\/mes-estreno-nuevo-trailer-marvels-iron-fist-john-boyega-comparte-la-primera-imagen-oficial-pacific-rim-uprising-la-secuela-guerra-mundial-z-reboot-viernes-13-desaparecen#breadcrumb\"},\"inLanguage\":\"es\",\"potentialAction\":[{\"@type\":\"ReadAction\",\"target\":[\"https:\/\/www.uruloki.org\/felipeblog\/cine-de-comics\/mes-estreno-nuevo-trailer-marvels-iron-fist-john-boyega-comparte-la-primera-imagen-oficial-pacific-rim-uprising-la-secuela-guerra-mundial-z-reboot-viernes-13-desaparecen\"]}]},{\"@type\":\"ImageObject\",\"inLanguage\":\"es\",\"@id\":\"https:\/\/www.uruloki.org\/felipeblog\/cine-de-comics\/mes-estreno-nuevo-trailer-marvels-iron-fist-john-boyega-comparte-la-primera-imagen-oficial-pacific-rim-uprising-la-secuela-guerra-mundial-z-reboot-viernes-13-desaparecen#primaryimage\",\"url\":\"https:\/\/uruloki.org\/felipeblog\/imagenes2017\/20170207-kong-skull-island.jpg\",\"contentUrl\":\"https:\/\/uruloki.org\/felipeblog\/imagenes2017\/20170207-kong-skull-island.jpg\"},{\"@type\":\"BreadcrumbList\",\"@id\":\"https:\/\/www.uruloki.org\/felipeblog\/cine-de-comics\/mes-estreno-nuevo-trailer-marvels-iron-fist-john-boyega-comparte-la-primera-imagen-oficial-pacific-rim-uprising-la-secuela-guerra-mundial-z-reboot-viernes-13-desaparecen#breadcrumb\",\"itemListElement\":[{\"@type\":\"ListItem\",\"position\":1,\"name\":\"Portada\",\"item\":\"https:\/\/www.uruloki.org\/felipeblog\"},{\"@type\":\"ListItem\",\"position\":2,\"name\":\"A un mes de su estreno nuevo trailer \u00abMarvel&#8217;s Iron Fist\u00bb, John Boyega comparte la primera imagen oficial de Pacific Rim: Uprising, la secuela de Guerra Mundial Z y el reboot de Viernes 13 desaparecen de la parrilla de estrenos previstos, ojo a este tweet de M. Night Shyamalan y que cada uno se emociones como prefiera, y para flipar un rato largo con el cartel japon\u00e9s de Kong: la Isla Calavera (para cagarse)&#8230;\"}]},{\"@type\":\"WebSite\",\"@id\":\"https:\/\/www.uruloki.org\/felipeblog\/#website\",\"url\":\"https:\/\/www.uruloki.org\/felipeblog\/\",\"name\":\"Uruloki :: Blog\",\"description\":\"Blog de cine, terror, ciencia ficci\u00f3n, fantas\u00eda y c\u00f3mics\",\"potentialAction\":[{\"@type\":\"SearchAction\",\"target\":{\"@type\":\"EntryPoint\",\"urlTemplate\":\"https:\/\/www.uruloki.org\/felipeblog\/?s={search_term_string}\"},\"query-input\":{\"@type\":\"PropertyValueSpecification\",\"valueRequired\":true,\"valueName\":\"search_term_string\"}}],\"inLanguage\":\"es\"},{\"@type\":\"Person\",\"@id\":\"https:\/\/www.uruloki.org\/felipeblog\/#\/schema\/person\/ddba06ddaa27edf0c370460d05c51bb3\",\"name\":\"Uruloki\",\"image\":{\"@type\":\"ImageObject\",\"inLanguage\":\"es\",\"@id\":\"https:\/\/www.uruloki.org\/felipeblog\/#\/schema\/person\/image\/\",\"url\":\"https:\/\/secure.gravatar.com\/avatar\/68d5301c5f52ba88fd63f02c75b8c4d1b3c3fc4b21e2998a1e98c4b3a54d9f7c?s=96&d=mm&r=g\",\"contentUrl\":\"https:\/\/secure.gravatar.com\/avatar\/68d5301c5f52ba88fd63f02c75b8c4d1b3c3fc4b21e2998a1e98c4b3a54d9f7c?s=96&d=mm&r=g\",\"caption\":\"Uruloki\"},\"sameAs\":[\"https:\/\/uruloki.org\"],\"url\":\"https:\/\/www.uruloki.org\/felipeblog\/author\/admin-2-2-2\"}]}<\/script>\n<!-- \/ Yoast SEO plugin. -->","yoast_head_json":{"title":"A un mes de su estreno nuevo trailer \"Marvel's Iron Fist\", la cosa mola","description":"Hoy Netflix ha sacado el nuevo trailer de \"Marvel's Iron Fist\", la nueva serie de la saga de los Defensores que estrenar\u00e1 el canal el pr\u00f3ximo 17 de marzo.","robots":{"index":"index","follow":"follow","max-snippet":"max-snippet:-1","max-image-preview":"max-image-preview:large","max-video-preview":"max-video-preview:-1"},"canonical":"https:\/\/www.uruloki.org\/felipeblog\/cine-de-comics\/mes-estreno-nuevo-trailer-marvels-iron-fist-john-boyega-comparte-la-primera-imagen-oficial-pacific-rim-uprising-la-secuela-guerra-mundial-z-reboot-viernes-13-desaparecen","og_locale":"es_ES","og_type":"article","og_title":"A un mes de su estreno nuevo trailer \"Marvel's Iron Fist\", la cosa mola","og_description":"Hoy Netflix ha sacado el nuevo trailer de \"Marvel's Iron Fist\", la nueva serie de la saga de los Defensores que estrenar\u00e1 el canal el pr\u00f3ximo 17 de marzo.","og_url":"https:\/\/www.uruloki.org\/felipeblog\/cine-de-comics\/mes-estreno-nuevo-trailer-marvels-iron-fist-john-boyega-comparte-la-primera-imagen-oficial-pacific-rim-uprising-la-secuela-guerra-mundial-z-reboot-viernes-13-desaparecen","og_site_name":"Uruloki :: Blog","article_publisher":"https:\/\/www.facebook.com\/uruloki.org","article_published_time":"2017-02-07T20:17:37+00:00","og_image":[{"url":"https:\/\/uruloki.org\/felipeblog\/imagenes2017\/20170207-kong-skull-island.jpg","type":"","width":"","height":""}],"author":"Uruloki","twitter_card":"summary_large_image","twitter_creator":"@uruloki","twitter_site":"@uruloki","twitter_misc":{"Escrito por":"Uruloki","Tiempo de lectura":"2 minutos"},"schema":{"@context":"https:\/\/schema.org","@graph":[{"@type":"WebPage","@id":"https:\/\/www.uruloki.org\/felipeblog\/cine-de-comics\/mes-estreno-nuevo-trailer-marvels-iron-fist-john-boyega-comparte-la-primera-imagen-oficial-pacific-rim-uprising-la-secuela-guerra-mundial-z-reboot-viernes-13-desaparecen","url":"https:\/\/www.uruloki.org\/felipeblog\/cine-de-comics\/mes-estreno-nuevo-trailer-marvels-iron-fist-john-boyega-comparte-la-primera-imagen-oficial-pacific-rim-uprising-la-secuela-guerra-mundial-z-reboot-viernes-13-desaparecen","name":"A un mes de su estreno nuevo trailer \"Marvel's Iron Fist\", la cosa mola","isPartOf":{"@id":"https:\/\/www.uruloki.org\/felipeblog\/#website"},"primaryImageOfPage":{"@id":"https:\/\/www.uruloki.org\/felipeblog\/cine-de-comics\/mes-estreno-nuevo-trailer-marvels-iron-fist-john-boyega-comparte-la-primera-imagen-oficial-pacific-rim-uprising-la-secuela-guerra-mundial-z-reboot-viernes-13-desaparecen#primaryimage"},"image":{"@id":"https:\/\/www.uruloki.org\/felipeblog\/cine-de-comics\/mes-estreno-nuevo-trailer-marvels-iron-fist-john-boyega-comparte-la-primera-imagen-oficial-pacific-rim-uprising-la-secuela-guerra-mundial-z-reboot-viernes-13-desaparecen#primaryimage"},"thumbnailUrl":"https:\/\/uruloki.org\/felipeblog\/imagenes2017\/20170207-kong-skull-island.jpg","datePublished":"2017-02-07T20:17:37+00:00","dateModified":"2017-02-07T20:17:37+00:00","author":{"@id":"https:\/\/www.uruloki.org\/felipeblog\/#\/schema\/person\/ddba06ddaa27edf0c370460d05c51bb3"},"description":"Hoy Netflix ha sacado el nuevo trailer de \"Marvel's Iron Fist\", la nueva serie de la saga de los Defensores que estrenar\u00e1 el canal el pr\u00f3ximo 17 de marzo.","breadcrumb":{"@id":"https:\/\/www.uruloki.org\/felipeblog\/cine-de-comics\/mes-estreno-nuevo-trailer-marvels-iron-fist-john-boyega-comparte-la-primera-imagen-oficial-pacific-rim-uprising-la-secuela-guerra-mundial-z-reboot-viernes-13-desaparecen#breadcrumb"},"inLanguage":"es","potentialAction":[{"@type":"ReadAction","target":["https:\/\/www.uruloki.org\/felipeblog\/cine-de-comics\/mes-estreno-nuevo-trailer-marvels-iron-fist-john-boyega-comparte-la-primera-imagen-oficial-pacific-rim-uprising-la-secuela-guerra-mundial-z-reboot-viernes-13-desaparecen"]}]},{"@type":"ImageObject","inLanguage":"es","@id":"https:\/\/www.uruloki.org\/felipeblog\/cine-de-comics\/mes-estreno-nuevo-trailer-marvels-iron-fist-john-boyega-comparte-la-primera-imagen-oficial-pacific-rim-uprising-la-secuela-guerra-mundial-z-reboot-viernes-13-desaparecen#primaryimage","url":"https:\/\/uruloki.org\/felipeblog\/imagenes2017\/20170207-kong-skull-island.jpg","contentUrl":"https:\/\/uruloki.org\/felipeblog\/imagenes2017\/20170207-kong-skull-island.jpg"},{"@type":"BreadcrumbList","@id":"https:\/\/www.uruloki.org\/felipeblog\/cine-de-comics\/mes-estreno-nuevo-trailer-marvels-iron-fist-john-boyega-comparte-la-primera-imagen-oficial-pacific-rim-uprising-la-secuela-guerra-mundial-z-reboot-viernes-13-desaparecen#breadcrumb","itemListElement":[{"@type":"ListItem","position":1,"name":"Portada","item":"https:\/\/www.uruloki.org\/felipeblog"},{"@type":"ListItem","position":2,"name":"A un mes de su estreno nuevo trailer \u00abMarvel&#8217;s Iron Fist\u00bb, John Boyega comparte la primera imagen oficial de Pacific Rim: Uprising, la secuela de Guerra Mundial Z y el reboot de Viernes 13 desaparecen de la parrilla de estrenos previstos, ojo a este tweet de M. Night Shyamalan y que cada uno se emociones como prefiera, y para flipar un rato largo con el cartel japon\u00e9s de Kong: la Isla Calavera (para cagarse)&#8230;"}]},{"@type":"WebSite","@id":"https:\/\/www.uruloki.org\/felipeblog\/#website","url":"https:\/\/www.uruloki.org\/felipeblog\/","name":"Uruloki :: Blog","description":"Blog de cine, terror, ciencia ficci\u00f3n, fantas\u00eda y c\u00f3mics","potentialAction":[{"@type":"SearchAction","target":{"@type":"EntryPoint","urlTemplate":"https:\/\/www.uruloki.org\/felipeblog\/?s={search_term_string}"},"query-input":{"@type":"PropertyValueSpecification","valueRequired":true,"valueName":"search_term_string"}}],"inLanguage":"es"},{"@type":"Person","@id":"https:\/\/www.uruloki.org\/felipeblog\/#\/schema\/person\/ddba06ddaa27edf0c370460d05c51bb3","name":"Uruloki","image":{"@type":"ImageObject","inLanguage":"es","@id":"https:\/\/www.uruloki.org\/felipeblog\/#\/schema\/person\/image\/","url":"https:\/\/secure.gravatar.com\/avatar\/68d5301c5f52ba88fd63f02c75b8c4d1b3c3fc4b21e2998a1e98c4b3a54d9f7c?s=96&d=mm&r=g","contentUrl":"https:\/\/secure.gravatar.com\/avatar\/68d5301c5f52ba88fd63f02c75b8c4d1b3c3fc4b21e2998a1e98c4b3a54d9f7c?s=96&d=mm&r=g","caption":"Uruloki"},"sameAs":["https:\/\/uruloki.org"],"url":"https:\/\/www.uruloki.org\/felipeblog\/author\/admin-2-2-2"}]}},"_links":{"self":[{"href":"https:\/\/www.uruloki.org\/felipeblog\/wp-json\/wp\/v2\/posts\/16433","targetHints":{"allow":["GET"]}}],"collection":[{"href":"https:\/\/www.uruloki.org\/felipeblog\/wp-json\/wp\/v2\/posts"}],"about":[{"href":"https:\/\/www.uruloki.org\/felipeblog\/wp-json\/wp\/v2\/types\/post"}],"author":[{"embeddable":true,"href":"https:\/\/www.uruloki.org\/felipeblog\/wp-json\/wp\/v2\/users\/28"}],"replies":[{"embeddable":true,"href":"https:\/\/www.uruloki.org\/felipeblog\/wp-json\/wp\/v2\/comments?post=16433"}],"version-history":[{"count":1,"href":"https:\/\/www.uruloki.org\/felipeblog\/wp-json\/wp\/v2\/posts\/16433\/revisions"}],"predecessor-version":[{"id":16434,"href":"https:\/\/www.uruloki.org\/felipeblog\/wp-json\/wp\/v2\/posts\/16433\/revisions\/16434"}],"wp:attachment":[{"href":"https:\/\/www.uruloki.org\/felipeblog\/wp-json\/wp\/v2\/media?parent=16433"}],"wp:term":[{"taxonomy":"category","embeddable":true,"href":"https:\/\/www.uruloki.org\/felipeblog\/wp-json\/wp\/v2\/categories?post=16433"},{"taxonomy":"post_tag","embeddable":true,"href":"https:\/\/www.uruloki.org\/felipeblog\/wp-json\/wp\/v2\/tags?post=16433"}],"curies":[{"name":"wp","href":"https:\/\/api.w.org\/{rel}","templated":true}]}}