{"id":16405,"date":"2017-01-25T21:58:47","date_gmt":"2017-01-25T20:58:47","guid":{"rendered":"https:\/\/uruloki.org\/felipeblog\/?p=16405"},"modified":"2017-01-25T22:03:37","modified_gmt":"2017-01-25T21:03:37","slug":"reparto-principal-aquaman-ya-calienta-motores-junto-james-wan-se-prepara-una-serie-vr-adaptara-cortador-cesped-dwayne-the-rock-johnson-ya-companera-digna-oscar-ramp","status":"publish","type":"post","link":"https:\/\/www.uruloki.org\/felipeblog\/cine-de-ciencia-ficcion\/reparto-principal-aquaman-ya-calienta-motores-junto-james-wan-se-prepara-una-serie-vr-adaptara-cortador-cesped-dwayne-the-rock-johnson-ya-companera-digna-oscar-ramp","title":{"rendered":"El reparto principal de Aquaman ya calienta motores junto a James Wan, se prepara una serie VR que adaptar\u00e1 El cortador de c\u00e9sped, Dwayne \u00abThe Rock\u00bb Johnson ya tiene compa\u00f1era digna de Oscar para Rampage, el caos econ\u00f3mico dist\u00f3pico Little America de Michael Bay ya tiene luz verde, The Predator sigue fichando pero ahora menores de edad, un nuevo cartel animado de Ghost in the Shell y Bryan Singer dirigir\u00e1 el episodio piloto de la serie de los X-Men aprobada ayer&#8230;"},"content":{"rendered":"<p>Ya estamos a mediados de semana y mientras muchos hablan del record de nominaciones de <strong>La ciudad de las estrellas<\/strong> (<em>La La Land<\/em>), el regreso de <strong>Mel Gibson<\/strong> a lo m&aacute;s alto con <strong>Hasta el &uacute;ltimo hombre<\/strong> (<em>Hacksaw Ridge<\/em>), la presencia una vez m&aacute;s del gran <strong>Jeff Bridges<\/strong> en la lista de candidatos gracias a la fabulosa <strong>Comancher&iacute;a<\/strong> (<em>Hell or High Water<\/em>), la potente  entrada por todo lo alto de la emocionante <a href=\"https:\/\/uruloki.org\/felipeblog\/cine-de-ciencia-ficcion\/la-llegada-opinion\"><strong>La llegada<\/strong><\/a>, o la presencia tambi&eacute;n en los premios de otras obras m&aacute;s cercanas a la tem&aacute;tica del blog como <a href=\"https:\/\/uruloki.org\/felipeblog\/opinion\/escuadron-suicida-opinion\"><strong>Escuadr&oacute;n Suicida<\/strong><\/a>, <a href=\"https:\/\/uruloki.org\/felipeblog\/star-wars\/rogue-one-una-historia-star-wars-opinion\">Rogue<strong> One: Una historia de Star Wars<\/strong><\/a>, <a href=\"https:\/\/uruloki.org\/felipeblog\/cine-de-comics\/doctor-strange-opinion\"><strong>Doctor Extra&ntilde;o<\/strong><\/a>, <strong>Kubo y las dos cuerdas m&aacute;gicas<\/strong> (<em>Kubo and the Two Strings<\/em>) o <a href=\"https:\/\/uruloki.org\/felipeblog\/cine-de-fantasia\/animales-fantasticos-donde-encontrarlos-opinion\"><strong>Animales fant&aacute;sticos y d&oacute;nde encontrarlos<\/strong><\/a>, es momento de dar salida a otras noticias del d&iacute;a.<\/p>\n<p>Los chicos de <strong>Aquaman<\/strong> (2018) comienza la sesi&oacute;n de reuniones. Con objetivo inicial el rodaje del film en Australia estas primavera que viene a los mandos de <strong>James Wan<\/strong>, <strong>Jason Momoa<\/strong> (<em>Aquaman<\/em>), <strong>Patrick Wilson<\/strong> (<em>Ocean Master<\/em>) y <strong>Amber Heard<\/strong> (<em>Mera<\/em>), posan con Wan en una foto de equipo \/ toma de contacto. Con el personaje protagonista introducido brevemente en <strong>Batman v Superman<\/strong>, y con una mayor presencia en Justice League, el bueno de Momoa comenta la situaci&oacute;n a la que se enfrenta ahora con el contrato&#8230; 5 o 6 a&ntilde;os de trabajo del que no pudo decir nada hasta el estreno de <strong>Batman v Superman<\/strong>.<\/p>\n<div class=\"twittercentrado\">\n<blockquote class=\"twitter-tweet\" data-lang=\"es\">\n<p lang=\"en\" dir=\"ltr\">After school detention with the new Breakfast Club. With <a href=\"https:\/\/twitter.com\/PrideofGypsies\" target=\"_blank\">@PrideofGypsies<\/a> <a href=\"https:\/\/twitter.com\/patrickwilson73\" target=\"_blank\">@patrickwilson73<\/a> and Amber. <a href=\"https:\/\/twitter.com\/hashtag\/tableread?src=hash\" target=\"_blank\">#tableread<\/a> <a href=\"https:\/\/t.co\/fzvKBLarNK\" target=\"_blank\">pic.twitter.com\/fzvKBLarNK<\/a><\/p>\n<p>&mdash; James Wan (@creepypuppet) <a href=\"https:\/\/twitter.com\/creepypuppet\/status\/824046705209315329\" target=\"_blank\">25 de enero de 2017<\/a><\/p><\/blockquote>\n<\/div>\n<p>Por otro lado tenemos a The Verge anunciando que <a href=\"http:\/\/www.theverge.com\/2017\/1\/19\/14325368\/lawnmower-man-vr-series-jaunt-2017\" target=\"_blank\">se prepara una serie basada en el film de ciencia ficci&oacute;n <strong>El cortador de c&eacute;sped <\/strong> (<em>The Lawnmover Man<\/em>)<\/a> en formato VR, casualmente la primera pel&iacute;cula que introdujo el mundo este. Tras la serie la compa&ntilde;&iacute;a <strong>Jaunt<\/strong> que ha ayudado a <strong>Doug Liman<\/strong> a hacer <strong>&quot;Invisible&quot;<\/strong> tambi&eacute;n en formato VR. Los planes de Jaunt, adem&aacute;s de esta nueva <strong>&quot;The Lawnmover Man&quot;<\/strong>, son producir <strong>&quot;Luna&quot;<\/strong>, ciencia ficci&oacute;n y suspense en una base lunar, <strong>&quot;The Enlightened Ones&quot;<\/strong>, ciencia ficci&oacute;n y pol&iacute;tica protagonizada por <strong>Tye Sheridan<\/strong>, o <strong>&quot;Miss Gloria&quot;<\/strong>, una serie de ciencia ficci&oacute;n sobre un robot que se dedica a buscar a una joven desaparecida y escrita por <strong>Daniel H. Wilson<\/strong>.<\/p>\n<p class=\"centrado\"><img decoding=\"async\" src=\"https:\/\/uruloki.org\/felipeblog\/imagenes2017\/20170125-the-lawnmover-man.jpg\" alt=\"Se prepara una serie VR que adaptar&aacute; El cortador de c&eacute;sped (The Lawnmover Man)\" \/><br \/>\n<em>Se prepara una serie VR que adaptar&aacute; El cortador de c&eacute;sped (The Lawnmover Man)<\/em><\/p>\n<p>Por otro lado <a href=\"http:\/\/variety.com\/2017\/film\/news\/moonlight-naomie-harris-dwayne-johnson-rampage-1201969669\/\" target=\"_blank\">tenemos a <strong>Dwayne &quot;The Rock&quot; Johnson<\/strong> congratul&aacute;ndose por tener ya compa&ntilde;era para <strong>Rampage<\/strong><\/a>, film de ciencia ficci&oacute;n basado en el famoso arcade. La fichada es <strong>Naomie Harris<\/strong>, nominada al Oscar este a&ntilde;o por <strong>Moonlight<\/strong>. Poco m&aacute;s sabemos del film que dirigir&aacute; <strong>Brad Peyton<\/strong>, salvo que ser&aacute; fiel al videojuego y que veremos por lo tanto a un gorila, un cocodrilo y un lobo de tama&ntilde;o descomunal.<\/p>\n<div class=\"twittercentrado\">\n<blockquote class=\"twitter-tweet\" data-lang=\"es\">\n<p lang=\"und\" dir=\"ltr\">3.31.17 <a href=\"https:\/\/twitter.com\/hashtag\/GhostInTheShell?src=hash\" target=\"_blank\">#GhostInTheShell<\/a> <a href=\"https:\/\/t.co\/opDPpINkWF\" target=\"_blank\">pic.twitter.com\/opDPpINkWF<\/a><\/p>\n<p>&mdash; Ghost In The Shell (@GhostInShell) <a href=\"https:\/\/twitter.com\/GhostInShell\/status\/824310197527003137\" target=\"_blank\">25 de enero de 2017<\/a><\/p><\/blockquote>\n<p><script async src=\"\/\/platform.twitter.com\/widgets.js\" charset=\"utf-8\"><\/script><\/div>\n<p>Y m&aacute;s cosas nuevas para el futuro. <a href=\"http:\/\/variety.com\/2017\/film\/news\/michael-bay-dystopian-movie-little-america-1201969503\/\" target=\"_blank\"><strong>Universal Pictures<\/strong> ha dado el OK a <strong>Little America<\/strong> de <strong>Michael Bay<\/strong><\/a>, un thriller de acci&oacute;n dist&oacute;pico producido por <strong>Platinum Dunes<\/strong>. Seg&uacute;n cuenta Variety, el gui&oacute;n de <strong>Rowan Athale<\/strong>, comprado por <strong>Universal<\/strong>, recuerda al cl&aacute;sico de 1981 <strong>Rescate en New York<\/strong> (<em>Escape From New York<\/em>) de <strong>John Carpenter<\/strong>, con una crisis en la que los USA se encuentra provocan que China sea la que domina el mundo. Tenemos tambi&eacute;n a <a href=\"http:\/\/www.hollywoodreporter.com\/heat-vision\/jacob-tremblay-star-shane-blacks-predator-movie-967671\" target=\"_blank\"><strong>The Predator<\/strong> de <strong>Shane Black<\/strong> fichando a <strong>Jacob Tremblay<\/strong><\/a>, el joven actor que trabaj&oacute; en la oscarizada <strong>La habitaci&oacute;n<\/strong> (<em>Room<\/em>). Poco se sabe del proyecto por ahora, s&oacute;lo lo que os cuento todos los d&iacute;as. Lo que se confirma que va a ritmo son los fichajes. En los &uacute;ltimos 15 d&iacute;as han ca&iacute;do 4 nuevos actores. Ah, y si ayer os dec&iacute;a que <a href=\"https:\/\/uruloki.org\/felipeblog\/cine-de-comics\/bateria-de-imagenes-de-justice-league-baby-driver-y-logan-thomas-jane-es-el-ultimo-en-sumarse-a-the-predator-de-shane-black-ya-tenemos-protagonista-femenina-para-jurassic-world-2-y-fox-ha-dado-el\"><strong>Fox<\/strong> hab&iacute;a dado luz verde a un proyecto <em>X-Men<\/em> para televisi&oacute;n<\/a> escrito por <strong>Matt Nix<\/strong> con <strong>Bryan Singer<\/strong> produciendo, hoy se indica que <strong>Singer<\/strong> dirigir&aacute; el piloto.<\/p>\n","protected":false},"excerpt":{"rendered":"<p>Ya estamos a mediados de semana y mientras muchos hablan del record de nominaciones de La ciudad de las estrellas (La La Land), el regreso de Mel Gibson a lo m&aacute;s alto con Hasta el &uacute;ltimo hombre (Hacksaw Ridge), la presencia una vez m&aacute;s del gran Jeff Bridges en la lista de candidatos gracias a [&hellip;]<\/p>\n","protected":false},"author":28,"featured_media":0,"comment_status":"open","ping_status":"open","sticky":false,"template":"","format":"standard","meta":{"footnotes":""},"categories":[10,8,19],"tags":[967,1103,3705,1076,3704,3488],"class_list":["post-16405","post","type-post","status-publish","format-standard","hentry","category-cine-de-comics","category-cine-de-ciencia-ficcion","category-cine-inclasificable","tag-aquaman","tag-ghost-in-the-shell","tag-little-america","tag-rampage","tag-the-lawnmover-man","tag-the-predator"],"yoast_head":"<!-- This site is optimized with the Yoast SEO plugin v24.3 - https:\/\/yoast.com\/wordpress\/plugins\/seo\/ -->\n<title>Se prepara una serie VR que adaptar\u00e1 El cortador de c\u00e9sped (The Lawnmover Man)<\/title>\n<meta name=\"description\" content=\"Por otro lado tenemos el anuncio de que se prepara una serie basada en el film de ciencia ficci\u00f3n El cortador de c\u00e9sped (The Lawnmover Man) en formato VR.\" \/>\n<meta name=\"robots\" content=\"index, follow, max-snippet:-1, max-image-preview:large, max-video-preview:-1\" \/>\n<link rel=\"canonical\" href=\"https:\/\/www.uruloki.org\/felipeblog\/cine-de-ciencia-ficcion\/reparto-principal-aquaman-ya-calienta-motores-junto-james-wan-se-prepara-una-serie-vr-adaptara-cortador-cesped-dwayne-the-rock-johnson-ya-companera-digna-oscar-ramp\" \/>\n<meta property=\"og:locale\" content=\"es_ES\" \/>\n<meta property=\"og:type\" content=\"article\" \/>\n<meta property=\"og:title\" content=\"Se prepara una serie VR que adaptar\u00e1 El cortador de c\u00e9sped (The Lawnmover Man)\" \/>\n<meta property=\"og:description\" content=\"Por otro lado tenemos el anuncio de que se prepara una serie basada en el film de ciencia ficci\u00f3n El cortador de c\u00e9sped (The Lawnmover Man) en formato VR.\" \/>\n<meta property=\"og:url\" content=\"https:\/\/www.uruloki.org\/felipeblog\/cine-de-ciencia-ficcion\/reparto-principal-aquaman-ya-calienta-motores-junto-james-wan-se-prepara-una-serie-vr-adaptara-cortador-cesped-dwayne-the-rock-johnson-ya-companera-digna-oscar-ramp\" \/>\n<meta property=\"og:site_name\" content=\"Uruloki :: Blog\" \/>\n<meta property=\"article:publisher\" content=\"https:\/\/www.facebook.com\/uruloki.org\" \/>\n<meta property=\"article:published_time\" content=\"2017-01-25T20:58:47+00:00\" \/>\n<meta property=\"article:modified_time\" content=\"2017-01-25T21:03:37+00:00\" \/>\n<meta property=\"og:image\" content=\"https:\/\/uruloki.org\/felipeblog\/imagenes2017\/20170125-the-lawnmover-man.jpg\" \/>\n<meta name=\"author\" content=\"Uruloki\" \/>\n<meta name=\"twitter:card\" content=\"summary_large_image\" \/>\n<meta name=\"twitter:creator\" content=\"@uruloki\" \/>\n<meta name=\"twitter:site\" content=\"@uruloki\" \/>\n<meta name=\"twitter:label1\" content=\"Escrito por\" \/>\n\t<meta name=\"twitter:data1\" content=\"Uruloki\" \/>\n\t<meta name=\"twitter:label2\" content=\"Tiempo de lectura\" \/>\n\t<meta name=\"twitter:data2\" content=\"4 minutos\" \/>\n<script type=\"application\/ld+json\" class=\"yoast-schema-graph\">{\"@context\":\"https:\/\/schema.org\",\"@graph\":[{\"@type\":\"WebPage\",\"@id\":\"https:\/\/www.uruloki.org\/felipeblog\/cine-de-ciencia-ficcion\/reparto-principal-aquaman-ya-calienta-motores-junto-james-wan-se-prepara-una-serie-vr-adaptara-cortador-cesped-dwayne-the-rock-johnson-ya-companera-digna-oscar-ramp\",\"url\":\"https:\/\/www.uruloki.org\/felipeblog\/cine-de-ciencia-ficcion\/reparto-principal-aquaman-ya-calienta-motores-junto-james-wan-se-prepara-una-serie-vr-adaptara-cortador-cesped-dwayne-the-rock-johnson-ya-companera-digna-oscar-ramp\",\"name\":\"Se prepara una serie VR que adaptar\u00e1 El cortador de c\u00e9sped (The Lawnmover Man)\",\"isPartOf\":{\"@id\":\"https:\/\/www.uruloki.org\/felipeblog\/#website\"},\"primaryImageOfPage\":{\"@id\":\"https:\/\/www.uruloki.org\/felipeblog\/cine-de-ciencia-ficcion\/reparto-principal-aquaman-ya-calienta-motores-junto-james-wan-se-prepara-una-serie-vr-adaptara-cortador-cesped-dwayne-the-rock-johnson-ya-companera-digna-oscar-ramp#primaryimage\"},\"image\":{\"@id\":\"https:\/\/www.uruloki.org\/felipeblog\/cine-de-ciencia-ficcion\/reparto-principal-aquaman-ya-calienta-motores-junto-james-wan-se-prepara-una-serie-vr-adaptara-cortador-cesped-dwayne-the-rock-johnson-ya-companera-digna-oscar-ramp#primaryimage\"},\"thumbnailUrl\":\"https:\/\/uruloki.org\/felipeblog\/imagenes2017\/20170125-the-lawnmover-man.jpg\",\"datePublished\":\"2017-01-25T20:58:47+00:00\",\"dateModified\":\"2017-01-25T21:03:37+00:00\",\"author\":{\"@id\":\"https:\/\/www.uruloki.org\/felipeblog\/#\/schema\/person\/ddba06ddaa27edf0c370460d05c51bb3\"},\"description\":\"Por otro lado tenemos el anuncio de que se prepara una serie basada en el film de ciencia ficci\u00f3n El cortador de c\u00e9sped (The Lawnmover Man) en formato VR.\",\"breadcrumb\":{\"@id\":\"https:\/\/www.uruloki.org\/felipeblog\/cine-de-ciencia-ficcion\/reparto-principal-aquaman-ya-calienta-motores-junto-james-wan-se-prepara-una-serie-vr-adaptara-cortador-cesped-dwayne-the-rock-johnson-ya-companera-digna-oscar-ramp#breadcrumb\"},\"inLanguage\":\"es\",\"potentialAction\":[{\"@type\":\"ReadAction\",\"target\":[\"https:\/\/www.uruloki.org\/felipeblog\/cine-de-ciencia-ficcion\/reparto-principal-aquaman-ya-calienta-motores-junto-james-wan-se-prepara-una-serie-vr-adaptara-cortador-cesped-dwayne-the-rock-johnson-ya-companera-digna-oscar-ramp\"]}]},{\"@type\":\"ImageObject\",\"inLanguage\":\"es\",\"@id\":\"https:\/\/www.uruloki.org\/felipeblog\/cine-de-ciencia-ficcion\/reparto-principal-aquaman-ya-calienta-motores-junto-james-wan-se-prepara-una-serie-vr-adaptara-cortador-cesped-dwayne-the-rock-johnson-ya-companera-digna-oscar-ramp#primaryimage\",\"url\":\"https:\/\/uruloki.org\/felipeblog\/imagenes2017\/20170125-the-lawnmover-man.jpg\",\"contentUrl\":\"https:\/\/uruloki.org\/felipeblog\/imagenes2017\/20170125-the-lawnmover-man.jpg\"},{\"@type\":\"BreadcrumbList\",\"@id\":\"https:\/\/www.uruloki.org\/felipeblog\/cine-de-ciencia-ficcion\/reparto-principal-aquaman-ya-calienta-motores-junto-james-wan-se-prepara-una-serie-vr-adaptara-cortador-cesped-dwayne-the-rock-johnson-ya-companera-digna-oscar-ramp#breadcrumb\",\"itemListElement\":[{\"@type\":\"ListItem\",\"position\":1,\"name\":\"Portada\",\"item\":\"https:\/\/www.uruloki.org\/felipeblog\"},{\"@type\":\"ListItem\",\"position\":2,\"name\":\"El reparto principal de Aquaman ya calienta motores junto a James Wan, se prepara una serie VR que adaptar\u00e1 El cortador de c\u00e9sped, Dwayne \u00abThe Rock\u00bb Johnson ya tiene compa\u00f1era digna de Oscar para Rampage, el caos econ\u00f3mico dist\u00f3pico Little America de Michael Bay ya tiene luz verde, The Predator sigue fichando pero ahora menores de edad, un nuevo cartel animado de Ghost in the Shell y Bryan Singer dirigir\u00e1 el episodio piloto de la serie de los X-Men aprobada ayer&#8230;\"}]},{\"@type\":\"WebSite\",\"@id\":\"https:\/\/www.uruloki.org\/felipeblog\/#website\",\"url\":\"https:\/\/www.uruloki.org\/felipeblog\/\",\"name\":\"Uruloki :: Blog\",\"description\":\"Blog de cine, terror, ciencia ficci\u00f3n, fantas\u00eda y c\u00f3mics\",\"potentialAction\":[{\"@type\":\"SearchAction\",\"target\":{\"@type\":\"EntryPoint\",\"urlTemplate\":\"https:\/\/www.uruloki.org\/felipeblog\/?s={search_term_string}\"},\"query-input\":{\"@type\":\"PropertyValueSpecification\",\"valueRequired\":true,\"valueName\":\"search_term_string\"}}],\"inLanguage\":\"es\"},{\"@type\":\"Person\",\"@id\":\"https:\/\/www.uruloki.org\/felipeblog\/#\/schema\/person\/ddba06ddaa27edf0c370460d05c51bb3\",\"name\":\"Uruloki\",\"image\":{\"@type\":\"ImageObject\",\"inLanguage\":\"es\",\"@id\":\"https:\/\/www.uruloki.org\/felipeblog\/#\/schema\/person\/image\/\",\"url\":\"https:\/\/secure.gravatar.com\/avatar\/68d5301c5f52ba88fd63f02c75b8c4d1b3c3fc4b21e2998a1e98c4b3a54d9f7c?s=96&d=mm&r=g\",\"contentUrl\":\"https:\/\/secure.gravatar.com\/avatar\/68d5301c5f52ba88fd63f02c75b8c4d1b3c3fc4b21e2998a1e98c4b3a54d9f7c?s=96&d=mm&r=g\",\"caption\":\"Uruloki\"},\"sameAs\":[\"https:\/\/uruloki.org\"],\"url\":\"https:\/\/www.uruloki.org\/felipeblog\/author\/admin-2-2-2\"}]}<\/script>\n<!-- \/ Yoast SEO plugin. -->","yoast_head_json":{"title":"Se prepara una serie VR que adaptar\u00e1 El cortador de c\u00e9sped (The Lawnmover Man)","description":"Por otro lado tenemos el anuncio de que se prepara una serie basada en el film de ciencia ficci\u00f3n El cortador de c\u00e9sped (The Lawnmover Man) en formato VR.","robots":{"index":"index","follow":"follow","max-snippet":"max-snippet:-1","max-image-preview":"max-image-preview:large","max-video-preview":"max-video-preview:-1"},"canonical":"https:\/\/www.uruloki.org\/felipeblog\/cine-de-ciencia-ficcion\/reparto-principal-aquaman-ya-calienta-motores-junto-james-wan-se-prepara-una-serie-vr-adaptara-cortador-cesped-dwayne-the-rock-johnson-ya-companera-digna-oscar-ramp","og_locale":"es_ES","og_type":"article","og_title":"Se prepara una serie VR que adaptar\u00e1 El cortador de c\u00e9sped (The Lawnmover Man)","og_description":"Por otro lado tenemos el anuncio de que se prepara una serie basada en el film de ciencia ficci\u00f3n El cortador de c\u00e9sped (The Lawnmover Man) en formato VR.","og_url":"https:\/\/www.uruloki.org\/felipeblog\/cine-de-ciencia-ficcion\/reparto-principal-aquaman-ya-calienta-motores-junto-james-wan-se-prepara-una-serie-vr-adaptara-cortador-cesped-dwayne-the-rock-johnson-ya-companera-digna-oscar-ramp","og_site_name":"Uruloki :: Blog","article_publisher":"https:\/\/www.facebook.com\/uruloki.org","article_published_time":"2017-01-25T20:58:47+00:00","article_modified_time":"2017-01-25T21:03:37+00:00","og_image":[{"url":"https:\/\/uruloki.org\/felipeblog\/imagenes2017\/20170125-the-lawnmover-man.jpg","type":"","width":"","height":""}],"author":"Uruloki","twitter_card":"summary_large_image","twitter_creator":"@uruloki","twitter_site":"@uruloki","twitter_misc":{"Escrito por":"Uruloki","Tiempo de lectura":"4 minutos"},"schema":{"@context":"https:\/\/schema.org","@graph":[{"@type":"WebPage","@id":"https:\/\/www.uruloki.org\/felipeblog\/cine-de-ciencia-ficcion\/reparto-principal-aquaman-ya-calienta-motores-junto-james-wan-se-prepara-una-serie-vr-adaptara-cortador-cesped-dwayne-the-rock-johnson-ya-companera-digna-oscar-ramp","url":"https:\/\/www.uruloki.org\/felipeblog\/cine-de-ciencia-ficcion\/reparto-principal-aquaman-ya-calienta-motores-junto-james-wan-se-prepara-una-serie-vr-adaptara-cortador-cesped-dwayne-the-rock-johnson-ya-companera-digna-oscar-ramp","name":"Se prepara una serie VR que adaptar\u00e1 El cortador de c\u00e9sped (The Lawnmover Man)","isPartOf":{"@id":"https:\/\/www.uruloki.org\/felipeblog\/#website"},"primaryImageOfPage":{"@id":"https:\/\/www.uruloki.org\/felipeblog\/cine-de-ciencia-ficcion\/reparto-principal-aquaman-ya-calienta-motores-junto-james-wan-se-prepara-una-serie-vr-adaptara-cortador-cesped-dwayne-the-rock-johnson-ya-companera-digna-oscar-ramp#primaryimage"},"image":{"@id":"https:\/\/www.uruloki.org\/felipeblog\/cine-de-ciencia-ficcion\/reparto-principal-aquaman-ya-calienta-motores-junto-james-wan-se-prepara-una-serie-vr-adaptara-cortador-cesped-dwayne-the-rock-johnson-ya-companera-digna-oscar-ramp#primaryimage"},"thumbnailUrl":"https:\/\/uruloki.org\/felipeblog\/imagenes2017\/20170125-the-lawnmover-man.jpg","datePublished":"2017-01-25T20:58:47+00:00","dateModified":"2017-01-25T21:03:37+00:00","author":{"@id":"https:\/\/www.uruloki.org\/felipeblog\/#\/schema\/person\/ddba06ddaa27edf0c370460d05c51bb3"},"description":"Por otro lado tenemos el anuncio de que se prepara una serie basada en el film de ciencia ficci\u00f3n El cortador de c\u00e9sped (The Lawnmover Man) en formato VR.","breadcrumb":{"@id":"https:\/\/www.uruloki.org\/felipeblog\/cine-de-ciencia-ficcion\/reparto-principal-aquaman-ya-calienta-motores-junto-james-wan-se-prepara-una-serie-vr-adaptara-cortador-cesped-dwayne-the-rock-johnson-ya-companera-digna-oscar-ramp#breadcrumb"},"inLanguage":"es","potentialAction":[{"@type":"ReadAction","target":["https:\/\/www.uruloki.org\/felipeblog\/cine-de-ciencia-ficcion\/reparto-principal-aquaman-ya-calienta-motores-junto-james-wan-se-prepara-una-serie-vr-adaptara-cortador-cesped-dwayne-the-rock-johnson-ya-companera-digna-oscar-ramp"]}]},{"@type":"ImageObject","inLanguage":"es","@id":"https:\/\/www.uruloki.org\/felipeblog\/cine-de-ciencia-ficcion\/reparto-principal-aquaman-ya-calienta-motores-junto-james-wan-se-prepara-una-serie-vr-adaptara-cortador-cesped-dwayne-the-rock-johnson-ya-companera-digna-oscar-ramp#primaryimage","url":"https:\/\/uruloki.org\/felipeblog\/imagenes2017\/20170125-the-lawnmover-man.jpg","contentUrl":"https:\/\/uruloki.org\/felipeblog\/imagenes2017\/20170125-the-lawnmover-man.jpg"},{"@type":"BreadcrumbList","@id":"https:\/\/www.uruloki.org\/felipeblog\/cine-de-ciencia-ficcion\/reparto-principal-aquaman-ya-calienta-motores-junto-james-wan-se-prepara-una-serie-vr-adaptara-cortador-cesped-dwayne-the-rock-johnson-ya-companera-digna-oscar-ramp#breadcrumb","itemListElement":[{"@type":"ListItem","position":1,"name":"Portada","item":"https:\/\/www.uruloki.org\/felipeblog"},{"@type":"ListItem","position":2,"name":"El reparto principal de Aquaman ya calienta motores junto a James Wan, se prepara una serie VR que adaptar\u00e1 El cortador de c\u00e9sped, Dwayne \u00abThe Rock\u00bb Johnson ya tiene compa\u00f1era digna de Oscar para Rampage, el caos econ\u00f3mico dist\u00f3pico Little America de Michael Bay ya tiene luz verde, The Predator sigue fichando pero ahora menores de edad, un nuevo cartel animado de Ghost in the Shell y Bryan Singer dirigir\u00e1 el episodio piloto de la serie de los X-Men aprobada ayer&#8230;"}]},{"@type":"WebSite","@id":"https:\/\/www.uruloki.org\/felipeblog\/#website","url":"https:\/\/www.uruloki.org\/felipeblog\/","name":"Uruloki :: Blog","description":"Blog de cine, terror, ciencia ficci\u00f3n, fantas\u00eda y c\u00f3mics","potentialAction":[{"@type":"SearchAction","target":{"@type":"EntryPoint","urlTemplate":"https:\/\/www.uruloki.org\/felipeblog\/?s={search_term_string}"},"query-input":{"@type":"PropertyValueSpecification","valueRequired":true,"valueName":"search_term_string"}}],"inLanguage":"es"},{"@type":"Person","@id":"https:\/\/www.uruloki.org\/felipeblog\/#\/schema\/person\/ddba06ddaa27edf0c370460d05c51bb3","name":"Uruloki","image":{"@type":"ImageObject","inLanguage":"es","@id":"https:\/\/www.uruloki.org\/felipeblog\/#\/schema\/person\/image\/","url":"https:\/\/secure.gravatar.com\/avatar\/68d5301c5f52ba88fd63f02c75b8c4d1b3c3fc4b21e2998a1e98c4b3a54d9f7c?s=96&d=mm&r=g","contentUrl":"https:\/\/secure.gravatar.com\/avatar\/68d5301c5f52ba88fd63f02c75b8c4d1b3c3fc4b21e2998a1e98c4b3a54d9f7c?s=96&d=mm&r=g","caption":"Uruloki"},"sameAs":["https:\/\/uruloki.org"],"url":"https:\/\/www.uruloki.org\/felipeblog\/author\/admin-2-2-2"}]}},"_links":{"self":[{"href":"https:\/\/www.uruloki.org\/felipeblog\/wp-json\/wp\/v2\/posts\/16405","targetHints":{"allow":["GET"]}}],"collection":[{"href":"https:\/\/www.uruloki.org\/felipeblog\/wp-json\/wp\/v2\/posts"}],"about":[{"href":"https:\/\/www.uruloki.org\/felipeblog\/wp-json\/wp\/v2\/types\/post"}],"author":[{"embeddable":true,"href":"https:\/\/www.uruloki.org\/felipeblog\/wp-json\/wp\/v2\/users\/28"}],"replies":[{"embeddable":true,"href":"https:\/\/www.uruloki.org\/felipeblog\/wp-json\/wp\/v2\/comments?post=16405"}],"version-history":[{"count":2,"href":"https:\/\/www.uruloki.org\/felipeblog\/wp-json\/wp\/v2\/posts\/16405\/revisions"}],"predecessor-version":[{"id":16407,"href":"https:\/\/www.uruloki.org\/felipeblog\/wp-json\/wp\/v2\/posts\/16405\/revisions\/16407"}],"wp:attachment":[{"href":"https:\/\/www.uruloki.org\/felipeblog\/wp-json\/wp\/v2\/media?parent=16405"}],"wp:term":[{"taxonomy":"category","embeddable":true,"href":"https:\/\/www.uruloki.org\/felipeblog\/wp-json\/wp\/v2\/categories?post=16405"},{"taxonomy":"post_tag","embeddable":true,"href":"https:\/\/www.uruloki.org\/felipeblog\/wp-json\/wp\/v2\/tags?post=16405"}],"curies":[{"name":"wp","href":"https:\/\/api.w.org\/{rel}","templated":true}]}}