{"id":16400,"date":"2017-01-23T22:55:34","date_gmt":"2017-01-23T21:55:34","guid":{"rendered":"https:\/\/uruloki.org\/felipeblog\/?p=16400"},"modified":"2017-01-23T23:45:57","modified_gmt":"2017-01-23T22:45:57","slug":"nuevo-trailer-corto-esa-cosa-olvidada-king-arthur-legend-of-the-sword-guy-ritchie-neill-blokamp-confiesa-alien-5-ha-entrado-fase-olvido-casi-absoluto-la-cosa-pinta-mal","status":"publish","type":"post","link":"https:\/\/www.uruloki.org\/felipeblog\/cine-inclasificable\/nuevo-trailer-corto-esa-cosa-olvidada-king-arthur-legend-of-the-sword-guy-ritchie-neill-blokamp-confiesa-alien-5-ha-entrado-fase-olvido-casi-absoluto-la-cosa-pinta-mal","title":{"rendered":"Un nuevo trailer (corto) de esa cosa olvidada que es King Arthur: Legend of the Sword de Guy Ritchie, Neill Blomkamp confiesa que Alien 5 ha entrado en fase olvido casi absoluto (la cosa pinta mal), Michael Dougherty adem\u00e1s de escribir dirigir\u00e1 Godzilla 2, los rodajes de Avengers: Infinity War y Tomb Raider se han puesto en marcha, y David Ayer habla sobre toda la controversia de Escuadr\u00f3n Suicida y las decisiones tomadas&#8230;"},"content":{"rendered":"<p>Tras la noticia molona de la jornada, <a href=\"https:\/\/uruloki.org\/felipeblog\/star-wars\/star-wars-the-last-jedi-titulo-final-star-wars-episode-viii\">esto de <strong>Star Wars: The Last Jedi<\/strong><\/a>, es momento de mirar hacia adelante y a otras cosillas. Vamos con ellas.<\/p>\n<p>Primero tenemos un nuevo mini trailer de <strong>King Arthur: Legend of the Sword<\/strong> (2017), lo nuevo de <strong>Guy Ritchie<\/strong> que <strong>Warner Bros.<\/strong> trata de no promocionar demasiado. El film tiene todos los mimbres para ser un <em>blockbuster<\/em> con un reparto con nombres como los de <strong>Charlie Hunnam<\/strong>, <strong>Annabelle Wallis<\/strong>, <strong>Jude Law<\/strong>, <strong>Hermione Corfield<\/strong>, <strong>Eric Bana<\/strong>, <strong>Astrid Berg&egrave;s-Frisbey<\/strong>, <strong>Djimon Hounsou<\/strong> y el amo del bal&oacute;n <strong>David Beckham<\/strong> (mejor que <strong>Neymar<\/strong> seguro). Pero no, todo apunto a notable fiasco por los muchos ajustes que est&aacute;n haciendo sobre el proyecto, su distribuci&oacute;n, producci&oacute;n, etc. El trailer muestra algo nuevo pero poco que llame tanto la atenci&oacute;n como para decir &quot;<em>esta tengo ganas de verla<\/em>&quot;.<\/p>\n<div class=\"video\"><iframe loading=\"lazy\" width=\"100%\" height=\"360\" src=\"https:\/\/www.youtube.com\/embed\/864zcREOnzg\" allowfullscreen=\"true\"><\/iframe><\/div>\n<p class=\"centrado\"><img decoding=\"async\" src=\"https:\/\/uruloki.org\/felipeblog\/imagenes2017\/20170122-king-arthur-the-legend-of-the-sword.jpg\" \/><\/p>\n<p>Otros temas. Mal pinta, era visto, que <strong>Neill Blomkamp<\/strong> se aleja a toda velocidad del desarrollo, deseado pero imposiblemente prometedor, que es o era <strong>Alien 5<\/strong>. A la simple pregunta de c&oacute;mo ve&iacute;a su futuro en Alien el director de <strong>Distrito<\/strong> 9 (<em>District 9<\/em>) o <strong>Chappie<\/strong> reconoce que la cosa est&aacute; en estado &quot;slim&quot;. &iquest;Es malo &quot;slim&quot;? No de forma definitiva, pero desde luego apunta que cuando la implicaci&oacute;n es escasa es que raro ser&aacute; que remonte. Crucemos los dedos para los que queremos ver de nuevo a los veteranos <strong>Sigourney Weaver<\/strong> o <strong>Michael Biehn<\/strong> haciendo frente a su pasado, pero <strong>Alien: Covenant<\/strong> (2017) y el prometido tercer film de <strong>Ridley Scott<\/strong> en esta nueva trilog&iacute;a apunta a que <strong>Alien 5<\/strong> igual se retrasa hasta el 2021&#8230; lo que supondr&iacute;a el final.<\/p>\n<div class=\"twittercentrado\">\n<blockquote class=\"twitter-tweet\" data-lang=\"es\">\n<p dir=\"ltr\" lang=\"en\" xml:lang=\"en\"><a href=\"https:\/\/twitter.com\/jamesportella\" target=\"_blank\">@jamesportella<\/a> slim<\/p>\n<p>&mdash; \u0418eill Blomkamp (@NeillBlomkamp) <a href=\"https:\/\/twitter.com\/NeillBlomkamp\/status\/822685837418635264\" target=\"_blank\">21 de enero de 2017<\/a><\/p><\/blockquote>\n<\/div>\n<p>M&aacute;s materia. Variety confirma <a href=\"https:\/\/uruloki.org\/felipeblog\/star-wars\/donald-glover-oficialmente-nuevo-lando-calrissian-solo-star-wars-story-michael-dougherty-puede-no-solo-escriba-godzilla-2-ya-ahora-apunta-director-la-misma-nueva-imagen\">algo ya sospechado<\/a> y medio anunciado. <a href=\"http:\/\/variety.com\/2017\/film\/news\/godzilla-2-director-michael-dougherty-1201967053\/\" target=\"_blank\"><strong>Michael Dougherty<\/strong> ha sido fichado por <strong>Warner Bros.<\/strong> y <strong>Legendary<\/strong> para hacerse cargo de la direcci&oacute;n de <strong>Godzilla 2<\/strong> (2019)<\/a>, film que adem&aacute;s escribe junto a <strong>Zach Shields<\/strong>. Tenemos tambi&eacute;n anuncios del inicio de rodaje de <strong>Avengers: Infinity War<\/strong> (2018) v&iacute;a el Facebook de los <strong> Russo Brothers<\/strong>.<\/p>\n<div class=\"twittercentrado\"><iframe loading=\"lazy\" src=\"https:\/\/www.facebook.com\/plugins\/post.php?href=https%3A%2F%2Fwww.facebook.com%2FTheRussoBrothersOfficial%2Fposts%2F920545661414700%3A0&#038;width=500&#038;show_text=true&#038;height=484&#038;appId\" width=\"500\" height=\"484\" style=\"border:none;overflow:hidden\" scrolling=\"no\" frameborder=\"0\" allowTransparency=\"true\"><\/iframe><\/div>\n<p>Y el arranque tambi&eacute;n del rodaje de <strong>Tomb Raider<\/strong> (2018) desde la cuenta de Instagram de <strong>Roar Uthaug<\/strong>.<\/p>\n<div class=\"twittercentrado\">\n<blockquote class=\"instagram-media\" data-instgrm-captioned data-instgrm-version=\"7\" style=\" background:#FFF; border:0; border-radius:3px; box-shadow:0 0 1px 0 rgba(0,0,0,0.5),0 1px 10px 0 rgba(0,0,0,0.15); margin: 1px; max-width:658px; padding:0; width:99.375%; width:-webkit-calc(100% - 2px); width:calc(100% - 2px);\">\n<div style=\"padding:8px;\">\n<div style=\" background:#F8F8F8; line-height:0; margin-top:40px; padding:31.1574074074% 0; text-align:center; width:100%;\">\n<div style=\" background:url(data:image\/png;base64,iVBORw0KGgoAAAANSUhEUgAAACwAAAAsCAMAAAApWqozAAAABGdBTUEAALGPC\/xhBQAAAAFzUkdCAK7OHOkAAAAMUExURczMzPf399fX1+bm5mzY9AMAAADiSURBVDjLvZXbEsMgCES5\/P8\/t9FuRVCRmU73JWlzosgSIIZURCjo\/ad+EQJJB4Hv8BFt+IDpQoCx1wjOSBFhh2XssxEIYn3ulI\/6MNReE07UIWJEv8UEOWDS88LY97kqyTliJKKtuYBbruAyVh5wOHiXmpi5we58Ek028czwyuQdLKPG1Bkb4NnM+VeAnfHqn1k4+GPT6uGQcvu2h2OVuIf\/gWUFyy8OWEpdyZSa3aVCqpVoVvzZZ2VTnn2wU8qzVjDDetO90GSy9mVLqtgYSy231MxrY6I2gGqjrTY0L8fxCxfCBbhWrsYYAAAAAElFTkSuQmCC); display:block; height:44px; margin:0 auto -44px; position:relative; top:-22px; width:44px;\"><\/div>\n<\/div>\n<p style=\" margin:8px 0 0 0; padding:0 4px;\"> <a href=\"https:\/\/www.instagram.com\/p\/BPnRDprDl74\/\" style=\" color:#000; font-family:Arial,sans-serif; font-size:14px; font-style:normal; font-weight:normal; line-height:17px; text-decoration:none; word-wrap:break-word;\" target=\"_blank\">And we&#39;re off! #tombraider<\/a><\/p>\n<p style=\" color:#c9c8cd; font-family:Arial,sans-serif; font-size:14px; line-height:17px; margin-bottom:0; margin-top:8px; overflow:hidden; padding:8px 0 7px; text-align:center; text-overflow:ellipsis; white-space:nowrap;\">Una foto publicada por Roar Uthaug (@roaruthaug) el <time style=\" font-family:Arial,sans-serif; font-size:14px; line-height:17px;\" datetime=\"2017-01-23T16:26:35+00:00\">23 de Ene de 2017 a la(s) 8:26 PST<\/time><\/p>\n<\/div>\n<\/blockquote>\n<p><script async defer src=\"\/\/platform.instagram.com\/en_US\/embeds.js\"><\/script><\/div>\n<p>Para rematar os dejo con un tweet de <strong>David Ayer<\/strong> donde el director comparte una declaraci&oacute;n sobre <strong>Escuadr&oacute;n Suicida<\/strong> (<em>Suicide Squad<\/em>) y lo que ha supuesto el proyecto, m&aacute;s una interesante nota en la que apunta que si tuviera una m&aacute;quina del tiempo algunas cosas cambiar&iacute;a.<\/p>\n<div class=\"twittercentrado\">\n<blockquote class=\"twitter-tweet\" data-lang=\"es\">\n<p lang=\"und\" dir=\"ltr\"><a href=\"https:\/\/twitter.com\/PensFanboy\" target=\"_blank\">@PensFanboy<\/a> <a href=\"https:\/\/t.co\/scIdV9PYSP\" target=\"_blank\">pic.twitter.com\/scIdV9PYSP<\/a><\/p>\n<p>&mdash; David Ayer (@DavidAyerMovies) <a href=\"https:\/\/twitter.com\/DavidAyerMovies\/status\/822948443110842369\" target=\"_blank\">21 de enero de 2017<\/a><\/p><\/blockquote>\n<p><script async src=\"\/\/platform.twitter.com\/widgets.js\" charset=\"utf-8\"><\/script><\/div>\n","protected":false},"excerpt":{"rendered":"<p>Tras la noticia molona de la jornada, esto de Star Wars: The Last Jedi, es momento de mirar hacia adelante y a otras cosillas. Vamos con ellas. Primero tenemos un nuevo mini trailer de King Arthur: Legend of the Sword (2017), lo nuevo de Guy Ritchie que Warner Bros. trata de no promocionar demasiado. El [&hellip;]<\/p>\n","protected":false},"author":28,"featured_media":0,"comment_status":"open","ping_status":"open","sticky":false,"template":"","format":"standard","meta":{"footnotes":""},"categories":[10,8,12,19],"tags":[349,3183,3028,3577,1174,765],"class_list":["post-16400","post","type-post","status-publish","format-standard","hentry","category-cine-de-comics","category-cine-de-ciencia-ficcion","category-cine-de-fantasia","category-cine-inclasificable","tag-alien-5","tag-avengers-infinity-war","tag-godzilla-2","tag-king-arthur-legend-of-the-sword","tag-suicide-squad","tag-tomb-raider"],"yoast_head":"<!-- This site is optimized with the Yoast SEO plugin v24.3 - https:\/\/yoast.com\/wordpress\/plugins\/seo\/ -->\n<title>Un nuevo trailer (corto) de esa cosa olvidada que es King Arthur: Legend of the Sword de Guy Ritchie<\/title>\n<meta name=\"description\" content=\"Primero tenemos un nuevo mini trailer de King Arthur: Legend of the Sword, lo nuevo de Guy Ritchie que Warner Bros. trata de no promocionar demasiado.\" \/>\n<meta name=\"robots\" content=\"index, follow, max-snippet:-1, max-image-preview:large, max-video-preview:-1\" \/>\n<link rel=\"canonical\" href=\"https:\/\/www.uruloki.org\/felipeblog\/cine-inclasificable\/nuevo-trailer-corto-esa-cosa-olvidada-king-arthur-legend-of-the-sword-guy-ritchie-neill-blokamp-confiesa-alien-5-ha-entrado-fase-olvido-casi-absoluto-la-cosa-pinta-mal\" \/>\n<meta property=\"og:locale\" content=\"es_ES\" \/>\n<meta property=\"og:type\" content=\"article\" \/>\n<meta property=\"og:title\" content=\"Un nuevo trailer (corto) de esa cosa olvidada que es King Arthur: Legend of the Sword de Guy Ritchie\" \/>\n<meta property=\"og:description\" content=\"Primero tenemos un nuevo mini trailer de King Arthur: Legend of the Sword, lo nuevo de Guy Ritchie que Warner Bros. trata de no promocionar demasiado.\" \/>\n<meta property=\"og:url\" content=\"https:\/\/www.uruloki.org\/felipeblog\/cine-inclasificable\/nuevo-trailer-corto-esa-cosa-olvidada-king-arthur-legend-of-the-sword-guy-ritchie-neill-blokamp-confiesa-alien-5-ha-entrado-fase-olvido-casi-absoluto-la-cosa-pinta-mal\" \/>\n<meta property=\"og:site_name\" content=\"Uruloki :: Blog\" \/>\n<meta property=\"article:publisher\" content=\"https:\/\/www.facebook.com\/uruloki.org\" \/>\n<meta property=\"article:published_time\" content=\"2017-01-23T21:55:34+00:00\" \/>\n<meta property=\"article:modified_time\" content=\"2017-01-23T22:45:57+00:00\" \/>\n<meta property=\"og:image\" content=\"https:\/\/uruloki.org\/felipeblog\/imagenes2017\/20170122-king-arthur-the-legend-of-the-sword.jpg\" \/>\n<meta name=\"author\" content=\"Uruloki\" \/>\n<meta name=\"twitter:card\" content=\"summary_large_image\" \/>\n<meta name=\"twitter:creator\" content=\"@uruloki\" \/>\n<meta name=\"twitter:site\" content=\"@uruloki\" \/>\n<meta name=\"twitter:label1\" content=\"Escrito por\" \/>\n\t<meta name=\"twitter:data1\" content=\"Uruloki\" \/>\n\t<meta name=\"twitter:label2\" content=\"Tiempo de lectura\" \/>\n\t<meta name=\"twitter:data2\" content=\"2 minutos\" \/>\n<script type=\"application\/ld+json\" class=\"yoast-schema-graph\">{\"@context\":\"https:\/\/schema.org\",\"@graph\":[{\"@type\":\"WebPage\",\"@id\":\"https:\/\/www.uruloki.org\/felipeblog\/cine-inclasificable\/nuevo-trailer-corto-esa-cosa-olvidada-king-arthur-legend-of-the-sword-guy-ritchie-neill-blokamp-confiesa-alien-5-ha-entrado-fase-olvido-casi-absoluto-la-cosa-pinta-mal\",\"url\":\"https:\/\/www.uruloki.org\/felipeblog\/cine-inclasificable\/nuevo-trailer-corto-esa-cosa-olvidada-king-arthur-legend-of-the-sword-guy-ritchie-neill-blokamp-confiesa-alien-5-ha-entrado-fase-olvido-casi-absoluto-la-cosa-pinta-mal\",\"name\":\"Un nuevo trailer (corto) de esa cosa olvidada que es King Arthur: Legend of the Sword de Guy Ritchie\",\"isPartOf\":{\"@id\":\"https:\/\/www.uruloki.org\/felipeblog\/#website\"},\"primaryImageOfPage\":{\"@id\":\"https:\/\/www.uruloki.org\/felipeblog\/cine-inclasificable\/nuevo-trailer-corto-esa-cosa-olvidada-king-arthur-legend-of-the-sword-guy-ritchie-neill-blokamp-confiesa-alien-5-ha-entrado-fase-olvido-casi-absoluto-la-cosa-pinta-mal#primaryimage\"},\"image\":{\"@id\":\"https:\/\/www.uruloki.org\/felipeblog\/cine-inclasificable\/nuevo-trailer-corto-esa-cosa-olvidada-king-arthur-legend-of-the-sword-guy-ritchie-neill-blokamp-confiesa-alien-5-ha-entrado-fase-olvido-casi-absoluto-la-cosa-pinta-mal#primaryimage\"},\"thumbnailUrl\":\"https:\/\/uruloki.org\/felipeblog\/imagenes2017\/20170122-king-arthur-the-legend-of-the-sword.jpg\",\"datePublished\":\"2017-01-23T21:55:34+00:00\",\"dateModified\":\"2017-01-23T22:45:57+00:00\",\"author\":{\"@id\":\"https:\/\/www.uruloki.org\/felipeblog\/#\/schema\/person\/ddba06ddaa27edf0c370460d05c51bb3\"},\"description\":\"Primero tenemos un nuevo mini trailer de King Arthur: Legend of the Sword, lo nuevo de Guy Ritchie que Warner Bros. trata de no promocionar demasiado.\",\"breadcrumb\":{\"@id\":\"https:\/\/www.uruloki.org\/felipeblog\/cine-inclasificable\/nuevo-trailer-corto-esa-cosa-olvidada-king-arthur-legend-of-the-sword-guy-ritchie-neill-blokamp-confiesa-alien-5-ha-entrado-fase-olvido-casi-absoluto-la-cosa-pinta-mal#breadcrumb\"},\"inLanguage\":\"es\",\"potentialAction\":[{\"@type\":\"ReadAction\",\"target\":[\"https:\/\/www.uruloki.org\/felipeblog\/cine-inclasificable\/nuevo-trailer-corto-esa-cosa-olvidada-king-arthur-legend-of-the-sword-guy-ritchie-neill-blokamp-confiesa-alien-5-ha-entrado-fase-olvido-casi-absoluto-la-cosa-pinta-mal\"]}]},{\"@type\":\"ImageObject\",\"inLanguage\":\"es\",\"@id\":\"https:\/\/www.uruloki.org\/felipeblog\/cine-inclasificable\/nuevo-trailer-corto-esa-cosa-olvidada-king-arthur-legend-of-the-sword-guy-ritchie-neill-blokamp-confiesa-alien-5-ha-entrado-fase-olvido-casi-absoluto-la-cosa-pinta-mal#primaryimage\",\"url\":\"https:\/\/uruloki.org\/felipeblog\/imagenes2017\/20170122-king-arthur-the-legend-of-the-sword.jpg\",\"contentUrl\":\"https:\/\/uruloki.org\/felipeblog\/imagenes2017\/20170122-king-arthur-the-legend-of-the-sword.jpg\"},{\"@type\":\"BreadcrumbList\",\"@id\":\"https:\/\/www.uruloki.org\/felipeblog\/cine-inclasificable\/nuevo-trailer-corto-esa-cosa-olvidada-king-arthur-legend-of-the-sword-guy-ritchie-neill-blokamp-confiesa-alien-5-ha-entrado-fase-olvido-casi-absoluto-la-cosa-pinta-mal#breadcrumb\",\"itemListElement\":[{\"@type\":\"ListItem\",\"position\":1,\"name\":\"Portada\",\"item\":\"https:\/\/www.uruloki.org\/felipeblog\"},{\"@type\":\"ListItem\",\"position\":2,\"name\":\"Un nuevo trailer (corto) de esa cosa olvidada que es King Arthur: Legend of the Sword de Guy Ritchie, Neill Blomkamp confiesa que Alien 5 ha entrado en fase olvido casi absoluto (la cosa pinta mal), Michael Dougherty adem\u00e1s de escribir dirigir\u00e1 Godzilla 2, los rodajes de Avengers: Infinity War y Tomb Raider se han puesto en marcha, y David Ayer habla sobre toda la controversia de Escuadr\u00f3n Suicida y las decisiones tomadas&#8230;\"}]},{\"@type\":\"WebSite\",\"@id\":\"https:\/\/www.uruloki.org\/felipeblog\/#website\",\"url\":\"https:\/\/www.uruloki.org\/felipeblog\/\",\"name\":\"Uruloki :: Blog\",\"description\":\"Blog de cine, terror, ciencia ficci\u00f3n, fantas\u00eda y c\u00f3mics\",\"potentialAction\":[{\"@type\":\"SearchAction\",\"target\":{\"@type\":\"EntryPoint\",\"urlTemplate\":\"https:\/\/www.uruloki.org\/felipeblog\/?s={search_term_string}\"},\"query-input\":{\"@type\":\"PropertyValueSpecification\",\"valueRequired\":true,\"valueName\":\"search_term_string\"}}],\"inLanguage\":\"es\"},{\"@type\":\"Person\",\"@id\":\"https:\/\/www.uruloki.org\/felipeblog\/#\/schema\/person\/ddba06ddaa27edf0c370460d05c51bb3\",\"name\":\"Uruloki\",\"image\":{\"@type\":\"ImageObject\",\"inLanguage\":\"es\",\"@id\":\"https:\/\/www.uruloki.org\/felipeblog\/#\/schema\/person\/image\/\",\"url\":\"https:\/\/secure.gravatar.com\/avatar\/68d5301c5f52ba88fd63f02c75b8c4d1b3c3fc4b21e2998a1e98c4b3a54d9f7c?s=96&d=mm&r=g\",\"contentUrl\":\"https:\/\/secure.gravatar.com\/avatar\/68d5301c5f52ba88fd63f02c75b8c4d1b3c3fc4b21e2998a1e98c4b3a54d9f7c?s=96&d=mm&r=g\",\"caption\":\"Uruloki\"},\"sameAs\":[\"https:\/\/uruloki.org\"],\"url\":\"https:\/\/www.uruloki.org\/felipeblog\/author\/admin-2-2-2\"}]}<\/script>\n<!-- \/ Yoast SEO plugin. -->","yoast_head_json":{"title":"Un nuevo trailer (corto) de esa cosa olvidada que es King Arthur: Legend of the Sword de Guy Ritchie","description":"Primero tenemos un nuevo mini trailer de King Arthur: Legend of the Sword, lo nuevo de Guy Ritchie que Warner Bros. trata de no promocionar demasiado.","robots":{"index":"index","follow":"follow","max-snippet":"max-snippet:-1","max-image-preview":"max-image-preview:large","max-video-preview":"max-video-preview:-1"},"canonical":"https:\/\/www.uruloki.org\/felipeblog\/cine-inclasificable\/nuevo-trailer-corto-esa-cosa-olvidada-king-arthur-legend-of-the-sword-guy-ritchie-neill-blokamp-confiesa-alien-5-ha-entrado-fase-olvido-casi-absoluto-la-cosa-pinta-mal","og_locale":"es_ES","og_type":"article","og_title":"Un nuevo trailer (corto) de esa cosa olvidada que es King Arthur: Legend of the Sword de Guy Ritchie","og_description":"Primero tenemos un nuevo mini trailer de King Arthur: Legend of the Sword, lo nuevo de Guy Ritchie que Warner Bros. trata de no promocionar demasiado.","og_url":"https:\/\/www.uruloki.org\/felipeblog\/cine-inclasificable\/nuevo-trailer-corto-esa-cosa-olvidada-king-arthur-legend-of-the-sword-guy-ritchie-neill-blokamp-confiesa-alien-5-ha-entrado-fase-olvido-casi-absoluto-la-cosa-pinta-mal","og_site_name":"Uruloki :: Blog","article_publisher":"https:\/\/www.facebook.com\/uruloki.org","article_published_time":"2017-01-23T21:55:34+00:00","article_modified_time":"2017-01-23T22:45:57+00:00","og_image":[{"url":"https:\/\/uruloki.org\/felipeblog\/imagenes2017\/20170122-king-arthur-the-legend-of-the-sword.jpg","type":"","width":"","height":""}],"author":"Uruloki","twitter_card":"summary_large_image","twitter_creator":"@uruloki","twitter_site":"@uruloki","twitter_misc":{"Escrito por":"Uruloki","Tiempo de lectura":"2 minutos"},"schema":{"@context":"https:\/\/schema.org","@graph":[{"@type":"WebPage","@id":"https:\/\/www.uruloki.org\/felipeblog\/cine-inclasificable\/nuevo-trailer-corto-esa-cosa-olvidada-king-arthur-legend-of-the-sword-guy-ritchie-neill-blokamp-confiesa-alien-5-ha-entrado-fase-olvido-casi-absoluto-la-cosa-pinta-mal","url":"https:\/\/www.uruloki.org\/felipeblog\/cine-inclasificable\/nuevo-trailer-corto-esa-cosa-olvidada-king-arthur-legend-of-the-sword-guy-ritchie-neill-blokamp-confiesa-alien-5-ha-entrado-fase-olvido-casi-absoluto-la-cosa-pinta-mal","name":"Un nuevo trailer (corto) de esa cosa olvidada que es King Arthur: Legend of the Sword de Guy Ritchie","isPartOf":{"@id":"https:\/\/www.uruloki.org\/felipeblog\/#website"},"primaryImageOfPage":{"@id":"https:\/\/www.uruloki.org\/felipeblog\/cine-inclasificable\/nuevo-trailer-corto-esa-cosa-olvidada-king-arthur-legend-of-the-sword-guy-ritchie-neill-blokamp-confiesa-alien-5-ha-entrado-fase-olvido-casi-absoluto-la-cosa-pinta-mal#primaryimage"},"image":{"@id":"https:\/\/www.uruloki.org\/felipeblog\/cine-inclasificable\/nuevo-trailer-corto-esa-cosa-olvidada-king-arthur-legend-of-the-sword-guy-ritchie-neill-blokamp-confiesa-alien-5-ha-entrado-fase-olvido-casi-absoluto-la-cosa-pinta-mal#primaryimage"},"thumbnailUrl":"https:\/\/uruloki.org\/felipeblog\/imagenes2017\/20170122-king-arthur-the-legend-of-the-sword.jpg","datePublished":"2017-01-23T21:55:34+00:00","dateModified":"2017-01-23T22:45:57+00:00","author":{"@id":"https:\/\/www.uruloki.org\/felipeblog\/#\/schema\/person\/ddba06ddaa27edf0c370460d05c51bb3"},"description":"Primero tenemos un nuevo mini trailer de King Arthur: Legend of the Sword, lo nuevo de Guy Ritchie que Warner Bros. trata de no promocionar demasiado.","breadcrumb":{"@id":"https:\/\/www.uruloki.org\/felipeblog\/cine-inclasificable\/nuevo-trailer-corto-esa-cosa-olvidada-king-arthur-legend-of-the-sword-guy-ritchie-neill-blokamp-confiesa-alien-5-ha-entrado-fase-olvido-casi-absoluto-la-cosa-pinta-mal#breadcrumb"},"inLanguage":"es","potentialAction":[{"@type":"ReadAction","target":["https:\/\/www.uruloki.org\/felipeblog\/cine-inclasificable\/nuevo-trailer-corto-esa-cosa-olvidada-king-arthur-legend-of-the-sword-guy-ritchie-neill-blokamp-confiesa-alien-5-ha-entrado-fase-olvido-casi-absoluto-la-cosa-pinta-mal"]}]},{"@type":"ImageObject","inLanguage":"es","@id":"https:\/\/www.uruloki.org\/felipeblog\/cine-inclasificable\/nuevo-trailer-corto-esa-cosa-olvidada-king-arthur-legend-of-the-sword-guy-ritchie-neill-blokamp-confiesa-alien-5-ha-entrado-fase-olvido-casi-absoluto-la-cosa-pinta-mal#primaryimage","url":"https:\/\/uruloki.org\/felipeblog\/imagenes2017\/20170122-king-arthur-the-legend-of-the-sword.jpg","contentUrl":"https:\/\/uruloki.org\/felipeblog\/imagenes2017\/20170122-king-arthur-the-legend-of-the-sword.jpg"},{"@type":"BreadcrumbList","@id":"https:\/\/www.uruloki.org\/felipeblog\/cine-inclasificable\/nuevo-trailer-corto-esa-cosa-olvidada-king-arthur-legend-of-the-sword-guy-ritchie-neill-blokamp-confiesa-alien-5-ha-entrado-fase-olvido-casi-absoluto-la-cosa-pinta-mal#breadcrumb","itemListElement":[{"@type":"ListItem","position":1,"name":"Portada","item":"https:\/\/www.uruloki.org\/felipeblog"},{"@type":"ListItem","position":2,"name":"Un nuevo trailer (corto) de esa cosa olvidada que es King Arthur: Legend of the Sword de Guy Ritchie, Neill Blomkamp confiesa que Alien 5 ha entrado en fase olvido casi absoluto (la cosa pinta mal), Michael Dougherty adem\u00e1s de escribir dirigir\u00e1 Godzilla 2, los rodajes de Avengers: Infinity War y Tomb Raider se han puesto en marcha, y David Ayer habla sobre toda la controversia de Escuadr\u00f3n Suicida y las decisiones tomadas&#8230;"}]},{"@type":"WebSite","@id":"https:\/\/www.uruloki.org\/felipeblog\/#website","url":"https:\/\/www.uruloki.org\/felipeblog\/","name":"Uruloki :: Blog","description":"Blog de cine, terror, ciencia ficci\u00f3n, fantas\u00eda y c\u00f3mics","potentialAction":[{"@type":"SearchAction","target":{"@type":"EntryPoint","urlTemplate":"https:\/\/www.uruloki.org\/felipeblog\/?s={search_term_string}"},"query-input":{"@type":"PropertyValueSpecification","valueRequired":true,"valueName":"search_term_string"}}],"inLanguage":"es"},{"@type":"Person","@id":"https:\/\/www.uruloki.org\/felipeblog\/#\/schema\/person\/ddba06ddaa27edf0c370460d05c51bb3","name":"Uruloki","image":{"@type":"ImageObject","inLanguage":"es","@id":"https:\/\/www.uruloki.org\/felipeblog\/#\/schema\/person\/image\/","url":"https:\/\/secure.gravatar.com\/avatar\/68d5301c5f52ba88fd63f02c75b8c4d1b3c3fc4b21e2998a1e98c4b3a54d9f7c?s=96&d=mm&r=g","contentUrl":"https:\/\/secure.gravatar.com\/avatar\/68d5301c5f52ba88fd63f02c75b8c4d1b3c3fc4b21e2998a1e98c4b3a54d9f7c?s=96&d=mm&r=g","caption":"Uruloki"},"sameAs":["https:\/\/uruloki.org"],"url":"https:\/\/www.uruloki.org\/felipeblog\/author\/admin-2-2-2"}]}},"_links":{"self":[{"href":"https:\/\/www.uruloki.org\/felipeblog\/wp-json\/wp\/v2\/posts\/16400","targetHints":{"allow":["GET"]}}],"collection":[{"href":"https:\/\/www.uruloki.org\/felipeblog\/wp-json\/wp\/v2\/posts"}],"about":[{"href":"https:\/\/www.uruloki.org\/felipeblog\/wp-json\/wp\/v2\/types\/post"}],"author":[{"embeddable":true,"href":"https:\/\/www.uruloki.org\/felipeblog\/wp-json\/wp\/v2\/users\/28"}],"replies":[{"embeddable":true,"href":"https:\/\/www.uruloki.org\/felipeblog\/wp-json\/wp\/v2\/comments?post=16400"}],"version-history":[{"count":2,"href":"https:\/\/www.uruloki.org\/felipeblog\/wp-json\/wp\/v2\/posts\/16400\/revisions"}],"predecessor-version":[{"id":16402,"href":"https:\/\/www.uruloki.org\/felipeblog\/wp-json\/wp\/v2\/posts\/16400\/revisions\/16402"}],"wp:attachment":[{"href":"https:\/\/www.uruloki.org\/felipeblog\/wp-json\/wp\/v2\/media?parent=16400"}],"wp:term":[{"taxonomy":"category","embeddable":true,"href":"https:\/\/www.uruloki.org\/felipeblog\/wp-json\/wp\/v2\/categories?post=16400"},{"taxonomy":"post_tag","embeddable":true,"href":"https:\/\/www.uruloki.org\/felipeblog\/wp-json\/wp\/v2\/tags?post=16400"}],"curies":[{"name":"wp","href":"https:\/\/api.w.org\/{rel}","templated":true}]}}