{"id":16190,"date":"2016-11-16T23:41:39","date_gmt":"2016-11-16T22:41:39","guid":{"rendered":"https:\/\/uruloki.org\/felipeblog\/?p=16190"},"modified":"2016-11-16T23:41:39","modified_gmt":"2016-11-16T22:41:39","slug":"par-nuevos-carteles-kong-la-isla-calavera-uno-francamente-molon-apocaliptico-posible-trasfondo-del-personaje-benicio-del-toro-star-wars-episode-viii-sam-raimi-indica","status":"publish","type":"post","link":"https:\/\/www.uruloki.org\/felipeblog\/cine-de-ciencia-ficcion\/par-nuevos-carteles-kong-la-isla-calavera-uno-francamente-molon-apocaliptico-posible-trasfondo-del-personaje-benicio-del-toro-star-wars-episode-viii-sam-raimi-indica","title":{"rendered":"Un par de nuevos carteles de Kong: la isla Calavera (uno de ellos francamente mol\u00f3n y apocal\u00edptico), posible trasfondo del personaje de Benicio del Toro para Star Wars: Episode VIII, Sam Raimi indica que la adaptaci\u00f3n de \u00abThe Last of Us\u00bb est\u00e1 en manos de otros y fuera de su control, nueva imagen rob\u00f3tica de la mano de Donald Pierce en Logan, y el trailer animado de \u00abJustice League Dark\u00bb&#8230;"},"content":{"rendered":"<p>Bueno, vamos al tema que hay alguna cosa que contar. Por lo pronto, y como adelanto al trailer de ma&ntilde;ana o pasado, tenemos nuevos carteles molones, sobre todo el primero, de <strong>Kong: la isla Calavera<\/strong> (<em>Kong: Skull Island<\/em>, 2017) de <strong>Jordan Vogt-Roberts<\/strong>. Hay otro circulando por ah&iacute;, pero <a href=\"https:\/\/uruloki.org\/felipeblog\/images2016\/20161116-kong-skull-island-2.jpg\" target=\"_blank\" rel=\"shadowbox\" onclick=\"return false;\">por ahora s&oacute;lo lo hay en formato cuadrado<\/a>, pero supongo que ma&ntilde;ana o as&iacute; lo tendremos tambi&eacute;n en tama&ntilde;o <em>king-size<\/em>&#8230; digno del mism&iacute;simo <em>King Kong<\/em>. En fin, el cartel de hoy, este de abajo, es de los que crean escuela. Buen montaje y buenas expectativas para el retorno del verdadero <em>Kong<\/em> al cine&#8230; a lo grande y a lo bestia.<\/p>\n<p class=\"centrado\"><img decoding=\"async\" src=\"https:\/\/uruloki.org\/felipeblog\/images2016\/20161116-kong-skull-island.jpg\" alt=\"Este cartel de Kong: la isla Calavera me mola un rato largo\" \/><br \/><em>Este cartel de Kong: la isla Calavera me mola un rato largo<\/em><\/p>\n<p> Ahora una de esas pseudo-noticias que ten&iacute;an que acabar saliendo a la luz. Making Star Wars suelta hoy <a href=\"http:\/\/makingstarwars.net\/2016\/11\/some-early-solid-rumors-on-star-wars-episode-viiis-laura-dern-benicio-del-toro-and-kelly-marie-tran\/\" target=\"_blank\">un rumor donde se comenta la identidad, o al menos las motivaciones, de uno de los nuevos &quot;villanos&quot; que veremos en <strong>Star Wars: Episode VIII<\/strong> (2017)<\/a>&#8230; el encarnado por <strong>Benicio del Toro<\/strong> (&iexcl;que todav&iacute;a no ha sido ni oficialmente fichado!). Cuentan en la web que el actor se pondr&aacute; en la piel de una especie de &quot;hombre de negro&quot;, un tipo misterioso, de misterioso pasado, con misteriosas razones que le llevan a trabajar para misteriosos socios. Si bien se le supon&iacute;a villano aparentemente jugar&aacute; un doble papel, bueno por el d&iacute;a y malo por la noche. Por lo que dejan caer en el portal suena que <strong>Benicio del Toro<\/strong> mutar&iacute;a en  algo as&iacute; como un <em>Lando Calrissian<\/em> de la vida. Lo que por un lado mola, deja entrever que este pueda ser otro paso m&aacute;s en el modelo &quot;<em>fotocopio  el pasado remoz&aacute;ndolo para las nueva generaciones<\/em>&quot;&#8230; y eso igual no gusta a todo el mundo. Pero ojo, dicen que no, que no ser&aacute; ni por asomo un <em>ripoff<\/em> de <strong>El imperio contraataca<\/strong> (<em>The Empire Strikes Back<\/em>), aunque algo de pinta tenga eso de  un fulano con amigos en ambos bandos y que no tomar&aacute; la decisi&oacute;n hasta el final. Pues eso, que es un rumor y como hoy hay poco que contar ah&iacute; lo suelto!<\/p>\n<div class=\"twittercentrado\">\n<blockquote class=\"instagram-media\" data-instgrm-captioned data-instgrm-version=\"7\" style=\" background:#FFF; border:0; border-radius:3px; box-shadow:0 0 1px 0 rgba(0,0,0,0.5),0 1px 10px 0 rgba(0,0,0,0.15); margin: 1px; max-width:658px; padding:0; width:99.375%; width:-webkit-calc(100% - 2px); width:calc(100% - 2px);\">\n<div style=\"padding:8px;\">\n<div style=\" background:#F8F8F8; line-height:0; margin-top:40px; padding:33.2407407407% 0; text-align:center; width:100%;\">\n<div style=\" background:url(data:image\/png;base64,iVBORw0KGgoAAAANSUhEUgAAACwAAAAsCAMAAAApWqozAAAABGdBTUEAALGPC\/xhBQAAAAFzUkdCAK7OHOkAAAAMUExURczMzPf399fX1+bm5mzY9AMAAADiSURBVDjLvZXbEsMgCES5\/P8\/t9FuRVCRmU73JWlzosgSIIZURCjo\/ad+EQJJB4Hv8BFt+IDpQoCx1wjOSBFhh2XssxEIYn3ulI\/6MNReE07UIWJEv8UEOWDS88LY97kqyTliJKKtuYBbruAyVh5wOHiXmpi5we58Ek028czwyuQdLKPG1Bkb4NnM+VeAnfHqn1k4+GPT6uGQcvu2h2OVuIf\/gWUFyy8OWEpdyZSa3aVCqpVoVvzZZ2VTnn2wU8qzVjDDetO90GSy9mVLqtgYSy231MxrY6I2gGqjrTY0L8fxCxfCBbhWrsYYAAAAAElFTkSuQmCC); display:block; height:44px; margin:0 auto -44px; position:relative; top:-22px; width:44px;\"><\/div>\n<\/div>\n<p style=\" margin:8px 0 0 0; padding:0 4px;\"> <a href=\"https:\/\/www.instagram.com\/p\/BM4Dyjcj0y7\/\" style=\" color:#000; font-family:Arial,sans-serif; font-size:14px; font-style:normal; font-weight:normal; line-height:17px; text-decoration:none; word-wrap:break-word;\" target=\"_blank\">Metal<\/a><\/p>\n<p style=\" color:#c9c8cd; font-family:Arial,sans-serif; font-size:14px; line-height:17px; margin-bottom:0; margin-top:8px; overflow:hidden; padding:8px 0 7px; text-align:center; text-overflow:ellipsis; white-space:nowrap;\">Una foto publicada por @wponx el <time style=\" font-family:Arial,sans-serif; font-size:14px; line-height:17px;\" datetime=\"2016-11-16T15:23:34+00:00\">16 de Nov de 2016 a la(s) 7:23 PST<\/time><\/p>\n<\/div>\n<\/blockquote>\n<p><script async defer src=\"\/\/platform.instagram.com\/en_US\/embeds.js\"><\/script><\/div>\n<p>Tenemos tambi&eacute;n a <a href=\"http:\/\/www.ign.com\/articles\/2016\/11\/16\/producer-sam-raimi-says-the-last-of-us-movie-stuck-at-a-standstill\" target=\"_blank\"><strong>Sam Raimi<\/strong> hablando sobre el desarrollo de la adaptaci&oacute;n de <strong>&quot;The Last of Us&quot;<\/strong><\/a>, y declarando que estamos ante el posible fin de la adaptaci&oacute;n, al menos en sus manos. Charlando con IGN cuenta <strong>Raimi<\/strong> que las declaraciones a principios de a&ntilde;o de <strong>Neil Druckmann<\/strong>, guionista, eran tristemente premonitorias&#8230; el proyecto estaba enfrascado en el infierno del desarrollo. Resulta que el proyecto entr&oacute; con buen pie en <strong>Ghost House Pictures<\/strong> gracias a <strong>Raimi<\/strong> y <strong>Druckmann<\/strong>. El tiempo llev&oacute; los derechos de la compa&ntilde;&iacute;a del bueno de <strong>Sam<\/strong> a manos de <strong>Sony<\/strong>, el poder es lo que tiene. Pese a las buenas relaciones de <strong>Sony<\/strong> y <strong>Raimi<\/strong>, lo que <strong>Druckmann<\/strong> quer&iacute;a no era lo que la gran compa&ntilde;&iacute;a deseaba y en esas siguen. <strong>Sony<\/strong> tiene los derechos, <strong>Druckmann<\/strong> no quiere hacer lo que el estudio requiere y fin. Para rematar un trailer animado&#8230; <strong>&quot;Justice League Dark&quot;<\/strong>, a falta de la versi&oacute;n de <strong>Guillermo del Toro<\/strong>, esto.<\/p>\n<div class=\"video\"><iframe loading=\"lazy\" width=\"100%\" height=\"360\" src=\"https:\/\/www.youtube.com\/embed\/MbA8TKIeJ7g\" allowfullscreen=\"true\"><\/iframe><\/div>\n","protected":false},"excerpt":{"rendered":"<p>Bueno, vamos al tema que hay alguna cosa que contar. Por lo pronto, y como adelanto al trailer de ma&ntilde;ana o pasado, tenemos nuevos carteles molones, sobre todo el primero, de Kong: la isla Calavera (Kong: Skull Island, 2017) de Jordan Vogt-Roberts. Hay otro circulando por ah&iacute;, pero por ahora s&oacute;lo lo hay en formato [&hellip;]<\/p>\n","protected":false},"author":28,"featured_media":0,"comment_status":"open","ping_status":"open","sticky":false,"template":"","format":"standard","meta":{"footnotes":""},"categories":[10,8,9,15],"tags":[2475,3223,3636,2374,2828],"class_list":["post-16190","post","type-post","status-publish","format-standard","hentry","category-cine-de-comics","category-cine-de-ciencia-ficcion","category-cine-de-terror","category-star-wars","tag-justice-league-dark","tag-kong-skull-island","tag-logan","tag-star-wars-episode-viii","tag-the-last-of-us"],"yoast_head":"<!-- This site is optimized with the Yoast SEO plugin v24.3 - https:\/\/yoast.com\/wordpress\/plugins\/seo\/ -->\n<title>Dos nuevos carteles de Kong: la isla Calavera, uno mol\u00f3n y apocal\u00edptico!!!<\/title>\n<meta name=\"description\" content=\"Como adelanto al trailer de ma\u00f1ana o pasado, tenemos nuevos carteles molones, sobre todo el primero, de Kong: la isla Calavera de Jordan Vogt-Roberts.\" \/>\n<meta name=\"robots\" content=\"index, follow, max-snippet:-1, max-image-preview:large, max-video-preview:-1\" \/>\n<link rel=\"canonical\" href=\"https:\/\/www.uruloki.org\/felipeblog\/cine-de-ciencia-ficcion\/par-nuevos-carteles-kong-la-isla-calavera-uno-francamente-molon-apocaliptico-posible-trasfondo-del-personaje-benicio-del-toro-star-wars-episode-viii-sam-raimi-indica\" \/>\n<meta property=\"og:locale\" content=\"es_ES\" \/>\n<meta property=\"og:type\" content=\"article\" \/>\n<meta property=\"og:title\" content=\"Dos nuevos carteles de Kong: la isla Calavera, uno mol\u00f3n y apocal\u00edptico!!!\" \/>\n<meta property=\"og:description\" content=\"Como adelanto al trailer de ma\u00f1ana o pasado, tenemos nuevos carteles molones, sobre todo el primero, de Kong: la isla Calavera de Jordan Vogt-Roberts.\" \/>\n<meta property=\"og:url\" content=\"https:\/\/www.uruloki.org\/felipeblog\/cine-de-ciencia-ficcion\/par-nuevos-carteles-kong-la-isla-calavera-uno-francamente-molon-apocaliptico-posible-trasfondo-del-personaje-benicio-del-toro-star-wars-episode-viii-sam-raimi-indica\" \/>\n<meta property=\"og:site_name\" content=\"Uruloki :: Blog\" \/>\n<meta property=\"article:publisher\" content=\"https:\/\/www.facebook.com\/uruloki.org\" \/>\n<meta property=\"article:published_time\" content=\"2016-11-16T22:41:39+00:00\" \/>\n<meta property=\"og:image\" content=\"https:\/\/uruloki.org\/felipeblog\/images2016\/20161116-kong-skull-island.jpg\" \/>\n<meta name=\"author\" content=\"Uruloki\" \/>\n<meta name=\"twitter:card\" content=\"summary_large_image\" \/>\n<meta name=\"twitter:creator\" content=\"@uruloki\" \/>\n<meta name=\"twitter:site\" content=\"@uruloki\" \/>\n<meta name=\"twitter:label1\" content=\"Escrito por\" \/>\n\t<meta name=\"twitter:data1\" content=\"Uruloki\" \/>\n\t<meta name=\"twitter:label2\" content=\"Tiempo de lectura\" \/>\n\t<meta name=\"twitter:data2\" content=\"3 minutos\" \/>\n<script type=\"application\/ld+json\" class=\"yoast-schema-graph\">{\"@context\":\"https:\/\/schema.org\",\"@graph\":[{\"@type\":\"WebPage\",\"@id\":\"https:\/\/www.uruloki.org\/felipeblog\/cine-de-ciencia-ficcion\/par-nuevos-carteles-kong-la-isla-calavera-uno-francamente-molon-apocaliptico-posible-trasfondo-del-personaje-benicio-del-toro-star-wars-episode-viii-sam-raimi-indica\",\"url\":\"https:\/\/www.uruloki.org\/felipeblog\/cine-de-ciencia-ficcion\/par-nuevos-carteles-kong-la-isla-calavera-uno-francamente-molon-apocaliptico-posible-trasfondo-del-personaje-benicio-del-toro-star-wars-episode-viii-sam-raimi-indica\",\"name\":\"Dos nuevos carteles de Kong: la isla Calavera, uno mol\u00f3n y apocal\u00edptico!!!\",\"isPartOf\":{\"@id\":\"https:\/\/www.uruloki.org\/felipeblog\/#website\"},\"primaryImageOfPage\":{\"@id\":\"https:\/\/www.uruloki.org\/felipeblog\/cine-de-ciencia-ficcion\/par-nuevos-carteles-kong-la-isla-calavera-uno-francamente-molon-apocaliptico-posible-trasfondo-del-personaje-benicio-del-toro-star-wars-episode-viii-sam-raimi-indica#primaryimage\"},\"image\":{\"@id\":\"https:\/\/www.uruloki.org\/felipeblog\/cine-de-ciencia-ficcion\/par-nuevos-carteles-kong-la-isla-calavera-uno-francamente-molon-apocaliptico-posible-trasfondo-del-personaje-benicio-del-toro-star-wars-episode-viii-sam-raimi-indica#primaryimage\"},\"thumbnailUrl\":\"https:\/\/uruloki.org\/felipeblog\/images2016\/20161116-kong-skull-island.jpg\",\"datePublished\":\"2016-11-16T22:41:39+00:00\",\"dateModified\":\"2016-11-16T22:41:39+00:00\",\"author\":{\"@id\":\"https:\/\/www.uruloki.org\/felipeblog\/#\/schema\/person\/ddba06ddaa27edf0c370460d05c51bb3\"},\"description\":\"Como adelanto al trailer de ma\u00f1ana o pasado, tenemos nuevos carteles molones, sobre todo el primero, de Kong: la isla Calavera de Jordan Vogt-Roberts.\",\"breadcrumb\":{\"@id\":\"https:\/\/www.uruloki.org\/felipeblog\/cine-de-ciencia-ficcion\/par-nuevos-carteles-kong-la-isla-calavera-uno-francamente-molon-apocaliptico-posible-trasfondo-del-personaje-benicio-del-toro-star-wars-episode-viii-sam-raimi-indica#breadcrumb\"},\"inLanguage\":\"es\",\"potentialAction\":[{\"@type\":\"ReadAction\",\"target\":[\"https:\/\/www.uruloki.org\/felipeblog\/cine-de-ciencia-ficcion\/par-nuevos-carteles-kong-la-isla-calavera-uno-francamente-molon-apocaliptico-posible-trasfondo-del-personaje-benicio-del-toro-star-wars-episode-viii-sam-raimi-indica\"]}]},{\"@type\":\"ImageObject\",\"inLanguage\":\"es\",\"@id\":\"https:\/\/www.uruloki.org\/felipeblog\/cine-de-ciencia-ficcion\/par-nuevos-carteles-kong-la-isla-calavera-uno-francamente-molon-apocaliptico-posible-trasfondo-del-personaje-benicio-del-toro-star-wars-episode-viii-sam-raimi-indica#primaryimage\",\"url\":\"https:\/\/uruloki.org\/felipeblog\/images2016\/20161116-kong-skull-island.jpg\",\"contentUrl\":\"https:\/\/uruloki.org\/felipeblog\/images2016\/20161116-kong-skull-island.jpg\"},{\"@type\":\"BreadcrumbList\",\"@id\":\"https:\/\/www.uruloki.org\/felipeblog\/cine-de-ciencia-ficcion\/par-nuevos-carteles-kong-la-isla-calavera-uno-francamente-molon-apocaliptico-posible-trasfondo-del-personaje-benicio-del-toro-star-wars-episode-viii-sam-raimi-indica#breadcrumb\",\"itemListElement\":[{\"@type\":\"ListItem\",\"position\":1,\"name\":\"Portada\",\"item\":\"https:\/\/www.uruloki.org\/felipeblog\"},{\"@type\":\"ListItem\",\"position\":2,\"name\":\"Un par de nuevos carteles de Kong: la isla Calavera (uno de ellos francamente mol\u00f3n y apocal\u00edptico), posible trasfondo del personaje de Benicio del Toro para Star Wars: Episode VIII, Sam Raimi indica que la adaptaci\u00f3n de \u00abThe Last of Us\u00bb est\u00e1 en manos de otros y fuera de su control, nueva imagen rob\u00f3tica de la mano de Donald Pierce en Logan, y el trailer animado de \u00abJustice League Dark\u00bb&#8230;\"}]},{\"@type\":\"WebSite\",\"@id\":\"https:\/\/www.uruloki.org\/felipeblog\/#website\",\"url\":\"https:\/\/www.uruloki.org\/felipeblog\/\",\"name\":\"Uruloki :: Blog\",\"description\":\"Blog de cine, terror, ciencia ficci\u00f3n, fantas\u00eda y c\u00f3mics\",\"potentialAction\":[{\"@type\":\"SearchAction\",\"target\":{\"@type\":\"EntryPoint\",\"urlTemplate\":\"https:\/\/www.uruloki.org\/felipeblog\/?s={search_term_string}\"},\"query-input\":{\"@type\":\"PropertyValueSpecification\",\"valueRequired\":true,\"valueName\":\"search_term_string\"}}],\"inLanguage\":\"es\"},{\"@type\":\"Person\",\"@id\":\"https:\/\/www.uruloki.org\/felipeblog\/#\/schema\/person\/ddba06ddaa27edf0c370460d05c51bb3\",\"name\":\"Uruloki\",\"image\":{\"@type\":\"ImageObject\",\"inLanguage\":\"es\",\"@id\":\"https:\/\/www.uruloki.org\/felipeblog\/#\/schema\/person\/image\/\",\"url\":\"https:\/\/secure.gravatar.com\/avatar\/68d5301c5f52ba88fd63f02c75b8c4d1b3c3fc4b21e2998a1e98c4b3a54d9f7c?s=96&d=mm&r=g\",\"contentUrl\":\"https:\/\/secure.gravatar.com\/avatar\/68d5301c5f52ba88fd63f02c75b8c4d1b3c3fc4b21e2998a1e98c4b3a54d9f7c?s=96&d=mm&r=g\",\"caption\":\"Uruloki\"},\"sameAs\":[\"https:\/\/uruloki.org\"],\"url\":\"https:\/\/www.uruloki.org\/felipeblog\/author\/admin-2-2-2\"}]}<\/script>\n<!-- \/ Yoast SEO plugin. -->","yoast_head_json":{"title":"Dos nuevos carteles de Kong: la isla Calavera, uno mol\u00f3n y apocal\u00edptico!!!","description":"Como adelanto al trailer de ma\u00f1ana o pasado, tenemos nuevos carteles molones, sobre todo el primero, de Kong: la isla Calavera de Jordan Vogt-Roberts.","robots":{"index":"index","follow":"follow","max-snippet":"max-snippet:-1","max-image-preview":"max-image-preview:large","max-video-preview":"max-video-preview:-1"},"canonical":"https:\/\/www.uruloki.org\/felipeblog\/cine-de-ciencia-ficcion\/par-nuevos-carteles-kong-la-isla-calavera-uno-francamente-molon-apocaliptico-posible-trasfondo-del-personaje-benicio-del-toro-star-wars-episode-viii-sam-raimi-indica","og_locale":"es_ES","og_type":"article","og_title":"Dos nuevos carteles de Kong: la isla Calavera, uno mol\u00f3n y apocal\u00edptico!!!","og_description":"Como adelanto al trailer de ma\u00f1ana o pasado, tenemos nuevos carteles molones, sobre todo el primero, de Kong: la isla Calavera de Jordan Vogt-Roberts.","og_url":"https:\/\/www.uruloki.org\/felipeblog\/cine-de-ciencia-ficcion\/par-nuevos-carteles-kong-la-isla-calavera-uno-francamente-molon-apocaliptico-posible-trasfondo-del-personaje-benicio-del-toro-star-wars-episode-viii-sam-raimi-indica","og_site_name":"Uruloki :: Blog","article_publisher":"https:\/\/www.facebook.com\/uruloki.org","article_published_time":"2016-11-16T22:41:39+00:00","og_image":[{"url":"https:\/\/uruloki.org\/felipeblog\/images2016\/20161116-kong-skull-island.jpg","type":"","width":"","height":""}],"author":"Uruloki","twitter_card":"summary_large_image","twitter_creator":"@uruloki","twitter_site":"@uruloki","twitter_misc":{"Escrito por":"Uruloki","Tiempo de lectura":"3 minutos"},"schema":{"@context":"https:\/\/schema.org","@graph":[{"@type":"WebPage","@id":"https:\/\/www.uruloki.org\/felipeblog\/cine-de-ciencia-ficcion\/par-nuevos-carteles-kong-la-isla-calavera-uno-francamente-molon-apocaliptico-posible-trasfondo-del-personaje-benicio-del-toro-star-wars-episode-viii-sam-raimi-indica","url":"https:\/\/www.uruloki.org\/felipeblog\/cine-de-ciencia-ficcion\/par-nuevos-carteles-kong-la-isla-calavera-uno-francamente-molon-apocaliptico-posible-trasfondo-del-personaje-benicio-del-toro-star-wars-episode-viii-sam-raimi-indica","name":"Dos nuevos carteles de Kong: la isla Calavera, uno mol\u00f3n y apocal\u00edptico!!!","isPartOf":{"@id":"https:\/\/www.uruloki.org\/felipeblog\/#website"},"primaryImageOfPage":{"@id":"https:\/\/www.uruloki.org\/felipeblog\/cine-de-ciencia-ficcion\/par-nuevos-carteles-kong-la-isla-calavera-uno-francamente-molon-apocaliptico-posible-trasfondo-del-personaje-benicio-del-toro-star-wars-episode-viii-sam-raimi-indica#primaryimage"},"image":{"@id":"https:\/\/www.uruloki.org\/felipeblog\/cine-de-ciencia-ficcion\/par-nuevos-carteles-kong-la-isla-calavera-uno-francamente-molon-apocaliptico-posible-trasfondo-del-personaje-benicio-del-toro-star-wars-episode-viii-sam-raimi-indica#primaryimage"},"thumbnailUrl":"https:\/\/uruloki.org\/felipeblog\/images2016\/20161116-kong-skull-island.jpg","datePublished":"2016-11-16T22:41:39+00:00","dateModified":"2016-11-16T22:41:39+00:00","author":{"@id":"https:\/\/www.uruloki.org\/felipeblog\/#\/schema\/person\/ddba06ddaa27edf0c370460d05c51bb3"},"description":"Como adelanto al trailer de ma\u00f1ana o pasado, tenemos nuevos carteles molones, sobre todo el primero, de Kong: la isla Calavera de Jordan Vogt-Roberts.","breadcrumb":{"@id":"https:\/\/www.uruloki.org\/felipeblog\/cine-de-ciencia-ficcion\/par-nuevos-carteles-kong-la-isla-calavera-uno-francamente-molon-apocaliptico-posible-trasfondo-del-personaje-benicio-del-toro-star-wars-episode-viii-sam-raimi-indica#breadcrumb"},"inLanguage":"es","potentialAction":[{"@type":"ReadAction","target":["https:\/\/www.uruloki.org\/felipeblog\/cine-de-ciencia-ficcion\/par-nuevos-carteles-kong-la-isla-calavera-uno-francamente-molon-apocaliptico-posible-trasfondo-del-personaje-benicio-del-toro-star-wars-episode-viii-sam-raimi-indica"]}]},{"@type":"ImageObject","inLanguage":"es","@id":"https:\/\/www.uruloki.org\/felipeblog\/cine-de-ciencia-ficcion\/par-nuevos-carteles-kong-la-isla-calavera-uno-francamente-molon-apocaliptico-posible-trasfondo-del-personaje-benicio-del-toro-star-wars-episode-viii-sam-raimi-indica#primaryimage","url":"https:\/\/uruloki.org\/felipeblog\/images2016\/20161116-kong-skull-island.jpg","contentUrl":"https:\/\/uruloki.org\/felipeblog\/images2016\/20161116-kong-skull-island.jpg"},{"@type":"BreadcrumbList","@id":"https:\/\/www.uruloki.org\/felipeblog\/cine-de-ciencia-ficcion\/par-nuevos-carteles-kong-la-isla-calavera-uno-francamente-molon-apocaliptico-posible-trasfondo-del-personaje-benicio-del-toro-star-wars-episode-viii-sam-raimi-indica#breadcrumb","itemListElement":[{"@type":"ListItem","position":1,"name":"Portada","item":"https:\/\/www.uruloki.org\/felipeblog"},{"@type":"ListItem","position":2,"name":"Un par de nuevos carteles de Kong: la isla Calavera (uno de ellos francamente mol\u00f3n y apocal\u00edptico), posible trasfondo del personaje de Benicio del Toro para Star Wars: Episode VIII, Sam Raimi indica que la adaptaci\u00f3n de \u00abThe Last of Us\u00bb est\u00e1 en manos de otros y fuera de su control, nueva imagen rob\u00f3tica de la mano de Donald Pierce en Logan, y el trailer animado de \u00abJustice League Dark\u00bb&#8230;"}]},{"@type":"WebSite","@id":"https:\/\/www.uruloki.org\/felipeblog\/#website","url":"https:\/\/www.uruloki.org\/felipeblog\/","name":"Uruloki :: Blog","description":"Blog de cine, terror, ciencia ficci\u00f3n, fantas\u00eda y c\u00f3mics","potentialAction":[{"@type":"SearchAction","target":{"@type":"EntryPoint","urlTemplate":"https:\/\/www.uruloki.org\/felipeblog\/?s={search_term_string}"},"query-input":{"@type":"PropertyValueSpecification","valueRequired":true,"valueName":"search_term_string"}}],"inLanguage":"es"},{"@type":"Person","@id":"https:\/\/www.uruloki.org\/felipeblog\/#\/schema\/person\/ddba06ddaa27edf0c370460d05c51bb3","name":"Uruloki","image":{"@type":"ImageObject","inLanguage":"es","@id":"https:\/\/www.uruloki.org\/felipeblog\/#\/schema\/person\/image\/","url":"https:\/\/secure.gravatar.com\/avatar\/68d5301c5f52ba88fd63f02c75b8c4d1b3c3fc4b21e2998a1e98c4b3a54d9f7c?s=96&d=mm&r=g","contentUrl":"https:\/\/secure.gravatar.com\/avatar\/68d5301c5f52ba88fd63f02c75b8c4d1b3c3fc4b21e2998a1e98c4b3a54d9f7c?s=96&d=mm&r=g","caption":"Uruloki"},"sameAs":["https:\/\/uruloki.org"],"url":"https:\/\/www.uruloki.org\/felipeblog\/author\/admin-2-2-2"}]}},"_links":{"self":[{"href":"https:\/\/www.uruloki.org\/felipeblog\/wp-json\/wp\/v2\/posts\/16190","targetHints":{"allow":["GET"]}}],"collection":[{"href":"https:\/\/www.uruloki.org\/felipeblog\/wp-json\/wp\/v2\/posts"}],"about":[{"href":"https:\/\/www.uruloki.org\/felipeblog\/wp-json\/wp\/v2\/types\/post"}],"author":[{"embeddable":true,"href":"https:\/\/www.uruloki.org\/felipeblog\/wp-json\/wp\/v2\/users\/28"}],"replies":[{"embeddable":true,"href":"https:\/\/www.uruloki.org\/felipeblog\/wp-json\/wp\/v2\/comments?post=16190"}],"version-history":[{"count":1,"href":"https:\/\/www.uruloki.org\/felipeblog\/wp-json\/wp\/v2\/posts\/16190\/revisions"}],"predecessor-version":[{"id":16191,"href":"https:\/\/www.uruloki.org\/felipeblog\/wp-json\/wp\/v2\/posts\/16190\/revisions\/16191"}],"wp:attachment":[{"href":"https:\/\/www.uruloki.org\/felipeblog\/wp-json\/wp\/v2\/media?parent=16190"}],"wp:term":[{"taxonomy":"category","embeddable":true,"href":"https:\/\/www.uruloki.org\/felipeblog\/wp-json\/wp\/v2\/categories?post=16190"},{"taxonomy":"post_tag","embeddable":true,"href":"https:\/\/www.uruloki.org\/felipeblog\/wp-json\/wp\/v2\/tags?post=16190"}],"curies":[{"name":"wp","href":"https:\/\/api.w.org\/{rel}","templated":true}]}}