{"id":15859,"date":"2016-08-07T23:27:59","date_gmt":"2016-08-07T21:27:59","guid":{"rendered":"https:\/\/uruloki.org\/felipeblog\/?p=15859"},"modified":"2016-08-08T00:29:34","modified_gmt":"2016-08-07T22:29:34","slug":"escuadron-suicida-amasa-267-millones-primer-fin-semana-estreno-mundial-primera-imagen-oficial-resident-evil-final-chapter-trailer-martes-se-anuncia-nuevo-avance-ro","status":"publish","type":"post","link":"https:\/\/www.uruloki.org\/felipeblog\/cine-de-terror\/escuadron-suicida-amasa-267-millones-primer-fin-semana-estreno-mundial-primera-imagen-oficial-resident-evil-final-chapter-trailer-martes-se-anuncia-nuevo-avance-ro","title":{"rendered":"Escuadr\u00f3n Suicida amasa 267 millones en su primer fin de semana de estreno mundial, primera imagen oficial de Resident Evil: The Final Chapter y el trailer para el martes, se anuncia un nuevo avance de Rogue One: Una Historia de Star Wars para el jueves que viene, Jimmy Smits tendr\u00e1 un cameo como Bail Organa en Rogue One, Daisy Ridley se une a la adaptaci\u00f3n YA de Doug Liman Chaos Walking, y mirad que mona Brie Larson leyendo c\u00f3mics de Captain Marvel con un pijama de Captain Marvel&#8230;"},"content":{"rendered":"<p>Tras un domingo de playa, en el que me he descuidado y por lo tanto quemado un poquit&iacute;n, un paso muy r&aacute;pido por el blog para dejaros con unos apuntes noticieros y a otra cosa mariposa. Antes de nada os comento que el primer fin de semana en taquilla para <strong>Escuadr&oacute;n Suicida<\/strong> (<em>Suicide Squad<\/em>) ha llegado a su fin y las cifras son positivas. <a href=\"http:\/\/www.boxofficemojo.com\/movies\/?id=dc2016.htm\" target=\"_blank\">El film de <strong>David Ayer<\/strong> ha recaudado 135 millones en los USA y 132 en el resto del mundo<\/a>, aupando al proyecto a unos nada despreciables 267 para su puesta en marcha. Veremos hasta d&oacute;nde llega y si funciona el boca a boca o el castigo cr&iacute;tico llega como ocurri&oacute; con <strong>Batman v Superman<\/strong>.<\/p>\n<p class=\"centrado\"><img decoding=\"async\" src=\"https:\/\/uruloki.org\/felipeblog\/images2016\/20160807-residentevil.jpg\" alt=\"Primera imagen de Resident Evil: Final Chapter... pues eso\" \/><br \/>\n<em>Primera imagen de Resident Evil: Final Chapter&#8230; pues eso<\/em> <\/p>\n<p>Aqu&iacute; arriba pod&eacute;is ver la primera imagen de <strong>Resident Evil:  The Final Chapter<\/strong> (2016), de la que veremos adem&aacute;s su primer trailer el pr&oacute;ximo martes 9 de agosto. En la imagen tenemos nuevamente a <strong>Ali Larter<\/strong> regresando  como <strong>Claire Redfield<\/strong>, la obligada <strong>Milla Jovovich<\/strong> como la imparable <strong>Alice<\/strong> y, en la imagen a la modelo \/ actriz australiana <strong>Ruby Rose<\/strong> en el papel de <strong>Abigail<\/strong>. Del trailer ha aparecido adem&aacute;s un tease que advierte por donde ir&aacute;n los tiros. Faltan muchos pero, la verdad, ni fu ni fa tras lo visto en los &uacute;ltimos episodios de la saga. Vuelven <strong>Iain Glen<\/strong> como el <strong>Dr. Alexander Isaacs<\/strong> y <strong>Shawn Roberts<\/strong> como <strong>Albert Wesker<\/strong>, y debutan <strong>Eoin Macken<\/strong>, <strong>William Levy<\/strong>, <strong>Fraser James<\/strong> y la artista japonesa <strong>Rola<\/strong>. No s&eacute; que esperar, pero mejor no apostar por mucho que luego nos llevamos un castigo. Este film continua donde se quedaron las cosas en <strong>Resident Evil 5: Venganza<\/strong> (<em>Resident Evil: Retribution<\/em>), y con <strong>Alice<\/strong> volviendo a Raccoon City para acabar con la Umbrella Corporation que planea su golpe final.<\/p>\n<div class=\"twittercentrado\">\n<blockquote class=\"twitter-tweet\" data-lang=\"es\">\n<p lang=\"en\" dir=\"ltr\">Teaser for <a href=\"https:\/\/twitter.com\/hashtag\/ResidentEvilFinalChapter?src=hash\" target=\"_blank\">#ResidentEvilFinalChapter<\/a>: 4 days to the official trailer everyone!!! Can&#39;t wait! <a href=\"https:\/\/t.co\/uTj5s2nJdr\" target=\"_blank\">pic.twitter.com\/uTj5s2nJdr<\/a><\/p>\n<p>&mdash; Milla Jovovich (@MillaJovovich) <a href=\"https:\/\/twitter.com\/MillaJovovich\/status\/761643387426476032\" target=\"_blank\">5 de agosto de 2016<\/a><\/p><\/blockquote>\n<\/div>\n<p>Tenemos tambi&eacute;n anuncio de que veremos nuevo trailer de <strong>Rogue One: Una Historia de Star Wars<\/strong> (<em>Rogue One: A Star Wars Story<\/em>, 2016) durante la celebraci&oacute;n de los Juegos Ol&iacute;mpicos de Brasil 2016. El trailer se ver&aacute; el jueves, supongo que de madrugada por el tema de la diferencia horaria, se disfrutar&aacute; el viernes por la ma&ntilde;ana&#8230; espero. Vinculado a este proyecto, se descubre que <a href=\"http:\/\/variety.com\/2016\/film\/news\/star-wars-rogue-one-cameo-1201831711\/\" target=\"_blank\"><strong>Jimmy Smits<\/strong> tendr&aacute; un peque&ntilde;o cameo en el film volviendo a encarnar a <strong>Bail Organa<\/strong><\/a>, padre adoptivo de la <strong>Princesa Leia<\/strong> que palmaba cuando la Estrella de la Muerte reventaba a lo bestia el planeta Alderaan. Obviamente al personaje lo conocimos a posteriori en la nueva trilog&iacute;a de <strong>George Lucas<\/strong>, exactamente en <strong>Star Wars: Episodio II &#8211; El ataque de los clones<\/strong> (<em>Star Wars: Episode II &#8211; Attack of the Clones<\/em>) y <strong>Star Wars: Episodio III &#8211; La venganza de los Sith<\/strong> (<em>Star Wars: Episode III &#8211; Revenge of the Sith<\/em>).<\/p>\n<div class=\"twittercentrado\">\n<blockquote class=\"twitter-tweet\" data-lang=\"es\">\n<p lang=\"en\" dir=\"ltr\">See the premiere of the new <a href=\"https:\/\/twitter.com\/hashtag\/RogueOne?src=hash\" target=\"_blank\">#RogueOne<\/a> trailer during Olympic coverage this Thursday. <a href=\"https:\/\/t.co\/xkQIIvoYu3\" target=\"_blank\">pic.twitter.com\/xkQIIvoYu3<\/a><\/p>\n<p>&mdash; Star Wars (@starwars) <a href=\"https:\/\/twitter.com\/starwars\/status\/762341665172447232\" target=\"_blank\">7 de agosto de 2016<\/a><\/p><\/blockquote>\n<\/div>\n<p>Para rematar comentar que <strong>Daisy Ridley<\/strong> tiene ya nueva potencial franquicia entre manos al haber sido <a href=\"http:\/\/variety.com\/2016\/film\/news\/daisy-ridley-chaos-walking-lionsgate-1201810899\/\" target=\"_blank\">contratada para ser la protagonista femenina de <strong>Chaos Walking<\/strong> de <strong>Doug Liman<\/strong><\/a>, adaptaci&oacute;n de la hom&oacute;nima saga literaria de <strong>Patrick Ness<\/strong>. <a href=\"https:\/\/uruloki.org\/felipeblog\/cine\/nuevos-carteles-de-misin-imposible-protocolo-fantasma-y-de-esta-comedia-de-terror-situada-en-la-galicia-profunda-que-es-lobos-de-arga-j-j-abrams-y-billy-ray-preparan-una-historia-de-aventur\">En manos de Lionsgate desde 2011<\/a>, la adaptaci&oacute;n nos llevar&aacute; a un futuro dist&oacute;pico donde los humanos se han visto obligados a colonizar una planeta lejano muy similar a la Tierra. En ese planeta no hay mujeres, todas han fallecido, y los pensamientos de hombres y animales son todos audibles debido a un fen&oacute;meno conocido como &quot;Ruido&quot;. Pero cuando el corrupto dirigente de la colonia decide explotar al m&aacute;ximo este poder y acabar de paso con la raza ind&iacute;gena del planeta solo un joven llamado <strong>Todd Hewitt<\/strong> podr&aacute; pararle. La <strong>Ridley<\/strong> se supone encarnar&aacute; a una joven muda que supongo ocultar&aacute; alg&uacute;n secreto y que se cruza en la escapada del joven..<\/p>\n<div class=\"twittercentrado\">\n<blockquote class=\"twitter-tweet\" data-lang=\"es\">\n<p lang=\"en\" dir=\"ltr\">LARSON INDUSTRIES R&amp;D DEPT.: <a href=\"https:\/\/twitter.com\/ALECKSU\" target=\"_blank\">@ALECKSU<\/a> <a href=\"https:\/\/t.co\/e2BiLuovGh\" target=\"_blank\">pic.twitter.com\/e2BiLuovGh<\/a><\/p>\n<p>&mdash; Brie Larson (@brielarson) <a href=\"https:\/\/twitter.com\/brielarson\/status\/762004851358248960\" target=\"_blank\">6 de agosto de 2016<\/a><\/p><\/blockquote>\n<p><script async src=\"\/\/platform.twitter.com\/widgets.js\" charset=\"utf-8\"><\/script><\/div>\n","protected":false},"excerpt":{"rendered":"<p>Tras un domingo de playa, en el que me he descuidado y por lo tanto quemado un poquit&iacute;n, un paso muy r&aacute;pido por el blog para dejaros con unos apuntes noticieros y a otra cosa mariposa. Antes de nada os comento que el primer fin de semana en taquilla para Escuadr&oacute;n Suicida (Suicide Squad) ha [&hellip;]<\/p>\n","protected":false},"author":28,"featured_media":0,"comment_status":"open","ping_status":"open","sticky":false,"template":"","format":"standard","meta":{"footnotes":""},"categories":[10,8,9,19,15],"tags":[2955,1883,3045,3463,1174],"class_list":["post-15859","post","type-post","status-publish","format-standard","hentry","category-cine-de-comics","category-cine-de-ciencia-ficcion","category-cine-de-terror","category-cine-inclasificable","category-star-wars","tag-captain-marvel","tag-chaos-walking","tag-resident-evil-the-final-chapter","tag-rogue-one-a-star-wars-story","tag-suicide-squad"],"yoast_head":"<!-- This site is optimized with the Yoast SEO plugin v24.3 - https:\/\/yoast.com\/wordpress\/plugins\/seo\/ -->\n<title>Primera imagen de Resident Evil: The Final Chapter y el trailer el martes<\/title>\n<meta name=\"description\" content=\"Aqu\u00ed pod\u00e9is ver la primera imagen de Resident Evil: Final Chapter (2016), de la que veremos adem\u00e1s su primer trailer el pr\u00f3ximo martes 9 de agosto.\" \/>\n<meta name=\"robots\" content=\"index, follow, max-snippet:-1, max-image-preview:large, max-video-preview:-1\" \/>\n<link rel=\"canonical\" href=\"https:\/\/www.uruloki.org\/felipeblog\/cine-de-terror\/escuadron-suicida-amasa-267-millones-primer-fin-semana-estreno-mundial-primera-imagen-oficial-resident-evil-final-chapter-trailer-martes-se-anuncia-nuevo-avance-ro\" \/>\n<meta property=\"og:locale\" content=\"es_ES\" \/>\n<meta property=\"og:type\" content=\"article\" \/>\n<meta property=\"og:title\" content=\"Primera imagen de Resident Evil: The Final Chapter y el trailer el martes\" \/>\n<meta property=\"og:description\" content=\"Aqu\u00ed pod\u00e9is ver la primera imagen de Resident Evil: Final Chapter (2016), de la que veremos adem\u00e1s su primer trailer el pr\u00f3ximo martes 9 de agosto.\" \/>\n<meta property=\"og:url\" content=\"https:\/\/www.uruloki.org\/felipeblog\/cine-de-terror\/escuadron-suicida-amasa-267-millones-primer-fin-semana-estreno-mundial-primera-imagen-oficial-resident-evil-final-chapter-trailer-martes-se-anuncia-nuevo-avance-ro\" \/>\n<meta property=\"og:site_name\" content=\"Uruloki :: Blog\" \/>\n<meta property=\"article:publisher\" content=\"https:\/\/www.facebook.com\/uruloki.org\" \/>\n<meta property=\"article:published_time\" content=\"2016-08-07T21:27:59+00:00\" \/>\n<meta property=\"article:modified_time\" content=\"2016-08-07T22:29:34+00:00\" \/>\n<meta property=\"og:image\" content=\"https:\/\/uruloki.org\/felipeblog\/images2016\/20160807-residentevil.jpg\" \/>\n<meta name=\"author\" content=\"Uruloki\" \/>\n<meta name=\"twitter:card\" content=\"summary_large_image\" \/>\n<meta name=\"twitter:creator\" content=\"@uruloki\" \/>\n<meta name=\"twitter:site\" content=\"@uruloki\" \/>\n<meta name=\"twitter:label1\" content=\"Escrito por\" \/>\n\t<meta name=\"twitter:data1\" content=\"Uruloki\" \/>\n\t<meta name=\"twitter:label2\" content=\"Tiempo de lectura\" \/>\n\t<meta name=\"twitter:data2\" content=\"4 minutos\" \/>\n<script type=\"application\/ld+json\" class=\"yoast-schema-graph\">{\"@context\":\"https:\/\/schema.org\",\"@graph\":[{\"@type\":\"WebPage\",\"@id\":\"https:\/\/www.uruloki.org\/felipeblog\/cine-de-terror\/escuadron-suicida-amasa-267-millones-primer-fin-semana-estreno-mundial-primera-imagen-oficial-resident-evil-final-chapter-trailer-martes-se-anuncia-nuevo-avance-ro\",\"url\":\"https:\/\/www.uruloki.org\/felipeblog\/cine-de-terror\/escuadron-suicida-amasa-267-millones-primer-fin-semana-estreno-mundial-primera-imagen-oficial-resident-evil-final-chapter-trailer-martes-se-anuncia-nuevo-avance-ro\",\"name\":\"Primera imagen de Resident Evil: The Final Chapter y el trailer el martes\",\"isPartOf\":{\"@id\":\"https:\/\/www.uruloki.org\/felipeblog\/#website\"},\"primaryImageOfPage\":{\"@id\":\"https:\/\/www.uruloki.org\/felipeblog\/cine-de-terror\/escuadron-suicida-amasa-267-millones-primer-fin-semana-estreno-mundial-primera-imagen-oficial-resident-evil-final-chapter-trailer-martes-se-anuncia-nuevo-avance-ro#primaryimage\"},\"image\":{\"@id\":\"https:\/\/www.uruloki.org\/felipeblog\/cine-de-terror\/escuadron-suicida-amasa-267-millones-primer-fin-semana-estreno-mundial-primera-imagen-oficial-resident-evil-final-chapter-trailer-martes-se-anuncia-nuevo-avance-ro#primaryimage\"},\"thumbnailUrl\":\"https:\/\/uruloki.org\/felipeblog\/images2016\/20160807-residentevil.jpg\",\"datePublished\":\"2016-08-07T21:27:59+00:00\",\"dateModified\":\"2016-08-07T22:29:34+00:00\",\"author\":{\"@id\":\"https:\/\/www.uruloki.org\/felipeblog\/#\/schema\/person\/ddba06ddaa27edf0c370460d05c51bb3\"},\"description\":\"Aqu\u00ed pod\u00e9is ver la primera imagen de Resident Evil: Final Chapter (2016), de la que veremos adem\u00e1s su primer trailer el pr\u00f3ximo martes 9 de agosto.\",\"breadcrumb\":{\"@id\":\"https:\/\/www.uruloki.org\/felipeblog\/cine-de-terror\/escuadron-suicida-amasa-267-millones-primer-fin-semana-estreno-mundial-primera-imagen-oficial-resident-evil-final-chapter-trailer-martes-se-anuncia-nuevo-avance-ro#breadcrumb\"},\"inLanguage\":\"es\",\"potentialAction\":[{\"@type\":\"ReadAction\",\"target\":[\"https:\/\/www.uruloki.org\/felipeblog\/cine-de-terror\/escuadron-suicida-amasa-267-millones-primer-fin-semana-estreno-mundial-primera-imagen-oficial-resident-evil-final-chapter-trailer-martes-se-anuncia-nuevo-avance-ro\"]}]},{\"@type\":\"ImageObject\",\"inLanguage\":\"es\",\"@id\":\"https:\/\/www.uruloki.org\/felipeblog\/cine-de-terror\/escuadron-suicida-amasa-267-millones-primer-fin-semana-estreno-mundial-primera-imagen-oficial-resident-evil-final-chapter-trailer-martes-se-anuncia-nuevo-avance-ro#primaryimage\",\"url\":\"https:\/\/uruloki.org\/felipeblog\/images2016\/20160807-residentevil.jpg\",\"contentUrl\":\"https:\/\/uruloki.org\/felipeblog\/images2016\/20160807-residentevil.jpg\"},{\"@type\":\"BreadcrumbList\",\"@id\":\"https:\/\/www.uruloki.org\/felipeblog\/cine-de-terror\/escuadron-suicida-amasa-267-millones-primer-fin-semana-estreno-mundial-primera-imagen-oficial-resident-evil-final-chapter-trailer-martes-se-anuncia-nuevo-avance-ro#breadcrumb\",\"itemListElement\":[{\"@type\":\"ListItem\",\"position\":1,\"name\":\"Portada\",\"item\":\"https:\/\/www.uruloki.org\/felipeblog\"},{\"@type\":\"ListItem\",\"position\":2,\"name\":\"Escuadr\u00f3n Suicida amasa 267 millones en su primer fin de semana de estreno mundial, primera imagen oficial de Resident Evil: The Final Chapter y el trailer para el martes, se anuncia un nuevo avance de Rogue One: Una Historia de Star Wars para el jueves que viene, Jimmy Smits tendr\u00e1 un cameo como Bail Organa en Rogue One, Daisy Ridley se une a la adaptaci\u00f3n YA de Doug Liman Chaos Walking, y mirad que mona Brie Larson leyendo c\u00f3mics de Captain Marvel con un pijama de Captain Marvel&#8230;\"}]},{\"@type\":\"WebSite\",\"@id\":\"https:\/\/www.uruloki.org\/felipeblog\/#website\",\"url\":\"https:\/\/www.uruloki.org\/felipeblog\/\",\"name\":\"Uruloki :: Blog\",\"description\":\"Blog de cine, terror, ciencia ficci\u00f3n, fantas\u00eda y c\u00f3mics\",\"potentialAction\":[{\"@type\":\"SearchAction\",\"target\":{\"@type\":\"EntryPoint\",\"urlTemplate\":\"https:\/\/www.uruloki.org\/felipeblog\/?s={search_term_string}\"},\"query-input\":{\"@type\":\"PropertyValueSpecification\",\"valueRequired\":true,\"valueName\":\"search_term_string\"}}],\"inLanguage\":\"es\"},{\"@type\":\"Person\",\"@id\":\"https:\/\/www.uruloki.org\/felipeblog\/#\/schema\/person\/ddba06ddaa27edf0c370460d05c51bb3\",\"name\":\"Uruloki\",\"image\":{\"@type\":\"ImageObject\",\"inLanguage\":\"es\",\"@id\":\"https:\/\/www.uruloki.org\/felipeblog\/#\/schema\/person\/image\/\",\"url\":\"https:\/\/secure.gravatar.com\/avatar\/68d5301c5f52ba88fd63f02c75b8c4d1b3c3fc4b21e2998a1e98c4b3a54d9f7c?s=96&d=mm&r=g\",\"contentUrl\":\"https:\/\/secure.gravatar.com\/avatar\/68d5301c5f52ba88fd63f02c75b8c4d1b3c3fc4b21e2998a1e98c4b3a54d9f7c?s=96&d=mm&r=g\",\"caption\":\"Uruloki\"},\"sameAs\":[\"https:\/\/uruloki.org\"],\"url\":\"https:\/\/www.uruloki.org\/felipeblog\/author\/admin-2-2-2\"}]}<\/script>\n<!-- \/ Yoast SEO plugin. -->","yoast_head_json":{"title":"Primera imagen de Resident Evil: The Final Chapter y el trailer el martes","description":"Aqu\u00ed pod\u00e9is ver la primera imagen de Resident Evil: Final Chapter (2016), de la que veremos adem\u00e1s su primer trailer el pr\u00f3ximo martes 9 de agosto.","robots":{"index":"index","follow":"follow","max-snippet":"max-snippet:-1","max-image-preview":"max-image-preview:large","max-video-preview":"max-video-preview:-1"},"canonical":"https:\/\/www.uruloki.org\/felipeblog\/cine-de-terror\/escuadron-suicida-amasa-267-millones-primer-fin-semana-estreno-mundial-primera-imagen-oficial-resident-evil-final-chapter-trailer-martes-se-anuncia-nuevo-avance-ro","og_locale":"es_ES","og_type":"article","og_title":"Primera imagen de Resident Evil: The Final Chapter y el trailer el martes","og_description":"Aqu\u00ed pod\u00e9is ver la primera imagen de Resident Evil: Final Chapter (2016), de la que veremos adem\u00e1s su primer trailer el pr\u00f3ximo martes 9 de agosto.","og_url":"https:\/\/www.uruloki.org\/felipeblog\/cine-de-terror\/escuadron-suicida-amasa-267-millones-primer-fin-semana-estreno-mundial-primera-imagen-oficial-resident-evil-final-chapter-trailer-martes-se-anuncia-nuevo-avance-ro","og_site_name":"Uruloki :: Blog","article_publisher":"https:\/\/www.facebook.com\/uruloki.org","article_published_time":"2016-08-07T21:27:59+00:00","article_modified_time":"2016-08-07T22:29:34+00:00","og_image":[{"url":"https:\/\/uruloki.org\/felipeblog\/images2016\/20160807-residentevil.jpg","type":"","width":"","height":""}],"author":"Uruloki","twitter_card":"summary_large_image","twitter_creator":"@uruloki","twitter_site":"@uruloki","twitter_misc":{"Escrito por":"Uruloki","Tiempo de lectura":"4 minutos"},"schema":{"@context":"https:\/\/schema.org","@graph":[{"@type":"WebPage","@id":"https:\/\/www.uruloki.org\/felipeblog\/cine-de-terror\/escuadron-suicida-amasa-267-millones-primer-fin-semana-estreno-mundial-primera-imagen-oficial-resident-evil-final-chapter-trailer-martes-se-anuncia-nuevo-avance-ro","url":"https:\/\/www.uruloki.org\/felipeblog\/cine-de-terror\/escuadron-suicida-amasa-267-millones-primer-fin-semana-estreno-mundial-primera-imagen-oficial-resident-evil-final-chapter-trailer-martes-se-anuncia-nuevo-avance-ro","name":"Primera imagen de Resident Evil: The Final Chapter y el trailer el martes","isPartOf":{"@id":"https:\/\/www.uruloki.org\/felipeblog\/#website"},"primaryImageOfPage":{"@id":"https:\/\/www.uruloki.org\/felipeblog\/cine-de-terror\/escuadron-suicida-amasa-267-millones-primer-fin-semana-estreno-mundial-primera-imagen-oficial-resident-evil-final-chapter-trailer-martes-se-anuncia-nuevo-avance-ro#primaryimage"},"image":{"@id":"https:\/\/www.uruloki.org\/felipeblog\/cine-de-terror\/escuadron-suicida-amasa-267-millones-primer-fin-semana-estreno-mundial-primera-imagen-oficial-resident-evil-final-chapter-trailer-martes-se-anuncia-nuevo-avance-ro#primaryimage"},"thumbnailUrl":"https:\/\/uruloki.org\/felipeblog\/images2016\/20160807-residentevil.jpg","datePublished":"2016-08-07T21:27:59+00:00","dateModified":"2016-08-07T22:29:34+00:00","author":{"@id":"https:\/\/www.uruloki.org\/felipeblog\/#\/schema\/person\/ddba06ddaa27edf0c370460d05c51bb3"},"description":"Aqu\u00ed pod\u00e9is ver la primera imagen de Resident Evil: Final Chapter (2016), de la que veremos adem\u00e1s su primer trailer el pr\u00f3ximo martes 9 de agosto.","breadcrumb":{"@id":"https:\/\/www.uruloki.org\/felipeblog\/cine-de-terror\/escuadron-suicida-amasa-267-millones-primer-fin-semana-estreno-mundial-primera-imagen-oficial-resident-evil-final-chapter-trailer-martes-se-anuncia-nuevo-avance-ro#breadcrumb"},"inLanguage":"es","potentialAction":[{"@type":"ReadAction","target":["https:\/\/www.uruloki.org\/felipeblog\/cine-de-terror\/escuadron-suicida-amasa-267-millones-primer-fin-semana-estreno-mundial-primera-imagen-oficial-resident-evil-final-chapter-trailer-martes-se-anuncia-nuevo-avance-ro"]}]},{"@type":"ImageObject","inLanguage":"es","@id":"https:\/\/www.uruloki.org\/felipeblog\/cine-de-terror\/escuadron-suicida-amasa-267-millones-primer-fin-semana-estreno-mundial-primera-imagen-oficial-resident-evil-final-chapter-trailer-martes-se-anuncia-nuevo-avance-ro#primaryimage","url":"https:\/\/uruloki.org\/felipeblog\/images2016\/20160807-residentevil.jpg","contentUrl":"https:\/\/uruloki.org\/felipeblog\/images2016\/20160807-residentevil.jpg"},{"@type":"BreadcrumbList","@id":"https:\/\/www.uruloki.org\/felipeblog\/cine-de-terror\/escuadron-suicida-amasa-267-millones-primer-fin-semana-estreno-mundial-primera-imagen-oficial-resident-evil-final-chapter-trailer-martes-se-anuncia-nuevo-avance-ro#breadcrumb","itemListElement":[{"@type":"ListItem","position":1,"name":"Portada","item":"https:\/\/www.uruloki.org\/felipeblog"},{"@type":"ListItem","position":2,"name":"Escuadr\u00f3n Suicida amasa 267 millones en su primer fin de semana de estreno mundial, primera imagen oficial de Resident Evil: The Final Chapter y el trailer para el martes, se anuncia un nuevo avance de Rogue One: Una Historia de Star Wars para el jueves que viene, Jimmy Smits tendr\u00e1 un cameo como Bail Organa en Rogue One, Daisy Ridley se une a la adaptaci\u00f3n YA de Doug Liman Chaos Walking, y mirad que mona Brie Larson leyendo c\u00f3mics de Captain Marvel con un pijama de Captain Marvel&#8230;"}]},{"@type":"WebSite","@id":"https:\/\/www.uruloki.org\/felipeblog\/#website","url":"https:\/\/www.uruloki.org\/felipeblog\/","name":"Uruloki :: Blog","description":"Blog de cine, terror, ciencia ficci\u00f3n, fantas\u00eda y c\u00f3mics","potentialAction":[{"@type":"SearchAction","target":{"@type":"EntryPoint","urlTemplate":"https:\/\/www.uruloki.org\/felipeblog\/?s={search_term_string}"},"query-input":{"@type":"PropertyValueSpecification","valueRequired":true,"valueName":"search_term_string"}}],"inLanguage":"es"},{"@type":"Person","@id":"https:\/\/www.uruloki.org\/felipeblog\/#\/schema\/person\/ddba06ddaa27edf0c370460d05c51bb3","name":"Uruloki","image":{"@type":"ImageObject","inLanguage":"es","@id":"https:\/\/www.uruloki.org\/felipeblog\/#\/schema\/person\/image\/","url":"https:\/\/secure.gravatar.com\/avatar\/68d5301c5f52ba88fd63f02c75b8c4d1b3c3fc4b21e2998a1e98c4b3a54d9f7c?s=96&d=mm&r=g","contentUrl":"https:\/\/secure.gravatar.com\/avatar\/68d5301c5f52ba88fd63f02c75b8c4d1b3c3fc4b21e2998a1e98c4b3a54d9f7c?s=96&d=mm&r=g","caption":"Uruloki"},"sameAs":["https:\/\/uruloki.org"],"url":"https:\/\/www.uruloki.org\/felipeblog\/author\/admin-2-2-2"}]}},"_links":{"self":[{"href":"https:\/\/www.uruloki.org\/felipeblog\/wp-json\/wp\/v2\/posts\/15859","targetHints":{"allow":["GET"]}}],"collection":[{"href":"https:\/\/www.uruloki.org\/felipeblog\/wp-json\/wp\/v2\/posts"}],"about":[{"href":"https:\/\/www.uruloki.org\/felipeblog\/wp-json\/wp\/v2\/types\/post"}],"author":[{"embeddable":true,"href":"https:\/\/www.uruloki.org\/felipeblog\/wp-json\/wp\/v2\/users\/28"}],"replies":[{"embeddable":true,"href":"https:\/\/www.uruloki.org\/felipeblog\/wp-json\/wp\/v2\/comments?post=15859"}],"version-history":[{"count":2,"href":"https:\/\/www.uruloki.org\/felipeblog\/wp-json\/wp\/v2\/posts\/15859\/revisions"}],"predecessor-version":[{"id":15861,"href":"https:\/\/www.uruloki.org\/felipeblog\/wp-json\/wp\/v2\/posts\/15859\/revisions\/15861"}],"wp:attachment":[{"href":"https:\/\/www.uruloki.org\/felipeblog\/wp-json\/wp\/v2\/media?parent=15859"}],"wp:term":[{"taxonomy":"category","embeddable":true,"href":"https:\/\/www.uruloki.org\/felipeblog\/wp-json\/wp\/v2\/categories?post=15859"},{"taxonomy":"post_tag","embeddable":true,"href":"https:\/\/www.uruloki.org\/felipeblog\/wp-json\/wp\/v2\/tags?post=15859"}],"curies":[{"name":"wp","href":"https:\/\/api.w.org\/{rel}","templated":true}]}}