{"id":15761,"date":"2016-07-17T13:37:37","date_gmt":"2016-07-17T11:37:37","guid":{"rendered":"https:\/\/uruloki.org\/felipeblog\/?p=15761"},"modified":"2016-07-17T13:37:37","modified_gmt":"2016-07-17T11:37:37","slug":"los-estudios-saben-llega-la-comic-2016-doctor-strange-guardians-of-the-galaxy-vol-2-wonder-woman","status":"publish","type":"post","link":"https:\/\/www.uruloki.org\/felipeblog\/cine-de-comics\/los-estudios-saben-llega-la-comic-2016-doctor-strange-guardians-of-the-galaxy-vol-2-wonder-woman","title":{"rendered":"Los estudios saben que llega la Comic-Con 2016: Doctor Strange, Guardians of the Galaxy Vol. 2 y Wonder Woman&#8230;"},"content":{"rendered":"<p>Los estudios saben lo que est&aacute; a punto de llegar y que es el mejor escaparate posible. Ayer EW se puso manos a la obra y en modo <em>non stop<\/em> se puso a sacar im&aacute;genes de multitud de films, ya sean de los que estar&aacute;n presentes en San Diego como de esas que ahora est&aacute;n generando m&aacute;s hype. Esta entrada sirve para echar un vistazo al cine comiquero que decorar&aacute; la feria de las ferias. Tenemos por ejemplo <a href=\"http:\/\/www.ew.com\/article\/2016\/07\/15\/doctor-strange-benedict-cumberbatch-comic-con-poster\" target=\"_blank\">material de <strong>Doctor Strange<\/strong> (2016)<\/a> de <strong>Scott Derrickson<\/strong>. Se trata de un p&oacute;ster \/ <em>concept art<\/em> de <strong>Ryan Meinerding<\/strong>, hombre al mando de todos los dise&ntilde;os en <strong>Marvel Studios<\/strong>, donde podemos ver a <strong>Benedict Cumberbatch<\/strong> transformado en <strong>Stephen Strange<\/strong> con su capa roja y rayos modo poder m&iacute;stico. Seguramente se regale a los asistentes al panel <strong>Marvel<\/strong> de la Comic-Con de este a&ntilde;o y luego se vender&aacute; en Ebay a precios absurdos.<\/p>\n<p class=\"centrado\"><img decoding=\"async\" src=\"https:\/\/uruloki.org\/felipeblog\/images2016\/20160716-doctorstrange.jpg\" alt=\"Nuevo concept art para Doctor Strange\" width=\"100%\" \/><br \/><em>Nuevo concept art para Doctor Strange<\/em> <\/p>\n<p>Otro film de la casa de las ideas que tendr&aacute; presencia en la <strong>Comic-Con<\/strong> de este a&ntilde;o es <strong>Guardians of the Galaxy Vol. 2<\/strong> (2017) de <strong>James Gunn<\/strong>. Esta vez <a href=\"http:\/\/www.ew.com\/article\/2016\/07\/15\/guardians-galaxy-vol-2-concept-art-mantis?iid=sr-link1\" target=\"_blank\">el <em>concept art<\/em> mostrado  descubre la formaci&oacute;n de los <strong>Guardianes de la Galaxia<\/strong> que tendr&aacute;n presencia en la pel&iacute;cula<\/a>&#8230; y hay sorpresas. En el dibujo de <strong>Andy Park<\/strong>, otro genio de <strong>Marvel Studios<\/strong>, muestra a <strong>Drax el Destructor<\/strong>, <strong>Groot<\/strong>, <strong>Star-Lord<\/strong>, <strong>Rocket Raccoon<\/strong> y  <strong>Gamora<\/strong> como la formaci&oacute;n original. Ahora sale por ah&iacute; <strong>Yondu<\/strong> y <strong>Nebula<\/strong>, que puede que echen una mano, y&#8230; &iquest;<strong>Mantis<\/strong>? Pues s&iacute;, <strong>Mantis<\/strong>, a la que encarnar&aacute; <strong>Pom Klementieff<\/strong>. En este caso pod&eacute;is pulsar sobre la imagen para verla en mejor tama&ntilde;o.<\/p>\n<p class=\"centrado\"><a href=\"https:\/\/uruloki.org\/felipeblog\/images2016\/20160716-guardiansofthegalaxyvol2.jpg\" target=\"_blank\" onclick=\"return false;\" rel=\"shadowbox\"><img decoding=\"async\" src=\"https:\/\/uruloki.org\/felipeblog\/images2016\/20160716-guardiansofthegalaxyvol2.jpg\" alt=\"Primer concept art de Guardians of the Galaxy Vol. 2\" width=\"100%\" \/><\/a><br \/><em>Primer concept art de Guardians of the Galaxy Vol. 2<\/em> <\/p>\n<p>Para rematar <a href=\"http:\/\/www.ew.com\/gallery\/wonder-woman-exclusive-images\" target=\"_blank\">un notable recorrido por <strong>Wonder Woman<\/strong> (2017)<\/a> de <strong>Patty Jenkins<\/strong>. El portal de las exclusivas debuta tres nuevas im&aacute;genes del film m&aacute;s una tras las c&aacute;maras donde la <strong>Jenkins<\/strong> alecciona a <strong>Gal Gadot<\/strong> c&oacute;mo debe posicionarse para recibir lo que ha de recibir. Curiosidades, la primera y segunda imagen muestran a <strong>Wonder Woman<\/strong> con su habitual atuendo comiquero, pero la tercera  recupera a <strong>Chris Pine<\/strong> como <strong>Steve Trevor<\/strong> con un uniforme&#8230; &iquest;alem&aacute;n? La <strong>Comic-Con 2016<\/strong> servir&aacute; a <strong>Warner Bros.<\/strong> y <strong>DC Films<\/strong> para mostrar el primer metraje del film. La <strong>Gadot<\/strong> sigue creando controversia en ciertos c&iacute;rculos por su elecci&oacute;n para ser <strong>Diana Prince<\/strong>, pero la verdad es que pinta genial se vea como se vea.<\/p>\n<p class=\"centrado\"><img decoding=\"async\" src=\"https:\/\/uruloki.org\/felipeblog\/images2016\/20160716-wonderwoman-1.jpg\" alt=\"Gal Gadot como Wonder Woman, espada en mano\" width=\"100%\" \/><br \/><em>Gal Gadot como Wonder Woman, espada en mano<\/em> <\/p>\n<p class=\"centrado\"><img decoding=\"async\" src=\"https:\/\/uruloki.org\/felipeblog\/images2016\/20160716-wonderwoman-2.jpg\" alt=\"La cl&aacute;sica pose de Wonder Woman... m&aacute;s posada imposible \" \/><br \/><em>La cl&aacute;sica pose de Wonder Woman&#8230; m&aacute;s posada imposible<\/em> <\/p>\n<p class=\"centrado\"><img decoding=\"async\" src=\"https:\/\/uruloki.org\/felipeblog\/images2016\/20160716-wonderwoman-3.jpg\" alt=\"Chris Pine como Steve Trevor y Gal Gadot como Wonder Woman\" \/><br \/><em>Chris Pine como Steve Trevor y Gal Gadot como Wonder Woman<\/em><\/p>\n<p class=\"centrado\"><img decoding=\"async\" src=\"https:\/\/uruloki.org\/felipeblog\/images2016\/20160716-wonderwoman-4-bts.jpg\" alt=\"Patty Jenkins y Gal Gadot... &quot;el escudo se pone as&iacute;&quot; \" \/><br \/><em>Patty Jenkins y Gal Gadot&#8230; &quot;el escudo se pone as&iacute;&quot; <\/em><\/p>\n","protected":false},"excerpt":{"rendered":"<p>Los estudios saben lo que est&aacute; a punto de llegar y que es el mejor escaparate posible. Ayer EW se puso manos a la obra y en modo non stop se puso a sacar im&aacute;genes de multitud de films, ya sean de los que estar&aacute;n presentes en San Diego como de esas que ahora est&aacute;n [&hellip;]<\/p>\n","protected":false},"author":28,"featured_media":0,"comment_status":"open","ping_status":"open","sticky":false,"template":"","format":"standard","meta":{"footnotes":""},"categories":[10],"tags":[668,3335,345],"class_list":["post-15761","post","type-post","status-publish","format-standard","hentry","category-cine-de-comics","tag-doctor-strange","tag-guardians-of-the-galaxy-vol-2","tag-wonder-woman"],"yoast_head":"<!-- This site is optimized with the Yoast SEO plugin v24.3 - https:\/\/yoast.com\/wordpress\/plugins\/seo\/ -->\n<title>Doctor Strange, Guardians of the Galaxy Vol. 2 y Wonder Woman, a la Comic-Con 2016<\/title>\n<meta name=\"description\" content=\"Previo a la Comic-Con tenemos mucho material de films que se promocionar\u00e1n en la feria: Wonder Woman, Doctor Strange o Guardians of the Galaxy Vol. 2.\" \/>\n<meta name=\"robots\" content=\"index, follow, max-snippet:-1, max-image-preview:large, max-video-preview:-1\" \/>\n<link rel=\"canonical\" href=\"https:\/\/www.uruloki.org\/felipeblog\/cine-de-comics\/los-estudios-saben-llega-la-comic-2016-doctor-strange-guardians-of-the-galaxy-vol-2-wonder-woman\" \/>\n<meta property=\"og:locale\" content=\"es_ES\" \/>\n<meta property=\"og:type\" content=\"article\" \/>\n<meta property=\"og:title\" content=\"Doctor Strange, Guardians of the Galaxy Vol. 2 y Wonder Woman, a la Comic-Con 2016\" \/>\n<meta property=\"og:description\" content=\"Previo a la Comic-Con tenemos mucho material de films que se promocionar\u00e1n en la feria: Wonder Woman, Doctor Strange o Guardians of the Galaxy Vol. 2.\" \/>\n<meta property=\"og:url\" content=\"https:\/\/www.uruloki.org\/felipeblog\/cine-de-comics\/los-estudios-saben-llega-la-comic-2016-doctor-strange-guardians-of-the-galaxy-vol-2-wonder-woman\" \/>\n<meta property=\"og:site_name\" content=\"Uruloki :: Blog\" \/>\n<meta property=\"article:publisher\" content=\"https:\/\/www.facebook.com\/uruloki.org\" \/>\n<meta property=\"article:published_time\" content=\"2016-07-17T11:37:37+00:00\" \/>\n<meta property=\"og:image\" content=\"https:\/\/uruloki.org\/felipeblog\/images2016\/20160716-doctorstrange.jpg\" \/>\n<meta name=\"author\" content=\"Uruloki\" \/>\n<meta name=\"twitter:card\" content=\"summary_large_image\" \/>\n<meta name=\"twitter:creator\" content=\"@uruloki\" \/>\n<meta name=\"twitter:site\" content=\"@uruloki\" \/>\n<meta name=\"twitter:label1\" content=\"Escrito por\" \/>\n\t<meta name=\"twitter:data1\" content=\"Uruloki\" \/>\n\t<meta name=\"twitter:label2\" content=\"Tiempo de lectura\" \/>\n\t<meta name=\"twitter:data2\" content=\"2 minutos\" \/>\n<script type=\"application\/ld+json\" class=\"yoast-schema-graph\">{\"@context\":\"https:\/\/schema.org\",\"@graph\":[{\"@type\":\"WebPage\",\"@id\":\"https:\/\/www.uruloki.org\/felipeblog\/cine-de-comics\/los-estudios-saben-llega-la-comic-2016-doctor-strange-guardians-of-the-galaxy-vol-2-wonder-woman\",\"url\":\"https:\/\/www.uruloki.org\/felipeblog\/cine-de-comics\/los-estudios-saben-llega-la-comic-2016-doctor-strange-guardians-of-the-galaxy-vol-2-wonder-woman\",\"name\":\"Doctor Strange, Guardians of the Galaxy Vol. 2 y Wonder Woman, a la Comic-Con 2016\",\"isPartOf\":{\"@id\":\"https:\/\/www.uruloki.org\/felipeblog\/#website\"},\"primaryImageOfPage\":{\"@id\":\"https:\/\/www.uruloki.org\/felipeblog\/cine-de-comics\/los-estudios-saben-llega-la-comic-2016-doctor-strange-guardians-of-the-galaxy-vol-2-wonder-woman#primaryimage\"},\"image\":{\"@id\":\"https:\/\/www.uruloki.org\/felipeblog\/cine-de-comics\/los-estudios-saben-llega-la-comic-2016-doctor-strange-guardians-of-the-galaxy-vol-2-wonder-woman#primaryimage\"},\"thumbnailUrl\":\"https:\/\/uruloki.org\/felipeblog\/images2016\/20160716-doctorstrange.jpg\",\"datePublished\":\"2016-07-17T11:37:37+00:00\",\"dateModified\":\"2016-07-17T11:37:37+00:00\",\"author\":{\"@id\":\"https:\/\/www.uruloki.org\/felipeblog\/#\/schema\/person\/ddba06ddaa27edf0c370460d05c51bb3\"},\"description\":\"Previo a la Comic-Con tenemos mucho material de films que se promocionar\u00e1n en la feria: Wonder Woman, Doctor Strange o Guardians of the Galaxy Vol. 2.\",\"breadcrumb\":{\"@id\":\"https:\/\/www.uruloki.org\/felipeblog\/cine-de-comics\/los-estudios-saben-llega-la-comic-2016-doctor-strange-guardians-of-the-galaxy-vol-2-wonder-woman#breadcrumb\"},\"inLanguage\":\"es\",\"potentialAction\":[{\"@type\":\"ReadAction\",\"target\":[\"https:\/\/www.uruloki.org\/felipeblog\/cine-de-comics\/los-estudios-saben-llega-la-comic-2016-doctor-strange-guardians-of-the-galaxy-vol-2-wonder-woman\"]}]},{\"@type\":\"ImageObject\",\"inLanguage\":\"es\",\"@id\":\"https:\/\/www.uruloki.org\/felipeblog\/cine-de-comics\/los-estudios-saben-llega-la-comic-2016-doctor-strange-guardians-of-the-galaxy-vol-2-wonder-woman#primaryimage\",\"url\":\"https:\/\/uruloki.org\/felipeblog\/images2016\/20160716-doctorstrange.jpg\",\"contentUrl\":\"https:\/\/uruloki.org\/felipeblog\/images2016\/20160716-doctorstrange.jpg\"},{\"@type\":\"BreadcrumbList\",\"@id\":\"https:\/\/www.uruloki.org\/felipeblog\/cine-de-comics\/los-estudios-saben-llega-la-comic-2016-doctor-strange-guardians-of-the-galaxy-vol-2-wonder-woman#breadcrumb\",\"itemListElement\":[{\"@type\":\"ListItem\",\"position\":1,\"name\":\"Portada\",\"item\":\"https:\/\/www.uruloki.org\/felipeblog\"},{\"@type\":\"ListItem\",\"position\":2,\"name\":\"Los estudios saben que llega la Comic-Con 2016: Doctor Strange, Guardians of the Galaxy Vol. 2 y Wonder Woman&#8230;\"}]},{\"@type\":\"WebSite\",\"@id\":\"https:\/\/www.uruloki.org\/felipeblog\/#website\",\"url\":\"https:\/\/www.uruloki.org\/felipeblog\/\",\"name\":\"Uruloki :: Blog\",\"description\":\"Blog de cine, terror, ciencia ficci\u00f3n, fantas\u00eda y c\u00f3mics\",\"potentialAction\":[{\"@type\":\"SearchAction\",\"target\":{\"@type\":\"EntryPoint\",\"urlTemplate\":\"https:\/\/www.uruloki.org\/felipeblog\/?s={search_term_string}\"},\"query-input\":{\"@type\":\"PropertyValueSpecification\",\"valueRequired\":true,\"valueName\":\"search_term_string\"}}],\"inLanguage\":\"es\"},{\"@type\":\"Person\",\"@id\":\"https:\/\/www.uruloki.org\/felipeblog\/#\/schema\/person\/ddba06ddaa27edf0c370460d05c51bb3\",\"name\":\"Uruloki\",\"image\":{\"@type\":\"ImageObject\",\"inLanguage\":\"es\",\"@id\":\"https:\/\/www.uruloki.org\/felipeblog\/#\/schema\/person\/image\/\",\"url\":\"https:\/\/secure.gravatar.com\/avatar\/68d5301c5f52ba88fd63f02c75b8c4d1b3c3fc4b21e2998a1e98c4b3a54d9f7c?s=96&d=mm&r=g\",\"contentUrl\":\"https:\/\/secure.gravatar.com\/avatar\/68d5301c5f52ba88fd63f02c75b8c4d1b3c3fc4b21e2998a1e98c4b3a54d9f7c?s=96&d=mm&r=g\",\"caption\":\"Uruloki\"},\"sameAs\":[\"https:\/\/uruloki.org\"],\"url\":\"https:\/\/www.uruloki.org\/felipeblog\/author\/admin-2-2-2\"}]}<\/script>\n<!-- \/ Yoast SEO plugin. -->","yoast_head_json":{"title":"Doctor Strange, Guardians of the Galaxy Vol. 2 y Wonder Woman, a la Comic-Con 2016","description":"Previo a la Comic-Con tenemos mucho material de films que se promocionar\u00e1n en la feria: Wonder Woman, Doctor Strange o Guardians of the Galaxy Vol. 2.","robots":{"index":"index","follow":"follow","max-snippet":"max-snippet:-1","max-image-preview":"max-image-preview:large","max-video-preview":"max-video-preview:-1"},"canonical":"https:\/\/www.uruloki.org\/felipeblog\/cine-de-comics\/los-estudios-saben-llega-la-comic-2016-doctor-strange-guardians-of-the-galaxy-vol-2-wonder-woman","og_locale":"es_ES","og_type":"article","og_title":"Doctor Strange, Guardians of the Galaxy Vol. 2 y Wonder Woman, a la Comic-Con 2016","og_description":"Previo a la Comic-Con tenemos mucho material de films que se promocionar\u00e1n en la feria: Wonder Woman, Doctor Strange o Guardians of the Galaxy Vol. 2.","og_url":"https:\/\/www.uruloki.org\/felipeblog\/cine-de-comics\/los-estudios-saben-llega-la-comic-2016-doctor-strange-guardians-of-the-galaxy-vol-2-wonder-woman","og_site_name":"Uruloki :: Blog","article_publisher":"https:\/\/www.facebook.com\/uruloki.org","article_published_time":"2016-07-17T11:37:37+00:00","og_image":[{"url":"https:\/\/uruloki.org\/felipeblog\/images2016\/20160716-doctorstrange.jpg","type":"","width":"","height":""}],"author":"Uruloki","twitter_card":"summary_large_image","twitter_creator":"@uruloki","twitter_site":"@uruloki","twitter_misc":{"Escrito por":"Uruloki","Tiempo de lectura":"2 minutos"},"schema":{"@context":"https:\/\/schema.org","@graph":[{"@type":"WebPage","@id":"https:\/\/www.uruloki.org\/felipeblog\/cine-de-comics\/los-estudios-saben-llega-la-comic-2016-doctor-strange-guardians-of-the-galaxy-vol-2-wonder-woman","url":"https:\/\/www.uruloki.org\/felipeblog\/cine-de-comics\/los-estudios-saben-llega-la-comic-2016-doctor-strange-guardians-of-the-galaxy-vol-2-wonder-woman","name":"Doctor Strange, Guardians of the Galaxy Vol. 2 y Wonder Woman, a la Comic-Con 2016","isPartOf":{"@id":"https:\/\/www.uruloki.org\/felipeblog\/#website"},"primaryImageOfPage":{"@id":"https:\/\/www.uruloki.org\/felipeblog\/cine-de-comics\/los-estudios-saben-llega-la-comic-2016-doctor-strange-guardians-of-the-galaxy-vol-2-wonder-woman#primaryimage"},"image":{"@id":"https:\/\/www.uruloki.org\/felipeblog\/cine-de-comics\/los-estudios-saben-llega-la-comic-2016-doctor-strange-guardians-of-the-galaxy-vol-2-wonder-woman#primaryimage"},"thumbnailUrl":"https:\/\/uruloki.org\/felipeblog\/images2016\/20160716-doctorstrange.jpg","datePublished":"2016-07-17T11:37:37+00:00","dateModified":"2016-07-17T11:37:37+00:00","author":{"@id":"https:\/\/www.uruloki.org\/felipeblog\/#\/schema\/person\/ddba06ddaa27edf0c370460d05c51bb3"},"description":"Previo a la Comic-Con tenemos mucho material de films que se promocionar\u00e1n en la feria: Wonder Woman, Doctor Strange o Guardians of the Galaxy Vol. 2.","breadcrumb":{"@id":"https:\/\/www.uruloki.org\/felipeblog\/cine-de-comics\/los-estudios-saben-llega-la-comic-2016-doctor-strange-guardians-of-the-galaxy-vol-2-wonder-woman#breadcrumb"},"inLanguage":"es","potentialAction":[{"@type":"ReadAction","target":["https:\/\/www.uruloki.org\/felipeblog\/cine-de-comics\/los-estudios-saben-llega-la-comic-2016-doctor-strange-guardians-of-the-galaxy-vol-2-wonder-woman"]}]},{"@type":"ImageObject","inLanguage":"es","@id":"https:\/\/www.uruloki.org\/felipeblog\/cine-de-comics\/los-estudios-saben-llega-la-comic-2016-doctor-strange-guardians-of-the-galaxy-vol-2-wonder-woman#primaryimage","url":"https:\/\/uruloki.org\/felipeblog\/images2016\/20160716-doctorstrange.jpg","contentUrl":"https:\/\/uruloki.org\/felipeblog\/images2016\/20160716-doctorstrange.jpg"},{"@type":"BreadcrumbList","@id":"https:\/\/www.uruloki.org\/felipeblog\/cine-de-comics\/los-estudios-saben-llega-la-comic-2016-doctor-strange-guardians-of-the-galaxy-vol-2-wonder-woman#breadcrumb","itemListElement":[{"@type":"ListItem","position":1,"name":"Portada","item":"https:\/\/www.uruloki.org\/felipeblog"},{"@type":"ListItem","position":2,"name":"Los estudios saben que llega la Comic-Con 2016: Doctor Strange, Guardians of the Galaxy Vol. 2 y Wonder Woman&#8230;"}]},{"@type":"WebSite","@id":"https:\/\/www.uruloki.org\/felipeblog\/#website","url":"https:\/\/www.uruloki.org\/felipeblog\/","name":"Uruloki :: Blog","description":"Blog de cine, terror, ciencia ficci\u00f3n, fantas\u00eda y c\u00f3mics","potentialAction":[{"@type":"SearchAction","target":{"@type":"EntryPoint","urlTemplate":"https:\/\/www.uruloki.org\/felipeblog\/?s={search_term_string}"},"query-input":{"@type":"PropertyValueSpecification","valueRequired":true,"valueName":"search_term_string"}}],"inLanguage":"es"},{"@type":"Person","@id":"https:\/\/www.uruloki.org\/felipeblog\/#\/schema\/person\/ddba06ddaa27edf0c370460d05c51bb3","name":"Uruloki","image":{"@type":"ImageObject","inLanguage":"es","@id":"https:\/\/www.uruloki.org\/felipeblog\/#\/schema\/person\/image\/","url":"https:\/\/secure.gravatar.com\/avatar\/68d5301c5f52ba88fd63f02c75b8c4d1b3c3fc4b21e2998a1e98c4b3a54d9f7c?s=96&d=mm&r=g","contentUrl":"https:\/\/secure.gravatar.com\/avatar\/68d5301c5f52ba88fd63f02c75b8c4d1b3c3fc4b21e2998a1e98c4b3a54d9f7c?s=96&d=mm&r=g","caption":"Uruloki"},"sameAs":["https:\/\/uruloki.org"],"url":"https:\/\/www.uruloki.org\/felipeblog\/author\/admin-2-2-2"}]}},"_links":{"self":[{"href":"https:\/\/www.uruloki.org\/felipeblog\/wp-json\/wp\/v2\/posts\/15761","targetHints":{"allow":["GET"]}}],"collection":[{"href":"https:\/\/www.uruloki.org\/felipeblog\/wp-json\/wp\/v2\/posts"}],"about":[{"href":"https:\/\/www.uruloki.org\/felipeblog\/wp-json\/wp\/v2\/types\/post"}],"author":[{"embeddable":true,"href":"https:\/\/www.uruloki.org\/felipeblog\/wp-json\/wp\/v2\/users\/28"}],"replies":[{"embeddable":true,"href":"https:\/\/www.uruloki.org\/felipeblog\/wp-json\/wp\/v2\/comments?post=15761"}],"version-history":[{"count":1,"href":"https:\/\/www.uruloki.org\/felipeblog\/wp-json\/wp\/v2\/posts\/15761\/revisions"}],"predecessor-version":[{"id":15762,"href":"https:\/\/www.uruloki.org\/felipeblog\/wp-json\/wp\/v2\/posts\/15761\/revisions\/15762"}],"wp:attachment":[{"href":"https:\/\/www.uruloki.org\/felipeblog\/wp-json\/wp\/v2\/media?parent=15761"}],"wp:term":[{"taxonomy":"category","embeddable":true,"href":"https:\/\/www.uruloki.org\/felipeblog\/wp-json\/wp\/v2\/categories?post=15761"},{"taxonomy":"post_tag","embeddable":true,"href":"https:\/\/www.uruloki.org\/felipeblog\/wp-json\/wp\/v2\/tags?post=15761"}],"curies":[{"name":"wp","href":"https:\/\/api.w.org\/{rel}","templated":true}]}}