{"id":15745,"date":"2016-07-09T22:43:52","date_gmt":"2016-07-09T20:43:52","guid":{"rendered":"https:\/\/uruloki.org\/felipeblog\/?p=15745"},"modified":"2016-07-09T22:44:34","modified_gmt":"2016-07-09T20:44:34","slug":"mads-mikkelsen-kaecilus-doctor-strange-ya-tenemos-fecha-estreno-tomb-raider-amblin-entertainment-regresa-al-cine-familiar-extraterrestres-the-fall-primer-cartel-beauty-and-t","status":"publish","type":"post","link":"https:\/\/www.uruloki.org\/felipeblog\/cine-de-comics\/mads-mikkelsen-kaecilus-doctor-strange-ya-tenemos-fecha-estreno-tomb-raider-amblin-entertainment-regresa-al-cine-familiar-extraterrestres-the-fall-primer-cartel-beauty-and-t","title":{"rendered":"Mads Mikkelsen es Kaecilus en Doctor Strange, ya tenemos fecha de estreno para Tomb Raider, Amblin Entertainment regresa al cine familiar con extraterrestres en The Fall, primer cartel de Beauty and the Beast modo acci\u00f3n real y ojito al trailer de Celluloid Wizards in the Video Wasteland: The Saga of Empire Pictures&#8230;"},"content":{"rendered":"<p>Un brev&iacute;simo repaso a esas cuatro noticias que se han producido en las &uacute;ltimas horas. El tema est&aacute; medio apagado&#8230; &iquest;ser&aacute; que los grandes estudios se guardan sus ases para todos esos eventos que est&aacute;n por venir? En breves la <strong>San Diego Comic-Con 2016<\/strong> y el <strong>Star Wars Celebration<\/strong>, donde se anuncia nuevo trailer de <strong>Rogue One: Una Historia de Star Wars<\/strong> (<em>Rogue One: A Star Wars Story<\/em>, 2016). <\/p>\n<p>Arranco con <a href=\"http:\/\/www.slashfilm.com\/doctor-strange-villain\/\" target=\"_blank\">el descubrimiento de la identidad del villano de <strong>Doctor Strange<\/strong> (2016)<\/a> de <strong>Scott Derrickson<\/strong>. Cuenta en \/Films que tras varios meses de espera tras el lanzamiento del primer trailer del film, es ahora cuando conocemos la identidad del personaje que encarna <strong>Mads Mikkelsen<\/strong>. El personaje se llama <strong>Kaecilus<\/strong> y ahora se descubre, v&iacute;a un c&oacute;mic, de qui&eacute;n se trata. <strong>Kaecilus<\/strong> forma parte de un equipo de <strong>Maestros de las Artes M&iacute;sticas<\/strong> que en una precuela c&oacute;mic se dedican a dar caza a una mujer que ha robado una poderosa arma&#8230; El <strong>Ojo de Agamotto<\/strong>. <strong>Kaecilus<\/strong> comparte aventura con <strong>Wong<\/strong> (<em>Benedict Wong<\/em> en el film), <strong>Daniel Drumm<\/strong> y <strong>Tina Minoru<\/strong>. Por lo tanto <strong>Kaelicus<\/strong> es bueno, algo pasar&aacute; en el c&oacute;mic para que de alguna forma acabe cambiando de bando o, como dec&iacute;an el propio <strong>Mikkelsen<\/strong> o <strong>Kevin Feige<\/strong>, no es un villano al uso, sencillamente es un mago que tiene un punto de vista completamente diferente de c&oacute;mo deben ser las cosas con respecto al h&eacute;roe encarnado por <strong>Benedict Cumberbatch<\/strong>. &iquest;Es acertado este rumbo para un villano de <strong>Doctor Strange<\/strong>?<\/p>\n<p class=\"centrado\"><img decoding=\"async\" src=\"https:\/\/uruloki.org\/felipeblog\/images2016\/20160709-doctorstrange.jpg\" alt=\"Mads Mikkelsen es Kaecilus en Doctor Strange\" \/><br \/><em>Mads Mikkelsen es Kaecilus en Doctor Strange<\/em> <\/p>\n<p>Cambiando de tema, <a href=\"http:\/\/www.comingsoon.net\/movies\/news\/701047-tomb-raider-release-date\" target=\"_blank\">ya tenemos fecha de estreno para <strong>Tomb Raider<\/strong> del noruego <strong>Roar Uthaug<\/strong><\/a>. <strong>Warner Bros.<\/strong> y <strong>MGM<\/strong> han anunciado que el 16 de marzo del 2018 la buena de <strong>Alicia Vikander<\/strong> aparecer&aacute; en pantalla grande vestida de aventurera seg&uacute;n un gui&oacute;n de <strong>Geneva Robertson-Dworet<\/strong>. Por otro lado <a href=\"http:\/\/deadline.com\/2016\/07\/amblin-entertainment-alien-invasion-spec-script-the-fall-pete-bridges-1201783979\/\" target=\"_blank\"><strong>Amblin Entertainment<\/strong> regresa al cine que m&aacute;s grande le hizo<\/a>&#8230; el de visitas extraterrestres. Cuenta en Deadline que el estudio que nos trajo <strong>E.T. El extraterrestre<\/strong> (<em>E.T. the Extra-Terrestrial<\/em>) o <strong>Super 8,<\/strong> apuesta ahora por <strong>The Fall<\/strong>, un gui&oacute;n de <strong>Pete Bridges<\/strong> que nos llevar&aacute; al punto &aacute;lgido de una invasi&oacute;n extraterrestre, en donde una pareja reci&eacute;n divorciada debe sobrevivir a un peligroso viaje en tiempo real a pie desde el centro de Atlanta a las afueras&#8230; donde sus hijos peque&ntilde;os est&aacute;n solos en casa.<\/p>\n<p class=\"centrado\"><img decoding=\"async\" src=\"https:\/\/uruloki.org\/felipeblog\/images2016\/20160709-beautyandthebeast.jpg\" alt=\"Primer cartel de Beauty and the Beast\" \/><br \/><em>Primer cartel de Beauty and the Beast<\/em> <\/p>\n<p>&iquest;Record&aacute;is hace unos a&ntilde;os cuando apareci&oacute; ese magn&iacute;fico documental titulado <strong>Electric Boogaloo: la loca historia de Cannon Films<\/strong> (<em>Electric Boogaloo: The Wild, Untold Story of Cannon Films<\/em>) en donde se contaban las andanzas de la irrepetible etapa liderada por Menahem Golan y Yoram Globus? Como recordar&eacute;is estos dos produjeron obras ic&oacute;nicas como <strong>Invasi&oacute;n USA<\/strong> (<em>Invasion U.S.A.<\/em>), <strong>Masacre en Texas 2<\/strong> (<em>The Texas Chainsaw Massacre 2<\/em>), <strong>Cobra, el brazo fuerte de la ley<\/strong> (<em>Cobra<\/em>), <strong>Superman IV: En busca de la paz<\/strong> (<em>Superman IV: The Quest for Peace<\/em>), <strong>Masters del universo<\/strong> (<em>Masters of the Universe<\/em>), <strong>El guerrero americano<\/strong> (<em>American Ninja<\/em>), Delta Force (<em>The Delta Force<\/em>) y un etc&eacute;tera tan largo que podr&iacute;a estar as&iacute; hasta ma&ntilde;ana. El tema es que tras el &eacute;xito ahora es el turno de <strong>Empire Pictures<\/strong>, la compa&ntilde;&iacute;a de <strong>Charles Band<\/strong> donde, se&ntilde;ores, se crearon obras igualmente magn&iacute;ficas como <strong>Re-Animator<\/strong>, <strong>Re-Sonator<\/strong> (<em>From Beyond<\/em>), <strong>Ghoulies<\/strong>, <strong>Dolls<\/strong>, <strong>Puppet Master &#8211; La venganza de los mu&ntilde;ecos<\/strong> (<em>Puppetmaster<\/em>), <strong>Guardianes del futuro<\/strong> (<em>Trancers<\/em>), <strong>El planeta del placer<\/strong> (<em>Vicious Lips<\/em>) o la maravillosa <strong>Eliminators<\/strong>! Gracias a esa empresa directores como <strong>Stuart Gordon<\/strong>, <strong>Brian Yuzna<\/strong>, <strong>Albert Pyun<\/strong>, <strong>Luca Bercovici<\/strong>, <strong>David Schmoeller<\/strong>, <strong>Renny Harlin<\/strong>, <strong>David DeCoteau<\/strong> o el propio <strong>Band<\/strong> hicieron de las suyas&#8230; y molaron. Financiado v&iacute;a Kickstarter hace un a&ntilde;o <a href=\"http:\/\/www.empirepicturesdocumentary.com\/\" target=\"_blank\">poco a poco se acerca la fecha de  estreno<\/a> de <strong>Celluloid Wizards in the Video Wasteland: The Saga of Empire Pictures<\/strong>.<\/p>\n<div class=\"video\"><iframe loading=\"lazy\" src=\"https:\/\/player.vimeo.com\/video\/142910151?color=ff0179&#038;title=0&#038;portrait=0\" width=\"100%\" height=\"352\" allowfullscreen=\"true\"><\/iframe><\/div>\n","protected":false},"excerpt":{"rendered":"<p>Un brev&iacute;simo repaso a esas cuatro noticias que se han producido en las &uacute;ltimas horas. El tema est&aacute; medio apagado&#8230; &iquest;ser&aacute; que los grandes estudios se guardan sus ases para todos esos eventos que est&aacute;n por venir? En breves la San Diego Comic-Con 2016 y el Star Wars Celebration, donde se anuncia nuevo trailer de [&hellip;]<\/p>\n","protected":false},"author":28,"featured_media":0,"comment_status":"open","ping_status":"open","sticky":false,"template":"","format":"standard","meta":{"footnotes":""},"categories":[10,8,12,19],"tags":[3040,3576,668,297,765],"class_list":["post-15745","post","type-post","status-publish","format-standard","hentry","category-cine-de-comics","category-cine-de-ciencia-ficcion","category-cine-de-fantasia","category-cine-inclasificable","tag-beauty-and-the-beast","tag-celluloid-wizards-in-the-video-wasteland-the-saga-of-empire-pictures","tag-doctor-strange","tag-the-fall","tag-tomb-raider"],"yoast_head":"<!-- This site is optimized with the Yoast SEO plugin v24.3 - https:\/\/yoast.com\/wordpress\/plugins\/seo\/ -->\n<title>Mads Mikkelsen es Kaelicus en Doctor Strange<\/title>\n<meta name=\"description\" content=\"Arranco con el descubrimiento de la identidad del villano de Doctor Strange (2016) de Scott Derrickson. Resulta que Mads Mikkelsen ser\u00e1 Kaecilus... \u00bfqui\u00e9n?\" \/>\n<meta name=\"robots\" content=\"index, follow, max-snippet:-1, max-image-preview:large, max-video-preview:-1\" \/>\n<link rel=\"canonical\" href=\"https:\/\/www.uruloki.org\/felipeblog\/cine-de-comics\/mads-mikkelsen-kaecilus-doctor-strange-ya-tenemos-fecha-estreno-tomb-raider-amblin-entertainment-regresa-al-cine-familiar-extraterrestres-the-fall-primer-cartel-beauty-and-t\" \/>\n<meta property=\"og:locale\" content=\"es_ES\" \/>\n<meta property=\"og:type\" content=\"article\" \/>\n<meta property=\"og:title\" content=\"Mads Mikkelsen es Kaelicus en Doctor Strange\" \/>\n<meta property=\"og:description\" content=\"Arranco con el descubrimiento de la identidad del villano de Doctor Strange (2016) de Scott Derrickson. Resulta que Mads Mikkelsen ser\u00e1 Kaecilus... \u00bfqui\u00e9n?\" \/>\n<meta property=\"og:url\" content=\"https:\/\/www.uruloki.org\/felipeblog\/cine-de-comics\/mads-mikkelsen-kaecilus-doctor-strange-ya-tenemos-fecha-estreno-tomb-raider-amblin-entertainment-regresa-al-cine-familiar-extraterrestres-the-fall-primer-cartel-beauty-and-t\" \/>\n<meta property=\"og:site_name\" content=\"Uruloki :: Blog\" \/>\n<meta property=\"article:publisher\" content=\"https:\/\/www.facebook.com\/uruloki.org\" \/>\n<meta property=\"article:published_time\" content=\"2016-07-09T20:43:52+00:00\" \/>\n<meta property=\"article:modified_time\" content=\"2016-07-09T20:44:34+00:00\" \/>\n<meta property=\"og:image\" content=\"https:\/\/uruloki.org\/felipeblog\/images2016\/20160709-doctorstrange.jpg\" \/>\n<meta name=\"author\" content=\"Uruloki\" \/>\n<meta name=\"twitter:card\" content=\"summary_large_image\" \/>\n<meta name=\"twitter:creator\" content=\"@uruloki\" \/>\n<meta name=\"twitter:site\" content=\"@uruloki\" \/>\n<meta name=\"twitter:label1\" content=\"Escrito por\" \/>\n\t<meta name=\"twitter:data1\" content=\"Uruloki\" \/>\n\t<meta name=\"twitter:label2\" content=\"Tiempo de lectura\" \/>\n\t<meta name=\"twitter:data2\" content=\"4 minutos\" \/>\n<script type=\"application\/ld+json\" class=\"yoast-schema-graph\">{\"@context\":\"https:\/\/schema.org\",\"@graph\":[{\"@type\":\"WebPage\",\"@id\":\"https:\/\/www.uruloki.org\/felipeblog\/cine-de-comics\/mads-mikkelsen-kaecilus-doctor-strange-ya-tenemos-fecha-estreno-tomb-raider-amblin-entertainment-regresa-al-cine-familiar-extraterrestres-the-fall-primer-cartel-beauty-and-t\",\"url\":\"https:\/\/www.uruloki.org\/felipeblog\/cine-de-comics\/mads-mikkelsen-kaecilus-doctor-strange-ya-tenemos-fecha-estreno-tomb-raider-amblin-entertainment-regresa-al-cine-familiar-extraterrestres-the-fall-primer-cartel-beauty-and-t\",\"name\":\"Mads Mikkelsen es Kaelicus en Doctor Strange\",\"isPartOf\":{\"@id\":\"https:\/\/www.uruloki.org\/felipeblog\/#website\"},\"primaryImageOfPage\":{\"@id\":\"https:\/\/www.uruloki.org\/felipeblog\/cine-de-comics\/mads-mikkelsen-kaecilus-doctor-strange-ya-tenemos-fecha-estreno-tomb-raider-amblin-entertainment-regresa-al-cine-familiar-extraterrestres-the-fall-primer-cartel-beauty-and-t#primaryimage\"},\"image\":{\"@id\":\"https:\/\/www.uruloki.org\/felipeblog\/cine-de-comics\/mads-mikkelsen-kaecilus-doctor-strange-ya-tenemos-fecha-estreno-tomb-raider-amblin-entertainment-regresa-al-cine-familiar-extraterrestres-the-fall-primer-cartel-beauty-and-t#primaryimage\"},\"thumbnailUrl\":\"https:\/\/uruloki.org\/felipeblog\/images2016\/20160709-doctorstrange.jpg\",\"datePublished\":\"2016-07-09T20:43:52+00:00\",\"dateModified\":\"2016-07-09T20:44:34+00:00\",\"author\":{\"@id\":\"https:\/\/www.uruloki.org\/felipeblog\/#\/schema\/person\/ddba06ddaa27edf0c370460d05c51bb3\"},\"description\":\"Arranco con el descubrimiento de la identidad del villano de Doctor Strange (2016) de Scott Derrickson. Resulta que Mads Mikkelsen ser\u00e1 Kaecilus... \u00bfqui\u00e9n?\",\"breadcrumb\":{\"@id\":\"https:\/\/www.uruloki.org\/felipeblog\/cine-de-comics\/mads-mikkelsen-kaecilus-doctor-strange-ya-tenemos-fecha-estreno-tomb-raider-amblin-entertainment-regresa-al-cine-familiar-extraterrestres-the-fall-primer-cartel-beauty-and-t#breadcrumb\"},\"inLanguage\":\"es\",\"potentialAction\":[{\"@type\":\"ReadAction\",\"target\":[\"https:\/\/www.uruloki.org\/felipeblog\/cine-de-comics\/mads-mikkelsen-kaecilus-doctor-strange-ya-tenemos-fecha-estreno-tomb-raider-amblin-entertainment-regresa-al-cine-familiar-extraterrestres-the-fall-primer-cartel-beauty-and-t\"]}]},{\"@type\":\"ImageObject\",\"inLanguage\":\"es\",\"@id\":\"https:\/\/www.uruloki.org\/felipeblog\/cine-de-comics\/mads-mikkelsen-kaecilus-doctor-strange-ya-tenemos-fecha-estreno-tomb-raider-amblin-entertainment-regresa-al-cine-familiar-extraterrestres-the-fall-primer-cartel-beauty-and-t#primaryimage\",\"url\":\"https:\/\/uruloki.org\/felipeblog\/images2016\/20160709-doctorstrange.jpg\",\"contentUrl\":\"https:\/\/uruloki.org\/felipeblog\/images2016\/20160709-doctorstrange.jpg\"},{\"@type\":\"BreadcrumbList\",\"@id\":\"https:\/\/www.uruloki.org\/felipeblog\/cine-de-comics\/mads-mikkelsen-kaecilus-doctor-strange-ya-tenemos-fecha-estreno-tomb-raider-amblin-entertainment-regresa-al-cine-familiar-extraterrestres-the-fall-primer-cartel-beauty-and-t#breadcrumb\",\"itemListElement\":[{\"@type\":\"ListItem\",\"position\":1,\"name\":\"Portada\",\"item\":\"https:\/\/www.uruloki.org\/felipeblog\"},{\"@type\":\"ListItem\",\"position\":2,\"name\":\"Mads Mikkelsen es Kaecilus en Doctor Strange, ya tenemos fecha de estreno para Tomb Raider, Amblin Entertainment regresa al cine familiar con extraterrestres en The Fall, primer cartel de Beauty and the Beast modo acci\u00f3n real y ojito al trailer de Celluloid Wizards in the Video Wasteland: The Saga of Empire Pictures&#8230;\"}]},{\"@type\":\"WebSite\",\"@id\":\"https:\/\/www.uruloki.org\/felipeblog\/#website\",\"url\":\"https:\/\/www.uruloki.org\/felipeblog\/\",\"name\":\"Uruloki :: Blog\",\"description\":\"Blog de cine, terror, ciencia ficci\u00f3n, fantas\u00eda y c\u00f3mics\",\"potentialAction\":[{\"@type\":\"SearchAction\",\"target\":{\"@type\":\"EntryPoint\",\"urlTemplate\":\"https:\/\/www.uruloki.org\/felipeblog\/?s={search_term_string}\"},\"query-input\":{\"@type\":\"PropertyValueSpecification\",\"valueRequired\":true,\"valueName\":\"search_term_string\"}}],\"inLanguage\":\"es\"},{\"@type\":\"Person\",\"@id\":\"https:\/\/www.uruloki.org\/felipeblog\/#\/schema\/person\/ddba06ddaa27edf0c370460d05c51bb3\",\"name\":\"Uruloki\",\"image\":{\"@type\":\"ImageObject\",\"inLanguage\":\"es\",\"@id\":\"https:\/\/www.uruloki.org\/felipeblog\/#\/schema\/person\/image\/\",\"url\":\"https:\/\/secure.gravatar.com\/avatar\/68d5301c5f52ba88fd63f02c75b8c4d1b3c3fc4b21e2998a1e98c4b3a54d9f7c?s=96&d=mm&r=g\",\"contentUrl\":\"https:\/\/secure.gravatar.com\/avatar\/68d5301c5f52ba88fd63f02c75b8c4d1b3c3fc4b21e2998a1e98c4b3a54d9f7c?s=96&d=mm&r=g\",\"caption\":\"Uruloki\"},\"sameAs\":[\"https:\/\/uruloki.org\"],\"url\":\"https:\/\/www.uruloki.org\/felipeblog\/author\/admin-2-2-2\"}]}<\/script>\n<!-- \/ Yoast SEO plugin. -->","yoast_head_json":{"title":"Mads Mikkelsen es Kaelicus en Doctor Strange","description":"Arranco con el descubrimiento de la identidad del villano de Doctor Strange (2016) de Scott Derrickson. Resulta que Mads Mikkelsen ser\u00e1 Kaecilus... \u00bfqui\u00e9n?","robots":{"index":"index","follow":"follow","max-snippet":"max-snippet:-1","max-image-preview":"max-image-preview:large","max-video-preview":"max-video-preview:-1"},"canonical":"https:\/\/www.uruloki.org\/felipeblog\/cine-de-comics\/mads-mikkelsen-kaecilus-doctor-strange-ya-tenemos-fecha-estreno-tomb-raider-amblin-entertainment-regresa-al-cine-familiar-extraterrestres-the-fall-primer-cartel-beauty-and-t","og_locale":"es_ES","og_type":"article","og_title":"Mads Mikkelsen es Kaelicus en Doctor Strange","og_description":"Arranco con el descubrimiento de la identidad del villano de Doctor Strange (2016) de Scott Derrickson. Resulta que Mads Mikkelsen ser\u00e1 Kaecilus... \u00bfqui\u00e9n?","og_url":"https:\/\/www.uruloki.org\/felipeblog\/cine-de-comics\/mads-mikkelsen-kaecilus-doctor-strange-ya-tenemos-fecha-estreno-tomb-raider-amblin-entertainment-regresa-al-cine-familiar-extraterrestres-the-fall-primer-cartel-beauty-and-t","og_site_name":"Uruloki :: Blog","article_publisher":"https:\/\/www.facebook.com\/uruloki.org","article_published_time":"2016-07-09T20:43:52+00:00","article_modified_time":"2016-07-09T20:44:34+00:00","og_image":[{"url":"https:\/\/uruloki.org\/felipeblog\/images2016\/20160709-doctorstrange.jpg","type":"","width":"","height":""}],"author":"Uruloki","twitter_card":"summary_large_image","twitter_creator":"@uruloki","twitter_site":"@uruloki","twitter_misc":{"Escrito por":"Uruloki","Tiempo de lectura":"4 minutos"},"schema":{"@context":"https:\/\/schema.org","@graph":[{"@type":"WebPage","@id":"https:\/\/www.uruloki.org\/felipeblog\/cine-de-comics\/mads-mikkelsen-kaecilus-doctor-strange-ya-tenemos-fecha-estreno-tomb-raider-amblin-entertainment-regresa-al-cine-familiar-extraterrestres-the-fall-primer-cartel-beauty-and-t","url":"https:\/\/www.uruloki.org\/felipeblog\/cine-de-comics\/mads-mikkelsen-kaecilus-doctor-strange-ya-tenemos-fecha-estreno-tomb-raider-amblin-entertainment-regresa-al-cine-familiar-extraterrestres-the-fall-primer-cartel-beauty-and-t","name":"Mads Mikkelsen es Kaelicus en Doctor Strange","isPartOf":{"@id":"https:\/\/www.uruloki.org\/felipeblog\/#website"},"primaryImageOfPage":{"@id":"https:\/\/www.uruloki.org\/felipeblog\/cine-de-comics\/mads-mikkelsen-kaecilus-doctor-strange-ya-tenemos-fecha-estreno-tomb-raider-amblin-entertainment-regresa-al-cine-familiar-extraterrestres-the-fall-primer-cartel-beauty-and-t#primaryimage"},"image":{"@id":"https:\/\/www.uruloki.org\/felipeblog\/cine-de-comics\/mads-mikkelsen-kaecilus-doctor-strange-ya-tenemos-fecha-estreno-tomb-raider-amblin-entertainment-regresa-al-cine-familiar-extraterrestres-the-fall-primer-cartel-beauty-and-t#primaryimage"},"thumbnailUrl":"https:\/\/uruloki.org\/felipeblog\/images2016\/20160709-doctorstrange.jpg","datePublished":"2016-07-09T20:43:52+00:00","dateModified":"2016-07-09T20:44:34+00:00","author":{"@id":"https:\/\/www.uruloki.org\/felipeblog\/#\/schema\/person\/ddba06ddaa27edf0c370460d05c51bb3"},"description":"Arranco con el descubrimiento de la identidad del villano de Doctor Strange (2016) de Scott Derrickson. Resulta que Mads Mikkelsen ser\u00e1 Kaecilus... \u00bfqui\u00e9n?","breadcrumb":{"@id":"https:\/\/www.uruloki.org\/felipeblog\/cine-de-comics\/mads-mikkelsen-kaecilus-doctor-strange-ya-tenemos-fecha-estreno-tomb-raider-amblin-entertainment-regresa-al-cine-familiar-extraterrestres-the-fall-primer-cartel-beauty-and-t#breadcrumb"},"inLanguage":"es","potentialAction":[{"@type":"ReadAction","target":["https:\/\/www.uruloki.org\/felipeblog\/cine-de-comics\/mads-mikkelsen-kaecilus-doctor-strange-ya-tenemos-fecha-estreno-tomb-raider-amblin-entertainment-regresa-al-cine-familiar-extraterrestres-the-fall-primer-cartel-beauty-and-t"]}]},{"@type":"ImageObject","inLanguage":"es","@id":"https:\/\/www.uruloki.org\/felipeblog\/cine-de-comics\/mads-mikkelsen-kaecilus-doctor-strange-ya-tenemos-fecha-estreno-tomb-raider-amblin-entertainment-regresa-al-cine-familiar-extraterrestres-the-fall-primer-cartel-beauty-and-t#primaryimage","url":"https:\/\/uruloki.org\/felipeblog\/images2016\/20160709-doctorstrange.jpg","contentUrl":"https:\/\/uruloki.org\/felipeblog\/images2016\/20160709-doctorstrange.jpg"},{"@type":"BreadcrumbList","@id":"https:\/\/www.uruloki.org\/felipeblog\/cine-de-comics\/mads-mikkelsen-kaecilus-doctor-strange-ya-tenemos-fecha-estreno-tomb-raider-amblin-entertainment-regresa-al-cine-familiar-extraterrestres-the-fall-primer-cartel-beauty-and-t#breadcrumb","itemListElement":[{"@type":"ListItem","position":1,"name":"Portada","item":"https:\/\/www.uruloki.org\/felipeblog"},{"@type":"ListItem","position":2,"name":"Mads Mikkelsen es Kaecilus en Doctor Strange, ya tenemos fecha de estreno para Tomb Raider, Amblin Entertainment regresa al cine familiar con extraterrestres en The Fall, primer cartel de Beauty and the Beast modo acci\u00f3n real y ojito al trailer de Celluloid Wizards in the Video Wasteland: The Saga of Empire Pictures&#8230;"}]},{"@type":"WebSite","@id":"https:\/\/www.uruloki.org\/felipeblog\/#website","url":"https:\/\/www.uruloki.org\/felipeblog\/","name":"Uruloki :: Blog","description":"Blog de cine, terror, ciencia ficci\u00f3n, fantas\u00eda y c\u00f3mics","potentialAction":[{"@type":"SearchAction","target":{"@type":"EntryPoint","urlTemplate":"https:\/\/www.uruloki.org\/felipeblog\/?s={search_term_string}"},"query-input":{"@type":"PropertyValueSpecification","valueRequired":true,"valueName":"search_term_string"}}],"inLanguage":"es"},{"@type":"Person","@id":"https:\/\/www.uruloki.org\/felipeblog\/#\/schema\/person\/ddba06ddaa27edf0c370460d05c51bb3","name":"Uruloki","image":{"@type":"ImageObject","inLanguage":"es","@id":"https:\/\/www.uruloki.org\/felipeblog\/#\/schema\/person\/image\/","url":"https:\/\/secure.gravatar.com\/avatar\/68d5301c5f52ba88fd63f02c75b8c4d1b3c3fc4b21e2998a1e98c4b3a54d9f7c?s=96&d=mm&r=g","contentUrl":"https:\/\/secure.gravatar.com\/avatar\/68d5301c5f52ba88fd63f02c75b8c4d1b3c3fc4b21e2998a1e98c4b3a54d9f7c?s=96&d=mm&r=g","caption":"Uruloki"},"sameAs":["https:\/\/uruloki.org"],"url":"https:\/\/www.uruloki.org\/felipeblog\/author\/admin-2-2-2"}]}},"_links":{"self":[{"href":"https:\/\/www.uruloki.org\/felipeblog\/wp-json\/wp\/v2\/posts\/15745","targetHints":{"allow":["GET"]}}],"collection":[{"href":"https:\/\/www.uruloki.org\/felipeblog\/wp-json\/wp\/v2\/posts"}],"about":[{"href":"https:\/\/www.uruloki.org\/felipeblog\/wp-json\/wp\/v2\/types\/post"}],"author":[{"embeddable":true,"href":"https:\/\/www.uruloki.org\/felipeblog\/wp-json\/wp\/v2\/users\/28"}],"replies":[{"embeddable":true,"href":"https:\/\/www.uruloki.org\/felipeblog\/wp-json\/wp\/v2\/comments?post=15745"}],"version-history":[{"count":2,"href":"https:\/\/www.uruloki.org\/felipeblog\/wp-json\/wp\/v2\/posts\/15745\/revisions"}],"predecessor-version":[{"id":15747,"href":"https:\/\/www.uruloki.org\/felipeblog\/wp-json\/wp\/v2\/posts\/15745\/revisions\/15747"}],"wp:attachment":[{"href":"https:\/\/www.uruloki.org\/felipeblog\/wp-json\/wp\/v2\/media?parent=15745"}],"wp:term":[{"taxonomy":"category","embeddable":true,"href":"https:\/\/www.uruloki.org\/felipeblog\/wp-json\/wp\/v2\/categories?post=15745"},{"taxonomy":"post_tag","embeddable":true,"href":"https:\/\/www.uruloki.org\/felipeblog\/wp-json\/wp\/v2\/tags?post=15745"}],"curies":[{"name":"wp","href":"https:\/\/api.w.org\/{rel}","templated":true}]}}