{"id":15723,"date":"2016-07-02T19:19:19","date_gmt":"2016-07-02T17:19:19","guid":{"rendered":"https:\/\/uruloki.org\/felipeblog\/?p=15723"},"modified":"2016-07-02T19:19:19","modified_gmt":"2016-07-02T17:19:19","slug":"independence-day-contraataque-opinion","status":"publish","type":"post","link":"https:\/\/www.uruloki.org\/felipeblog\/opinion\/independence-day-contraataque-opinion","title":{"rendered":"Independence Day: contraataque (opini\u00f3n)&#8230;"},"content":{"rendered":"<p>Creo que todos estamos de acuerdo si nos preguntamos eso de &iquest;pero qu&eacute; co&ntilde;o esperabas de <strong>Independence Day: contraataque<\/strong> (<em>Independence Day: Resurgence<\/em>)? Vale, bajo esa perspectiva tengo que reconocer que no puedo decir mucho, pero como en el fondo no esperaba nada de lo nuevo de <strong>Roland Emmerich<\/strong>, ver la infamia que ha perpetrado me parece hasta excesivo. La secuela de la correcta <strong>ID4<\/strong> (vista hoy en d&iacute;a roza lo sopor&iacute;fero) es un cagarro de los gordos. Es absurda, facilona, un clich&eacute; extralargo,  muy aburrida y con m&aacute;s retornos de los deseados. Porque digo yo, ya si te cargas al <strong>Capit&aacute;n Hiller<\/strong> porque se te baja del barco <strong>Will Smith<\/strong>, que bien hizo pese a no estar pasando tampoco su mejor momento profesional, por favor, acaba de paso con otros personajes m&aacute;s prescindibles que este e inv&eacute;ntate algo menos obsoleto.<\/p>\n<p>A <strong>Roland Emmerich<\/strong> poco le debe dar la cabeza. Es el rey de la cat&aacute;strofe, de la destrucci&oacute;n masiva y genio si lo tratamos como &quot;imaginador&quot; de posibles finales definitivos de la vida en el planeta Tierra. Si quieres ver una pel&iacute;cula donde mueran varios cientos de millones de personas entonces lo mejor es que hables con este director de origen alem&aacute;n que algo se le ocurrir&aacute;, o simplemente echa un vistazo a su filmograf&iacute;a previa que unos cuantos productos de calibre apocal&iacute;ptico los tiene.  Tras unos a&ntilde;os de vacas realmente flacas, aunque haciendo memoria creo que nunca ha tenido una fase de gordas salvo por <strong>Soldado Universal<\/strong> (<em>Universal Soldier<\/em>) y <strong>Stargate: puerta a las estrellas<\/strong> (<em>Stargate<\/em>), <strong>Emmerich<\/strong> se al&iacute;a nuevamente con su <em>alma mater<\/em> <strong>Dean Devlin<\/strong> y nos traslada a un futuro ins&oacute;lito, incre&iacute;ble e irrisorio. Para mi que no se lo han ni planteado&#8230; en ese batiburrillo de supervivencia que era  <strong>Independence Day<\/strong>, mucha de su gracia estaba en que hab&iacute;a que tirar de ingenio, aunque absurdo, para acabar con los invasores. Ten&iacute;amos aviones pilotados por borrachos que cre&iacute;an haber sido abducidos e incluso  un virus inform&aacute;tico mata extraterrestres.  Ahora como tenemos su tecnolog&iacute;a, de chichinabo visto lo visto, podemos hacerles frente en igualdad de condiciones.<\/p>\n<p>Sumemos a este desprop&oacute;sito dentro del rango de la imaginaci&oacute;n el de la elecci&oacute;n del reparto. En 1996 estaban <strong>Will Smith<\/strong>, <strong>Jeff Goldblum<\/strong>, <strong>Bill Pullman<\/strong>, <strong>Robert Loggia<\/strong>, <strong>Randy Quaid<\/strong>, <strong>Mary McDonnell<\/strong>, <strong>Judd Hirsch<\/strong> y <strong>Brent Spiner<\/strong>. Muchos veteranos ya consagrados y alg&uacute;n joven como <strong>Smith<\/strong> que comenzaba con esta cinta a ser una estrella de ese mundo que es Hollywood. En 2016 est&aacute;n <strong>Liam Hemsworth<\/strong>, <strong>Jeff Goldblum<\/strong>, <strong>Bill Pullman<\/strong>, <strong>Jessie T. Usher<\/strong>, <strong>Maika Monroe<\/strong>, <strong>William Fichtner<\/strong>, <strong>Judd Hirsch<\/strong> y <strong>Brent Spiner<\/strong>. Por lo tanto, est&aacute;s delegando el control de una pel&iacute;cula en gente, cuatro de los de esa lista se comen el 50% del metraje, que hace 20 a&ntilde;os tampoco eran la repanocha&#8230; aunque <strong>Goldblum<\/strong> siempre ha sido un actor de alto rango y en muchos aspectos inigualable merced a su carisma y presencia. Pero el resto&#8230; acaba con <strong>Pullman<\/strong>, acaba con <strong>Hirsch<\/strong> y acaba con <strong>Spiner<\/strong>, no necesitamos recuperarlos y menos hacer uso de los mismos chistes que ya chirriaron de lo lindo hace dos d&eacute;cadas. De los nuevos me vale la <strong>Monroe<\/strong>, aunque este es el t&iacute;pico proyecto que acaba con una carrera en la que te has encumbrado gracias a <strong>The Guest<\/strong> o <strong>It Follows<\/strong>, y <strong>Fichtner<\/strong>, un secundario tan de lujo que siempre agrada. Pero claro, para rizar el rizo al aburrimiento lo sazonas con nuevos personajes p&aacute;nfilos, terror&iacute;ficos, penosos y pat&eacute;ticos como ese <strong>Dikembe Umbutu<\/strong> (<em>Deobia Oparei<\/em>) que da verg&uuml;encilla, o esa periodista encarnada por una buscadora de habichuelas como <strong>Charlotte Gainsbourg<\/strong>. En serio, es de traca.<\/p>\n<p>La historia, escrita por la parte vacacional del imaginario de un par de actores secundarios mutados en pseudo-guionistas  como <strong>Nicolas Wright<\/strong> y <strong>James A. Woods<\/strong>, los propios <strong>Devlin<\/strong> y <strong>Emmerich<\/strong>, o el &uacute;nico genio el grupo <strong>James Vanderbilt<\/strong>, le debemos recordar por <strong>Zodiac<\/strong> o <strong>Basic<\/strong> y olvidar por el resto de su filmograf&iacute;a, es de toma, pan y moja. Dentro del no tiene ni pies ni cabeza que suele ser este tipo de productos, esta en verdad no tiene ni pies ni cabeza&#8230; por lo tanto flip&eacute;moslo y hasta otra. Es todo tan absurdo que no puedo empezar. No se entiende nada y el truco del almendruco de la esfera echa cables es sin lugar a dudas el detalle que aniquila un producto ya de por si completamente prescindible. &iquest;Qu&eacute; nos espera tras <strong>Independence Day: contraataque<\/strong>? Pues <strong>Emmerich<\/strong> quiere llevarnos al espacio para cargarse definitivamente la marca. Veremos si la taquilla se lo permite.<\/p>\n<p class=\"centrado\"><img decoding=\"async\" src=\"https:\/\/uruloki.org\/felipeblog\/images2016\/20160309-independenceday.jpg\" alt=\"Espa\u00f1a entre los objetivos del nuevo Independence Day\"><br \/><em>Espa\u00f1a entre los objetivos del nuevo Independence Day<\/em><\/p>\n","protected":false},"excerpt":{"rendered":"<p>Creo que todos estamos de acuerdo si nos preguntamos eso de &iquest;pero qu&eacute; co&ntilde;o esperabas de Independence Day: contraataque (Independence Day: Resurgence)? Vale, bajo esa perspectiva tengo que reconocer que no puedo decir mucho, pero como en el fondo no esperaba nada de lo nuevo de Roland Emmerich, ver la infamia que ha perpetrado me [&hellip;]<\/p>\n","protected":false},"author":28,"featured_media":0,"comment_status":"open","ping_status":"open","sticky":false,"template":"","format":"standard","meta":{"footnotes":""},"categories":[8,27],"tags":[3329,3373],"class_list":["post-15723","post","type-post","status-publish","format-standard","hentry","category-cine-de-ciencia-ficcion","category-opinion","tag-independence-day-resurgence","tag-opinion"],"yoast_head":"<!-- This site is optimized with the Yoast SEO plugin v24.3 - https:\/\/yoast.com\/wordpress\/plugins\/seo\/ -->\n<title>Independence Day: contraataque (opini\u00f3n)<\/title>\n<meta name=\"description\" content=\"Creo que todos estamos de acuerdo si nos preguntamos eso de \u00bfpero qu\u00e9 co\u00f1o esperabas de Independence Day: contraataque? Es tan infame que hasta duele verla.\" \/>\n<meta name=\"robots\" content=\"index, follow, max-snippet:-1, max-image-preview:large, max-video-preview:-1\" \/>\n<link rel=\"canonical\" href=\"https:\/\/www.uruloki.org\/felipeblog\/opinion\/independence-day-contraataque-opinion\" \/>\n<meta property=\"og:locale\" content=\"es_ES\" \/>\n<meta property=\"og:type\" content=\"article\" \/>\n<meta property=\"og:title\" content=\"Independence Day: contraataque (opini\u00f3n)\" \/>\n<meta property=\"og:description\" content=\"Creo que todos estamos de acuerdo si nos preguntamos eso de \u00bfpero qu\u00e9 co\u00f1o esperabas de Independence Day: contraataque? Es tan infame que hasta duele verla.\" \/>\n<meta property=\"og:url\" content=\"https:\/\/www.uruloki.org\/felipeblog\/opinion\/independence-day-contraataque-opinion\" \/>\n<meta property=\"og:site_name\" content=\"Uruloki :: Blog\" \/>\n<meta property=\"article:publisher\" content=\"https:\/\/www.facebook.com\/uruloki.org\" \/>\n<meta property=\"article:published_time\" content=\"2016-07-02T17:19:19+00:00\" \/>\n<meta property=\"og:image\" content=\"https:\/\/uruloki.org\/felipeblog\/images2016\/20160309-independenceday.jpg\" \/>\n<meta name=\"author\" content=\"Uruloki\" \/>\n<meta name=\"twitter:card\" content=\"summary_large_image\" \/>\n<meta name=\"twitter:creator\" content=\"@uruloki\" \/>\n<meta name=\"twitter:site\" content=\"@uruloki\" \/>\n<meta name=\"twitter:label1\" content=\"Escrito por\" \/>\n\t<meta name=\"twitter:data1\" content=\"Uruloki\" \/>\n\t<meta name=\"twitter:label2\" content=\"Tiempo de lectura\" \/>\n\t<meta name=\"twitter:data2\" content=\"4 minutos\" \/>\n<script type=\"application\/ld+json\" class=\"yoast-schema-graph\">{\"@context\":\"https:\/\/schema.org\",\"@graph\":[{\"@type\":\"WebPage\",\"@id\":\"https:\/\/www.uruloki.org\/felipeblog\/opinion\/independence-day-contraataque-opinion\",\"url\":\"https:\/\/www.uruloki.org\/felipeblog\/opinion\/independence-day-contraataque-opinion\",\"name\":\"Independence Day: contraataque (opini\u00f3n)\",\"isPartOf\":{\"@id\":\"https:\/\/www.uruloki.org\/felipeblog\/#website\"},\"primaryImageOfPage\":{\"@id\":\"https:\/\/www.uruloki.org\/felipeblog\/opinion\/independence-day-contraataque-opinion#primaryimage\"},\"image\":{\"@id\":\"https:\/\/www.uruloki.org\/felipeblog\/opinion\/independence-day-contraataque-opinion#primaryimage\"},\"thumbnailUrl\":\"https:\/\/uruloki.org\/felipeblog\/images2016\/20160309-independenceday.jpg\",\"datePublished\":\"2016-07-02T17:19:19+00:00\",\"dateModified\":\"2016-07-02T17:19:19+00:00\",\"author\":{\"@id\":\"https:\/\/www.uruloki.org\/felipeblog\/#\/schema\/person\/ddba06ddaa27edf0c370460d05c51bb3\"},\"description\":\"Creo que todos estamos de acuerdo si nos preguntamos eso de \u00bfpero qu\u00e9 co\u00f1o esperabas de Independence Day: contraataque? Es tan infame que hasta duele verla.\",\"breadcrumb\":{\"@id\":\"https:\/\/www.uruloki.org\/felipeblog\/opinion\/independence-day-contraataque-opinion#breadcrumb\"},\"inLanguage\":\"es\",\"potentialAction\":[{\"@type\":\"ReadAction\",\"target\":[\"https:\/\/www.uruloki.org\/felipeblog\/opinion\/independence-day-contraataque-opinion\"]}]},{\"@type\":\"ImageObject\",\"inLanguage\":\"es\",\"@id\":\"https:\/\/www.uruloki.org\/felipeblog\/opinion\/independence-day-contraataque-opinion#primaryimage\",\"url\":\"https:\/\/uruloki.org\/felipeblog\/images2016\/20160309-independenceday.jpg\",\"contentUrl\":\"https:\/\/uruloki.org\/felipeblog\/images2016\/20160309-independenceday.jpg\"},{\"@type\":\"BreadcrumbList\",\"@id\":\"https:\/\/www.uruloki.org\/felipeblog\/opinion\/independence-day-contraataque-opinion#breadcrumb\",\"itemListElement\":[{\"@type\":\"ListItem\",\"position\":1,\"name\":\"Portada\",\"item\":\"https:\/\/www.uruloki.org\/felipeblog\"},{\"@type\":\"ListItem\",\"position\":2,\"name\":\"Independence Day: contraataque (opini\u00f3n)&#8230;\"}]},{\"@type\":\"WebSite\",\"@id\":\"https:\/\/www.uruloki.org\/felipeblog\/#website\",\"url\":\"https:\/\/www.uruloki.org\/felipeblog\/\",\"name\":\"Uruloki :: Blog\",\"description\":\"Blog de cine, terror, ciencia ficci\u00f3n, fantas\u00eda y c\u00f3mics\",\"potentialAction\":[{\"@type\":\"SearchAction\",\"target\":{\"@type\":\"EntryPoint\",\"urlTemplate\":\"https:\/\/www.uruloki.org\/felipeblog\/?s={search_term_string}\"},\"query-input\":{\"@type\":\"PropertyValueSpecification\",\"valueRequired\":true,\"valueName\":\"search_term_string\"}}],\"inLanguage\":\"es\"},{\"@type\":\"Person\",\"@id\":\"https:\/\/www.uruloki.org\/felipeblog\/#\/schema\/person\/ddba06ddaa27edf0c370460d05c51bb3\",\"name\":\"Uruloki\",\"image\":{\"@type\":\"ImageObject\",\"inLanguage\":\"es\",\"@id\":\"https:\/\/www.uruloki.org\/felipeblog\/#\/schema\/person\/image\/\",\"url\":\"https:\/\/secure.gravatar.com\/avatar\/68d5301c5f52ba88fd63f02c75b8c4d1b3c3fc4b21e2998a1e98c4b3a54d9f7c?s=96&d=mm&r=g\",\"contentUrl\":\"https:\/\/secure.gravatar.com\/avatar\/68d5301c5f52ba88fd63f02c75b8c4d1b3c3fc4b21e2998a1e98c4b3a54d9f7c?s=96&d=mm&r=g\",\"caption\":\"Uruloki\"},\"sameAs\":[\"https:\/\/uruloki.org\"],\"url\":\"https:\/\/www.uruloki.org\/felipeblog\/author\/admin-2-2-2\"}]}<\/script>\n<!-- \/ Yoast SEO plugin. -->","yoast_head_json":{"title":"Independence Day: contraataque (opini\u00f3n)","description":"Creo que todos estamos de acuerdo si nos preguntamos eso de \u00bfpero qu\u00e9 co\u00f1o esperabas de Independence Day: contraataque? Es tan infame que hasta duele verla.","robots":{"index":"index","follow":"follow","max-snippet":"max-snippet:-1","max-image-preview":"max-image-preview:large","max-video-preview":"max-video-preview:-1"},"canonical":"https:\/\/www.uruloki.org\/felipeblog\/opinion\/independence-day-contraataque-opinion","og_locale":"es_ES","og_type":"article","og_title":"Independence Day: contraataque (opini\u00f3n)","og_description":"Creo que todos estamos de acuerdo si nos preguntamos eso de \u00bfpero qu\u00e9 co\u00f1o esperabas de Independence Day: contraataque? Es tan infame que hasta duele verla.","og_url":"https:\/\/www.uruloki.org\/felipeblog\/opinion\/independence-day-contraataque-opinion","og_site_name":"Uruloki :: Blog","article_publisher":"https:\/\/www.facebook.com\/uruloki.org","article_published_time":"2016-07-02T17:19:19+00:00","og_image":[{"url":"https:\/\/uruloki.org\/felipeblog\/images2016\/20160309-independenceday.jpg","type":"","width":"","height":""}],"author":"Uruloki","twitter_card":"summary_large_image","twitter_creator":"@uruloki","twitter_site":"@uruloki","twitter_misc":{"Escrito por":"Uruloki","Tiempo de lectura":"4 minutos"},"schema":{"@context":"https:\/\/schema.org","@graph":[{"@type":"WebPage","@id":"https:\/\/www.uruloki.org\/felipeblog\/opinion\/independence-day-contraataque-opinion","url":"https:\/\/www.uruloki.org\/felipeblog\/opinion\/independence-day-contraataque-opinion","name":"Independence Day: contraataque (opini\u00f3n)","isPartOf":{"@id":"https:\/\/www.uruloki.org\/felipeblog\/#website"},"primaryImageOfPage":{"@id":"https:\/\/www.uruloki.org\/felipeblog\/opinion\/independence-day-contraataque-opinion#primaryimage"},"image":{"@id":"https:\/\/www.uruloki.org\/felipeblog\/opinion\/independence-day-contraataque-opinion#primaryimage"},"thumbnailUrl":"https:\/\/uruloki.org\/felipeblog\/images2016\/20160309-independenceday.jpg","datePublished":"2016-07-02T17:19:19+00:00","dateModified":"2016-07-02T17:19:19+00:00","author":{"@id":"https:\/\/www.uruloki.org\/felipeblog\/#\/schema\/person\/ddba06ddaa27edf0c370460d05c51bb3"},"description":"Creo que todos estamos de acuerdo si nos preguntamos eso de \u00bfpero qu\u00e9 co\u00f1o esperabas de Independence Day: contraataque? Es tan infame que hasta duele verla.","breadcrumb":{"@id":"https:\/\/www.uruloki.org\/felipeblog\/opinion\/independence-day-contraataque-opinion#breadcrumb"},"inLanguage":"es","potentialAction":[{"@type":"ReadAction","target":["https:\/\/www.uruloki.org\/felipeblog\/opinion\/independence-day-contraataque-opinion"]}]},{"@type":"ImageObject","inLanguage":"es","@id":"https:\/\/www.uruloki.org\/felipeblog\/opinion\/independence-day-contraataque-opinion#primaryimage","url":"https:\/\/uruloki.org\/felipeblog\/images2016\/20160309-independenceday.jpg","contentUrl":"https:\/\/uruloki.org\/felipeblog\/images2016\/20160309-independenceday.jpg"},{"@type":"BreadcrumbList","@id":"https:\/\/www.uruloki.org\/felipeblog\/opinion\/independence-day-contraataque-opinion#breadcrumb","itemListElement":[{"@type":"ListItem","position":1,"name":"Portada","item":"https:\/\/www.uruloki.org\/felipeblog"},{"@type":"ListItem","position":2,"name":"Independence Day: contraataque (opini\u00f3n)&#8230;"}]},{"@type":"WebSite","@id":"https:\/\/www.uruloki.org\/felipeblog\/#website","url":"https:\/\/www.uruloki.org\/felipeblog\/","name":"Uruloki :: Blog","description":"Blog de cine, terror, ciencia ficci\u00f3n, fantas\u00eda y c\u00f3mics","potentialAction":[{"@type":"SearchAction","target":{"@type":"EntryPoint","urlTemplate":"https:\/\/www.uruloki.org\/felipeblog\/?s={search_term_string}"},"query-input":{"@type":"PropertyValueSpecification","valueRequired":true,"valueName":"search_term_string"}}],"inLanguage":"es"},{"@type":"Person","@id":"https:\/\/www.uruloki.org\/felipeblog\/#\/schema\/person\/ddba06ddaa27edf0c370460d05c51bb3","name":"Uruloki","image":{"@type":"ImageObject","inLanguage":"es","@id":"https:\/\/www.uruloki.org\/felipeblog\/#\/schema\/person\/image\/","url":"https:\/\/secure.gravatar.com\/avatar\/68d5301c5f52ba88fd63f02c75b8c4d1b3c3fc4b21e2998a1e98c4b3a54d9f7c?s=96&d=mm&r=g","contentUrl":"https:\/\/secure.gravatar.com\/avatar\/68d5301c5f52ba88fd63f02c75b8c4d1b3c3fc4b21e2998a1e98c4b3a54d9f7c?s=96&d=mm&r=g","caption":"Uruloki"},"sameAs":["https:\/\/uruloki.org"],"url":"https:\/\/www.uruloki.org\/felipeblog\/author\/admin-2-2-2"}]}},"_links":{"self":[{"href":"https:\/\/www.uruloki.org\/felipeblog\/wp-json\/wp\/v2\/posts\/15723","targetHints":{"allow":["GET"]}}],"collection":[{"href":"https:\/\/www.uruloki.org\/felipeblog\/wp-json\/wp\/v2\/posts"}],"about":[{"href":"https:\/\/www.uruloki.org\/felipeblog\/wp-json\/wp\/v2\/types\/post"}],"author":[{"embeddable":true,"href":"https:\/\/www.uruloki.org\/felipeblog\/wp-json\/wp\/v2\/users\/28"}],"replies":[{"embeddable":true,"href":"https:\/\/www.uruloki.org\/felipeblog\/wp-json\/wp\/v2\/comments?post=15723"}],"version-history":[{"count":1,"href":"https:\/\/www.uruloki.org\/felipeblog\/wp-json\/wp\/v2\/posts\/15723\/revisions"}],"predecessor-version":[{"id":15724,"href":"https:\/\/www.uruloki.org\/felipeblog\/wp-json\/wp\/v2\/posts\/15723\/revisions\/15724"}],"wp:attachment":[{"href":"https:\/\/www.uruloki.org\/felipeblog\/wp-json\/wp\/v2\/media?parent=15723"}],"wp:term":[{"taxonomy":"category","embeddable":true,"href":"https:\/\/www.uruloki.org\/felipeblog\/wp-json\/wp\/v2\/categories?post=15723"},{"taxonomy":"post_tag","embeddable":true,"href":"https:\/\/www.uruloki.org\/felipeblog\/wp-json\/wp\/v2\/tags?post=15723"}],"curies":[{"name":"wp","href":"https:\/\/api.w.org\/{rel}","templated":true}]}}