{"id":15679,"date":"2016-06-18T11:37:03","date_gmt":"2016-06-18T09:37:03","guid":{"rendered":"https:\/\/uruloki.org\/felipeblog\/?p=15679"},"modified":"2016-06-18T19:32:24","modified_gmt":"2016-06-18T17:32:24","slug":"llegan-las-primeras-imagenes-american-gods-bryan-fuller-neil-gaiman-guillermo-del-toro-presenta-elenco-voces-la-serie-animacion-trollhunters-netflix-dreamworks-davi","status":"publish","type":"post","link":"https:\/\/www.uruloki.org\/felipeblog\/alien\/llegan-las-primeras-imagenes-american-gods-bryan-fuller-neil-gaiman-guillermo-del-toro-presenta-elenco-voces-la-serie-animacion-trollhunters-netflix-dreamworks-davi","title":{"rendered":"Llegan las primeras im\u00e1genes de \u00abAmerican Gods\u00bb de Bryan Fuller y Neil Gaiman, Guillermo del Toro presenta el elenco de voces para la serie de animaci\u00f3n \u00abTrollhunters\u00bb de Netflix \/ Dreamworks, un David moreno se deja ver en la nueva imagen del rodaje de Alien: Covenant, una peculiar bater\u00eda de carteles para El hogar de Miss Peregrine para ni\u00f1os idem y Diego Olmos nos presenta al Nosferatu de Murnau en modo c\u00f3mic&#8230;"},"content":{"rendered":"<p>S&aacute;bado de transici&oacute;n pendiente todav&iacute;a de ver <strong>Expediente Warren: El caso de Enfield<\/strong> (<em>The Conjuring 2<\/em>, 2016). Mientras tanto unas pocas cosas que contar y hasta ma&ntilde;ana si dios quiere. Por ejemplo, tenemos por ah&iacute; <a href=\"http:\/\/www.ew.com\/article\/2016\/06\/16\/american-gods-first-look?xid=entertainment-weekly_socialflow_twitter\" target=\"_blank\">las primeras im&aacute;genes de <strong>&quot;American Gods&quot;<\/strong><\/a>, la adaptaci&oacute;n de la obra de <strong>Neil Gaiman<\/strong> a la televisi&oacute;n en manos de <strong>Bryan Fuller<\/strong> y <strong>Michael Green<\/strong>&nbsp;. En las im&aacute;genes vemos a <strong>Shadow<\/strong> (<em>Ricky Whittle<\/em>), <strong>Mr. Wednesday<\/strong> (<em>Ian McShane<\/em>) y <strong>Mad Sweeney<\/strong> (<em>Pablo Schreiber<\/em>) en una de las localizaciones familiares para los que hayan le&iacute;do la obra de <strong>Gaiman<\/strong>&#8230; el Bar Cocodrilo de Jack. El momento, aquel en el que <strong>Shadow<\/strong>  da a conocer sus cualidades en una pelea a pu&ntilde;etazo limpio y genera inter&eacute;s en <strong>Mr. Wednesday<\/strong>.<\/p>\n<p class=\"centrado\"><img decoding=\"async\" src=\"https:\/\/uruloki.org\/felipeblog\/images2016\/20160618-americangods-1.jpg\" alt=\"Primeras im&aacute;genes de &quot;American Gods&quot;\" \/><\/p>\n<p class=\"centrado\"><img decoding=\"async\" src=\"https:\/\/uruloki.org\/felipeblog\/images2016\/20160618-americangods-2.jpg\" alt=\"Primeras im&aacute;genes de &quot;American Gods&quot;\" \/><br \/><em>Primeras im&aacute;genes de &quot;American Gods&quot;<\/em><\/p>\n<p>Tenemos tambi&eacute;n <a href=\"http:\/\/www.hollywoodreporter.com\/news\/guillermo-del-toro-talks-trollhunters-903139\" target=\"_blank\">el reparto de voces que encabezar&aacute; la serie de animaci&oacute;n <strong>&quot;Trollhunters&quot;<\/strong><\/a> de <strong>Guillermo del Toro<\/strong> para <strong>Dreamworks<\/strong> y <strong>Netflix<\/strong>. En su paso por el festival de cine de animaci&oacute;n de Annecy, aqu&iacute; al lado, <strong>Del Toro<\/strong> ha descubierto que <strong>Ron Perlman<\/strong>, <strong>Kelsey Grammer<\/strong> y <strong>Anton Yelchin<\/strong> prestar&aacute;n sus voces para otros tantos personajes de la serie que ahora mismo se est&aacute; produciendo. La fecha de estreno diciembre de este a&ntilde;o, otra de las apuestas fuertes de <strong>Netflix<\/strong> por el g&eacute;nero de animaci&oacute;n tras la que dicen bastante molona <strong>&quot;Voltron Legendary Defender&quot;<\/strong>. Tenemos tambi&eacute;n una <a href=\"https:\/\/www.facebook.com\/alienanthology\/photos\/a.450250496604.240391.8432351604\/10154162859896605\/?type=3&amp;theater\" target=\"_blank\">nueva imagen tras las c&aacute;maras de <strong>Alien: Covenant<\/strong> (2017) de <strong>Ridley Scott<\/strong><\/a>. La fotograf&iacute;a, aparecida en el canal oficial del film en Facebook, muestra al veterano director dando una <em>master class<\/em> de objetivos del rodaje al reparto completo&#8230; destacando la apariencia, nueva, de <strong>Michael Fassbender<\/strong> como un renovado y moreno <strong>David<\/strong>. Si uno se lo plantea el parecido con <strong>Bishop<\/strong>, as&iacute; desenfocado, es notable. Poco m&aacute;s trasciende de la imagen, un casco diferente, rostros concentrados&#8230; el rodaje sigue su curso.<\/p>\n<p class=\"centrado\"><img decoding=\"async\" src=\"https:\/\/uruloki.org\/felipeblog\/images2016\/20160618-aliencovenant.jpg\" alt=\"En el rodaje de Alien: Covenant\" \/><br \/><em>En el rodaje de Alien: Covenant<\/em><\/p>\n<p>Comentar ahora  que ha aparecido una <a href=\"http:\/\/www.comingsoon.net\/movies\/news\/696355-8-miss-peregrines-home-for-peculiar-children-character-posters\" target=\"_blank\">bater&iacute;a de nuevos carteles de <strong>El hogar de Miss Peregrine para ni&ntilde;os peculiares<\/strong> (<em>Miss Peregrine&#8217;s Home for Peculiar Children<\/em>, 2016)<\/a> de <strong>Tim Burton<\/strong>. Os dejo con uno de ellos, el resto pod&eacute;is verlos en este enlace. Me encanta la pinta de <strong>Samuel L. Jackson<\/strong> como el gran villano, un recuerdo a todos aquellos glorioso personajes de <strong>El &uacute;ltimo hombre vivo<\/strong> (<em>Omega Man<\/em>) con <strong>Charlton Heston<\/strong>.<\/p>\n<p class=\"centrado\"><img decoding=\"async\" src=\"https:\/\/uruloki.org\/felipeblog\/images2016\/20160618-missperegrine.jpg\" alt=\"Samuel L. Jackson... inmejorable\" \/><br \/><em>Samuel L. Jackson&#8230; inmejorable<\/em><\/p>\n<p>La despedida la pone <a href=\"https:\/\/www.spacemanproject.com\/en\/project\/nosferatu\/9\"><strong>Diego Olmos<\/strong> y <strong>Nosferatu<\/strong><\/a>, una aventura comiquera bastante molona, una adaptaci&oacute;n libre del cl&aacute;sico film de <strong>Murnau<\/strong> de 1922 <strong>Nosferatu<\/strong>, basado en la obra <strong>&quot;Dr&aacute;cula&quot;<\/strong> de <strong>Bram Stoker<\/strong>. La idea arranca como proyecto crownfunding y esperemos que salga adelante porque tiene muy buena pinta. Diego Olmos ha trabajado en diversos proyectos relacionados con el cine y televisi&oacute;n como las precuelas comiqueras de <strong>RED<\/strong>, <strong>28 D&iacute;as despu&eacute;s<\/strong> (<em>28 Days Later&#8230;<\/em>) o la serie de televisi&oacute;n <strong>&quot;Sobrenatural&quot;<\/strong> (<em>&quot;Supernatural&quot;<\/em>).<\/p>\n","protected":false},"excerpt":{"rendered":"<p>S&aacute;bado de transici&oacute;n pendiente todav&iacute;a de ver Expediente Warren: El caso de Enfield (The Conjuring 2, 2016). Mientras tanto unas pocas cosas que contar y hasta ma&ntilde;ana si dios quiere. Por ejemplo, tenemos por ah&iacute; las primeras im&aacute;genes de &quot;American Gods&quot;, la adaptaci&oacute;n de la obra de Neil Gaiman a la televisi&oacute;n en manos de [&hellip;]<\/p>\n","protected":false},"author":28,"featured_media":0,"comment_status":"open","ping_status":"open","sticky":false,"template":"","format":"standard","meta":{"footnotes":""},"categories":[1607,10,8,12,19,26],"tags":[3450,1679,1944,1061],"class_list":["post-15679","post","type-post","status-publish","format-standard","hentry","category-alien","category-cine-de-comics","category-cine-de-ciencia-ficcion","category-cine-de-fantasia","category-cine-inclasificable","category-gdt","tag-alien-covenant","tag-american-gods","tag-miss-peregrines-home-for-peculiar-children","tag-trollhunters"],"yoast_head":"<!-- This site is optimized with the Yoast SEO plugin v24.3 - https:\/\/yoast.com\/wordpress\/plugins\/seo\/ -->\n<title>Llegan las primeras im\u00e1genes de &quot;American Gods&quot; de Bryan Fuller y Neil Gaiman<\/title>\n<meta name=\"description\" content=\"Tenemos por ah\u00ed las primeras im\u00e1genes de &quot;American Gods&quot;, la adaptaci\u00f3n de la obra de Neil Gaiman a la televisi\u00f3n en manos de Bryan Fuller y Michael Green\u00a0.\" \/>\n<meta name=\"robots\" content=\"index, follow, max-snippet:-1, max-image-preview:large, max-video-preview:-1\" \/>\n<link rel=\"canonical\" href=\"https:\/\/www.uruloki.org\/felipeblog\/alien\/llegan-las-primeras-imagenes-american-gods-bryan-fuller-neil-gaiman-guillermo-del-toro-presenta-elenco-voces-la-serie-animacion-trollhunters-netflix-dreamworks-davi\" \/>\n<meta property=\"og:locale\" content=\"es_ES\" \/>\n<meta property=\"og:type\" content=\"article\" \/>\n<meta property=\"og:title\" content=\"Llegan las primeras im\u00e1genes de &quot;American Gods&quot; de Bryan Fuller y Neil Gaiman\" \/>\n<meta property=\"og:description\" content=\"Tenemos por ah\u00ed las primeras im\u00e1genes de &quot;American Gods&quot;, la adaptaci\u00f3n de la obra de Neil Gaiman a la televisi\u00f3n en manos de Bryan Fuller y Michael Green\u00a0.\" \/>\n<meta property=\"og:url\" content=\"https:\/\/www.uruloki.org\/felipeblog\/alien\/llegan-las-primeras-imagenes-american-gods-bryan-fuller-neil-gaiman-guillermo-del-toro-presenta-elenco-voces-la-serie-animacion-trollhunters-netflix-dreamworks-davi\" \/>\n<meta property=\"og:site_name\" content=\"Uruloki :: Blog\" \/>\n<meta property=\"article:publisher\" content=\"https:\/\/www.facebook.com\/uruloki.org\" \/>\n<meta property=\"article:published_time\" content=\"2016-06-18T09:37:03+00:00\" \/>\n<meta property=\"article:modified_time\" content=\"2016-06-18T17:32:24+00:00\" \/>\n<meta property=\"og:image\" content=\"https:\/\/uruloki.org\/felipeblog\/images2016\/20160618-americangods-1.jpg\" \/>\n<meta name=\"author\" content=\"Uruloki\" \/>\n<meta name=\"twitter:card\" content=\"summary_large_image\" \/>\n<meta name=\"twitter:creator\" content=\"@uruloki\" \/>\n<meta name=\"twitter:site\" content=\"@uruloki\" \/>\n<meta name=\"twitter:label1\" content=\"Escrito por\" \/>\n\t<meta name=\"twitter:data1\" content=\"Uruloki\" \/>\n\t<meta name=\"twitter:label2\" content=\"Tiempo de lectura\" \/>\n\t<meta name=\"twitter:data2\" content=\"3 minutos\" \/>\n<script type=\"application\/ld+json\" class=\"yoast-schema-graph\">{\"@context\":\"https:\/\/schema.org\",\"@graph\":[{\"@type\":\"WebPage\",\"@id\":\"https:\/\/www.uruloki.org\/felipeblog\/alien\/llegan-las-primeras-imagenes-american-gods-bryan-fuller-neil-gaiman-guillermo-del-toro-presenta-elenco-voces-la-serie-animacion-trollhunters-netflix-dreamworks-davi\",\"url\":\"https:\/\/www.uruloki.org\/felipeblog\/alien\/llegan-las-primeras-imagenes-american-gods-bryan-fuller-neil-gaiman-guillermo-del-toro-presenta-elenco-voces-la-serie-animacion-trollhunters-netflix-dreamworks-davi\",\"name\":\"Llegan las primeras im\u00e1genes de \\\"American Gods\\\" de Bryan Fuller y Neil Gaiman\",\"isPartOf\":{\"@id\":\"https:\/\/www.uruloki.org\/felipeblog\/#website\"},\"primaryImageOfPage\":{\"@id\":\"https:\/\/www.uruloki.org\/felipeblog\/alien\/llegan-las-primeras-imagenes-american-gods-bryan-fuller-neil-gaiman-guillermo-del-toro-presenta-elenco-voces-la-serie-animacion-trollhunters-netflix-dreamworks-davi#primaryimage\"},\"image\":{\"@id\":\"https:\/\/www.uruloki.org\/felipeblog\/alien\/llegan-las-primeras-imagenes-american-gods-bryan-fuller-neil-gaiman-guillermo-del-toro-presenta-elenco-voces-la-serie-animacion-trollhunters-netflix-dreamworks-davi#primaryimage\"},\"thumbnailUrl\":\"https:\/\/uruloki.org\/felipeblog\/images2016\/20160618-americangods-1.jpg\",\"datePublished\":\"2016-06-18T09:37:03+00:00\",\"dateModified\":\"2016-06-18T17:32:24+00:00\",\"author\":{\"@id\":\"https:\/\/www.uruloki.org\/felipeblog\/#\/schema\/person\/ddba06ddaa27edf0c370460d05c51bb3\"},\"description\":\"Tenemos por ah\u00ed las primeras im\u00e1genes de \\\"American Gods\\\", la adaptaci\u00f3n de la obra de Neil Gaiman a la televisi\u00f3n en manos de Bryan Fuller y Michael Green\u00a0.\",\"breadcrumb\":{\"@id\":\"https:\/\/www.uruloki.org\/felipeblog\/alien\/llegan-las-primeras-imagenes-american-gods-bryan-fuller-neil-gaiman-guillermo-del-toro-presenta-elenco-voces-la-serie-animacion-trollhunters-netflix-dreamworks-davi#breadcrumb\"},\"inLanguage\":\"es\",\"potentialAction\":[{\"@type\":\"ReadAction\",\"target\":[\"https:\/\/www.uruloki.org\/felipeblog\/alien\/llegan-las-primeras-imagenes-american-gods-bryan-fuller-neil-gaiman-guillermo-del-toro-presenta-elenco-voces-la-serie-animacion-trollhunters-netflix-dreamworks-davi\"]}]},{\"@type\":\"ImageObject\",\"inLanguage\":\"es\",\"@id\":\"https:\/\/www.uruloki.org\/felipeblog\/alien\/llegan-las-primeras-imagenes-american-gods-bryan-fuller-neil-gaiman-guillermo-del-toro-presenta-elenco-voces-la-serie-animacion-trollhunters-netflix-dreamworks-davi#primaryimage\",\"url\":\"https:\/\/uruloki.org\/felipeblog\/images2016\/20160618-americangods-1.jpg\",\"contentUrl\":\"https:\/\/uruloki.org\/felipeblog\/images2016\/20160618-americangods-1.jpg\"},{\"@type\":\"BreadcrumbList\",\"@id\":\"https:\/\/www.uruloki.org\/felipeblog\/alien\/llegan-las-primeras-imagenes-american-gods-bryan-fuller-neil-gaiman-guillermo-del-toro-presenta-elenco-voces-la-serie-animacion-trollhunters-netflix-dreamworks-davi#breadcrumb\",\"itemListElement\":[{\"@type\":\"ListItem\",\"position\":1,\"name\":\"Portada\",\"item\":\"https:\/\/www.uruloki.org\/felipeblog\"},{\"@type\":\"ListItem\",\"position\":2,\"name\":\"Llegan las primeras im\u00e1genes de \u00abAmerican Gods\u00bb de Bryan Fuller y Neil Gaiman, Guillermo del Toro presenta el elenco de voces para la serie de animaci\u00f3n \u00abTrollhunters\u00bb de Netflix \/ Dreamworks, un David moreno se deja ver en la nueva imagen del rodaje de Alien: Covenant, una peculiar bater\u00eda de carteles para El hogar de Miss Peregrine para ni\u00f1os idem y Diego Olmos nos presenta al Nosferatu de Murnau en modo c\u00f3mic&#8230;\"}]},{\"@type\":\"WebSite\",\"@id\":\"https:\/\/www.uruloki.org\/felipeblog\/#website\",\"url\":\"https:\/\/www.uruloki.org\/felipeblog\/\",\"name\":\"Uruloki :: Blog\",\"description\":\"Blog de cine, terror, ciencia ficci\u00f3n, fantas\u00eda y c\u00f3mics\",\"potentialAction\":[{\"@type\":\"SearchAction\",\"target\":{\"@type\":\"EntryPoint\",\"urlTemplate\":\"https:\/\/www.uruloki.org\/felipeblog\/?s={search_term_string}\"},\"query-input\":{\"@type\":\"PropertyValueSpecification\",\"valueRequired\":true,\"valueName\":\"search_term_string\"}}],\"inLanguage\":\"es\"},{\"@type\":\"Person\",\"@id\":\"https:\/\/www.uruloki.org\/felipeblog\/#\/schema\/person\/ddba06ddaa27edf0c370460d05c51bb3\",\"name\":\"Uruloki\",\"image\":{\"@type\":\"ImageObject\",\"inLanguage\":\"es\",\"@id\":\"https:\/\/www.uruloki.org\/felipeblog\/#\/schema\/person\/image\/\",\"url\":\"https:\/\/secure.gravatar.com\/avatar\/68d5301c5f52ba88fd63f02c75b8c4d1b3c3fc4b21e2998a1e98c4b3a54d9f7c?s=96&d=mm&r=g\",\"contentUrl\":\"https:\/\/secure.gravatar.com\/avatar\/68d5301c5f52ba88fd63f02c75b8c4d1b3c3fc4b21e2998a1e98c4b3a54d9f7c?s=96&d=mm&r=g\",\"caption\":\"Uruloki\"},\"sameAs\":[\"https:\/\/uruloki.org\"],\"url\":\"https:\/\/www.uruloki.org\/felipeblog\/author\/admin-2-2-2\"}]}<\/script>\n<!-- \/ Yoast SEO plugin. -->","yoast_head_json":{"title":"Llegan las primeras im\u00e1genes de \"American Gods\" de Bryan Fuller y Neil Gaiman","description":"Tenemos por ah\u00ed las primeras im\u00e1genes de \"American Gods\", la adaptaci\u00f3n de la obra de Neil Gaiman a la televisi\u00f3n en manos de Bryan Fuller y Michael Green\u00a0.","robots":{"index":"index","follow":"follow","max-snippet":"max-snippet:-1","max-image-preview":"max-image-preview:large","max-video-preview":"max-video-preview:-1"},"canonical":"https:\/\/www.uruloki.org\/felipeblog\/alien\/llegan-las-primeras-imagenes-american-gods-bryan-fuller-neil-gaiman-guillermo-del-toro-presenta-elenco-voces-la-serie-animacion-trollhunters-netflix-dreamworks-davi","og_locale":"es_ES","og_type":"article","og_title":"Llegan las primeras im\u00e1genes de \"American Gods\" de Bryan Fuller y Neil Gaiman","og_description":"Tenemos por ah\u00ed las primeras im\u00e1genes de \"American Gods\", la adaptaci\u00f3n de la obra de Neil Gaiman a la televisi\u00f3n en manos de Bryan Fuller y Michael Green\u00a0.","og_url":"https:\/\/www.uruloki.org\/felipeblog\/alien\/llegan-las-primeras-imagenes-american-gods-bryan-fuller-neil-gaiman-guillermo-del-toro-presenta-elenco-voces-la-serie-animacion-trollhunters-netflix-dreamworks-davi","og_site_name":"Uruloki :: Blog","article_publisher":"https:\/\/www.facebook.com\/uruloki.org","article_published_time":"2016-06-18T09:37:03+00:00","article_modified_time":"2016-06-18T17:32:24+00:00","og_image":[{"url":"https:\/\/uruloki.org\/felipeblog\/images2016\/20160618-americangods-1.jpg","type":"","width":"","height":""}],"author":"Uruloki","twitter_card":"summary_large_image","twitter_creator":"@uruloki","twitter_site":"@uruloki","twitter_misc":{"Escrito por":"Uruloki","Tiempo de lectura":"3 minutos"},"schema":{"@context":"https:\/\/schema.org","@graph":[{"@type":"WebPage","@id":"https:\/\/www.uruloki.org\/felipeblog\/alien\/llegan-las-primeras-imagenes-american-gods-bryan-fuller-neil-gaiman-guillermo-del-toro-presenta-elenco-voces-la-serie-animacion-trollhunters-netflix-dreamworks-davi","url":"https:\/\/www.uruloki.org\/felipeblog\/alien\/llegan-las-primeras-imagenes-american-gods-bryan-fuller-neil-gaiman-guillermo-del-toro-presenta-elenco-voces-la-serie-animacion-trollhunters-netflix-dreamworks-davi","name":"Llegan las primeras im\u00e1genes de \"American Gods\" de Bryan Fuller y Neil Gaiman","isPartOf":{"@id":"https:\/\/www.uruloki.org\/felipeblog\/#website"},"primaryImageOfPage":{"@id":"https:\/\/www.uruloki.org\/felipeblog\/alien\/llegan-las-primeras-imagenes-american-gods-bryan-fuller-neil-gaiman-guillermo-del-toro-presenta-elenco-voces-la-serie-animacion-trollhunters-netflix-dreamworks-davi#primaryimage"},"image":{"@id":"https:\/\/www.uruloki.org\/felipeblog\/alien\/llegan-las-primeras-imagenes-american-gods-bryan-fuller-neil-gaiman-guillermo-del-toro-presenta-elenco-voces-la-serie-animacion-trollhunters-netflix-dreamworks-davi#primaryimage"},"thumbnailUrl":"https:\/\/uruloki.org\/felipeblog\/images2016\/20160618-americangods-1.jpg","datePublished":"2016-06-18T09:37:03+00:00","dateModified":"2016-06-18T17:32:24+00:00","author":{"@id":"https:\/\/www.uruloki.org\/felipeblog\/#\/schema\/person\/ddba06ddaa27edf0c370460d05c51bb3"},"description":"Tenemos por ah\u00ed las primeras im\u00e1genes de \"American Gods\", la adaptaci\u00f3n de la obra de Neil Gaiman a la televisi\u00f3n en manos de Bryan Fuller y Michael Green\u00a0.","breadcrumb":{"@id":"https:\/\/www.uruloki.org\/felipeblog\/alien\/llegan-las-primeras-imagenes-american-gods-bryan-fuller-neil-gaiman-guillermo-del-toro-presenta-elenco-voces-la-serie-animacion-trollhunters-netflix-dreamworks-davi#breadcrumb"},"inLanguage":"es","potentialAction":[{"@type":"ReadAction","target":["https:\/\/www.uruloki.org\/felipeblog\/alien\/llegan-las-primeras-imagenes-american-gods-bryan-fuller-neil-gaiman-guillermo-del-toro-presenta-elenco-voces-la-serie-animacion-trollhunters-netflix-dreamworks-davi"]}]},{"@type":"ImageObject","inLanguage":"es","@id":"https:\/\/www.uruloki.org\/felipeblog\/alien\/llegan-las-primeras-imagenes-american-gods-bryan-fuller-neil-gaiman-guillermo-del-toro-presenta-elenco-voces-la-serie-animacion-trollhunters-netflix-dreamworks-davi#primaryimage","url":"https:\/\/uruloki.org\/felipeblog\/images2016\/20160618-americangods-1.jpg","contentUrl":"https:\/\/uruloki.org\/felipeblog\/images2016\/20160618-americangods-1.jpg"},{"@type":"BreadcrumbList","@id":"https:\/\/www.uruloki.org\/felipeblog\/alien\/llegan-las-primeras-imagenes-american-gods-bryan-fuller-neil-gaiman-guillermo-del-toro-presenta-elenco-voces-la-serie-animacion-trollhunters-netflix-dreamworks-davi#breadcrumb","itemListElement":[{"@type":"ListItem","position":1,"name":"Portada","item":"https:\/\/www.uruloki.org\/felipeblog"},{"@type":"ListItem","position":2,"name":"Llegan las primeras im\u00e1genes de \u00abAmerican Gods\u00bb de Bryan Fuller y Neil Gaiman, Guillermo del Toro presenta el elenco de voces para la serie de animaci\u00f3n \u00abTrollhunters\u00bb de Netflix \/ Dreamworks, un David moreno se deja ver en la nueva imagen del rodaje de Alien: Covenant, una peculiar bater\u00eda de carteles para El hogar de Miss Peregrine para ni\u00f1os idem y Diego Olmos nos presenta al Nosferatu de Murnau en modo c\u00f3mic&#8230;"}]},{"@type":"WebSite","@id":"https:\/\/www.uruloki.org\/felipeblog\/#website","url":"https:\/\/www.uruloki.org\/felipeblog\/","name":"Uruloki :: Blog","description":"Blog de cine, terror, ciencia ficci\u00f3n, fantas\u00eda y c\u00f3mics","potentialAction":[{"@type":"SearchAction","target":{"@type":"EntryPoint","urlTemplate":"https:\/\/www.uruloki.org\/felipeblog\/?s={search_term_string}"},"query-input":{"@type":"PropertyValueSpecification","valueRequired":true,"valueName":"search_term_string"}}],"inLanguage":"es"},{"@type":"Person","@id":"https:\/\/www.uruloki.org\/felipeblog\/#\/schema\/person\/ddba06ddaa27edf0c370460d05c51bb3","name":"Uruloki","image":{"@type":"ImageObject","inLanguage":"es","@id":"https:\/\/www.uruloki.org\/felipeblog\/#\/schema\/person\/image\/","url":"https:\/\/secure.gravatar.com\/avatar\/68d5301c5f52ba88fd63f02c75b8c4d1b3c3fc4b21e2998a1e98c4b3a54d9f7c?s=96&d=mm&r=g","contentUrl":"https:\/\/secure.gravatar.com\/avatar\/68d5301c5f52ba88fd63f02c75b8c4d1b3c3fc4b21e2998a1e98c4b3a54d9f7c?s=96&d=mm&r=g","caption":"Uruloki"},"sameAs":["https:\/\/uruloki.org"],"url":"https:\/\/www.uruloki.org\/felipeblog\/author\/admin-2-2-2"}]}},"_links":{"self":[{"href":"https:\/\/www.uruloki.org\/felipeblog\/wp-json\/wp\/v2\/posts\/15679","targetHints":{"allow":["GET"]}}],"collection":[{"href":"https:\/\/www.uruloki.org\/felipeblog\/wp-json\/wp\/v2\/posts"}],"about":[{"href":"https:\/\/www.uruloki.org\/felipeblog\/wp-json\/wp\/v2\/types\/post"}],"author":[{"embeddable":true,"href":"https:\/\/www.uruloki.org\/felipeblog\/wp-json\/wp\/v2\/users\/28"}],"replies":[{"embeddable":true,"href":"https:\/\/www.uruloki.org\/felipeblog\/wp-json\/wp\/v2\/comments?post=15679"}],"version-history":[{"count":2,"href":"https:\/\/www.uruloki.org\/felipeblog\/wp-json\/wp\/v2\/posts\/15679\/revisions"}],"predecessor-version":[{"id":15681,"href":"https:\/\/www.uruloki.org\/felipeblog\/wp-json\/wp\/v2\/posts\/15679\/revisions\/15681"}],"wp:attachment":[{"href":"https:\/\/www.uruloki.org\/felipeblog\/wp-json\/wp\/v2\/media?parent=15679"}],"wp:term":[{"taxonomy":"category","embeddable":true,"href":"https:\/\/www.uruloki.org\/felipeblog\/wp-json\/wp\/v2\/categories?post=15679"},{"taxonomy":"post_tag","embeddable":true,"href":"https:\/\/www.uruloki.org\/felipeblog\/wp-json\/wp\/v2\/tags?post=15679"}],"curies":[{"name":"wp","href":"https:\/\/api.w.org\/{rel}","templated":true}]}}