{"id":15570,"date":"2016-05-08T13:58:30","date_gmt":"2016-05-08T11:58:30","guid":{"rendered":"https:\/\/uruloki.org\/felipeblog\/?p=15570"},"modified":"2016-05-08T15:39:58","modified_gmt":"2016-05-08T13:39:58","slug":"fechas-estreno-actualizadas-8-mayo-del-2016","status":"publish","type":"post","link":"https:\/\/www.uruloki.org\/felipeblog\/cine\/fechas-estreno-actualizadas-8-mayo-del-2016","title":{"rendered":"Fechas de estreno actualizadas a 8 de mayo del 2016&#8230;"},"content":{"rendered":"<p>Hac&iacute;a muchos meses que no publicaba una entrada con fechas de estreno. Sin ir m&aacute;s lejos desde noviembre del a&ntilde;o pasado. En fin, recupero este tipo de entradas porque siempre viene bien recordar, y m&aacute;s porque el tema se ha movido tanto que cualquier parecido con lo pasado es pura coincidencia. Mayo es el mes de <strong>X-Men: Apocalipsis<\/strong>, pero tambi&eacute;n el que llegan los estrenos Sitges <strong>La bruja<\/strong>, terror con may&uacute;sculas, o <strong>High-Rise<\/strong>, paranoia total. De regalo alguna cosilla m&aacute;s rescatable.<\/p>\n<p class=\"centrado\"><img loading=\"lazy\" decoding=\"async\" src=\"https:\/\/uruloki.org\/felipeblog\/images2016\/apocalipsis.jpg\" alt=\"X-Men: Apocalipsis (X-Men: Apocalypse) de Bryan Singer\" width=\"625\" height=\"352\" \/><\/p>\n<ul>\n<li>13\/05\/16\n<ul>\n<li><strong>La bruja<\/strong> (<em>The Witch<\/em>) de <strong>Robert Eggers<\/strong><\/li>\n<li><strong>High-Rise<\/strong> de <strong>Ben Wheatley<\/strong><\/li>\n<\/ul>\n<\/li>\n<li>20\/05\/16\n<ul>\n<li><strong>X-Men: Apocalipsis<\/strong> (<em>X-Men: Apocalypse<\/em>) de <strong>Bryan Singer<\/strong><\/li>\n<\/ul>\n<\/li>\n<li>27\/05\/16\n<ul>\n<li><strong>Alicia a trav&eacute;s del espejo<\/strong> (<em>Alice Through the Looking Glass<\/em>) de <strong>James Bobin<\/strong><\/li>\n<li><strong>Dos buenos tipos<\/strong> (<em>The Nice Guys<\/em>) de <strong>Shane Black<\/strong><\/li>\n<\/ul>\n<\/li>\n<li>03\/06\/16\n<ul>\n<li><strong>Warcraft: el origen<\/strong> (Warcraft) de <strong>Duncan Jones<\/strong><\/li>\n<li><strong>Blood Father<\/strong> de <strong>Jean-Fran&ccedil;ois Richet<\/strong><\/li>\n<\/ul>\n<\/li>\n<li>17\/06\/16\n<ul>\n<li><strong>The Conjuring 2: The Enfield Poltergeist<\/strong> de <strong>James Wan<\/strong><\/li>\n<li><strong>Ninja Turtles: fuera de las sombras<\/strong> (<em>Teenage Mutant Ninja Turtles: Out of the Shadows<\/em>) de <strong>Dave Green<\/strong><\/li>\n<\/ul>\n<\/li>\n<li>24\/06\/16\n<ul>\n<li><strong>Dioses de Egipto<\/strong> (<em>Gods of Egypt<\/em>) de <strong>Alex Proyas<\/strong><\/li>\n<\/ul>\n<\/li>\n<li>01\/07\/16\n<ul>\n<li><strong>Independence Day: contraataque<\/strong> (<em>Independence Day: Resurgence<\/em>) de <strong>Roland Emmerich<\/strong><\/li>\n<li><strong>Demolici&oacute;n<\/strong> (<em>Demolition<\/em>) de <strong>Jean-Marc Vall&eacute;e<\/strong><\/li>\n<\/ul>\n<\/li>\n<li>08\/07\/16\n<ul>\n<li><strong>Mi amigo el gigante<\/strong> (<em>The BFG<\/em>) de <strong>Steven Spielberg<\/strong><\/li>\n<\/ul>\n<\/li>\n<li>15\/07\/16\n<ul>\n<li><strong>Election: la noche de las bestias<\/strong> (<em>The Purge: Election Year<\/em>) de <strong>James DeMonaco<\/strong><\/li>\n<\/ul>\n<\/li>\n<li>22\/07\/16\n<ul>\n<li><strong>La leyenda de Tarz&aacute;n<\/strong> (<em>The Legend of Tarzan<\/em>) de <strong>David Yates<\/strong><\/li>\n<li><strong>Infierno azul<\/strong> (<em>The Shallows<\/em>) de <strong>Jaume Collet-Serra<\/strong><\/li>\n<\/ul>\n<\/li>\n<li>29\/07\/16\n<ul>\n<li><strong>Jason Bourne<\/strong> de <strong>Paul Greengrass<\/strong><\/li>\n<\/ul>\n<\/li>\n<li>05\/08\/16\n<ul>\n<li><strong>Escuadr&oacute;n Suicida<\/strong> (<em>Suicide Squad<\/em>) de <strong>David Ayer<\/strong><\/li>\n<\/ul>\n<\/li>\n<li>12\/08\/16\n<ul>\n<li><strong>Cazafantasmas<\/strong> (<em>Ghostbusters<\/em>) de <strong>Paul Feig<\/strong><\/li>\n<\/ul>\n<\/li>\n<li>19\/08\/16\n<ul>\n<li><strong>Star Trek: m&aacute;s all&aacute;<\/strong> (<em>Star Trek Beyond<\/em>) de <strong>Justin Lin<\/strong><\/li>\n<li><strong>Peter y el drag&oacute;n<\/strong> (<em>Pete and the Dragon<\/em>) de <strong>David Lowery<\/strong><\/li>\n<\/ul>\n<\/li>\n<li>26\/08\/16\n<ul>\n<li><strong>Kubo y las dos cuerdas m&aacute;gicas<\/strong> (<em>Kubo and the Two Strings<\/em>) de <strong>Travis Knight<\/strong><\/li>\n<li><strong>Unos ojos en la oscuridad<\/strong> (<em>Don&#8217;t Breath<\/em>) de <strong>Fede &Aacute;lvarez<\/strong><\/li>\n<\/ul>\n<\/li>\n<li>02\/09\/16\n<ul>\n<li><strong>Patient Zero<\/strong> de <strong>Stefan Ruzowitzky<\/strong><\/li>\n<\/ul>\n<\/li>\n<li>09\/09\/16\n<ul>\n<li><strong>Spectral<\/strong> de <strong>Nic Mathieu<\/strong><\/li>\n<\/ul>\n<\/li>\n<li>30\/09\/16\n<ul>\n<li><strong>El hogar de Miss Peregrine para ni&ntilde;os peculiares<\/strong> (<em>Miss Peregrine&#8217;s Home for Peculiar Children<\/em>) de <strong>Tim Burton<\/strong><\/li>\n<li><strong>Los siete magn&iacute;ficos<\/strong> (<em>The Magnificent Seven<\/em>) de <strong>Antoine Fuqua<\/strong><\/li>\n<\/ul>\n<\/li>\n<li>07\/10\/16\n<ul>\n<li><strong>Un monstruo viene a verme<\/strong> (<em>A Monster Calls<\/em>) de <strong>Juan Antonio Bayona<\/strong><\/li>\n<\/ul>\n<\/li>\n<li>21\/10\/16\n<ul>\n<li><strong>La chica del tren<\/strong> (<em>The Girl on the Train<\/em>) de <strong>Tate Taylor<\/strong><\/li>\n<\/ul>\n<\/li>\n<li>26\/10\/16\n<ul>\n<li><strong>Doctor Extra&ntilde;o<\/strong> (<em>Doctor Strange<\/em>) de <strong>Scott Derrickson<\/strong><\/li>\n<\/ul>\n<\/li>\n<li>11\/11\/16\n<ul>\n<li><strong>Rings<\/strong> de <strong>F. Javier Guiti&eacute;rrez<\/strong><\/li>\n<\/ul>\n<\/li>\n<li>18\/11\/16\n<ul>\n<li><strong>Animales fant&aacute;sticos y d&oacute;nde encontrarlos<\/strong> (<em>Fantastic Beasts and Where to Find Them<\/em>) de <strong>David Yates<\/strong><\/li>\n<\/ul>\n<\/li>\n<li>16\/12\/16\n<ul>\n<li><strong>Rogue One: Una Historia de Star Wars<\/strong> (<em>Rogue One: A Star Wars Story<\/em>) de <strong>Gareth Edwards<\/strong><\/li>\n<\/ul>\n<\/li>\n<li>23\/12\/16\n<ul>\n<li><strong>Assassin&#8217;s Creed<\/strong> de <strong>Justin Kurzel<\/strong><\/li>\n<\/ul>\n<\/li>\n<li>17\/02\/16\n<ul>\n<li><strong>The Dark Tower<\/strong> de <strong>Nikolaj Arcel<\/strong><\/li>\n<\/ul>\n<\/li>\n<li>03\/03\/17\n<ul>\n<li><strong>The Wolverine 3<\/strong> de <strong>James Mangold<\/strong><\/li>\n<\/ul>\n<\/li>\n<li>10\/03\/16\n<ul>\n<li><strong>Kong: Skull Island<\/strong> de <strong>Jordan Vogt-Roberts<\/strong><\/li>\n<\/ul>\n<\/li>\n<li>17\/03\/16\n<ul>\n<li><strong>Baby Driver<\/strong> de <strong>Edgar Wright<\/strong><\/li>\n<\/ul>\n<\/li>\n<li>31\/03\/17\n<ul>\n<li><strong>Ghost in the Shell<\/strong> de <strong>Rupert Sanders<\/strong><\/li>\n<\/ul>\n<\/li>\n<li>28\/04\/17\n<ul>\n<li><strong>Guardianes de la Galaxia Vol. 2<\/strong> (<em>Guardians of the Galaxy Vol. 2<\/em>) de <strong>James Gunn<\/strong><\/li>\n<\/ul>\n<\/li>\n<li>26\/05\/17\n<ul>\n<li><strong>Pirates of the Caribbean: Dead Men Tell No Tales<\/strong> de <strong>Joachim R&oslash;nning<\/strong> y <strong>Espen Sandberg<\/strong><\/li>\n<\/ul>\n<\/li>\n<li>09\/06\/17\n<ul>\n<li><strong>The Mummy<\/strong> de <strong>Alex Kurtzman<\/strong><\/li>\n<\/ul>\n<\/li>\n<li>16\/06\/17\n<ul>\n<li><strong>Kingsman: el c&iacute;rculo dorado<\/strong> (<em>Kingsman: The Golden Circle<\/em>) de <strong>Matthew Vaughn<\/strong><\/li>\n<\/ul>\n<\/li>\n<li>07\/07\/17\n<ul>\n<li><strong>Spider-Man: Homecoming<\/strong> de <strong>Jon Watts<\/strong><\/li>\n<\/ul>\n<\/li>\n<li>14\/07\/17\n<ul>\n<li><strong>War for the Planet of the Apes<\/strong> de <strong>Matt Reeves<\/strong><\/li>\n<\/ul>\n<\/li>\n<li>11\/08\/17\n<ul>\n<li><strong>Alien: Covenant<\/strong> de <strong>Ridley Scott<\/strong><\/li>\n<\/ul>\n<\/li>\n<li>27\/10\/17\n<ul>\n<li><strong>Thor: Ragnarok<\/strong> de <strong>Taika Waititi<\/strong><\/li>\n<\/ul>\n<\/li>\n<li>15\/12\/17\n<ul>\n<li><strong>Star Wars: Episode VIII<\/strong> de <strong>Rian Johnson<\/strong><\/li>\n<\/ul>\n<\/li>\n<li>16\/02\/18\n<ul>\n<li><strong>Black Panther<\/strong> de <strong>Ryan Coogler<\/strong><\/li>\n<\/ul>\n<\/li>\n<li>04\/05\/18\n<ul>\n<li><strong>Avengers: Infinity Wars Part I<\/strong> de <strong>Anthony Russo<\/strong> y <strong>Joe Russo<\/strong><\/li>\n<\/ul>\n<\/li>\n<li>08\/03\/18\n<ul>\n<li><strong>Captain Marvel<\/strong><\/li>\n<\/ul>\n<\/li>\n<li>03\/05\/19\n<ul>\n<li><strong>Avengers: Infinity Wars Part II<\/strong> de <strong>Anthony Russo<\/strong> y <strong>Joe Russo<\/strong><\/li>\n<\/ul>\n<\/li>\n<li>&iquest;?\n<ul>\n<li><strong>At the Mountains of Madness<\/strong> de <strong>Guillermo del Toro<\/strong><\/li>\n<li><strong>Pacific Rim: Maelstrom<\/strong> de <strong>Steven S. DeKnight<\/strong><\/li>\n<\/ul>\n<\/li>\n<\/ul>\n<p><strong class=\"nota\">&nbsp;AVISO&nbsp;<\/strong> Las fechas de estreno son para Espa&ntilde;a. En el caso de querer saber la fecha para otro pa&iacute;s en la web de <strong>IMDB<\/strong> suelen tener esa informaci&oacute;n bastante actualizada.<\/p>\n","protected":false},"excerpt":{"rendered":"<p>Hac&iacute;a muchos meses que no publicaba una entrada con fechas de estreno. Sin ir m&aacute;s lejos desde noviembre del a&ntilde;o pasado. En fin, recupero este tipo de entradas porque siempre viene bien recordar, y m&aacute;s porque el tema se ha movido tanto que cualquier parecido con lo pasado es pura coincidencia. Mayo es el mes [&hellip;]<\/p>\n","protected":false},"author":28,"featured_media":0,"comment_status":"open","ping_status":"open","sticky":false,"template":"","format":"standard","meta":{"footnotes":""},"categories":[6,10,8,12,9,19],"tags":[],"class_list":["post-15570","post","type-post","status-publish","format-standard","hentry","category-cine","category-cine-de-comics","category-cine-de-ciencia-ficcion","category-cine-de-fantasia","category-cine-de-terror","category-cine-inclasificable"],"yoast_head":"<!-- This site is optimized with the Yoast SEO plugin v24.3 - https:\/\/yoast.com\/wordpress\/plugins\/seo\/ -->\n<title>Fechas de estreno actualizadas a 8 de mayo del 2016<\/title>\n<meta name=\"description\" content=\"Hac\u00eda muchos meses que no publicaba una entrada con fechas de estreno. Sin ir m\u00e1s lejos desde noviembre del a\u00f1o pasado.\" \/>\n<meta name=\"robots\" content=\"index, follow, max-snippet:-1, max-image-preview:large, max-video-preview:-1\" \/>\n<link rel=\"canonical\" href=\"https:\/\/www.uruloki.org\/felipeblog\/cine\/fechas-estreno-actualizadas-8-mayo-del-2016\" \/>\n<meta property=\"og:locale\" content=\"es_ES\" \/>\n<meta property=\"og:type\" content=\"article\" \/>\n<meta property=\"og:title\" content=\"Fechas de estreno actualizadas a 8 de mayo del 2016\" \/>\n<meta property=\"og:description\" content=\"Hac\u00eda muchos meses que no publicaba una entrada con fechas de estreno. Sin ir m\u00e1s lejos desde noviembre del a\u00f1o pasado.\" \/>\n<meta property=\"og:url\" content=\"https:\/\/www.uruloki.org\/felipeblog\/cine\/fechas-estreno-actualizadas-8-mayo-del-2016\" \/>\n<meta property=\"og:site_name\" content=\"Uruloki :: Blog\" \/>\n<meta property=\"article:publisher\" content=\"https:\/\/www.facebook.com\/uruloki.org\" \/>\n<meta property=\"article:published_time\" content=\"2016-05-08T11:58:30+00:00\" \/>\n<meta property=\"article:modified_time\" content=\"2016-05-08T13:39:58+00:00\" \/>\n<meta property=\"og:image\" content=\"https:\/\/uruloki.org\/felipeblog\/images2016\/apocalipsis.jpg\" \/>\n<meta name=\"author\" content=\"Uruloki\" \/>\n<meta name=\"twitter:card\" content=\"summary_large_image\" \/>\n<meta name=\"twitter:creator\" content=\"@uruloki\" \/>\n<meta name=\"twitter:site\" content=\"@uruloki\" \/>\n<meta name=\"twitter:label1\" content=\"Escrito por\" \/>\n\t<meta name=\"twitter:data1\" content=\"Uruloki\" \/>\n\t<meta name=\"twitter:label2\" content=\"Tiempo de lectura\" \/>\n\t<meta name=\"twitter:data2\" content=\"3 minutos\" \/>\n<script type=\"application\/ld+json\" class=\"yoast-schema-graph\">{\"@context\":\"https:\/\/schema.org\",\"@graph\":[{\"@type\":\"WebPage\",\"@id\":\"https:\/\/www.uruloki.org\/felipeblog\/cine\/fechas-estreno-actualizadas-8-mayo-del-2016\",\"url\":\"https:\/\/www.uruloki.org\/felipeblog\/cine\/fechas-estreno-actualizadas-8-mayo-del-2016\",\"name\":\"Fechas de estreno actualizadas a 8 de mayo del 2016\",\"isPartOf\":{\"@id\":\"https:\/\/www.uruloki.org\/felipeblog\/#website\"},\"primaryImageOfPage\":{\"@id\":\"https:\/\/www.uruloki.org\/felipeblog\/cine\/fechas-estreno-actualizadas-8-mayo-del-2016#primaryimage\"},\"image\":{\"@id\":\"https:\/\/www.uruloki.org\/felipeblog\/cine\/fechas-estreno-actualizadas-8-mayo-del-2016#primaryimage\"},\"thumbnailUrl\":\"https:\/\/uruloki.org\/felipeblog\/images2016\/apocalipsis.jpg\",\"datePublished\":\"2016-05-08T11:58:30+00:00\",\"dateModified\":\"2016-05-08T13:39:58+00:00\",\"author\":{\"@id\":\"https:\/\/www.uruloki.org\/felipeblog\/#\/schema\/person\/ddba06ddaa27edf0c370460d05c51bb3\"},\"description\":\"Hac\u00eda muchos meses que no publicaba una entrada con fechas de estreno. Sin ir m\u00e1s lejos desde noviembre del a\u00f1o pasado.\",\"breadcrumb\":{\"@id\":\"https:\/\/www.uruloki.org\/felipeblog\/cine\/fechas-estreno-actualizadas-8-mayo-del-2016#breadcrumb\"},\"inLanguage\":\"es\",\"potentialAction\":[{\"@type\":\"ReadAction\",\"target\":[\"https:\/\/www.uruloki.org\/felipeblog\/cine\/fechas-estreno-actualizadas-8-mayo-del-2016\"]}]},{\"@type\":\"ImageObject\",\"inLanguage\":\"es\",\"@id\":\"https:\/\/www.uruloki.org\/felipeblog\/cine\/fechas-estreno-actualizadas-8-mayo-del-2016#primaryimage\",\"url\":\"https:\/\/uruloki.org\/felipeblog\/images2016\/apocalipsis.jpg\",\"contentUrl\":\"https:\/\/uruloki.org\/felipeblog\/images2016\/apocalipsis.jpg\"},{\"@type\":\"BreadcrumbList\",\"@id\":\"https:\/\/www.uruloki.org\/felipeblog\/cine\/fechas-estreno-actualizadas-8-mayo-del-2016#breadcrumb\",\"itemListElement\":[{\"@type\":\"ListItem\",\"position\":1,\"name\":\"Portada\",\"item\":\"https:\/\/www.uruloki.org\/felipeblog\"},{\"@type\":\"ListItem\",\"position\":2,\"name\":\"Fechas de estreno actualizadas a 8 de mayo del 2016&#8230;\"}]},{\"@type\":\"WebSite\",\"@id\":\"https:\/\/www.uruloki.org\/felipeblog\/#website\",\"url\":\"https:\/\/www.uruloki.org\/felipeblog\/\",\"name\":\"Uruloki :: Blog\",\"description\":\"Blog de cine, terror, ciencia ficci\u00f3n, fantas\u00eda y c\u00f3mics\",\"potentialAction\":[{\"@type\":\"SearchAction\",\"target\":{\"@type\":\"EntryPoint\",\"urlTemplate\":\"https:\/\/www.uruloki.org\/felipeblog\/?s={search_term_string}\"},\"query-input\":{\"@type\":\"PropertyValueSpecification\",\"valueRequired\":true,\"valueName\":\"search_term_string\"}}],\"inLanguage\":\"es\"},{\"@type\":\"Person\",\"@id\":\"https:\/\/www.uruloki.org\/felipeblog\/#\/schema\/person\/ddba06ddaa27edf0c370460d05c51bb3\",\"name\":\"Uruloki\",\"image\":{\"@type\":\"ImageObject\",\"inLanguage\":\"es\",\"@id\":\"https:\/\/www.uruloki.org\/felipeblog\/#\/schema\/person\/image\/\",\"url\":\"https:\/\/secure.gravatar.com\/avatar\/68d5301c5f52ba88fd63f02c75b8c4d1b3c3fc4b21e2998a1e98c4b3a54d9f7c?s=96&d=mm&r=g\",\"contentUrl\":\"https:\/\/secure.gravatar.com\/avatar\/68d5301c5f52ba88fd63f02c75b8c4d1b3c3fc4b21e2998a1e98c4b3a54d9f7c?s=96&d=mm&r=g\",\"caption\":\"Uruloki\"},\"sameAs\":[\"https:\/\/uruloki.org\"],\"url\":\"https:\/\/www.uruloki.org\/felipeblog\/author\/admin-2-2-2\"}]}<\/script>\n<!-- \/ Yoast SEO plugin. -->","yoast_head_json":{"title":"Fechas de estreno actualizadas a 8 de mayo del 2016","description":"Hac\u00eda muchos meses que no publicaba una entrada con fechas de estreno. Sin ir m\u00e1s lejos desde noviembre del a\u00f1o pasado.","robots":{"index":"index","follow":"follow","max-snippet":"max-snippet:-1","max-image-preview":"max-image-preview:large","max-video-preview":"max-video-preview:-1"},"canonical":"https:\/\/www.uruloki.org\/felipeblog\/cine\/fechas-estreno-actualizadas-8-mayo-del-2016","og_locale":"es_ES","og_type":"article","og_title":"Fechas de estreno actualizadas a 8 de mayo del 2016","og_description":"Hac\u00eda muchos meses que no publicaba una entrada con fechas de estreno. Sin ir m\u00e1s lejos desde noviembre del a\u00f1o pasado.","og_url":"https:\/\/www.uruloki.org\/felipeblog\/cine\/fechas-estreno-actualizadas-8-mayo-del-2016","og_site_name":"Uruloki :: Blog","article_publisher":"https:\/\/www.facebook.com\/uruloki.org","article_published_time":"2016-05-08T11:58:30+00:00","article_modified_time":"2016-05-08T13:39:58+00:00","og_image":[{"url":"https:\/\/uruloki.org\/felipeblog\/images2016\/apocalipsis.jpg","type":"","width":"","height":""}],"author":"Uruloki","twitter_card":"summary_large_image","twitter_creator":"@uruloki","twitter_site":"@uruloki","twitter_misc":{"Escrito por":"Uruloki","Tiempo de lectura":"3 minutos"},"schema":{"@context":"https:\/\/schema.org","@graph":[{"@type":"WebPage","@id":"https:\/\/www.uruloki.org\/felipeblog\/cine\/fechas-estreno-actualizadas-8-mayo-del-2016","url":"https:\/\/www.uruloki.org\/felipeblog\/cine\/fechas-estreno-actualizadas-8-mayo-del-2016","name":"Fechas de estreno actualizadas a 8 de mayo del 2016","isPartOf":{"@id":"https:\/\/www.uruloki.org\/felipeblog\/#website"},"primaryImageOfPage":{"@id":"https:\/\/www.uruloki.org\/felipeblog\/cine\/fechas-estreno-actualizadas-8-mayo-del-2016#primaryimage"},"image":{"@id":"https:\/\/www.uruloki.org\/felipeblog\/cine\/fechas-estreno-actualizadas-8-mayo-del-2016#primaryimage"},"thumbnailUrl":"https:\/\/uruloki.org\/felipeblog\/images2016\/apocalipsis.jpg","datePublished":"2016-05-08T11:58:30+00:00","dateModified":"2016-05-08T13:39:58+00:00","author":{"@id":"https:\/\/www.uruloki.org\/felipeblog\/#\/schema\/person\/ddba06ddaa27edf0c370460d05c51bb3"},"description":"Hac\u00eda muchos meses que no publicaba una entrada con fechas de estreno. Sin ir m\u00e1s lejos desde noviembre del a\u00f1o pasado.","breadcrumb":{"@id":"https:\/\/www.uruloki.org\/felipeblog\/cine\/fechas-estreno-actualizadas-8-mayo-del-2016#breadcrumb"},"inLanguage":"es","potentialAction":[{"@type":"ReadAction","target":["https:\/\/www.uruloki.org\/felipeblog\/cine\/fechas-estreno-actualizadas-8-mayo-del-2016"]}]},{"@type":"ImageObject","inLanguage":"es","@id":"https:\/\/www.uruloki.org\/felipeblog\/cine\/fechas-estreno-actualizadas-8-mayo-del-2016#primaryimage","url":"https:\/\/uruloki.org\/felipeblog\/images2016\/apocalipsis.jpg","contentUrl":"https:\/\/uruloki.org\/felipeblog\/images2016\/apocalipsis.jpg"},{"@type":"BreadcrumbList","@id":"https:\/\/www.uruloki.org\/felipeblog\/cine\/fechas-estreno-actualizadas-8-mayo-del-2016#breadcrumb","itemListElement":[{"@type":"ListItem","position":1,"name":"Portada","item":"https:\/\/www.uruloki.org\/felipeblog"},{"@type":"ListItem","position":2,"name":"Fechas de estreno actualizadas a 8 de mayo del 2016&#8230;"}]},{"@type":"WebSite","@id":"https:\/\/www.uruloki.org\/felipeblog\/#website","url":"https:\/\/www.uruloki.org\/felipeblog\/","name":"Uruloki :: Blog","description":"Blog de cine, terror, ciencia ficci\u00f3n, fantas\u00eda y c\u00f3mics","potentialAction":[{"@type":"SearchAction","target":{"@type":"EntryPoint","urlTemplate":"https:\/\/www.uruloki.org\/felipeblog\/?s={search_term_string}"},"query-input":{"@type":"PropertyValueSpecification","valueRequired":true,"valueName":"search_term_string"}}],"inLanguage":"es"},{"@type":"Person","@id":"https:\/\/www.uruloki.org\/felipeblog\/#\/schema\/person\/ddba06ddaa27edf0c370460d05c51bb3","name":"Uruloki","image":{"@type":"ImageObject","inLanguage":"es","@id":"https:\/\/www.uruloki.org\/felipeblog\/#\/schema\/person\/image\/","url":"https:\/\/secure.gravatar.com\/avatar\/68d5301c5f52ba88fd63f02c75b8c4d1b3c3fc4b21e2998a1e98c4b3a54d9f7c?s=96&d=mm&r=g","contentUrl":"https:\/\/secure.gravatar.com\/avatar\/68d5301c5f52ba88fd63f02c75b8c4d1b3c3fc4b21e2998a1e98c4b3a54d9f7c?s=96&d=mm&r=g","caption":"Uruloki"},"sameAs":["https:\/\/uruloki.org"],"url":"https:\/\/www.uruloki.org\/felipeblog\/author\/admin-2-2-2"}]}},"_links":{"self":[{"href":"https:\/\/www.uruloki.org\/felipeblog\/wp-json\/wp\/v2\/posts\/15570","targetHints":{"allow":["GET"]}}],"collection":[{"href":"https:\/\/www.uruloki.org\/felipeblog\/wp-json\/wp\/v2\/posts"}],"about":[{"href":"https:\/\/www.uruloki.org\/felipeblog\/wp-json\/wp\/v2\/types\/post"}],"author":[{"embeddable":true,"href":"https:\/\/www.uruloki.org\/felipeblog\/wp-json\/wp\/v2\/users\/28"}],"replies":[{"embeddable":true,"href":"https:\/\/www.uruloki.org\/felipeblog\/wp-json\/wp\/v2\/comments?post=15570"}],"version-history":[{"count":4,"href":"https:\/\/www.uruloki.org\/felipeblog\/wp-json\/wp\/v2\/posts\/15570\/revisions"}],"predecessor-version":[{"id":15574,"href":"https:\/\/www.uruloki.org\/felipeblog\/wp-json\/wp\/v2\/posts\/15570\/revisions\/15574"}],"wp:attachment":[{"href":"https:\/\/www.uruloki.org\/felipeblog\/wp-json\/wp\/v2\/media?parent=15570"}],"wp:term":[{"taxonomy":"category","embeddable":true,"href":"https:\/\/www.uruloki.org\/felipeblog\/wp-json\/wp\/v2\/categories?post=15570"},{"taxonomy":"post_tag","embeddable":true,"href":"https:\/\/www.uruloki.org\/felipeblog\/wp-json\/wp\/v2\/tags?post=15570"}],"curies":[{"name":"wp","href":"https:\/\/api.w.org\/{rel}","templated":true}]}}