{"id":15550,"date":"2016-05-02T20:28:53","date_gmt":"2016-05-02T18:28:53","guid":{"rendered":"https:\/\/uruloki.org\/felipeblog\/?p=15550"},"modified":"2016-05-02T20:28:53","modified_gmt":"2016-05-02T18:28:53","slug":"james-wan-confirma-lo-suyo-aquaman-amor-primera-vista-una-cantidad-ingente-villanos-the-batman-ben-affleck","status":"publish","type":"post","link":"https:\/\/www.uruloki.org\/felipeblog\/cine-de-comics\/james-wan-confirma-lo-suyo-aquaman-amor-primera-vista-una-cantidad-ingente-villanos-the-batman-ben-affleck","title":{"rendered":"James Wan confirma que lo suyo con Aquaman es amor a primera vista y \u00bfuna cantidad ingente de villanos en The Batman de Ben Affleck?&#8230;"},"content":{"rendered":"<p>Venga, una entrada rapidita que hoy est&aacute; de cumplea&ntilde;os mi madre y toca dedicaci&oacute;n absoluta a esa gran persona. El mundo noticiero de hoy lunes pone fundamentalmente el foco en temas <strong>DC<\/strong>.<\/p>\n<p>Primero con <strong>James Wan<\/strong> usado twitter como medio para comunicar que <a href=\"https:\/\/uruloki.org\/felipeblog\/cine-de-cmics\/seth-grahame-smith-ya-no-director-the-flash-puede-james-wan-siga-camino-aquaman-algun-iluminado-quiere-la-precuela-la-profecia-quedarse-tan-tranquilo-netflix\">el rumor aparecido este fin de semana<\/a> en Birth.Movies.Death es falso. Vale que <strong>Seth Grahame-Smith<\/strong> est&aacute; fuera de <strong>The Flash<\/strong> (2018), sus motivos habr&aacute;n tenido, pero lo de que <strong>James Wan<\/strong> seguir&aacute; su mismo camino afectando por lo tanto a <strong>Aquaman<\/strong> (2018) es falso. Por lo tanto punto y final al debate crisis en <strong>DC<\/strong> y <strong>Warner Bros.<\/strong> que tanto gusta explorar a los medios. &iquest;<strong>DC<\/strong> est&aacute; en crisis? Pues no. &iquest;<strong>DC<\/strong> podr&iacute;a haber recaudado m&aacute;s pasta? Pues s&iacute;. Pero as&iacute; es la industria del cine, unos proyectos funciona mejor que otros, pero si lo que se busca es disfrutar aqu&iacute; uno que <a href=\"https:\/\/uruloki.org\/felipeblog\/cine-de-cmics\/batman-v-superman-amanecer-la-justicia-opinion\">lo hizo tanto con <strong>Batman v Superman: El Amanecer de la Justicia<\/strong><\/a> como con <a href=\"https:\/\/uruloki.org\/felipeblog\/cine-de-cmics\/capitan-america-civil-war-opinion\">su contrarr&eacute;pica <strong>Capit&aacute;n Am&eacute;rica: Civil War<\/strong><\/a>.<\/p>\n<div class=\"twittercentrado\">\n<blockquote class=\"twitter-tweet\" data-lang=\"es\">\n<p lang=\"und\" dir=\"ltr\"><a href=\"https:\/\/t.co\/ffJOZSWvkM\" target=\"_blank\">pic.twitter.com\/ffJOZSWvkM<\/a><\/p>\n<p>&mdash; James Wan (@creepypuppet) <a href=\"https:\/\/twitter.com\/creepypuppet\/status\/726960529390997505\" target=\"_blank\">2 de mayo de 2016<\/a><\/p><\/blockquote>\n<\/div>\n<p>Y para rendirse ante el se&ntilde;or&iacute;o de <strong>Wan<\/strong>, este pide paz y no atacar a Devin Faraci, fuente del rumor de BMD.<\/p>\n<div class=\"twittercentrado\">\n<blockquote class=\"twitter-tweet\" data-lang=\"es\">\n<p lang=\"en\" dir=\"ltr\">Please, there&#39;s absolutely no need to attack Devin, or anyone.<\/p>\n<p>&mdash; James Wan (@creepypuppet) <a href=\"https:\/\/twitter.com\/creepypuppet\/status\/726981823071313920\" target=\"_blank\">2 de mayo de 2016<\/a><\/p><\/blockquote>\n<p><script async src=\"\/\/platform.twitter.com\/widgets.js\" charset=\"utf-8\"><\/script><\/div>\n<p>Segundo con un interesante rumor que viendo el rumbo que ha tomado lo de <strong>James Wan<\/strong> debe ser cogido con pinzas. Birth.Movies.Death asegura que hay informaciones que dejan caer que <a href=\"http:\/\/birthmoviesdeath.com\/2016\/05\/01\/you-will-probably-see-your-favorite-villain-in-afflecks-batman-movie\" target=\"_blank\">en <strong>The Batman<\/strong> de <strong>Ben Affleck<\/strong> la cosa se puede ir de madre y presentarse a la batalla no uno ni dos villanos, si no una cantidad considerable de estos<\/a>. &iquest;Imposible? Pues no tanto, al verdad es que con <strong>Escuadr&oacute;n Suicida<\/strong> (<em>Suicide Squad<\/em>, 2016) manejando ya esta posibilidad, aunque sin gran presencia de <strong>Batman<\/strong>, el punto de vista contrario ser&iacute;a francamente posible. &iquest;Muchos villanos?, &iquest;un sindicado del crimen para acabar con <strong>Batman<\/strong>?, &iquest;un acuerdo entre grandes iconos del c&oacute;mic para pasar a cuchillo al se&ntilde;or de la noche? o &iquest;simplemente una importante cantidad de cameos? Pues todo es posible, un enfoque a la <strong>Arkham Asylum<\/strong> ser&iacute;a la repanocha ya que de entre gente como <strong>Joker<\/strong>, <strong>Harley Quinn<\/strong>, <strong>Enigma<\/strong>, <strong>Dos Caras<\/strong>, <strong>Bane<\/strong>, <strong>Killer Croc<\/strong>, <strong>Poison Ivy<\/strong>, <strong>Mr. Freeze<\/strong>, <strong>Catwoman<\/strong>, etc. hemos visto ya su nueva  aproximaci&oacute;n cinematogr&aacute;fica.<\/p>\n<p class=\"centrado\"><img decoding=\"async\" src=\"https:\/\/uruloki.org\/felipeblog\/images2016\/20160502-batmanvillanos.jpg\" alt=\"&iquest;Una cantidad ingente de villanos en The Batman de Ben Affleck?\" \/><br \/><em>&iquest;Una cantidad ingente de villanos en The Batman de Ben Affleck?<\/em><\/p>\n","protected":false},"excerpt":{"rendered":"<p>Venga, una entrada rapidita que hoy est&aacute; de cumplea&ntilde;os mi madre y toca dedicaci&oacute;n absoluta a esa gran persona. El mundo noticiero de hoy lunes pone fundamentalmente el foco en temas DC. Primero con James Wan usado twitter como medio para comunicar que el rumor aparecido este fin de semana en Birth.Movies.Death es falso. Vale [&hellip;]<\/p>\n","protected":false},"author":28,"featured_media":0,"comment_status":"open","ping_status":"open","sticky":false,"template":"","format":"standard","meta":{"footnotes":""},"categories":[10],"tags":[967,3049],"class_list":["post-15550","post","type-post","status-publish","format-standard","hentry","category-cine-de-comics","tag-aquaman","tag-the-batman"],"yoast_head":"<!-- This site is optimized with the Yoast SEO plugin v24.3 - https:\/\/yoast.com\/wordpress\/plugins\/seo\/ -->\n<title>James Wan confirma que lo suyo con Aquaman es amor a primera vista<\/title>\n<meta name=\"description\" content=\"Primero con James Wan usado twitter como medio para comunicar que el rumor aparecido este fin de semana sobre Aquaman (2018) es falso.\" \/>\n<meta name=\"robots\" content=\"index, follow, max-snippet:-1, max-image-preview:large, max-video-preview:-1\" \/>\n<link rel=\"canonical\" href=\"https:\/\/www.uruloki.org\/felipeblog\/cine-de-comics\/james-wan-confirma-lo-suyo-aquaman-amor-primera-vista-una-cantidad-ingente-villanos-the-batman-ben-affleck\" \/>\n<meta property=\"og:locale\" content=\"es_ES\" \/>\n<meta property=\"og:type\" content=\"article\" \/>\n<meta property=\"og:title\" content=\"James Wan confirma que lo suyo con Aquaman es amor a primera vista\" \/>\n<meta property=\"og:description\" content=\"Primero con James Wan usado twitter como medio para comunicar que el rumor aparecido este fin de semana sobre Aquaman (2018) es falso.\" \/>\n<meta property=\"og:url\" content=\"https:\/\/www.uruloki.org\/felipeblog\/cine-de-comics\/james-wan-confirma-lo-suyo-aquaman-amor-primera-vista-una-cantidad-ingente-villanos-the-batman-ben-affleck\" \/>\n<meta property=\"og:site_name\" content=\"Uruloki :: Blog\" \/>\n<meta property=\"article:publisher\" content=\"https:\/\/www.facebook.com\/uruloki.org\" \/>\n<meta property=\"article:published_time\" content=\"2016-05-02T18:28:53+00:00\" \/>\n<meta property=\"og:image\" content=\"https:\/\/uruloki.org\/felipeblog\/images2016\/20160502-batmanvillanos.jpg\" \/>\n<meta name=\"author\" content=\"Uruloki\" \/>\n<meta name=\"twitter:card\" content=\"summary_large_image\" \/>\n<meta name=\"twitter:creator\" content=\"@uruloki\" \/>\n<meta name=\"twitter:site\" content=\"@uruloki\" \/>\n<meta name=\"twitter:label1\" content=\"Escrito por\" \/>\n\t<meta name=\"twitter:data1\" content=\"Uruloki\" \/>\n\t<meta name=\"twitter:label2\" content=\"Tiempo de lectura\" \/>\n\t<meta name=\"twitter:data2\" content=\"2 minutos\" \/>\n<script type=\"application\/ld+json\" class=\"yoast-schema-graph\">{\"@context\":\"https:\/\/schema.org\",\"@graph\":[{\"@type\":\"WebPage\",\"@id\":\"https:\/\/www.uruloki.org\/felipeblog\/cine-de-comics\/james-wan-confirma-lo-suyo-aquaman-amor-primera-vista-una-cantidad-ingente-villanos-the-batman-ben-affleck\",\"url\":\"https:\/\/www.uruloki.org\/felipeblog\/cine-de-comics\/james-wan-confirma-lo-suyo-aquaman-amor-primera-vista-una-cantidad-ingente-villanos-the-batman-ben-affleck\",\"name\":\"James Wan confirma que lo suyo con Aquaman es amor a primera vista\",\"isPartOf\":{\"@id\":\"https:\/\/www.uruloki.org\/felipeblog\/#website\"},\"primaryImageOfPage\":{\"@id\":\"https:\/\/www.uruloki.org\/felipeblog\/cine-de-comics\/james-wan-confirma-lo-suyo-aquaman-amor-primera-vista-una-cantidad-ingente-villanos-the-batman-ben-affleck#primaryimage\"},\"image\":{\"@id\":\"https:\/\/www.uruloki.org\/felipeblog\/cine-de-comics\/james-wan-confirma-lo-suyo-aquaman-amor-primera-vista-una-cantidad-ingente-villanos-the-batman-ben-affleck#primaryimage\"},\"thumbnailUrl\":\"https:\/\/uruloki.org\/felipeblog\/images2016\/20160502-batmanvillanos.jpg\",\"datePublished\":\"2016-05-02T18:28:53+00:00\",\"dateModified\":\"2016-05-02T18:28:53+00:00\",\"author\":{\"@id\":\"https:\/\/www.uruloki.org\/felipeblog\/#\/schema\/person\/ddba06ddaa27edf0c370460d05c51bb3\"},\"description\":\"Primero con James Wan usado twitter como medio para comunicar que el rumor aparecido este fin de semana sobre Aquaman (2018) es falso.\",\"breadcrumb\":{\"@id\":\"https:\/\/www.uruloki.org\/felipeblog\/cine-de-comics\/james-wan-confirma-lo-suyo-aquaman-amor-primera-vista-una-cantidad-ingente-villanos-the-batman-ben-affleck#breadcrumb\"},\"inLanguage\":\"es\",\"potentialAction\":[{\"@type\":\"ReadAction\",\"target\":[\"https:\/\/www.uruloki.org\/felipeblog\/cine-de-comics\/james-wan-confirma-lo-suyo-aquaman-amor-primera-vista-una-cantidad-ingente-villanos-the-batman-ben-affleck\"]}]},{\"@type\":\"ImageObject\",\"inLanguage\":\"es\",\"@id\":\"https:\/\/www.uruloki.org\/felipeblog\/cine-de-comics\/james-wan-confirma-lo-suyo-aquaman-amor-primera-vista-una-cantidad-ingente-villanos-the-batman-ben-affleck#primaryimage\",\"url\":\"https:\/\/uruloki.org\/felipeblog\/images2016\/20160502-batmanvillanos.jpg\",\"contentUrl\":\"https:\/\/uruloki.org\/felipeblog\/images2016\/20160502-batmanvillanos.jpg\"},{\"@type\":\"BreadcrumbList\",\"@id\":\"https:\/\/www.uruloki.org\/felipeblog\/cine-de-comics\/james-wan-confirma-lo-suyo-aquaman-amor-primera-vista-una-cantidad-ingente-villanos-the-batman-ben-affleck#breadcrumb\",\"itemListElement\":[{\"@type\":\"ListItem\",\"position\":1,\"name\":\"Portada\",\"item\":\"https:\/\/www.uruloki.org\/felipeblog\"},{\"@type\":\"ListItem\",\"position\":2,\"name\":\"James Wan confirma que lo suyo con Aquaman es amor a primera vista y \u00bfuna cantidad ingente de villanos en The Batman de Ben Affleck?&#8230;\"}]},{\"@type\":\"WebSite\",\"@id\":\"https:\/\/www.uruloki.org\/felipeblog\/#website\",\"url\":\"https:\/\/www.uruloki.org\/felipeblog\/\",\"name\":\"Uruloki :: Blog\",\"description\":\"Blog de cine, terror, ciencia ficci\u00f3n, fantas\u00eda y c\u00f3mics\",\"potentialAction\":[{\"@type\":\"SearchAction\",\"target\":{\"@type\":\"EntryPoint\",\"urlTemplate\":\"https:\/\/www.uruloki.org\/felipeblog\/?s={search_term_string}\"},\"query-input\":{\"@type\":\"PropertyValueSpecification\",\"valueRequired\":true,\"valueName\":\"search_term_string\"}}],\"inLanguage\":\"es\"},{\"@type\":\"Person\",\"@id\":\"https:\/\/www.uruloki.org\/felipeblog\/#\/schema\/person\/ddba06ddaa27edf0c370460d05c51bb3\",\"name\":\"Uruloki\",\"image\":{\"@type\":\"ImageObject\",\"inLanguage\":\"es\",\"@id\":\"https:\/\/www.uruloki.org\/felipeblog\/#\/schema\/person\/image\/\",\"url\":\"https:\/\/secure.gravatar.com\/avatar\/68d5301c5f52ba88fd63f02c75b8c4d1b3c3fc4b21e2998a1e98c4b3a54d9f7c?s=96&d=mm&r=g\",\"contentUrl\":\"https:\/\/secure.gravatar.com\/avatar\/68d5301c5f52ba88fd63f02c75b8c4d1b3c3fc4b21e2998a1e98c4b3a54d9f7c?s=96&d=mm&r=g\",\"caption\":\"Uruloki\"},\"sameAs\":[\"https:\/\/uruloki.org\"],\"url\":\"https:\/\/www.uruloki.org\/felipeblog\/author\/admin-2-2-2\"}]}<\/script>\n<!-- \/ Yoast SEO plugin. -->","yoast_head_json":{"title":"James Wan confirma que lo suyo con Aquaman es amor a primera vista","description":"Primero con James Wan usado twitter como medio para comunicar que el rumor aparecido este fin de semana sobre Aquaman (2018) es falso.","robots":{"index":"index","follow":"follow","max-snippet":"max-snippet:-1","max-image-preview":"max-image-preview:large","max-video-preview":"max-video-preview:-1"},"canonical":"https:\/\/www.uruloki.org\/felipeblog\/cine-de-comics\/james-wan-confirma-lo-suyo-aquaman-amor-primera-vista-una-cantidad-ingente-villanos-the-batman-ben-affleck","og_locale":"es_ES","og_type":"article","og_title":"James Wan confirma que lo suyo con Aquaman es amor a primera vista","og_description":"Primero con James Wan usado twitter como medio para comunicar que el rumor aparecido este fin de semana sobre Aquaman (2018) es falso.","og_url":"https:\/\/www.uruloki.org\/felipeblog\/cine-de-comics\/james-wan-confirma-lo-suyo-aquaman-amor-primera-vista-una-cantidad-ingente-villanos-the-batman-ben-affleck","og_site_name":"Uruloki :: Blog","article_publisher":"https:\/\/www.facebook.com\/uruloki.org","article_published_time":"2016-05-02T18:28:53+00:00","og_image":[{"url":"https:\/\/uruloki.org\/felipeblog\/images2016\/20160502-batmanvillanos.jpg","type":"","width":"","height":""}],"author":"Uruloki","twitter_card":"summary_large_image","twitter_creator":"@uruloki","twitter_site":"@uruloki","twitter_misc":{"Escrito por":"Uruloki","Tiempo de lectura":"2 minutos"},"schema":{"@context":"https:\/\/schema.org","@graph":[{"@type":"WebPage","@id":"https:\/\/www.uruloki.org\/felipeblog\/cine-de-comics\/james-wan-confirma-lo-suyo-aquaman-amor-primera-vista-una-cantidad-ingente-villanos-the-batman-ben-affleck","url":"https:\/\/www.uruloki.org\/felipeblog\/cine-de-comics\/james-wan-confirma-lo-suyo-aquaman-amor-primera-vista-una-cantidad-ingente-villanos-the-batman-ben-affleck","name":"James Wan confirma que lo suyo con Aquaman es amor a primera vista","isPartOf":{"@id":"https:\/\/www.uruloki.org\/felipeblog\/#website"},"primaryImageOfPage":{"@id":"https:\/\/www.uruloki.org\/felipeblog\/cine-de-comics\/james-wan-confirma-lo-suyo-aquaman-amor-primera-vista-una-cantidad-ingente-villanos-the-batman-ben-affleck#primaryimage"},"image":{"@id":"https:\/\/www.uruloki.org\/felipeblog\/cine-de-comics\/james-wan-confirma-lo-suyo-aquaman-amor-primera-vista-una-cantidad-ingente-villanos-the-batman-ben-affleck#primaryimage"},"thumbnailUrl":"https:\/\/uruloki.org\/felipeblog\/images2016\/20160502-batmanvillanos.jpg","datePublished":"2016-05-02T18:28:53+00:00","dateModified":"2016-05-02T18:28:53+00:00","author":{"@id":"https:\/\/www.uruloki.org\/felipeblog\/#\/schema\/person\/ddba06ddaa27edf0c370460d05c51bb3"},"description":"Primero con James Wan usado twitter como medio para comunicar que el rumor aparecido este fin de semana sobre Aquaman (2018) es falso.","breadcrumb":{"@id":"https:\/\/www.uruloki.org\/felipeblog\/cine-de-comics\/james-wan-confirma-lo-suyo-aquaman-amor-primera-vista-una-cantidad-ingente-villanos-the-batman-ben-affleck#breadcrumb"},"inLanguage":"es","potentialAction":[{"@type":"ReadAction","target":["https:\/\/www.uruloki.org\/felipeblog\/cine-de-comics\/james-wan-confirma-lo-suyo-aquaman-amor-primera-vista-una-cantidad-ingente-villanos-the-batman-ben-affleck"]}]},{"@type":"ImageObject","inLanguage":"es","@id":"https:\/\/www.uruloki.org\/felipeblog\/cine-de-comics\/james-wan-confirma-lo-suyo-aquaman-amor-primera-vista-una-cantidad-ingente-villanos-the-batman-ben-affleck#primaryimage","url":"https:\/\/uruloki.org\/felipeblog\/images2016\/20160502-batmanvillanos.jpg","contentUrl":"https:\/\/uruloki.org\/felipeblog\/images2016\/20160502-batmanvillanos.jpg"},{"@type":"BreadcrumbList","@id":"https:\/\/www.uruloki.org\/felipeblog\/cine-de-comics\/james-wan-confirma-lo-suyo-aquaman-amor-primera-vista-una-cantidad-ingente-villanos-the-batman-ben-affleck#breadcrumb","itemListElement":[{"@type":"ListItem","position":1,"name":"Portada","item":"https:\/\/www.uruloki.org\/felipeblog"},{"@type":"ListItem","position":2,"name":"James Wan confirma que lo suyo con Aquaman es amor a primera vista y \u00bfuna cantidad ingente de villanos en The Batman de Ben Affleck?&#8230;"}]},{"@type":"WebSite","@id":"https:\/\/www.uruloki.org\/felipeblog\/#website","url":"https:\/\/www.uruloki.org\/felipeblog\/","name":"Uruloki :: Blog","description":"Blog de cine, terror, ciencia ficci\u00f3n, fantas\u00eda y c\u00f3mics","potentialAction":[{"@type":"SearchAction","target":{"@type":"EntryPoint","urlTemplate":"https:\/\/www.uruloki.org\/felipeblog\/?s={search_term_string}"},"query-input":{"@type":"PropertyValueSpecification","valueRequired":true,"valueName":"search_term_string"}}],"inLanguage":"es"},{"@type":"Person","@id":"https:\/\/www.uruloki.org\/felipeblog\/#\/schema\/person\/ddba06ddaa27edf0c370460d05c51bb3","name":"Uruloki","image":{"@type":"ImageObject","inLanguage":"es","@id":"https:\/\/www.uruloki.org\/felipeblog\/#\/schema\/person\/image\/","url":"https:\/\/secure.gravatar.com\/avatar\/68d5301c5f52ba88fd63f02c75b8c4d1b3c3fc4b21e2998a1e98c4b3a54d9f7c?s=96&d=mm&r=g","contentUrl":"https:\/\/secure.gravatar.com\/avatar\/68d5301c5f52ba88fd63f02c75b8c4d1b3c3fc4b21e2998a1e98c4b3a54d9f7c?s=96&d=mm&r=g","caption":"Uruloki"},"sameAs":["https:\/\/uruloki.org"],"url":"https:\/\/www.uruloki.org\/felipeblog\/author\/admin-2-2-2"}]}},"_links":{"self":[{"href":"https:\/\/www.uruloki.org\/felipeblog\/wp-json\/wp\/v2\/posts\/15550","targetHints":{"allow":["GET"]}}],"collection":[{"href":"https:\/\/www.uruloki.org\/felipeblog\/wp-json\/wp\/v2\/posts"}],"about":[{"href":"https:\/\/www.uruloki.org\/felipeblog\/wp-json\/wp\/v2\/types\/post"}],"author":[{"embeddable":true,"href":"https:\/\/www.uruloki.org\/felipeblog\/wp-json\/wp\/v2\/users\/28"}],"replies":[{"embeddable":true,"href":"https:\/\/www.uruloki.org\/felipeblog\/wp-json\/wp\/v2\/comments?post=15550"}],"version-history":[{"count":1,"href":"https:\/\/www.uruloki.org\/felipeblog\/wp-json\/wp\/v2\/posts\/15550\/revisions"}],"predecessor-version":[{"id":15551,"href":"https:\/\/www.uruloki.org\/felipeblog\/wp-json\/wp\/v2\/posts\/15550\/revisions\/15551"}],"wp:attachment":[{"href":"https:\/\/www.uruloki.org\/felipeblog\/wp-json\/wp\/v2\/media?parent=15550"}],"wp:term":[{"taxonomy":"category","embeddable":true,"href":"https:\/\/www.uruloki.org\/felipeblog\/wp-json\/wp\/v2\/categories?post=15550"},{"taxonomy":"post_tag","embeddable":true,"href":"https:\/\/www.uruloki.org\/felipeblog\/wp-json\/wp\/v2\/tags?post=15550"}],"curies":[{"name":"wp","href":"https:\/\/api.w.org\/{rel}","templated":true}]}}