{"id":15422,"date":"2016-03-25T13:41:29","date_gmt":"2016-03-25T12:41:29","guid":{"rendered":"https:\/\/uruloki.org\/felipeblog\/?p=15422"},"modified":"2016-03-25T13:41:29","modified_gmt":"2016-03-25T12:41:29","slug":"primera-imagen-las-amazonas-wonder-woman-tambien-primer-vistazo-los-heroes-espaciales-valerian-and-the-city-of-thousand-planets-guillermo-del-toro-quiere-michael-stuhlbarg","status":"publish","type":"post","link":"https:\/\/www.uruloki.org\/felipeblog\/cine-de-comics\/primera-imagen-las-amazonas-wonder-woman-tambien-primer-vistazo-los-heroes-espaciales-valerian-and-the-city-of-thousand-planets-guillermo-del-toro-quiere-michael-stuhlbarg","title":{"rendered":"Primera imagen de las amazonas de Wonder Woman, tambi\u00e9n el primer vistazo a los h\u00e9roes espaciales de Valerian and the City of a Thousand Planets, Guillermo del Toro quiere a Michael Stuhlbarg para su nueva pel\u00edcula, Pirates Of The Caribbean: Dead Men Tell No Tales ficha al mism\u00edsimo Paul McCartney y hay por ah\u00ed una pel\u00edcula de terror titulada Cadaver&#8230;"},"content":{"rendered":"<p>Tras disfrutar el mi&eacute;rcoles de <a href=\"https:\/\/uruloki.org\/felipeblog\/cine-de-cmics\/batman-v-superman-amanecer-la-justicia-opinion\"><strong>Batman v Superman: El Amanecer de la Justicia<\/strong>, y dejaros ayer con la opini&oacute;n de la misma<\/a>, es momento de darle un poco a la tecla para recuperar otras noticias que deben ser contadas. Por lo pronto tenemos <a href=\"http:\/\/www.ew.com\/article\/2016\/03\/24\/wonder-woman-first-look-gal-gadot-robin-wright-connie-nielsen\" target=\"_blank\">una primera imagen de todas la amazonas que conoceremos en <strong>Wonder Woman<\/strong> (2017)<\/a> el a&ntilde;o que viene. Con <strong>Patty Jenkins<\/strong> a los mandos nos descubre no s&oacute;lo a <strong>Gal Gadot<\/strong> como la <strong>Princesa Diana<\/strong>, si no a su madre, la <strong>Reina Hip&oacute;lita<\/strong> (<em>Connie Nielsen<\/em>), y sus dos t&iacute;as, la <strong>General Ant&iacute;ope<\/strong> (<em>Robin Wright<\/em>) y <strong>Melanipa<\/strong> (<em>Lisa Loven Kongsli<\/em>). La otra imagen que riega la entrada es <a href=\"https:\/\/www.facebook.com\/LucBessonOfficial\/photos\/a.977887732255984.1073741828.972003916177699\/1147300875314668\/?type=3&amp;theater\" target=\"_blank\">la tambi&eacute;n primera de <strong>Valerian and the City of a Thousand Planets<\/strong> (2017) de <strong>Luc Besson<\/strong><\/a>. El propio directo la ha compartido en su p&aacute;gina de Facebook y en ella podemos ver a <strong>Dane DeHaan<\/strong> como <strong>Valerian<\/strong>, a <strong>Cara Delevingne<\/strong> como <strong>Laureline<\/strong> y al <strong>Besson<\/strong> al fondo de espaldas. Molan los trajes y pinta bien la cosa. Recordemos que en el film tambi&eacute;n participan <strong>Clive Owen<\/strong>, <strong>Ethan Hawke<\/strong> y <strong>Herbie Hancock<\/strong>, adem&aacute;s de <strong>Rihanna<\/strong>. La pel&iacute;cula adapta la obra comiquera de <strong>Pierre Christin<\/strong> y <strong>Jean-Claude M&eacute;zi&egrave;res<\/strong>.<\/p>\n<p class=\"centrado\"><a href=\"https:\/\/uruloki.org\/felipeblog\/images2016\/20160324-wonderwoman.jpg\" target=\"_blank\" onclick=\"return false;\" rel=\"shadowbox\"><img decoding=\"async\" src=\"https:\/\/uruloki.org\/felipeblog\/images2016\/20160324-wonderwoman.jpg\" alt=\"Melanipa, Diana, Hip&oacute;lita y Ant&iacute;ope en Wonder Woman\" width=\"100%\" \/><\/a><br \/><em>Melanipa, Diana, Hip&oacute;lita y Ant&iacute;ope en Wonder Woman<\/em> <\/p>\n<p>Por otro lado tenemos a <a href=\"http:\/\/www.hollywoodreporter.com\/heat-vision\/michael-stuhlbarg-talks-join-guillermo-877547\" target=\"_blank\"><strong>Guillermo del Toro<\/strong> llamando a la puerta de <strong>Michael Stuhlbarg<\/strong><\/a> para que este se sume a <strong>Octavia Spencer<\/strong> y <strong>Sally Hawkins<\/strong> en los nuevo del directo mexicano, y que comienza a rodarse este verano. Por ahora poco o nada se sabe de la pel&iacute;cula de <strong>Del Toro<\/strong>, pero se habla de un misterioso  y m&aacute;gico viaje a la sobra de la &eacute;poca de la Guerra Fr&iacute;a con una historia de amor de por medio. A <strong>Stuhlbarg<\/strong> pod&eacute;is verle en un papel c&oacute;mico en <strong>Men in Black 3<\/strong> pero tambi&eacute;n ha aparecido en cosas como <strong>Un tipo serio<\/strong> (<em>A Serious Man<\/em>), la macarra <strong>Siete psic&oacute;patas<\/strong> (<em>Seven Psychopaths<\/em>) o las recientes <strong>Steve Jobs<\/strong> y <strong>Trumbo<\/strong>. <a href=\"http:\/\/www.hollywoodreporter.com\/heat-vision\/screen-gems-horror-movie-cadaver-877539\" target=\"_blank\">Otro proyecto que se mueve es <strong>Cadaver<\/strong><\/a>, film de terror de <strong>Screen Gems<\/strong>. Cuenta en THR que el director dan&eacute;s <strong>Diederik Van Rooijen<\/strong> ha sido contratado para dirigir un gui&oacute;n escrito por <strong>Brian Sieve<\/strong>. En <strong>Cadaver<\/strong> se nos contar&aacute; la historia de una mujer polic&iacute;a que tras salir de un proceso de rehabilitaci&oacute;n tiene la gran idea de pillarse el turno de noche en una  morgue. Un cad&aacute;ver pose&iacute;do por una entidad maligna mantendr&aacute; en vilo a la pobre polic&iacute;a. De traca.<\/p>\n<p class=\"centrado\"><img decoding=\"async\" src=\"https:\/\/uruloki.org\/felipeblog\/images2016\/20160324-valerian.jpg\" alt=\"Dane DeHaan y Cara Delevingne en Valerian and the City of a Thousand Planets\" \/><br \/><em>Dane DeHaan y Cara Delevingne en Valerian and the City of a Thousand Planets<\/em><\/p>\n<p>Tambi&eacute;n se agitan las entra&ntilde;as de <strong>Pirates Of The Caribbean: Dead Men Tell No Tales<\/strong> (2017). Cuentan en Deadline que <a href=\"http:\/\/deadline.com\/2016\/03\/paul-mccartney-pirates-of-the-caribbean-dead-men-tell-no-tales-johnny-depp-disney-keith-richards-1201725706\/\" target=\"_blank\"><strong>Paul McCartney<\/strong> se suma a una pel&iacute;cula<\/a> que lleva en desarrollo demasiado tiempo y que a cada paso que da menos me apetece ver. <strong>Joachim R&oslash;nning<\/strong> y <strong>Espen Sandberg<\/strong> llevan invertido mucho en esto y ya les puede salir bien la cosa.<\/p>\n","protected":false},"excerpt":{"rendered":"<p>Tras disfrutar el mi&eacute;rcoles de Batman v Superman: El Amanecer de la Justicia, y dejaros ayer con la opini&oacute;n de la misma, es momento de darle un poco a la tecla para recuperar otras noticias que deben ser contadas. Por lo pronto tenemos una primera imagen de todas la amazonas que conoceremos en Wonder Woman [&hellip;]<\/p>\n","protected":false},"author":28,"featured_media":0,"comment_status":"open","ping_status":"open","sticky":false,"template":"","format":"standard","meta":{"footnotes":""},"categories":[10,8,12,9,26],"tags":[3508,2666,3304,345],"class_list":["post-15422","post","type-post","status-publish","format-standard","hentry","category-cine-de-comics","category-cine-de-ciencia-ficcion","category-cine-de-fantasia","category-cine-de-terror","category-gdt","tag-cadaver","tag-pirates-of-the-caribbean-dead-men-tell-no-tales","tag-valerian-and-the-city-of-a-thousand-planets","tag-wonder-woman"],"yoast_head":"<!-- This site is optimized with the Yoast SEO plugin v24.3 - https:\/\/yoast.com\/wordpress\/plugins\/seo\/ -->\n<title>Primera imagen de las amazonas de Wonder Woman<\/title>\n<meta name=\"description\" content=\"Tras disfrutar el mi\u00e9rcoles de Batman v Superman hoy tenemos una primera imagen de todas la amazonas que conoceremos el a\u00f1o que viene en Wonder Woman.\" \/>\n<meta name=\"robots\" content=\"index, follow, max-snippet:-1, max-image-preview:large, max-video-preview:-1\" \/>\n<link rel=\"canonical\" href=\"https:\/\/www.uruloki.org\/felipeblog\/cine-de-comics\/primera-imagen-las-amazonas-wonder-woman-tambien-primer-vistazo-los-heroes-espaciales-valerian-and-the-city-of-thousand-planets-guillermo-del-toro-quiere-michael-stuhlbarg\" \/>\n<meta property=\"og:locale\" content=\"es_ES\" \/>\n<meta property=\"og:type\" content=\"article\" \/>\n<meta property=\"og:title\" content=\"Primera imagen de las amazonas de Wonder Woman\" \/>\n<meta property=\"og:description\" content=\"Tras disfrutar el mi\u00e9rcoles de Batman v Superman hoy tenemos una primera imagen de todas la amazonas que conoceremos el a\u00f1o que viene en Wonder Woman.\" \/>\n<meta property=\"og:url\" content=\"https:\/\/www.uruloki.org\/felipeblog\/cine-de-comics\/primera-imagen-las-amazonas-wonder-woman-tambien-primer-vistazo-los-heroes-espaciales-valerian-and-the-city-of-thousand-planets-guillermo-del-toro-quiere-michael-stuhlbarg\" \/>\n<meta property=\"og:site_name\" content=\"Uruloki :: Blog\" \/>\n<meta property=\"article:publisher\" content=\"https:\/\/www.facebook.com\/uruloki.org\" \/>\n<meta property=\"article:published_time\" content=\"2016-03-25T12:41:29+00:00\" \/>\n<meta property=\"og:image\" content=\"https:\/\/uruloki.org\/felipeblog\/images2016\/20160324-wonderwoman.jpg\" \/>\n<meta name=\"author\" content=\"Uruloki\" \/>\n<meta name=\"twitter:card\" content=\"summary_large_image\" \/>\n<meta name=\"twitter:creator\" content=\"@uruloki\" \/>\n<meta name=\"twitter:site\" content=\"@uruloki\" \/>\n<meta name=\"twitter:label1\" content=\"Escrito por\" \/>\n\t<meta name=\"twitter:data1\" content=\"Uruloki\" \/>\n\t<meta name=\"twitter:label2\" content=\"Tiempo de lectura\" \/>\n\t<meta name=\"twitter:data2\" content=\"3 minutos\" \/>\n<script type=\"application\/ld+json\" class=\"yoast-schema-graph\">{\"@context\":\"https:\/\/schema.org\",\"@graph\":[{\"@type\":\"WebPage\",\"@id\":\"https:\/\/www.uruloki.org\/felipeblog\/cine-de-comics\/primera-imagen-las-amazonas-wonder-woman-tambien-primer-vistazo-los-heroes-espaciales-valerian-and-the-city-of-thousand-planets-guillermo-del-toro-quiere-michael-stuhlbarg\",\"url\":\"https:\/\/www.uruloki.org\/felipeblog\/cine-de-comics\/primera-imagen-las-amazonas-wonder-woman-tambien-primer-vistazo-los-heroes-espaciales-valerian-and-the-city-of-thousand-planets-guillermo-del-toro-quiere-michael-stuhlbarg\",\"name\":\"Primera imagen de las amazonas de Wonder Woman\",\"isPartOf\":{\"@id\":\"https:\/\/www.uruloki.org\/felipeblog\/#website\"},\"primaryImageOfPage\":{\"@id\":\"https:\/\/www.uruloki.org\/felipeblog\/cine-de-comics\/primera-imagen-las-amazonas-wonder-woman-tambien-primer-vistazo-los-heroes-espaciales-valerian-and-the-city-of-thousand-planets-guillermo-del-toro-quiere-michael-stuhlbarg#primaryimage\"},\"image\":{\"@id\":\"https:\/\/www.uruloki.org\/felipeblog\/cine-de-comics\/primera-imagen-las-amazonas-wonder-woman-tambien-primer-vistazo-los-heroes-espaciales-valerian-and-the-city-of-thousand-planets-guillermo-del-toro-quiere-michael-stuhlbarg#primaryimage\"},\"thumbnailUrl\":\"https:\/\/uruloki.org\/felipeblog\/images2016\/20160324-wonderwoman.jpg\",\"datePublished\":\"2016-03-25T12:41:29+00:00\",\"dateModified\":\"2016-03-25T12:41:29+00:00\",\"author\":{\"@id\":\"https:\/\/www.uruloki.org\/felipeblog\/#\/schema\/person\/ddba06ddaa27edf0c370460d05c51bb3\"},\"description\":\"Tras disfrutar el mi\u00e9rcoles de Batman v Superman hoy tenemos una primera imagen de todas la amazonas que conoceremos el a\u00f1o que viene en Wonder Woman.\",\"breadcrumb\":{\"@id\":\"https:\/\/www.uruloki.org\/felipeblog\/cine-de-comics\/primera-imagen-las-amazonas-wonder-woman-tambien-primer-vistazo-los-heroes-espaciales-valerian-and-the-city-of-thousand-planets-guillermo-del-toro-quiere-michael-stuhlbarg#breadcrumb\"},\"inLanguage\":\"es\",\"potentialAction\":[{\"@type\":\"ReadAction\",\"target\":[\"https:\/\/www.uruloki.org\/felipeblog\/cine-de-comics\/primera-imagen-las-amazonas-wonder-woman-tambien-primer-vistazo-los-heroes-espaciales-valerian-and-the-city-of-thousand-planets-guillermo-del-toro-quiere-michael-stuhlbarg\"]}]},{\"@type\":\"ImageObject\",\"inLanguage\":\"es\",\"@id\":\"https:\/\/www.uruloki.org\/felipeblog\/cine-de-comics\/primera-imagen-las-amazonas-wonder-woman-tambien-primer-vistazo-los-heroes-espaciales-valerian-and-the-city-of-thousand-planets-guillermo-del-toro-quiere-michael-stuhlbarg#primaryimage\",\"url\":\"https:\/\/uruloki.org\/felipeblog\/images2016\/20160324-wonderwoman.jpg\",\"contentUrl\":\"https:\/\/uruloki.org\/felipeblog\/images2016\/20160324-wonderwoman.jpg\"},{\"@type\":\"BreadcrumbList\",\"@id\":\"https:\/\/www.uruloki.org\/felipeblog\/cine-de-comics\/primera-imagen-las-amazonas-wonder-woman-tambien-primer-vistazo-los-heroes-espaciales-valerian-and-the-city-of-thousand-planets-guillermo-del-toro-quiere-michael-stuhlbarg#breadcrumb\",\"itemListElement\":[{\"@type\":\"ListItem\",\"position\":1,\"name\":\"Portada\",\"item\":\"https:\/\/www.uruloki.org\/felipeblog\"},{\"@type\":\"ListItem\",\"position\":2,\"name\":\"Primera imagen de las amazonas de Wonder Woman, tambi\u00e9n el primer vistazo a los h\u00e9roes espaciales de Valerian and the City of a Thousand Planets, Guillermo del Toro quiere a Michael Stuhlbarg para su nueva pel\u00edcula, Pirates Of The Caribbean: Dead Men Tell No Tales ficha al mism\u00edsimo Paul McCartney y hay por ah\u00ed una pel\u00edcula de terror titulada Cadaver&#8230;\"}]},{\"@type\":\"WebSite\",\"@id\":\"https:\/\/www.uruloki.org\/felipeblog\/#website\",\"url\":\"https:\/\/www.uruloki.org\/felipeblog\/\",\"name\":\"Uruloki :: Blog\",\"description\":\"Blog de cine, terror, ciencia ficci\u00f3n, fantas\u00eda y c\u00f3mics\",\"potentialAction\":[{\"@type\":\"SearchAction\",\"target\":{\"@type\":\"EntryPoint\",\"urlTemplate\":\"https:\/\/www.uruloki.org\/felipeblog\/?s={search_term_string}\"},\"query-input\":{\"@type\":\"PropertyValueSpecification\",\"valueRequired\":true,\"valueName\":\"search_term_string\"}}],\"inLanguage\":\"es\"},{\"@type\":\"Person\",\"@id\":\"https:\/\/www.uruloki.org\/felipeblog\/#\/schema\/person\/ddba06ddaa27edf0c370460d05c51bb3\",\"name\":\"Uruloki\",\"image\":{\"@type\":\"ImageObject\",\"inLanguage\":\"es\",\"@id\":\"https:\/\/www.uruloki.org\/felipeblog\/#\/schema\/person\/image\/\",\"url\":\"https:\/\/secure.gravatar.com\/avatar\/68d5301c5f52ba88fd63f02c75b8c4d1b3c3fc4b21e2998a1e98c4b3a54d9f7c?s=96&d=mm&r=g\",\"contentUrl\":\"https:\/\/secure.gravatar.com\/avatar\/68d5301c5f52ba88fd63f02c75b8c4d1b3c3fc4b21e2998a1e98c4b3a54d9f7c?s=96&d=mm&r=g\",\"caption\":\"Uruloki\"},\"sameAs\":[\"https:\/\/uruloki.org\"],\"url\":\"https:\/\/www.uruloki.org\/felipeblog\/author\/admin-2-2-2\"}]}<\/script>\n<!-- \/ Yoast SEO plugin. -->","yoast_head_json":{"title":"Primera imagen de las amazonas de Wonder Woman","description":"Tras disfrutar el mi\u00e9rcoles de Batman v Superman hoy tenemos una primera imagen de todas la amazonas que conoceremos el a\u00f1o que viene en Wonder Woman.","robots":{"index":"index","follow":"follow","max-snippet":"max-snippet:-1","max-image-preview":"max-image-preview:large","max-video-preview":"max-video-preview:-1"},"canonical":"https:\/\/www.uruloki.org\/felipeblog\/cine-de-comics\/primera-imagen-las-amazonas-wonder-woman-tambien-primer-vistazo-los-heroes-espaciales-valerian-and-the-city-of-thousand-planets-guillermo-del-toro-quiere-michael-stuhlbarg","og_locale":"es_ES","og_type":"article","og_title":"Primera imagen de las amazonas de Wonder Woman","og_description":"Tras disfrutar el mi\u00e9rcoles de Batman v Superman hoy tenemos una primera imagen de todas la amazonas que conoceremos el a\u00f1o que viene en Wonder Woman.","og_url":"https:\/\/www.uruloki.org\/felipeblog\/cine-de-comics\/primera-imagen-las-amazonas-wonder-woman-tambien-primer-vistazo-los-heroes-espaciales-valerian-and-the-city-of-thousand-planets-guillermo-del-toro-quiere-michael-stuhlbarg","og_site_name":"Uruloki :: Blog","article_publisher":"https:\/\/www.facebook.com\/uruloki.org","article_published_time":"2016-03-25T12:41:29+00:00","og_image":[{"url":"https:\/\/uruloki.org\/felipeblog\/images2016\/20160324-wonderwoman.jpg","type":"","width":"","height":""}],"author":"Uruloki","twitter_card":"summary_large_image","twitter_creator":"@uruloki","twitter_site":"@uruloki","twitter_misc":{"Escrito por":"Uruloki","Tiempo de lectura":"3 minutos"},"schema":{"@context":"https:\/\/schema.org","@graph":[{"@type":"WebPage","@id":"https:\/\/www.uruloki.org\/felipeblog\/cine-de-comics\/primera-imagen-las-amazonas-wonder-woman-tambien-primer-vistazo-los-heroes-espaciales-valerian-and-the-city-of-thousand-planets-guillermo-del-toro-quiere-michael-stuhlbarg","url":"https:\/\/www.uruloki.org\/felipeblog\/cine-de-comics\/primera-imagen-las-amazonas-wonder-woman-tambien-primer-vistazo-los-heroes-espaciales-valerian-and-the-city-of-thousand-planets-guillermo-del-toro-quiere-michael-stuhlbarg","name":"Primera imagen de las amazonas de Wonder Woman","isPartOf":{"@id":"https:\/\/www.uruloki.org\/felipeblog\/#website"},"primaryImageOfPage":{"@id":"https:\/\/www.uruloki.org\/felipeblog\/cine-de-comics\/primera-imagen-las-amazonas-wonder-woman-tambien-primer-vistazo-los-heroes-espaciales-valerian-and-the-city-of-thousand-planets-guillermo-del-toro-quiere-michael-stuhlbarg#primaryimage"},"image":{"@id":"https:\/\/www.uruloki.org\/felipeblog\/cine-de-comics\/primera-imagen-las-amazonas-wonder-woman-tambien-primer-vistazo-los-heroes-espaciales-valerian-and-the-city-of-thousand-planets-guillermo-del-toro-quiere-michael-stuhlbarg#primaryimage"},"thumbnailUrl":"https:\/\/uruloki.org\/felipeblog\/images2016\/20160324-wonderwoman.jpg","datePublished":"2016-03-25T12:41:29+00:00","dateModified":"2016-03-25T12:41:29+00:00","author":{"@id":"https:\/\/www.uruloki.org\/felipeblog\/#\/schema\/person\/ddba06ddaa27edf0c370460d05c51bb3"},"description":"Tras disfrutar el mi\u00e9rcoles de Batman v Superman hoy tenemos una primera imagen de todas la amazonas que conoceremos el a\u00f1o que viene en Wonder Woman.","breadcrumb":{"@id":"https:\/\/www.uruloki.org\/felipeblog\/cine-de-comics\/primera-imagen-las-amazonas-wonder-woman-tambien-primer-vistazo-los-heroes-espaciales-valerian-and-the-city-of-thousand-planets-guillermo-del-toro-quiere-michael-stuhlbarg#breadcrumb"},"inLanguage":"es","potentialAction":[{"@type":"ReadAction","target":["https:\/\/www.uruloki.org\/felipeblog\/cine-de-comics\/primera-imagen-las-amazonas-wonder-woman-tambien-primer-vistazo-los-heroes-espaciales-valerian-and-the-city-of-thousand-planets-guillermo-del-toro-quiere-michael-stuhlbarg"]}]},{"@type":"ImageObject","inLanguage":"es","@id":"https:\/\/www.uruloki.org\/felipeblog\/cine-de-comics\/primera-imagen-las-amazonas-wonder-woman-tambien-primer-vistazo-los-heroes-espaciales-valerian-and-the-city-of-thousand-planets-guillermo-del-toro-quiere-michael-stuhlbarg#primaryimage","url":"https:\/\/uruloki.org\/felipeblog\/images2016\/20160324-wonderwoman.jpg","contentUrl":"https:\/\/uruloki.org\/felipeblog\/images2016\/20160324-wonderwoman.jpg"},{"@type":"BreadcrumbList","@id":"https:\/\/www.uruloki.org\/felipeblog\/cine-de-comics\/primera-imagen-las-amazonas-wonder-woman-tambien-primer-vistazo-los-heroes-espaciales-valerian-and-the-city-of-thousand-planets-guillermo-del-toro-quiere-michael-stuhlbarg#breadcrumb","itemListElement":[{"@type":"ListItem","position":1,"name":"Portada","item":"https:\/\/www.uruloki.org\/felipeblog"},{"@type":"ListItem","position":2,"name":"Primera imagen de las amazonas de Wonder Woman, tambi\u00e9n el primer vistazo a los h\u00e9roes espaciales de Valerian and the City of a Thousand Planets, Guillermo del Toro quiere a Michael Stuhlbarg para su nueva pel\u00edcula, Pirates Of The Caribbean: Dead Men Tell No Tales ficha al mism\u00edsimo Paul McCartney y hay por ah\u00ed una pel\u00edcula de terror titulada Cadaver&#8230;"}]},{"@type":"WebSite","@id":"https:\/\/www.uruloki.org\/felipeblog\/#website","url":"https:\/\/www.uruloki.org\/felipeblog\/","name":"Uruloki :: Blog","description":"Blog de cine, terror, ciencia ficci\u00f3n, fantas\u00eda y c\u00f3mics","potentialAction":[{"@type":"SearchAction","target":{"@type":"EntryPoint","urlTemplate":"https:\/\/www.uruloki.org\/felipeblog\/?s={search_term_string}"},"query-input":{"@type":"PropertyValueSpecification","valueRequired":true,"valueName":"search_term_string"}}],"inLanguage":"es"},{"@type":"Person","@id":"https:\/\/www.uruloki.org\/felipeblog\/#\/schema\/person\/ddba06ddaa27edf0c370460d05c51bb3","name":"Uruloki","image":{"@type":"ImageObject","inLanguage":"es","@id":"https:\/\/www.uruloki.org\/felipeblog\/#\/schema\/person\/image\/","url":"https:\/\/secure.gravatar.com\/avatar\/68d5301c5f52ba88fd63f02c75b8c4d1b3c3fc4b21e2998a1e98c4b3a54d9f7c?s=96&d=mm&r=g","contentUrl":"https:\/\/secure.gravatar.com\/avatar\/68d5301c5f52ba88fd63f02c75b8c4d1b3c3fc4b21e2998a1e98c4b3a54d9f7c?s=96&d=mm&r=g","caption":"Uruloki"},"sameAs":["https:\/\/uruloki.org"],"url":"https:\/\/www.uruloki.org\/felipeblog\/author\/admin-2-2-2"}]}},"_links":{"self":[{"href":"https:\/\/www.uruloki.org\/felipeblog\/wp-json\/wp\/v2\/posts\/15422","targetHints":{"allow":["GET"]}}],"collection":[{"href":"https:\/\/www.uruloki.org\/felipeblog\/wp-json\/wp\/v2\/posts"}],"about":[{"href":"https:\/\/www.uruloki.org\/felipeblog\/wp-json\/wp\/v2\/types\/post"}],"author":[{"embeddable":true,"href":"https:\/\/www.uruloki.org\/felipeblog\/wp-json\/wp\/v2\/users\/28"}],"replies":[{"embeddable":true,"href":"https:\/\/www.uruloki.org\/felipeblog\/wp-json\/wp\/v2\/comments?post=15422"}],"version-history":[{"count":1,"href":"https:\/\/www.uruloki.org\/felipeblog\/wp-json\/wp\/v2\/posts\/15422\/revisions"}],"predecessor-version":[{"id":15423,"href":"https:\/\/www.uruloki.org\/felipeblog\/wp-json\/wp\/v2\/posts\/15422\/revisions\/15423"}],"wp:attachment":[{"href":"https:\/\/www.uruloki.org\/felipeblog\/wp-json\/wp\/v2\/media?parent=15422"}],"wp:term":[{"taxonomy":"category","embeddable":true,"href":"https:\/\/www.uruloki.org\/felipeblog\/wp-json\/wp\/v2\/categories?post=15422"},{"taxonomy":"post_tag","embeddable":true,"href":"https:\/\/www.uruloki.org\/felipeblog\/wp-json\/wp\/v2\/tags?post=15422"}],"curies":[{"name":"wp","href":"https:\/\/api.w.org\/{rel}","templated":true}]}}