{"id":15357,"date":"2016-03-04T20:07:51","date_gmt":"2016-03-04T19:07:51","guid":{"rendered":"https:\/\/uruloki.org\/felipeblog\/?p=15357"},"modified":"2016-03-04T20:08:03","modified_gmt":"2016-03-04T19:08:03","slug":"the-terror-la-novela-dan-simmons-adaptada-televisin-amc-ian-mcshane-se-suma-american-gods-takeshi-kitano-daisuke-aramaki-ghost-in-the-shel","status":"publish","type":"post","link":"https:\/\/www.uruloki.org\/felipeblog\/cine-de-ciencia-ficcion\/the-terror-la-novela-dan-simmons-adaptada-televisin-amc-ian-mcshane-se-suma-american-gods-takeshi-kitano-daisuke-aramaki-ghost-in-the-shel","title":{"rendered":"&quot;The Terror&quot; o la novela de Dan Simmons adaptada a televisi&oacute;n por AMC, Ian McShane se suma a &quot;American Gods&quot;, Takeshi Kitano ser&aacute; Daisuke Aramaki en Ghost in the Shell, parece ser que Waner Bros. quiere que MEG la dirija Jon Turteltaub (en lugar de Eli Roth), se ha visto el primer metraje de Rogue One: A Star Wars Story, genial cartel de la nueva temporada de &quot;Daredevil&quot; con La Mano de protagonista, Bright = (Will Smith + Joel Edgerton) \/ (Orcos x Hadas), un par de geniales im&aacute;genes de Batman v Superman: El Amanecer de la Justicia y Jena Malone se queda fuera del montaje final&#8230;"},"content":{"rendered":"<p>Pues nada, toca pasar p&aacute;gina al d&iacute;a en el que conocimos <a href=\"https:\/\/uruloki.org\/felipeblog\/cine-de-ciencia-ficcin\/ghosbusters-el-trailer-de-este-descarado-remake\">el primer trailer del remake de <strong>Cazafantasmas<\/strong> (<em>Ghostbusters<\/em>)<\/a> y es horas de recuperar muchas noticias, pero muchas muchas, tantas que no s&eacute; si me llegar&aacute; una entrada para recopilarlas todas.<\/p>\n<p>Arranco la jornada con unas noticias de ayer que se me quedaron en el tintero por motivos fantasmales. El tema va todo de televisi&oacute;n, cada vez m&aacute;s y m&aacute;s omnipresente en nuestras vidas resultando en algo tan interesante, o m&aacute;s por momentos, que el mism&iacute;simo cine. Por ejemplo, me interesa mucho el plan de la <strong>AMC<\/strong> para sacar adelante <a href=\"http:\/\/variety.com\/2016\/tv\/news\/the-terror-series-amc-adaptation-1201720587\/\" target=\"_blank\">una serie de televisi&oacute;n basada en la obra de <strong>Dan Simmons<\/strong>&#8230; <strong>&quot;El Terror&quot;<\/strong><\/a>. Producida por <strong>Scott Free<\/strong> y escrita por <strong>David Kajganich<\/strong>, la <strong>AMC<\/strong> apuesta por 10 episodios de una hora que se estrenar&aacute;n en el 2017. <strong>&quot;El Terror&quot;<\/strong> de <strong>Simmons<\/strong> es una novela curiosa ya que parte de una base hist&oacute;rica real, la expedici&oacute;n al &Aacute;rtico de&nbsp;<strong>Sir John Franklin<\/strong>, 1845, en busca del llamado&nbsp;Paso del Noroeste en la que participaron 128 hombres a bordo de dos barcos&#8230; el <strong>HMS Erebus<\/strong> y el <strong>HMS Terror<\/strong>. La jugada del autor es introducir un factor sobrenatural en forma de criatura que vive en el &Aacute;rtico y que decide acosar a los ya fastidiados viajeros. Descrita como una fusi&oacute;n de <strong>Master and commander: Al otro lado del mundo<\/strong> (<em>Master and Commander: The Far Side of the World<\/em>) y <strong>La cosa<\/strong> (<em>The Thing<\/em>) soplan vientos muy frescos para un canal como la <strong>AMC<\/strong>, donde no se corta ni el tanto. La otra noticia seri&eacute;fila la descubre <strong>Bryan Fuller<\/strong> anotando que <strong>Ian McShane<\/strong> ser&aacute; <strong>Mr. Mi&eacute;rcoles<\/strong> en <strong>&quot;American Gods&quot;<\/strong>, adaptaci&oacute;n de la hom&oacute;nima obra de <strong>Neil Gaiman<\/strong>. &iquest;Y qui&eacute;n es <strong>Mr. Mi&eacute;rcoles<\/strong>?&#8230; pues digamos que alguien no esperado. Gran incorporaci&oacute;n.<\/p>\n<div class=\"twittercentrado\">\n<blockquote class=\"twitter-tweet\" data-lang=\"es\">\n<p lang=\"en\" dir=\"ltr\">GODDAMN, WE GOT McSHANE! <a href=\"https:\/\/twitter.com\/hashtag\/WonderfulWednesday?src=hash\" target=\"_blank\">#WonderfulWednesday<\/a> <a href=\"https:\/\/twitter.com\/AmericanGodsSTZ\" target=\"_blank\">@AmericanGodsSTZ<\/a> <a href=\"https:\/\/twitter.com\/andmichaelgreen\" target=\"_blank\">@andmichaelgreen<\/a> <a href=\"https:\/\/twitter.com\/DAVID_A_SLADE\" target=\"_blank\">@DAVID_A_SLADE<\/a> <a href=\"https:\/\/twitter.com\/neilhimself\" target=\"_blank\">@neilhimself<\/a> <a href=\"https:\/\/t.co\/dY4Q43s88a\" target=\"_blank\">pic.twitter.com\/dY4Q43s88a<\/a><\/p>\n<p>&mdash; Bryan Fuller (@BryanFuller) <a href=\"https:\/\/twitter.com\/BryanFuller\/status\/705155849791012865\" target=\"_blank\">2 de marzo de 2016<\/a><\/p><\/blockquote>\n<p><script async src=\"\/\/platform.twitter.com\/widgets.js\" charset=\"utf-8\"><\/script><\/div>\n<p>Vamos ahora con cosillas de cine, que tambi&eacute;n molan. Primera muy interesante noticia. Cuentan en Variety que <a href=\"http:\/\/variety.com\/2016\/film\/asia\/beat-takeshi-in-ghost-in-the-shell-1201721660\/\" target=\"_blank\"><strong>Takeshi Kitano<\/strong> se une en un papel importante a <strong>Ghost in the Shell<\/strong> (2017)<\/a> de <strong>Rupert Sanders<\/strong>. El maestro Kitano se transformar&aacute; en <strong>Daisuke Aramaki<\/strong>, director de la Secci&oacute;n 9 y jefe de la protagonista de la pel&iacute;cula <strong>Motoko Kusanagi<\/strong> AKA <strong>Scarlett Johansson<\/strong>. Un muy interesante fichaje por el carisma no s&oacute;lo del actor, si no por lo muy potente de su significado para el mercado internacional en general&#8230; es un mito <strong>Beat Takeshi<\/strong>! Tenemos tambi&eacute;n a un desaparecido <a href=\"http:\/\/www.hollywoodreporter.com\/heat-vision\/national-treasure-director-jon-turteltaub-872630\" target=\"_blank\"><strong>Jon Turteltaub<\/strong> fichado por <strong>Warner Bros.<\/strong> para dirigir la adaptaci&oacute;n de <strong>&quot;MEG&quot;<\/strong><\/a>, adaptaci&oacute;n de la obra de <strong>Steve Alten<\/strong> que lleva dando vueltas por Hollywood muchos a&ntilde;os&#8230; <strong>Jan De Bont<\/strong> la quiso hacer en 2005 y desde aquella caca de la vaca (aunque con interesantes detalles de <em>concept art<\/em>: <a href=\"https:\/\/uruloki.org\/felipeblog\/arte-conceptual\/meg-carcharodn-megalodn-arte-conceptual\">uno<\/a>, <a href=\"https:\/\/uruloki.org\/felipeblog\/arte-conceptual\/arte-conceptual-meg-y-mutant-chronicles\">dos<\/a> y <a href=\"https:\/\/uruloki.org\/felipeblog\/arte-conceptual\/ms-arte-conceptual-de-meg-carcharodon-megalodn\">tres<\/a>), y <a href=\"https:\/\/uruloki.org\/felipeblog\/cine-de-ciencia-ficcin\/cuatro-nuevos-carteles-de-la-cumbre-escarlata-decoran-esta-fantasmagrica-entrada-a-eli-roth-le-gustan-los-retos-grandes-y-podra-acabar-firmando-por-el-tiburoncito-de-meg-passengers-r\">hasta <strong>Eli Roth<\/strong> pudo haberla dirigido<\/a> el a&ntilde;o pasado, aunque abandon&oacute; aparentemente por temas de presupuesto. Si bien en el relato original la historia se centra en dos tipos que unen fuerzas para acabar con un Megalodon que aterroriza las costas de California, en esta ocasi&oacute;n la costas que lo pasar&aacute;n mal son las de China, jugada estrat&eacute;gica para la entrada en la financiaci&oacute;n de <strong>Gravity Pictures<\/strong>. Ahora se habla de reescritura del gui&oacute;n de <strong>Dean Georgaris<\/strong>.<\/p>\n<div class=\"twittercentrado\">\n<blockquote class=\"twitter-tweet\" data-lang=\"es\">\n<p lang=\"en\" dir=\"ltr\">Into the fire. <a href=\"https:\/\/twitter.com\/hashtag\/Daredevil?src=hash\" target=\"_blank\">#Daredevil<\/a> <a href=\"https:\/\/t.co\/ysXaopqQrp\" target=\"_blank\">pic.twitter.com\/ysXaopqQrp<\/a><\/p>\n<p>&mdash; Marvel Entertainment (@Marvel) <a href=\"https:\/\/twitter.com\/Marvel\/status\/705769818310447105\" target=\"_blank\">4 de marzo de 2016<\/a><\/p><\/blockquote>\n<p><script async src=\"\/\/platform.twitter.com\/widgets.js\" charset=\"utf-8\"><\/script><\/div>\n<p>Otros temas de pasada r&aacute;pida. Se dice que <a href=\"http:\/\/www.slashfilm.com\/star-wars-rogue-one-previewed\/\" target=\"_blank\">se ha visto fugazmente  el primer metraje de <strong>Rogue One: A Star Wars Story<\/strong> (2016)<\/a> en un encuentro para accionistas de <strong>Disney<\/strong>. Se habla de <strong>Stormtrooper<\/strong> de armadura negra, <strong>Stormtrooper<\/strong> de  armadura cromo, un <strong>AT-AT<\/strong>, <strong>Felicity Jones<\/strong> y <strong>Diego Luna<\/strong> por un lado y <strong>Donnie Yen<\/strong> por otro. Apariencia cl&aacute;sica total. Junto a este film dicen haber mostrado tambi&eacute;n metraje de  <strong>Doctor Extra&ntilde;o<\/strong> (<em>Doctor Strange<\/em>, 2016), <strong>Beauty and the Beast<\/strong> (2017) con <strong>Emma Watson<\/strong> y <strong>Pirates of the Caribbean: Dead Men Tell No Tales<\/strong> (2017). Otro estudio que se mueve y en TheWrap advierten que Warner Bros. no espera a nadie y <a href=\"http:\/\/www.thewrap.com\/will-smith-joel-edgerton-to-star-in-david-ayers-cop-thriller-bright\/\" target=\"_blank\"><strong>Escuadr&oacute;n Suicida<\/strong> (<em>Suicide Squad<\/em>, 2016) ya tiene en desarrollo una primera secuela<\/a>. En parte es obvio, <em>hype<\/em> + c&oacute;mics suele significar secuela segura, adem&aacute;s siempre tienes que cerrar contratos largos con los actores protagonistas para contar con ellos nuevamente y que no te los pisen. En ese mismo art&iacute;culo se nos presenta <strong>Bright<\/strong>, futuro film de <strong>David Ayer<\/strong> con <strong>Will Smith<\/strong> y <strong>Joel Edgerton<\/strong>. Atenci&oacute;n&#8230; gui&oacute;n de <strong>Max Landis<\/strong> sobre una pareja de polic&iacute;as que trabajan juntos en un mundo donde los orcos y las hadas viven en armon&iacute;a con los humanos. Uno de los polis ser&aacute; un orco&#8230; &iquest;<strong>Smith<\/strong>?, &iquest;<strong>Edgerton<\/strong>?<\/p>\n<p class=\"centrado\"><img loading=\"lazy\" decoding=\"async\" src=\"https:\/\/uruloki.org\/felipeblog\/images2016\/20160304-batmanvsuperman.jpg\" alt=\"Batman v Superman... &iexcl;no cabe nadie m&aacute;s!\" width=\"612\" height=\"459\" \/><br \/><em>Batman v Superman&#8230; &iexcl;no cabe nadie m&aacute;s!<\/em><\/p>\n<p>Como despedida indicar que <a href=\"http:\/\/www.ew.com\/article\/2016\/03\/04\/batman-v-superman-dawn-justice-r-rated-ultimate-edition\" target=\"_blank\"><strong>Jenna Malone<\/strong> se queda fuera del montaje final<\/a> que veremos en cines para <strong>Batman v Superman: El Amanecer de la Justicia<\/strong> (<em>Batman v Superman: Dawn of Justice<\/em>, 2016). Se dice que deberemos esperar a la anunciada &quot;Ultimate Edition&quot; que se llevar&aacute; clasificaci&oacute;n R. Se ve que hay una ligera sobrecarga de personajes y que por lo tanto la <strong>Malone<\/strong> es, en estos momentos, prescindible.<\/p>\n<p class=\"centrado\"><img loading=\"lazy\" decoding=\"async\" onclick=\"this.src='https:\/\/uruloki.org\/felipeblog\/images2016\/20160304-batmanvsuperman-2.jpg'\" src=\"https:\/\/uruloki.org\/felipeblog\/images2016\/20160304-batmanvsuperman-2-spoiler.jpg\" alt=\"Batman v Superman... &iexcl;SPOILER!\" width=\"625\" height=\"447\" \/><br \/><em>Batman v Superman&#8230; &iexcl;SPOILER!<\/em><\/p>\n","protected":false},"excerpt":{"rendered":"<p>Pues nada, toca pasar p&aacute;gina al d&iacute;a en el que conocimos el primer trailer del remake de Cazafantasmas (Ghostbusters) y es horas de recuperar muchas noticias, pero muchas muchas, tantas que no s&eacute; si me llegar&aacute; una entrada para recopilarlas todas. Arranco la jornada con unas noticias de ayer que se me quedaron en el [&hellip;]<\/p>\n","protected":false},"author":28,"featured_media":0,"comment_status":"open","ping_status":"open","sticky":false,"template":"","format":"standard","meta":{"footnotes":""},"categories":[10,8,12,9,19,15],"tags":[1679,3032,3499,561,1103,321,3463,3498],"class_list":["post-15357","post","type-post","status-publish","format-standard","hentry","category-cine-de-comics","category-cine-de-ciencia-ficcion","category-cine-de-fantasia","category-cine-de-terror","category-cine-inclasificable","category-star-wars","tag-american-gods","tag-batman-v-superman-dawn-of-justice","tag-bright","tag-daredevil","tag-ghost-in-the-shell","tag-meg","tag-rogue-one-a-star-wars-story","tag-the-terror"],"yoast_head":"<!-- This site is optimized with the Yoast SEO plugin v24.3 - https:\/\/yoast.com\/wordpress\/plugins\/seo\/ -->\n<title>Un par de geniales im\u00e1genes de Batman v Superman: El Amanecer de la Justicia y Jena Malone se queda fuera del montaje final<\/title>\n<meta name=\"description\" content=\"Como despedida indicar que Jenna Malone se queda fuera del montaje final que veremos en cines para Batman v Superman: El Amanecer de la Justicia.\" \/>\n<meta name=\"robots\" content=\"index, follow, max-snippet:-1, max-image-preview:large, max-video-preview:-1\" \/>\n<link rel=\"canonical\" href=\"https:\/\/www.uruloki.org\/felipeblog\/cine-de-ciencia-ficcion\/the-terror-la-novela-dan-simmons-adaptada-televisin-amc-ian-mcshane-se-suma-american-gods-takeshi-kitano-daisuke-aramaki-ghost-in-the-shel\" \/>\n<meta property=\"og:locale\" content=\"es_ES\" \/>\n<meta property=\"og:type\" content=\"article\" \/>\n<meta property=\"og:title\" content=\"Un par de geniales im\u00e1genes de Batman v Superman: El Amanecer de la Justicia y Jena Malone se queda fuera del montaje final\" \/>\n<meta property=\"og:description\" content=\"Como despedida indicar que Jenna Malone se queda fuera del montaje final que veremos en cines para Batman v Superman: El Amanecer de la Justicia.\" \/>\n<meta property=\"og:url\" content=\"https:\/\/www.uruloki.org\/felipeblog\/cine-de-ciencia-ficcion\/the-terror-la-novela-dan-simmons-adaptada-televisin-amc-ian-mcshane-se-suma-american-gods-takeshi-kitano-daisuke-aramaki-ghost-in-the-shel\" \/>\n<meta property=\"og:site_name\" content=\"Uruloki :: Blog\" \/>\n<meta property=\"article:publisher\" content=\"https:\/\/www.facebook.com\/uruloki.org\" \/>\n<meta property=\"article:published_time\" content=\"2016-03-04T19:07:51+00:00\" \/>\n<meta property=\"article:modified_time\" content=\"2016-03-04T19:08:03+00:00\" \/>\n<meta property=\"og:image\" content=\"https:\/\/uruloki.org\/felipeblog\/images2016\/20160304-batmanvsuperman.jpg\" \/>\n<meta name=\"author\" content=\"Uruloki\" \/>\n<meta name=\"twitter:card\" content=\"summary_large_image\" \/>\n<meta name=\"twitter:creator\" content=\"@uruloki\" \/>\n<meta name=\"twitter:site\" content=\"@uruloki\" \/>\n<meta name=\"twitter:label1\" content=\"Escrito por\" \/>\n\t<meta name=\"twitter:data1\" content=\"Uruloki\" \/>\n\t<meta name=\"twitter:label2\" content=\"Tiempo de lectura\" \/>\n\t<meta name=\"twitter:data2\" content=\"5 minutos\" \/>\n<script type=\"application\/ld+json\" class=\"yoast-schema-graph\">{\"@context\":\"https:\/\/schema.org\",\"@graph\":[{\"@type\":\"WebPage\",\"@id\":\"https:\/\/www.uruloki.org\/felipeblog\/cine-de-ciencia-ficcion\/the-terror-la-novela-dan-simmons-adaptada-televisin-amc-ian-mcshane-se-suma-american-gods-takeshi-kitano-daisuke-aramaki-ghost-in-the-shel\",\"url\":\"https:\/\/www.uruloki.org\/felipeblog\/cine-de-ciencia-ficcion\/the-terror-la-novela-dan-simmons-adaptada-televisin-amc-ian-mcshane-se-suma-american-gods-takeshi-kitano-daisuke-aramaki-ghost-in-the-shel\",\"name\":\"Un par de geniales im\u00e1genes de Batman v Superman: El Amanecer de la Justicia y Jena Malone se queda fuera del montaje final\",\"isPartOf\":{\"@id\":\"https:\/\/www.uruloki.org\/felipeblog\/#website\"},\"primaryImageOfPage\":{\"@id\":\"https:\/\/www.uruloki.org\/felipeblog\/cine-de-ciencia-ficcion\/the-terror-la-novela-dan-simmons-adaptada-televisin-amc-ian-mcshane-se-suma-american-gods-takeshi-kitano-daisuke-aramaki-ghost-in-the-shel#primaryimage\"},\"image\":{\"@id\":\"https:\/\/www.uruloki.org\/felipeblog\/cine-de-ciencia-ficcion\/the-terror-la-novela-dan-simmons-adaptada-televisin-amc-ian-mcshane-se-suma-american-gods-takeshi-kitano-daisuke-aramaki-ghost-in-the-shel#primaryimage\"},\"thumbnailUrl\":\"https:\/\/uruloki.org\/felipeblog\/images2016\/20160304-batmanvsuperman.jpg\",\"datePublished\":\"2016-03-04T19:07:51+00:00\",\"dateModified\":\"2016-03-04T19:08:03+00:00\",\"author\":{\"@id\":\"https:\/\/www.uruloki.org\/felipeblog\/#\/schema\/person\/ddba06ddaa27edf0c370460d05c51bb3\"},\"description\":\"Como despedida indicar que Jenna Malone se queda fuera del montaje final que veremos en cines para Batman v Superman: El Amanecer de la Justicia.\",\"breadcrumb\":{\"@id\":\"https:\/\/www.uruloki.org\/felipeblog\/cine-de-ciencia-ficcion\/the-terror-la-novela-dan-simmons-adaptada-televisin-amc-ian-mcshane-se-suma-american-gods-takeshi-kitano-daisuke-aramaki-ghost-in-the-shel#breadcrumb\"},\"inLanguage\":\"es\",\"potentialAction\":[{\"@type\":\"ReadAction\",\"target\":[\"https:\/\/www.uruloki.org\/felipeblog\/cine-de-ciencia-ficcion\/the-terror-la-novela-dan-simmons-adaptada-televisin-amc-ian-mcshane-se-suma-american-gods-takeshi-kitano-daisuke-aramaki-ghost-in-the-shel\"]}]},{\"@type\":\"ImageObject\",\"inLanguage\":\"es\",\"@id\":\"https:\/\/www.uruloki.org\/felipeblog\/cine-de-ciencia-ficcion\/the-terror-la-novela-dan-simmons-adaptada-televisin-amc-ian-mcshane-se-suma-american-gods-takeshi-kitano-daisuke-aramaki-ghost-in-the-shel#primaryimage\",\"url\":\"https:\/\/uruloki.org\/felipeblog\/images2016\/20160304-batmanvsuperman.jpg\",\"contentUrl\":\"https:\/\/uruloki.org\/felipeblog\/images2016\/20160304-batmanvsuperman.jpg\"},{\"@type\":\"BreadcrumbList\",\"@id\":\"https:\/\/www.uruloki.org\/felipeblog\/cine-de-ciencia-ficcion\/the-terror-la-novela-dan-simmons-adaptada-televisin-amc-ian-mcshane-se-suma-american-gods-takeshi-kitano-daisuke-aramaki-ghost-in-the-shel#breadcrumb\",\"itemListElement\":[{\"@type\":\"ListItem\",\"position\":1,\"name\":\"Portada\",\"item\":\"https:\/\/www.uruloki.org\/felipeblog\"},{\"@type\":\"ListItem\",\"position\":2,\"name\":\"&quot;The Terror&quot; o la novela de Dan Simmons adaptada a televisi&oacute;n por AMC, Ian McShane se suma a &quot;American Gods&quot;, Takeshi Kitano ser&aacute; Daisuke Aramaki en Ghost in the Shell, parece ser que Waner Bros. quiere que MEG la dirija Jon Turteltaub (en lugar de Eli Roth), se ha visto el primer metraje de Rogue One: A Star Wars Story, genial cartel de la nueva temporada de &quot;Daredevil&quot; con La Mano de protagonista, Bright = (Will Smith + Joel Edgerton) \/ (Orcos x Hadas), un par de geniales im&aacute;genes de Batman v Superman: El Amanecer de la Justicia y Jena Malone se queda fuera del montaje final&#8230;\"}]},{\"@type\":\"WebSite\",\"@id\":\"https:\/\/www.uruloki.org\/felipeblog\/#website\",\"url\":\"https:\/\/www.uruloki.org\/felipeblog\/\",\"name\":\"Uruloki :: Blog\",\"description\":\"Blog de cine, terror, ciencia ficci\u00f3n, fantas\u00eda y c\u00f3mics\",\"potentialAction\":[{\"@type\":\"SearchAction\",\"target\":{\"@type\":\"EntryPoint\",\"urlTemplate\":\"https:\/\/www.uruloki.org\/felipeblog\/?s={search_term_string}\"},\"query-input\":{\"@type\":\"PropertyValueSpecification\",\"valueRequired\":true,\"valueName\":\"search_term_string\"}}],\"inLanguage\":\"es\"},{\"@type\":\"Person\",\"@id\":\"https:\/\/www.uruloki.org\/felipeblog\/#\/schema\/person\/ddba06ddaa27edf0c370460d05c51bb3\",\"name\":\"Uruloki\",\"image\":{\"@type\":\"ImageObject\",\"inLanguage\":\"es\",\"@id\":\"https:\/\/www.uruloki.org\/felipeblog\/#\/schema\/person\/image\/\",\"url\":\"https:\/\/secure.gravatar.com\/avatar\/68d5301c5f52ba88fd63f02c75b8c4d1b3c3fc4b21e2998a1e98c4b3a54d9f7c?s=96&d=mm&r=g\",\"contentUrl\":\"https:\/\/secure.gravatar.com\/avatar\/68d5301c5f52ba88fd63f02c75b8c4d1b3c3fc4b21e2998a1e98c4b3a54d9f7c?s=96&d=mm&r=g\",\"caption\":\"Uruloki\"},\"sameAs\":[\"https:\/\/uruloki.org\"],\"url\":\"https:\/\/www.uruloki.org\/felipeblog\/author\/admin-2-2-2\"}]}<\/script>\n<!-- \/ Yoast SEO plugin. -->","yoast_head_json":{"title":"Un par de geniales im\u00e1genes de Batman v Superman: El Amanecer de la Justicia y Jena Malone se queda fuera del montaje final","description":"Como despedida indicar que Jenna Malone se queda fuera del montaje final que veremos en cines para Batman v Superman: El Amanecer de la Justicia.","robots":{"index":"index","follow":"follow","max-snippet":"max-snippet:-1","max-image-preview":"max-image-preview:large","max-video-preview":"max-video-preview:-1"},"canonical":"https:\/\/www.uruloki.org\/felipeblog\/cine-de-ciencia-ficcion\/the-terror-la-novela-dan-simmons-adaptada-televisin-amc-ian-mcshane-se-suma-american-gods-takeshi-kitano-daisuke-aramaki-ghost-in-the-shel","og_locale":"es_ES","og_type":"article","og_title":"Un par de geniales im\u00e1genes de Batman v Superman: El Amanecer de la Justicia y Jena Malone se queda fuera del montaje final","og_description":"Como despedida indicar que Jenna Malone se queda fuera del montaje final que veremos en cines para Batman v Superman: El Amanecer de la Justicia.","og_url":"https:\/\/www.uruloki.org\/felipeblog\/cine-de-ciencia-ficcion\/the-terror-la-novela-dan-simmons-adaptada-televisin-amc-ian-mcshane-se-suma-american-gods-takeshi-kitano-daisuke-aramaki-ghost-in-the-shel","og_site_name":"Uruloki :: Blog","article_publisher":"https:\/\/www.facebook.com\/uruloki.org","article_published_time":"2016-03-04T19:07:51+00:00","article_modified_time":"2016-03-04T19:08:03+00:00","og_image":[{"url":"https:\/\/uruloki.org\/felipeblog\/images2016\/20160304-batmanvsuperman.jpg","type":"","width":"","height":""}],"author":"Uruloki","twitter_card":"summary_large_image","twitter_creator":"@uruloki","twitter_site":"@uruloki","twitter_misc":{"Escrito por":"Uruloki","Tiempo de lectura":"5 minutos"},"schema":{"@context":"https:\/\/schema.org","@graph":[{"@type":"WebPage","@id":"https:\/\/www.uruloki.org\/felipeblog\/cine-de-ciencia-ficcion\/the-terror-la-novela-dan-simmons-adaptada-televisin-amc-ian-mcshane-se-suma-american-gods-takeshi-kitano-daisuke-aramaki-ghost-in-the-shel","url":"https:\/\/www.uruloki.org\/felipeblog\/cine-de-ciencia-ficcion\/the-terror-la-novela-dan-simmons-adaptada-televisin-amc-ian-mcshane-se-suma-american-gods-takeshi-kitano-daisuke-aramaki-ghost-in-the-shel","name":"Un par de geniales im\u00e1genes de Batman v Superman: El Amanecer de la Justicia y Jena Malone se queda fuera del montaje final","isPartOf":{"@id":"https:\/\/www.uruloki.org\/felipeblog\/#website"},"primaryImageOfPage":{"@id":"https:\/\/www.uruloki.org\/felipeblog\/cine-de-ciencia-ficcion\/the-terror-la-novela-dan-simmons-adaptada-televisin-amc-ian-mcshane-se-suma-american-gods-takeshi-kitano-daisuke-aramaki-ghost-in-the-shel#primaryimage"},"image":{"@id":"https:\/\/www.uruloki.org\/felipeblog\/cine-de-ciencia-ficcion\/the-terror-la-novela-dan-simmons-adaptada-televisin-amc-ian-mcshane-se-suma-american-gods-takeshi-kitano-daisuke-aramaki-ghost-in-the-shel#primaryimage"},"thumbnailUrl":"https:\/\/uruloki.org\/felipeblog\/images2016\/20160304-batmanvsuperman.jpg","datePublished":"2016-03-04T19:07:51+00:00","dateModified":"2016-03-04T19:08:03+00:00","author":{"@id":"https:\/\/www.uruloki.org\/felipeblog\/#\/schema\/person\/ddba06ddaa27edf0c370460d05c51bb3"},"description":"Como despedida indicar que Jenna Malone se queda fuera del montaje final que veremos en cines para Batman v Superman: El Amanecer de la Justicia.","breadcrumb":{"@id":"https:\/\/www.uruloki.org\/felipeblog\/cine-de-ciencia-ficcion\/the-terror-la-novela-dan-simmons-adaptada-televisin-amc-ian-mcshane-se-suma-american-gods-takeshi-kitano-daisuke-aramaki-ghost-in-the-shel#breadcrumb"},"inLanguage":"es","potentialAction":[{"@type":"ReadAction","target":["https:\/\/www.uruloki.org\/felipeblog\/cine-de-ciencia-ficcion\/the-terror-la-novela-dan-simmons-adaptada-televisin-amc-ian-mcshane-se-suma-american-gods-takeshi-kitano-daisuke-aramaki-ghost-in-the-shel"]}]},{"@type":"ImageObject","inLanguage":"es","@id":"https:\/\/www.uruloki.org\/felipeblog\/cine-de-ciencia-ficcion\/the-terror-la-novela-dan-simmons-adaptada-televisin-amc-ian-mcshane-se-suma-american-gods-takeshi-kitano-daisuke-aramaki-ghost-in-the-shel#primaryimage","url":"https:\/\/uruloki.org\/felipeblog\/images2016\/20160304-batmanvsuperman.jpg","contentUrl":"https:\/\/uruloki.org\/felipeblog\/images2016\/20160304-batmanvsuperman.jpg"},{"@type":"BreadcrumbList","@id":"https:\/\/www.uruloki.org\/felipeblog\/cine-de-ciencia-ficcion\/the-terror-la-novela-dan-simmons-adaptada-televisin-amc-ian-mcshane-se-suma-american-gods-takeshi-kitano-daisuke-aramaki-ghost-in-the-shel#breadcrumb","itemListElement":[{"@type":"ListItem","position":1,"name":"Portada","item":"https:\/\/www.uruloki.org\/felipeblog"},{"@type":"ListItem","position":2,"name":"&quot;The Terror&quot; o la novela de Dan Simmons adaptada a televisi&oacute;n por AMC, Ian McShane se suma a &quot;American Gods&quot;, Takeshi Kitano ser&aacute; Daisuke Aramaki en Ghost in the Shell, parece ser que Waner Bros. quiere que MEG la dirija Jon Turteltaub (en lugar de Eli Roth), se ha visto el primer metraje de Rogue One: A Star Wars Story, genial cartel de la nueva temporada de &quot;Daredevil&quot; con La Mano de protagonista, Bright = (Will Smith + Joel Edgerton) \/ (Orcos x Hadas), un par de geniales im&aacute;genes de Batman v Superman: El Amanecer de la Justicia y Jena Malone se queda fuera del montaje final&#8230;"}]},{"@type":"WebSite","@id":"https:\/\/www.uruloki.org\/felipeblog\/#website","url":"https:\/\/www.uruloki.org\/felipeblog\/","name":"Uruloki :: Blog","description":"Blog de cine, terror, ciencia ficci\u00f3n, fantas\u00eda y c\u00f3mics","potentialAction":[{"@type":"SearchAction","target":{"@type":"EntryPoint","urlTemplate":"https:\/\/www.uruloki.org\/felipeblog\/?s={search_term_string}"},"query-input":{"@type":"PropertyValueSpecification","valueRequired":true,"valueName":"search_term_string"}}],"inLanguage":"es"},{"@type":"Person","@id":"https:\/\/www.uruloki.org\/felipeblog\/#\/schema\/person\/ddba06ddaa27edf0c370460d05c51bb3","name":"Uruloki","image":{"@type":"ImageObject","inLanguage":"es","@id":"https:\/\/www.uruloki.org\/felipeblog\/#\/schema\/person\/image\/","url":"https:\/\/secure.gravatar.com\/avatar\/68d5301c5f52ba88fd63f02c75b8c4d1b3c3fc4b21e2998a1e98c4b3a54d9f7c?s=96&d=mm&r=g","contentUrl":"https:\/\/secure.gravatar.com\/avatar\/68d5301c5f52ba88fd63f02c75b8c4d1b3c3fc4b21e2998a1e98c4b3a54d9f7c?s=96&d=mm&r=g","caption":"Uruloki"},"sameAs":["https:\/\/uruloki.org"],"url":"https:\/\/www.uruloki.org\/felipeblog\/author\/admin-2-2-2"}]}},"_links":{"self":[{"href":"https:\/\/www.uruloki.org\/felipeblog\/wp-json\/wp\/v2\/posts\/15357","targetHints":{"allow":["GET"]}}],"collection":[{"href":"https:\/\/www.uruloki.org\/felipeblog\/wp-json\/wp\/v2\/posts"}],"about":[{"href":"https:\/\/www.uruloki.org\/felipeblog\/wp-json\/wp\/v2\/types\/post"}],"author":[{"embeddable":true,"href":"https:\/\/www.uruloki.org\/felipeblog\/wp-json\/wp\/v2\/users\/28"}],"replies":[{"embeddable":true,"href":"https:\/\/www.uruloki.org\/felipeblog\/wp-json\/wp\/v2\/comments?post=15357"}],"version-history":[{"count":2,"href":"https:\/\/www.uruloki.org\/felipeblog\/wp-json\/wp\/v2\/posts\/15357\/revisions"}],"predecessor-version":[{"id":15359,"href":"https:\/\/www.uruloki.org\/felipeblog\/wp-json\/wp\/v2\/posts\/15357\/revisions\/15359"}],"wp:attachment":[{"href":"https:\/\/www.uruloki.org\/felipeblog\/wp-json\/wp\/v2\/media?parent=15357"}],"wp:term":[{"taxonomy":"category","embeddable":true,"href":"https:\/\/www.uruloki.org\/felipeblog\/wp-json\/wp\/v2\/categories?post=15357"},{"taxonomy":"post_tag","embeddable":true,"href":"https:\/\/www.uruloki.org\/felipeblog\/wp-json\/wp\/v2\/tags?post=15357"}],"curies":[{"name":"wp","href":"https:\/\/api.w.org\/{rel}","templated":true}]}}