{"id":15012,"date":"2015-11-12T23:56:28","date_gmt":"2015-11-12T22:56:28","guid":{"rendered":"https:\/\/uruloki.org\/felipeblog\/?p=15012"},"modified":"2015-11-13T00:06:27","modified_gmt":"2015-11-12T23:06:27","slug":"star-wars-el-despertar-de-la-fuerza-aka-desembarco-fotogrfico-extenuante-amy-landecker-se-une-a-doctor-strange-con-un-personaje-misterioso-y-el-van-helsing-de-universal-y-tiene-g","status":"publish","type":"post","link":"https:\/\/www.uruloki.org\/felipeblog\/cine-de-ciencia-ficcion\/star-wars-el-despertar-de-la-fuerza-aka-desembarco-fotogrfico-extenuante-amy-landecker-se-une-a-doctor-strange-con-un-personaje-misterioso-y-el-van-helsing-de-universal-y-tiene-g","title":{"rendered":"Star Wars: El Despertar de la Fuerza AKA desembarco fotogr&aacute;fico extenuante, Amy Landecker se une a Doctor Strange con un personaje &quot;misterioso&quot; y el Van Helsing de Universal y tiene guionistas (2&ordm; film del monsterverso)&#8230;"},"content":{"rendered":"<p>Entertainment Weekly se ha vuelto loca y a un mes del estreno mundial de <strong>Star Wars: El Despertar de la fuerza<\/strong> (<em>Star Wars: The Force Awakens<\/em>) se ha sacado <a href=\"http:\/\/www.ew.com\/gallery\/star-wars-force-awakens-exclusive-photos\" target=\"_blank\">una bater&iacute;a de fotograf&iacute;as tan inmensamente grande que resulta casi rid&iacute;cula<\/a>. Hay de todo y puede que demasiado&#8230; s&iacute;, cosas que no deber&iacute;amos ver. Lo que est&aacute; claro es que el secreto mejor guardado, el aspecto de <strong>Luke Skywalker<\/strong> (<em>Mark Hamill<\/em>) sigue oculto como el secreto mejor guardado de <strong>Lucasfilm<\/strong> y el universo  <strong>Star Wars<\/strong>. Alucinante. <\/p>\n<p>Antes de dejaros con las fotos, meter texto en medio de tanta imagen es absurdo, comentar que <a href=\"http:\/\/www.thewrap.com\/transparents-amy-landecker-joins-benedict-cumberbatch-in-marvels-doctor-strange-exclusive\/\" target=\"_blank\"><strong>Amy Landecker<\/strong> ha sido fichada por <strong>Marvel Studios<\/strong> para unirse al reparto de <strong>Doctor Strange<\/strong> (2016)<\/a>. La <strong>Landecker<\/strong>, a la que pod&eacute;is ver en <strong>&quot;Transparent&quot;<\/strong>, apunta a un papel desconocido, secreto y que compartir&aacute; vida con <strong>Benedict Cumberbatch<\/strong>, <strong>Chiwetel Ejiofor<\/strong>, <strong>Rachel McAdams<\/strong>, <strong>Mads Mikkelsen<\/strong> y <strong>Tilda Swinton<\/strong>. <\/p>\n<p>Tambi&eacute;n tenemos <a href=\"http:\/\/variety.com\/2015\/film\/news\/van-helsing-reboot-jon-spaihts-eric-heisserer-universal-1201638593\/\" target=\"_blank\">movimientos en el film de <strong>Van Helsing<\/strong> perteneciente al <em>monsterverso<\/em><\/a> de <strong>Universal Pictures<\/strong>. Cuenta Variety que el estudio ha fichado guionistas para escribir el film y estos son <strong>Jon Spaihts<\/strong> y <strong>Eric Heisserer<\/strong>. Supuestamente todas las pel&iacute;culas del <em>monsterverso<\/em> estar&aacute;n vinculadas, como Marvel, DC, Transformers, etc., y con <strong>The Mummy<\/strong> (2017) ambientada en el presente, &iquest;tendremos un <strong>Van Helsing<\/strong> actual? Al frente de la producci&oacute;n de todo lo que se est&aacute; montando tenemos a <strong>Alex Kurtzman<\/strong> y <strong>Chris Morgan<\/strong>.<\/p>\n<p class=\"centrado\"><img loading=\"lazy\" decoding=\"async\" src=\"https:\/\/uruloki.org\/felipeblog\/images2015\/20151112-harisson-ford-jj-abrhams.jpg\" width=\"612\" height=\"459\" alt=\"Foto de Star Wars: El Despertar de la Fuerza\" \/><\/p>\n<p class=\"centrado\"><img loading=\"lazy\" decoding=\"async\" src=\"https:\/\/uruloki.org\/felipeblog\/images2015\/20151112-rey.jpg\" width=\"612\" height=\"459\" alt=\"Foto de Star Wars: El Despertar de la Fuerza\" \/><\/p>\n<p class=\"centrado\"><img loading=\"lazy\" decoding=\"async\" src=\"https:\/\/uruloki.org\/felipeblog\/images2015\/20151112-daisy-ridley.jpg\" width=\"612\" height=\"459\" alt=\"Foto de Star Wars: El Despertar de la Fuerza\" \/><\/p>\n<p class=\"centrado\"><img loading=\"lazy\" decoding=\"async\" src=\"https:\/\/uruloki.org\/felipeblog\/images2015\/20151112-han-solo-harrison-ford_408x612.jpg\" width=\"408\" height=\"612\" alt=\"Foto de Star Wars: El Despertar de la Fuerza\" \/><\/p>\n<p class=\"centrado\"><img loading=\"lazy\" decoding=\"async\" src=\"https:\/\/uruloki.org\/felipeblog\/images2015\/20151112-john-boyega-bb8-oscar-isaac.jpg\" width=\"612\" height=\"459\" alt=\"Foto de Star Wars: El Despertar de la Fuerza\" \/><\/p>\n<p class=\"centrado\"><img loading=\"lazy\" decoding=\"async\" src=\"https:\/\/uruloki.org\/felipeblog\/images2015\/20151112-john-boyega-and-oscar-isaac.jpg\" width=\"612\" height=\"459\" alt=\"Foto de Star Wars: El Despertar de la Fuerza\" \/><\/p>\n<p class=\"centrado\"><img loading=\"lazy\" decoding=\"async\" src=\"https:\/\/uruloki.org\/felipeblog\/images2015\/20151112-adam-driver-john-boyega-daisy-ridley.jpg\" width=\"612\" height=\"459\" alt=\"Foto de Star Wars: El Despertar de la Fuerza\" \/><\/p>\n<p class=\"centrado\"><img loading=\"lazy\" decoding=\"async\" src=\"https:\/\/uruloki.org\/felipeblog\/images2015\/20151112-boyega-chewbacca-ford.jpg\" width=\"612\" height=\"459\" alt=\"Foto de Star Wars: El Despertar de la Fuerza\" \/><\/p>\n<p class=\"centrado\"><img loading=\"lazy\" decoding=\"async\" src=\"https:\/\/uruloki.org\/felipeblog\/images2015\/20151112-trooper-v-x-wing.jpg\" width=\"612\" height=\"459\" alt=\"Foto de Star Wars: El Despertar de la Fuerza\" \/><\/p>\n<p class=\"centrado\"><img loading=\"lazy\" decoding=\"async\" src=\"https:\/\/uruloki.org\/felipeblog\/images2015\/20151112-first-order-troopers.jpg\" width=\"612\" height=\"459\" alt=\"Foto de Star Wars: El Despertar de la Fuerza\" \/><\/p>\n<p class=\"centrado\"><img loading=\"lazy\" decoding=\"async\" src=\"https:\/\/uruloki.org\/felipeblog\/images2015\/20151112-first-order-troopers-shoot.jpg\" width=\"612\" height=\"459\" alt=\"Foto de Star Wars: El Despertar de la Fuerza\" \/><\/p>\n<p class=\"centrado\"><img loading=\"lazy\" decoding=\"async\" src=\"https:\/\/uruloki.org\/felipeblog\/images2015\/20151112-knights-of-ren.jpg\" width=\"612\" height=\"459\" alt=\"Foto de Star Wars: El Despertar de la Fuerza\" \/><\/p>\n<p class=\"centrado\"><img loading=\"lazy\" decoding=\"async\" src=\"https:\/\/uruloki.org\/felipeblog\/images2015\/20151112-bobbajo.jpg\" width=\"408\" height=\"612\" alt=\"Foto de Star Wars: El Despertar de la Fuerza\" \/><\/p>\n<p class=\"centrado\"><img loading=\"lazy\" decoding=\"async\" src=\"https:\/\/uruloki.org\/felipeblog\/images2015\/20151112-bb8.jpg\" width=\"612\" height=\"459\" alt=\"Foto de Star Wars: El Despertar de la Fuerza\" \/><\/p>\n<p class=\"centrado\"><img loading=\"lazy\" decoding=\"async\" src=\"https:\/\/uruloki.org\/felipeblog\/images2015\/20151112-carrie-fischer.jpg\" width=\"612\" height=\"459\" alt=\"Foto de Star Wars: El Despertar de la Fuerza\" \/><\/p>\n<p class=\"centrado\"><img loading=\"lazy\" decoding=\"async\" src=\"https:\/\/uruloki.org\/felipeblog\/images2015\/20151112-landing-ship.jpg\" width=\"612\" height=\"459\" alt=\"Foto de Star Wars: El Despertar de la Fuerza\" \/><\/p>\n<p class=\"centrado\"><img loading=\"lazy\" decoding=\"async\" src=\"https:\/\/uruloki.org\/felipeblog\/images2015\/20151112-captain-phasma.jpg\" width=\"612\" height=\"459\" alt=\"Foto de Star Wars: El Despertar de la Fuerza\" \/><\/p>\n<p class=\"centrado\"><img loading=\"lazy\" decoding=\"async\" src=\"https:\/\/uruloki.org\/felipeblog\/images2015\/20151112-rey-star-destroyer.jpg\" width=\"612\" height=\"459\" alt=\"Foto de Star Wars: El Despertar de la Fuerza\" \/><\/p>\n<p class=\"centrado\"><img loading=\"lazy\" decoding=\"async\" src=\"https:\/\/uruloki.org\/felipeblog\/images2015\/20151112-daisy-ridley-bb8-john-boyega.jpg\" width=\"612\" height=\"459\" alt=\"Foto de Star Wars: El Despertar de la Fuerza\" \/><\/p>\n<p class=\"centrado\"><img loading=\"lazy\" decoding=\"async\" src=\"https:\/\/uruloki.org\/felipeblog\/images2015\/20151112-millennium-falcon-flies.jpg\" width=\"612\" height=\"459\" alt=\"Foto de Star Wars: El Despertar de la Fuerza\" \/><\/p>\n<p class=\"centrado\"><img loading=\"lazy\" decoding=\"async\" src=\"https:\/\/uruloki.org\/felipeblog\/images2015\/20151112-millennium-falcon-02.jpg\" width=\"612\" height=\"459\" alt=\"Foto de Star Wars: El Despertar de la Fuerza\" \/><\/p>\n<p class=\"centrado\"><img loading=\"lazy\" decoding=\"async\" src=\"https:\/\/uruloki.org\/felipeblog\/images2015\/20151112-first-order-tie-fighter.jpg\" width=\"612\" height=\"459\" alt=\"Foto de Star Wars: El Despertar de la Fuerza\" \/><\/p>\n","protected":false},"excerpt":{"rendered":"<p>Entertainment Weekly se ha vuelto loca y a un mes del estreno mundial de Star Wars: El Despertar de la fuerza (Star Wars: The Force Awakens) se ha sacado una bater&iacute;a de fotograf&iacute;as tan inmensamente grande que resulta casi rid&iacute;cula. Hay de todo y puede que demasiado&#8230; s&iacute;, cosas que no deber&iacute;amos ver. Lo que [&hellip;]<\/p>\n","protected":false},"author":28,"featured_media":0,"comment_status":"open","ping_status":"open","sticky":false,"template":"","format":"standard","meta":{"footnotes":""},"categories":[10,8,9,15],"tags":[668,3200,1362],"class_list":["post-15012","post","type-post","status-publish","format-standard","hentry","category-cine-de-comics","category-cine-de-ciencia-ficcion","category-cine-de-terror","category-star-wars","tag-doctor-strange","tag-star-wars-the-force-awakens","tag-van-helsing"],"yoast_head":"<!-- This site is optimized with the Yoast SEO plugin v24.3 - https:\/\/yoast.com\/wordpress\/plugins\/seo\/ -->\n<title>Star Wars: El Despertar de la Fuerza AKA desembarco fotogr\u00e1fico extenuante<\/title>\n<meta name=\"description\" content=\"Entertainment Weekly se ha vuelto loca y a un mes del estreno mundial de Star Wars: El Despertar de la fuerza (Star Wars: The Force Awakens) se ha sacado una bater\u00eda de fotograf\u00edas tan inmensamente grande que resulta casi rid\u00edcula.\" \/>\n<meta name=\"robots\" content=\"index, follow, max-snippet:-1, max-image-preview:large, max-video-preview:-1\" \/>\n<link rel=\"canonical\" href=\"https:\/\/www.uruloki.org\/felipeblog\/cine-de-ciencia-ficcion\/star-wars-el-despertar-de-la-fuerza-aka-desembarco-fotogrfico-extenuante-amy-landecker-se-une-a-doctor-strange-con-un-personaje-misterioso-y-el-van-helsing-de-universal-y-tiene-g\" \/>\n<meta property=\"og:locale\" content=\"es_ES\" \/>\n<meta property=\"og:type\" content=\"article\" \/>\n<meta property=\"og:title\" content=\"Star Wars: El Despertar de la Fuerza AKA desembarco fotogr\u00e1fico extenuante\" \/>\n<meta property=\"og:description\" content=\"Entertainment Weekly se ha vuelto loca y a un mes del estreno mundial de Star Wars: El Despertar de la fuerza (Star Wars: The Force Awakens) se ha sacado una bater\u00eda de fotograf\u00edas tan inmensamente grande que resulta casi rid\u00edcula.\" \/>\n<meta property=\"og:url\" content=\"https:\/\/www.uruloki.org\/felipeblog\/cine-de-ciencia-ficcion\/star-wars-el-despertar-de-la-fuerza-aka-desembarco-fotogrfico-extenuante-amy-landecker-se-une-a-doctor-strange-con-un-personaje-misterioso-y-el-van-helsing-de-universal-y-tiene-g\" \/>\n<meta property=\"og:site_name\" content=\"Uruloki :: Blog\" \/>\n<meta property=\"article:publisher\" content=\"https:\/\/www.facebook.com\/uruloki.org\" \/>\n<meta property=\"article:published_time\" content=\"2015-11-12T22:56:28+00:00\" \/>\n<meta property=\"article:modified_time\" content=\"2015-11-12T23:06:27+00:00\" \/>\n<meta property=\"og:image\" content=\"https:\/\/uruloki.org\/felipeblog\/images2015\/20151112-harisson-ford-jj-abrhams.jpg\" \/>\n<meta name=\"author\" content=\"Uruloki\" \/>\n<meta name=\"twitter:card\" content=\"summary_large_image\" \/>\n<meta name=\"twitter:creator\" content=\"@uruloki\" \/>\n<meta name=\"twitter:site\" content=\"@uruloki\" \/>\n<meta name=\"twitter:label1\" content=\"Escrito por\" \/>\n\t<meta name=\"twitter:data1\" content=\"Uruloki\" \/>\n\t<meta name=\"twitter:label2\" content=\"Tiempo de lectura\" \/>\n\t<meta name=\"twitter:data2\" content=\"1 minuto\" \/>\n<script type=\"application\/ld+json\" class=\"yoast-schema-graph\">{\"@context\":\"https:\/\/schema.org\",\"@graph\":[{\"@type\":\"WebPage\",\"@id\":\"https:\/\/www.uruloki.org\/felipeblog\/cine-de-ciencia-ficcion\/star-wars-el-despertar-de-la-fuerza-aka-desembarco-fotogrfico-extenuante-amy-landecker-se-une-a-doctor-strange-con-un-personaje-misterioso-y-el-van-helsing-de-universal-y-tiene-g\",\"url\":\"https:\/\/www.uruloki.org\/felipeblog\/cine-de-ciencia-ficcion\/star-wars-el-despertar-de-la-fuerza-aka-desembarco-fotogrfico-extenuante-amy-landecker-se-une-a-doctor-strange-con-un-personaje-misterioso-y-el-van-helsing-de-universal-y-tiene-g\",\"name\":\"Star Wars: El Despertar de la Fuerza AKA desembarco fotogr\u00e1fico extenuante\",\"isPartOf\":{\"@id\":\"https:\/\/www.uruloki.org\/felipeblog\/#website\"},\"primaryImageOfPage\":{\"@id\":\"https:\/\/www.uruloki.org\/felipeblog\/cine-de-ciencia-ficcion\/star-wars-el-despertar-de-la-fuerza-aka-desembarco-fotogrfico-extenuante-amy-landecker-se-une-a-doctor-strange-con-un-personaje-misterioso-y-el-van-helsing-de-universal-y-tiene-g#primaryimage\"},\"image\":{\"@id\":\"https:\/\/www.uruloki.org\/felipeblog\/cine-de-ciencia-ficcion\/star-wars-el-despertar-de-la-fuerza-aka-desembarco-fotogrfico-extenuante-amy-landecker-se-une-a-doctor-strange-con-un-personaje-misterioso-y-el-van-helsing-de-universal-y-tiene-g#primaryimage\"},\"thumbnailUrl\":\"https:\/\/uruloki.org\/felipeblog\/images2015\/20151112-harisson-ford-jj-abrhams.jpg\",\"datePublished\":\"2015-11-12T22:56:28+00:00\",\"dateModified\":\"2015-11-12T23:06:27+00:00\",\"author\":{\"@id\":\"https:\/\/www.uruloki.org\/felipeblog\/#\/schema\/person\/ddba06ddaa27edf0c370460d05c51bb3\"},\"description\":\"Entertainment Weekly se ha vuelto loca y a un mes del estreno mundial de Star Wars: El Despertar de la fuerza (Star Wars: The Force Awakens) se ha sacado una bater\u00eda de fotograf\u00edas tan inmensamente grande que resulta casi rid\u00edcula.\",\"breadcrumb\":{\"@id\":\"https:\/\/www.uruloki.org\/felipeblog\/cine-de-ciencia-ficcion\/star-wars-el-despertar-de-la-fuerza-aka-desembarco-fotogrfico-extenuante-amy-landecker-se-une-a-doctor-strange-con-un-personaje-misterioso-y-el-van-helsing-de-universal-y-tiene-g#breadcrumb\"},\"inLanguage\":\"es\",\"potentialAction\":[{\"@type\":\"ReadAction\",\"target\":[\"https:\/\/www.uruloki.org\/felipeblog\/cine-de-ciencia-ficcion\/star-wars-el-despertar-de-la-fuerza-aka-desembarco-fotogrfico-extenuante-amy-landecker-se-une-a-doctor-strange-con-un-personaje-misterioso-y-el-van-helsing-de-universal-y-tiene-g\"]}]},{\"@type\":\"ImageObject\",\"inLanguage\":\"es\",\"@id\":\"https:\/\/www.uruloki.org\/felipeblog\/cine-de-ciencia-ficcion\/star-wars-el-despertar-de-la-fuerza-aka-desembarco-fotogrfico-extenuante-amy-landecker-se-une-a-doctor-strange-con-un-personaje-misterioso-y-el-van-helsing-de-universal-y-tiene-g#primaryimage\",\"url\":\"https:\/\/uruloki.org\/felipeblog\/images2015\/20151112-harisson-ford-jj-abrhams.jpg\",\"contentUrl\":\"https:\/\/uruloki.org\/felipeblog\/images2015\/20151112-harisson-ford-jj-abrhams.jpg\"},{\"@type\":\"BreadcrumbList\",\"@id\":\"https:\/\/www.uruloki.org\/felipeblog\/cine-de-ciencia-ficcion\/star-wars-el-despertar-de-la-fuerza-aka-desembarco-fotogrfico-extenuante-amy-landecker-se-une-a-doctor-strange-con-un-personaje-misterioso-y-el-van-helsing-de-universal-y-tiene-g#breadcrumb\",\"itemListElement\":[{\"@type\":\"ListItem\",\"position\":1,\"name\":\"Portada\",\"item\":\"https:\/\/www.uruloki.org\/felipeblog\"},{\"@type\":\"ListItem\",\"position\":2,\"name\":\"Star Wars: El Despertar de la Fuerza AKA desembarco fotogr&aacute;fico extenuante, Amy Landecker se une a Doctor Strange con un personaje &quot;misterioso&quot; y el Van Helsing de Universal y tiene guionistas (2&ordm; film del monsterverso)&#8230;\"}]},{\"@type\":\"WebSite\",\"@id\":\"https:\/\/www.uruloki.org\/felipeblog\/#website\",\"url\":\"https:\/\/www.uruloki.org\/felipeblog\/\",\"name\":\"Uruloki :: Blog\",\"description\":\"Blog de cine, terror, ciencia ficci\u00f3n, fantas\u00eda y c\u00f3mics\",\"potentialAction\":[{\"@type\":\"SearchAction\",\"target\":{\"@type\":\"EntryPoint\",\"urlTemplate\":\"https:\/\/www.uruloki.org\/felipeblog\/?s={search_term_string}\"},\"query-input\":{\"@type\":\"PropertyValueSpecification\",\"valueRequired\":true,\"valueName\":\"search_term_string\"}}],\"inLanguage\":\"es\"},{\"@type\":\"Person\",\"@id\":\"https:\/\/www.uruloki.org\/felipeblog\/#\/schema\/person\/ddba06ddaa27edf0c370460d05c51bb3\",\"name\":\"Uruloki\",\"image\":{\"@type\":\"ImageObject\",\"inLanguage\":\"es\",\"@id\":\"https:\/\/www.uruloki.org\/felipeblog\/#\/schema\/person\/image\/\",\"url\":\"https:\/\/secure.gravatar.com\/avatar\/68d5301c5f52ba88fd63f02c75b8c4d1b3c3fc4b21e2998a1e98c4b3a54d9f7c?s=96&d=mm&r=g\",\"contentUrl\":\"https:\/\/secure.gravatar.com\/avatar\/68d5301c5f52ba88fd63f02c75b8c4d1b3c3fc4b21e2998a1e98c4b3a54d9f7c?s=96&d=mm&r=g\",\"caption\":\"Uruloki\"},\"sameAs\":[\"https:\/\/uruloki.org\"],\"url\":\"https:\/\/www.uruloki.org\/felipeblog\/author\/admin-2-2-2\"}]}<\/script>\n<!-- \/ Yoast SEO plugin. -->","yoast_head_json":{"title":"Star Wars: El Despertar de la Fuerza AKA desembarco fotogr\u00e1fico extenuante","description":"Entertainment Weekly se ha vuelto loca y a un mes del estreno mundial de Star Wars: El Despertar de la fuerza (Star Wars: The Force Awakens) se ha sacado una bater\u00eda de fotograf\u00edas tan inmensamente grande que resulta casi rid\u00edcula.","robots":{"index":"index","follow":"follow","max-snippet":"max-snippet:-1","max-image-preview":"max-image-preview:large","max-video-preview":"max-video-preview:-1"},"canonical":"https:\/\/www.uruloki.org\/felipeblog\/cine-de-ciencia-ficcion\/star-wars-el-despertar-de-la-fuerza-aka-desembarco-fotogrfico-extenuante-amy-landecker-se-une-a-doctor-strange-con-un-personaje-misterioso-y-el-van-helsing-de-universal-y-tiene-g","og_locale":"es_ES","og_type":"article","og_title":"Star Wars: El Despertar de la Fuerza AKA desembarco fotogr\u00e1fico extenuante","og_description":"Entertainment Weekly se ha vuelto loca y a un mes del estreno mundial de Star Wars: El Despertar de la fuerza (Star Wars: The Force Awakens) se ha sacado una bater\u00eda de fotograf\u00edas tan inmensamente grande que resulta casi rid\u00edcula.","og_url":"https:\/\/www.uruloki.org\/felipeblog\/cine-de-ciencia-ficcion\/star-wars-el-despertar-de-la-fuerza-aka-desembarco-fotogrfico-extenuante-amy-landecker-se-une-a-doctor-strange-con-un-personaje-misterioso-y-el-van-helsing-de-universal-y-tiene-g","og_site_name":"Uruloki :: Blog","article_publisher":"https:\/\/www.facebook.com\/uruloki.org","article_published_time":"2015-11-12T22:56:28+00:00","article_modified_time":"2015-11-12T23:06:27+00:00","og_image":[{"url":"https:\/\/uruloki.org\/felipeblog\/images2015\/20151112-harisson-ford-jj-abrhams.jpg","type":"","width":"","height":""}],"author":"Uruloki","twitter_card":"summary_large_image","twitter_creator":"@uruloki","twitter_site":"@uruloki","twitter_misc":{"Escrito por":"Uruloki","Tiempo de lectura":"1 minuto"},"schema":{"@context":"https:\/\/schema.org","@graph":[{"@type":"WebPage","@id":"https:\/\/www.uruloki.org\/felipeblog\/cine-de-ciencia-ficcion\/star-wars-el-despertar-de-la-fuerza-aka-desembarco-fotogrfico-extenuante-amy-landecker-se-une-a-doctor-strange-con-un-personaje-misterioso-y-el-van-helsing-de-universal-y-tiene-g","url":"https:\/\/www.uruloki.org\/felipeblog\/cine-de-ciencia-ficcion\/star-wars-el-despertar-de-la-fuerza-aka-desembarco-fotogrfico-extenuante-amy-landecker-se-une-a-doctor-strange-con-un-personaje-misterioso-y-el-van-helsing-de-universal-y-tiene-g","name":"Star Wars: El Despertar de la Fuerza AKA desembarco fotogr\u00e1fico extenuante","isPartOf":{"@id":"https:\/\/www.uruloki.org\/felipeblog\/#website"},"primaryImageOfPage":{"@id":"https:\/\/www.uruloki.org\/felipeblog\/cine-de-ciencia-ficcion\/star-wars-el-despertar-de-la-fuerza-aka-desembarco-fotogrfico-extenuante-amy-landecker-se-une-a-doctor-strange-con-un-personaje-misterioso-y-el-van-helsing-de-universal-y-tiene-g#primaryimage"},"image":{"@id":"https:\/\/www.uruloki.org\/felipeblog\/cine-de-ciencia-ficcion\/star-wars-el-despertar-de-la-fuerza-aka-desembarco-fotogrfico-extenuante-amy-landecker-se-une-a-doctor-strange-con-un-personaje-misterioso-y-el-van-helsing-de-universal-y-tiene-g#primaryimage"},"thumbnailUrl":"https:\/\/uruloki.org\/felipeblog\/images2015\/20151112-harisson-ford-jj-abrhams.jpg","datePublished":"2015-11-12T22:56:28+00:00","dateModified":"2015-11-12T23:06:27+00:00","author":{"@id":"https:\/\/www.uruloki.org\/felipeblog\/#\/schema\/person\/ddba06ddaa27edf0c370460d05c51bb3"},"description":"Entertainment Weekly se ha vuelto loca y a un mes del estreno mundial de Star Wars: El Despertar de la fuerza (Star Wars: The Force Awakens) se ha sacado una bater\u00eda de fotograf\u00edas tan inmensamente grande que resulta casi rid\u00edcula.","breadcrumb":{"@id":"https:\/\/www.uruloki.org\/felipeblog\/cine-de-ciencia-ficcion\/star-wars-el-despertar-de-la-fuerza-aka-desembarco-fotogrfico-extenuante-amy-landecker-se-une-a-doctor-strange-con-un-personaje-misterioso-y-el-van-helsing-de-universal-y-tiene-g#breadcrumb"},"inLanguage":"es","potentialAction":[{"@type":"ReadAction","target":["https:\/\/www.uruloki.org\/felipeblog\/cine-de-ciencia-ficcion\/star-wars-el-despertar-de-la-fuerza-aka-desembarco-fotogrfico-extenuante-amy-landecker-se-une-a-doctor-strange-con-un-personaje-misterioso-y-el-van-helsing-de-universal-y-tiene-g"]}]},{"@type":"ImageObject","inLanguage":"es","@id":"https:\/\/www.uruloki.org\/felipeblog\/cine-de-ciencia-ficcion\/star-wars-el-despertar-de-la-fuerza-aka-desembarco-fotogrfico-extenuante-amy-landecker-se-une-a-doctor-strange-con-un-personaje-misterioso-y-el-van-helsing-de-universal-y-tiene-g#primaryimage","url":"https:\/\/uruloki.org\/felipeblog\/images2015\/20151112-harisson-ford-jj-abrhams.jpg","contentUrl":"https:\/\/uruloki.org\/felipeblog\/images2015\/20151112-harisson-ford-jj-abrhams.jpg"},{"@type":"BreadcrumbList","@id":"https:\/\/www.uruloki.org\/felipeblog\/cine-de-ciencia-ficcion\/star-wars-el-despertar-de-la-fuerza-aka-desembarco-fotogrfico-extenuante-amy-landecker-se-une-a-doctor-strange-con-un-personaje-misterioso-y-el-van-helsing-de-universal-y-tiene-g#breadcrumb","itemListElement":[{"@type":"ListItem","position":1,"name":"Portada","item":"https:\/\/www.uruloki.org\/felipeblog"},{"@type":"ListItem","position":2,"name":"Star Wars: El Despertar de la Fuerza AKA desembarco fotogr&aacute;fico extenuante, Amy Landecker se une a Doctor Strange con un personaje &quot;misterioso&quot; y el Van Helsing de Universal y tiene guionistas (2&ordm; film del monsterverso)&#8230;"}]},{"@type":"WebSite","@id":"https:\/\/www.uruloki.org\/felipeblog\/#website","url":"https:\/\/www.uruloki.org\/felipeblog\/","name":"Uruloki :: Blog","description":"Blog de cine, terror, ciencia ficci\u00f3n, fantas\u00eda y c\u00f3mics","potentialAction":[{"@type":"SearchAction","target":{"@type":"EntryPoint","urlTemplate":"https:\/\/www.uruloki.org\/felipeblog\/?s={search_term_string}"},"query-input":{"@type":"PropertyValueSpecification","valueRequired":true,"valueName":"search_term_string"}}],"inLanguage":"es"},{"@type":"Person","@id":"https:\/\/www.uruloki.org\/felipeblog\/#\/schema\/person\/ddba06ddaa27edf0c370460d05c51bb3","name":"Uruloki","image":{"@type":"ImageObject","inLanguage":"es","@id":"https:\/\/www.uruloki.org\/felipeblog\/#\/schema\/person\/image\/","url":"https:\/\/secure.gravatar.com\/avatar\/68d5301c5f52ba88fd63f02c75b8c4d1b3c3fc4b21e2998a1e98c4b3a54d9f7c?s=96&d=mm&r=g","contentUrl":"https:\/\/secure.gravatar.com\/avatar\/68d5301c5f52ba88fd63f02c75b8c4d1b3c3fc4b21e2998a1e98c4b3a54d9f7c?s=96&d=mm&r=g","caption":"Uruloki"},"sameAs":["https:\/\/uruloki.org"],"url":"https:\/\/www.uruloki.org\/felipeblog\/author\/admin-2-2-2"}]}},"_links":{"self":[{"href":"https:\/\/www.uruloki.org\/felipeblog\/wp-json\/wp\/v2\/posts\/15012","targetHints":{"allow":["GET"]}}],"collection":[{"href":"https:\/\/www.uruloki.org\/felipeblog\/wp-json\/wp\/v2\/posts"}],"about":[{"href":"https:\/\/www.uruloki.org\/felipeblog\/wp-json\/wp\/v2\/types\/post"}],"author":[{"embeddable":true,"href":"https:\/\/www.uruloki.org\/felipeblog\/wp-json\/wp\/v2\/users\/28"}],"replies":[{"embeddable":true,"href":"https:\/\/www.uruloki.org\/felipeblog\/wp-json\/wp\/v2\/comments?post=15012"}],"version-history":[{"count":2,"href":"https:\/\/www.uruloki.org\/felipeblog\/wp-json\/wp\/v2\/posts\/15012\/revisions"}],"predecessor-version":[{"id":15014,"href":"https:\/\/www.uruloki.org\/felipeblog\/wp-json\/wp\/v2\/posts\/15012\/revisions\/15014"}],"wp:attachment":[{"href":"https:\/\/www.uruloki.org\/felipeblog\/wp-json\/wp\/v2\/media?parent=15012"}],"wp:term":[{"taxonomy":"category","embeddable":true,"href":"https:\/\/www.uruloki.org\/felipeblog\/wp-json\/wp\/v2\/categories?post=15012"},{"taxonomy":"post_tag","embeddable":true,"href":"https:\/\/www.uruloki.org\/felipeblog\/wp-json\/wp\/v2\/tags?post=15012"}],"curies":[{"name":"wp","href":"https:\/\/api.w.org\/{rel}","templated":true}]}}