{"id":14948,"date":"2015-10-21T23:03:28","date_gmt":"2015-10-21T21:03:28","guid":{"rendered":"https:\/\/uruloki.org\/felipeblog\/?p=14948"},"modified":"2015-10-21T23:03:28","modified_gmt":"2015-10-21T21:03:28","slug":"edgar-wright-ficha-a-jon-hamm-para-baby-driver-y-judy-greer-ser-otra-vez-cornelia-en-war-of-the-planet-of-the-apes-un-nuevo-cartel-imax-de-star-wars-el-despertar-de-la-fuerza-pero-no-precis","status":"publish","type":"post","link":"https:\/\/www.uruloki.org\/felipeblog\/cine\/edgar-wright-ficha-a-jon-hamm-para-baby-driver-y-judy-greer-ser-otra-vez-cornelia-en-war-of-the-planet-of-the-apes-un-nuevo-cartel-imax-de-star-wars-el-despertar-de-la-fuerza-pero-no-precis","title":{"rendered":"Edgar Wright ficha a Jon Hamm para Baby Driver y Judy Greer ser&aacute; otra vez Cornelia en War of the Planet of the Apes, un nuevo cartel IMAX de Star Wars: El Despertar de la Fuerza (pero no precisamente bonito), Joe Dante regresa al terror con Labirintus al tiempo que Annabelle tendr&aacute; secuela, Chirstopher McQuarrie podr&iacute;a estar participando en el gui&oacute;n de Star Wars Anthology: Rogue One y nuevo avance del regreso de Expediente X&#8230;"},"content":{"rendered":"<p>Tras dejar pasar un d&iacute;a completo al <a href=\"https:\/\/uruloki.org\/felipeblog\/cine-de-ciencia-ficcin\/star-wars-el-despertar-de-la-fuerza-el-trailer-definitivo-para-que-te-lo-hagas-encima\">merecido lanzamiento del nuevo trailer de <strong>Star Wars: El Despertar de la Fuerza<\/strong><\/a> es momento de darle una nueva vuelta al mundillo de las noticias porque hay un huevo y la mitad del otro. Ah, antes de nada indicar que ma&ntilde;ana jueves se pondr&aacute; en marcha un nuevo concurso en el blog, se celebra el <strong>Nonag&eacute;simo  Tercero Concurso Uruloki: Llegando a cima de La Cumbre Escarlata<\/strong>. Lo hab&iacute;a <a href=\"https:\/\/uruloki.org\/felipeblog\/cine-de-terror\/la-cumbre-escarlata-de-guillermo-del-toro-el-16-de-octubre-en-cines\">anunciado para el pasado 16<\/a> pero, como comprender&eacute;is, Sitges 2015 me dej&oacute; completamente absorbido. Vamos con las noticias.<\/p>\n<p>Tenemos un par de proyectos que mueven ficha incorporando rostros interesantes. Adelantan en TheWrap que <a href=\"http:\/\/www.thewrap.com\/jon-hamm-joins-ansel-elgort-jamie-foxx-in-edgar-wrights-baby-driver\/\" target=\"_blank\"><strong>Jon Hamm<\/strong> se suma a <strong>Ansel Elgort<\/strong> y <strong>Jamie Foxx<\/strong> en <strong>Baby Driver<\/strong> de <strong>Edgar Wright<\/strong><\/a>. El veterano actor, m&iacute;tico por su papel en la ya extinta  <strong>&quot;Mad Men&quot;<\/strong> (y por la que ha ganado un premio Emmy), encarnar&aacute; a uno de los villanos de la pel&iacute;cula, miembro de una banda de ladrones de banco para los que trabajar&aacute; el personaje de <strong>Elgort<\/strong>. En medio del fregado, y raz&oacute;n m&aacute;xima de la guerra que nos espera, <strong>Lily James<\/strong>. La otra que se suma es <a href=\"http:\/\/www.hollywoodreporter.com\/heat-vision\/judy-greer-returning-planet-apes-833074\" target=\"_blank\"><strong>Judy Greer<\/strong> pero en este caso para volver a encarnar a <strong>Cornelia<\/strong> en <strong>War of the Planet of the Apes<\/strong><\/a>. <strong>Cornelia<\/strong>, pareja de <strong>Caesar<\/strong> (<em>Andy Serkis<\/em>), formar&aacute; parte de una nueva aventura con aroma cl&aacute;sico, atenci&oacute;n a <a href=\"https:\/\/twitter.com\/mattreevesLA\/status\/655509181881954304\" target=\"_blank\">la imagen desvelada por el director <strong>Matt Reeves<\/strong><\/a>, en la que aparece <strong>Woody Harrelson<\/strong> como humano malo.<\/p>\n<p class=\"centrado\"><img loading=\"lazy\" decoding=\"async\" src=\"https:\/\/uruloki.org\/felipeblog\/images2015\/20151021-starwars.jpg\" alt=\"Cartel IMAX de Star Wars: El Despertar de la Fuerza... no me gusta\" width=\"625\" height=\"850\" \/><br \/><em>Cartel IMAX de Star Wars: El Despertar de la Fuerza&#8230; no me gusta<\/em> <\/p>\n<p>Tras este par de fichajes otro par de nuevos proyectos cinematogr&aacute;ficos&#8230; y ambos de terror. Cuentan en Variety que <a href=\"http:\/\/variety.com\/2015\/film\/global\/joe-dante-supernatural-thriller-labirintus-1201621345\/\" target=\"_blank\"><strong>Joe Dante<\/strong> regresa al cine con <strong>Labirintus<\/strong>, un thriller sobrenatural<\/a> sobre un grupo de exploradores que se ven atormentados por fuerzas sobrenaturales cuando visitan las oscuras y cambiantes catacumbas debajo del Castillo Buda en Budapest. De cara a salir, por lo menos cuerdos, de si laber&iacute;ntico periplo, deber&aacute;n llegar al coraz&oacute;n de la amenaza y destruirlo&#8230; sea lo que sea. No s&eacute;, suena flojeras. Lo mismo me parece <a href=\"http:\/\/www.tracking-board.com\/exclusive-annabelle-scribe-gary-dauberman-returns-for-the-killer-dolls-sequel\/\" target=\"_blank\">el regreso de <strong>Annabelle<\/strong> a los cines<\/a>. Tras el infumable <em>spin-off<\/em> de <strong>Expediente Warren: the conjuring<\/strong> (<em>The Cojuring<\/em>), <strong>New Line Cinema<\/strong> ha decidido volver a la carga con la linda mu&ntilde;eca y producir <strong>Annabelle 2<\/strong> de nuevo con el guionista <strong>Gary Dauberman<\/strong>. El portal The Tracking Board advierte que el que no regresar&aacute; es <strong>John Leonetti<\/strong>, director del primer film, y que por lo tanto el estudio est&aacute; buscando nuevo alguien para ponerse tras las c&aacute;maras. Lo de la secuela era una necesidad, no por la calidad, si no porque costando poco m&aacute;s de 6 millones recaud&oacute; 256 a nivel mundial&#8230; as&iacute; que, sea buena o mala la secuela, precuela, postcuela y si cuela, llegar&aacute; queramos o no.<\/p>\n<div class=\"video\"><iframe loading=\"lazy\" width=\"100%\" height=\"365\" src=\"https:\/\/www.youtube.com\/embed\/cl6TC20mrto\" allowfullscreen=\"true\"><\/iframe><\/div>\n<p>Momento de alg&uacute;n que otro tema menor en forma de rumor, etc. Latino Review por ejemplo comenta que <a href=\"http:\/\/www.latino-review.com\/news\/hot-rumor-christopher-mcquarrie-polishes-rogue-one-a-star-wars-story\" target=\"_blank\"><strong>Christopher McQuarrie<\/strong> ha sido llamado por <strong>Disney<\/strong> \/ <strong>Lucasfilm<\/strong><\/a> para que le eche un vistazo al gui&oacute;n de <strong>Star Wars: Rogue One<\/strong>. Me parece curioso que con el film en pleno rodaje, por parte de <strong>Gareth Edwards<\/strong>, y con un gui&oacute;n cerrado y aprobado obra de <strong>Gary Whitta<\/strong>, <strong>McQuarrie<\/strong>, un fiera, sea llamado para &quot;dos semanas&quot; de pulir el escrito.<\/p>\n","protected":false},"excerpt":{"rendered":"<p>Tras dejar pasar un d&iacute;a completo al merecido lanzamiento del nuevo trailer de Star Wars: El Despertar de la Fuerza es momento de darle una nueva vuelta al mundillo de las noticias porque hay un huevo y la mitad del otro. Ah, antes de nada indicar que ma&ntilde;ana jueves se pondr&aacute; en marcha un nuevo [&hellip;]<\/p>\n","protected":false},"author":28,"featured_media":0,"comment_status":"open","ping_status":"open","sticky":false,"template":"","format":"standard","meta":{"footnotes":""},"categories":[6,8,9,15],"tags":[3443,3079,3442,3265,3200,3305,3241],"class_list":["post-14948","post","type-post","status-publish","format-standard","hentry","category-cine","category-cine-de-ciencia-ficcion","category-cine-de-terror","category-star-wars","tag-annabelle-2","tag-baby-driver","tag-labirintus","tag-star-wars-rogue-one","tag-star-wars-the-force-awakens","tag-war-of-the-planet-of-the-apes","tag-x-files"],"yoast_head":"<!-- This site is optimized with the Yoast SEO plugin v24.3 - https:\/\/yoast.com\/wordpress\/plugins\/seo\/ -->\n<title>Edgar Wright ficha a Jon Hamm para Baby Driver<\/title>\n<meta name=\"description\" content=\"Adelantan en TheWrap que Jon Hamm se suma a Ansel Elgort y Jamie Foxx en Baby Driver de Edgar Wright. El veterano actor encarnar\u00e1 a uno de los villanos de la pel\u00edcula.\" \/>\n<meta name=\"robots\" content=\"index, follow, max-snippet:-1, max-image-preview:large, max-video-preview:-1\" \/>\n<link rel=\"canonical\" href=\"https:\/\/www.uruloki.org\/felipeblog\/cine\/edgar-wright-ficha-a-jon-hamm-para-baby-driver-y-judy-greer-ser-otra-vez-cornelia-en-war-of-the-planet-of-the-apes-un-nuevo-cartel-imax-de-star-wars-el-despertar-de-la-fuerza-pero-no-precis\" \/>\n<meta property=\"og:locale\" content=\"es_ES\" \/>\n<meta property=\"og:type\" content=\"article\" \/>\n<meta property=\"og:title\" content=\"Edgar Wright ficha a Jon Hamm para Baby Driver\" \/>\n<meta property=\"og:description\" content=\"Adelantan en TheWrap que Jon Hamm se suma a Ansel Elgort y Jamie Foxx en Baby Driver de Edgar Wright. El veterano actor encarnar\u00e1 a uno de los villanos de la pel\u00edcula.\" \/>\n<meta property=\"og:url\" content=\"https:\/\/www.uruloki.org\/felipeblog\/cine\/edgar-wright-ficha-a-jon-hamm-para-baby-driver-y-judy-greer-ser-otra-vez-cornelia-en-war-of-the-planet-of-the-apes-un-nuevo-cartel-imax-de-star-wars-el-despertar-de-la-fuerza-pero-no-precis\" \/>\n<meta property=\"og:site_name\" content=\"Uruloki :: Blog\" \/>\n<meta property=\"article:publisher\" content=\"https:\/\/www.facebook.com\/uruloki.org\" \/>\n<meta property=\"article:published_time\" content=\"2015-10-21T21:03:28+00:00\" \/>\n<meta property=\"og:image\" content=\"https:\/\/uruloki.org\/felipeblog\/images2015\/20151021-starwars.jpg\" \/>\n<meta name=\"author\" content=\"Uruloki\" \/>\n<meta name=\"twitter:card\" content=\"summary_large_image\" \/>\n<meta name=\"twitter:creator\" content=\"@uruloki\" \/>\n<meta name=\"twitter:site\" content=\"@uruloki\" \/>\n<meta name=\"twitter:label1\" content=\"Escrito por\" \/>\n\t<meta name=\"twitter:data1\" content=\"Uruloki\" \/>\n\t<meta name=\"twitter:label2\" content=\"Tiempo de lectura\" \/>\n\t<meta name=\"twitter:data2\" content=\"3 minutos\" \/>\n<script type=\"application\/ld+json\" class=\"yoast-schema-graph\">{\"@context\":\"https:\/\/schema.org\",\"@graph\":[{\"@type\":\"WebPage\",\"@id\":\"https:\/\/www.uruloki.org\/felipeblog\/cine\/edgar-wright-ficha-a-jon-hamm-para-baby-driver-y-judy-greer-ser-otra-vez-cornelia-en-war-of-the-planet-of-the-apes-un-nuevo-cartel-imax-de-star-wars-el-despertar-de-la-fuerza-pero-no-precis\",\"url\":\"https:\/\/www.uruloki.org\/felipeblog\/cine\/edgar-wright-ficha-a-jon-hamm-para-baby-driver-y-judy-greer-ser-otra-vez-cornelia-en-war-of-the-planet-of-the-apes-un-nuevo-cartel-imax-de-star-wars-el-despertar-de-la-fuerza-pero-no-precis\",\"name\":\"Edgar Wright ficha a Jon Hamm para Baby Driver\",\"isPartOf\":{\"@id\":\"https:\/\/www.uruloki.org\/felipeblog\/#website\"},\"primaryImageOfPage\":{\"@id\":\"https:\/\/www.uruloki.org\/felipeblog\/cine\/edgar-wright-ficha-a-jon-hamm-para-baby-driver-y-judy-greer-ser-otra-vez-cornelia-en-war-of-the-planet-of-the-apes-un-nuevo-cartel-imax-de-star-wars-el-despertar-de-la-fuerza-pero-no-precis#primaryimage\"},\"image\":{\"@id\":\"https:\/\/www.uruloki.org\/felipeblog\/cine\/edgar-wright-ficha-a-jon-hamm-para-baby-driver-y-judy-greer-ser-otra-vez-cornelia-en-war-of-the-planet-of-the-apes-un-nuevo-cartel-imax-de-star-wars-el-despertar-de-la-fuerza-pero-no-precis#primaryimage\"},\"thumbnailUrl\":\"https:\/\/uruloki.org\/felipeblog\/images2015\/20151021-starwars.jpg\",\"datePublished\":\"2015-10-21T21:03:28+00:00\",\"dateModified\":\"2015-10-21T21:03:28+00:00\",\"author\":{\"@id\":\"https:\/\/www.uruloki.org\/felipeblog\/#\/schema\/person\/ddba06ddaa27edf0c370460d05c51bb3\"},\"description\":\"Adelantan en TheWrap que Jon Hamm se suma a Ansel Elgort y Jamie Foxx en Baby Driver de Edgar Wright. El veterano actor encarnar\u00e1 a uno de los villanos de la pel\u00edcula.\",\"breadcrumb\":{\"@id\":\"https:\/\/www.uruloki.org\/felipeblog\/cine\/edgar-wright-ficha-a-jon-hamm-para-baby-driver-y-judy-greer-ser-otra-vez-cornelia-en-war-of-the-planet-of-the-apes-un-nuevo-cartel-imax-de-star-wars-el-despertar-de-la-fuerza-pero-no-precis#breadcrumb\"},\"inLanguage\":\"es\",\"potentialAction\":[{\"@type\":\"ReadAction\",\"target\":[\"https:\/\/www.uruloki.org\/felipeblog\/cine\/edgar-wright-ficha-a-jon-hamm-para-baby-driver-y-judy-greer-ser-otra-vez-cornelia-en-war-of-the-planet-of-the-apes-un-nuevo-cartel-imax-de-star-wars-el-despertar-de-la-fuerza-pero-no-precis\"]}]},{\"@type\":\"ImageObject\",\"inLanguage\":\"es\",\"@id\":\"https:\/\/www.uruloki.org\/felipeblog\/cine\/edgar-wright-ficha-a-jon-hamm-para-baby-driver-y-judy-greer-ser-otra-vez-cornelia-en-war-of-the-planet-of-the-apes-un-nuevo-cartel-imax-de-star-wars-el-despertar-de-la-fuerza-pero-no-precis#primaryimage\",\"url\":\"https:\/\/uruloki.org\/felipeblog\/images2015\/20151021-starwars.jpg\",\"contentUrl\":\"https:\/\/uruloki.org\/felipeblog\/images2015\/20151021-starwars.jpg\"},{\"@type\":\"BreadcrumbList\",\"@id\":\"https:\/\/www.uruloki.org\/felipeblog\/cine\/edgar-wright-ficha-a-jon-hamm-para-baby-driver-y-judy-greer-ser-otra-vez-cornelia-en-war-of-the-planet-of-the-apes-un-nuevo-cartel-imax-de-star-wars-el-despertar-de-la-fuerza-pero-no-precis#breadcrumb\",\"itemListElement\":[{\"@type\":\"ListItem\",\"position\":1,\"name\":\"Portada\",\"item\":\"https:\/\/www.uruloki.org\/felipeblog\"},{\"@type\":\"ListItem\",\"position\":2,\"name\":\"Edgar Wright ficha a Jon Hamm para Baby Driver y Judy Greer ser&aacute; otra vez Cornelia en War of the Planet of the Apes, un nuevo cartel IMAX de Star Wars: El Despertar de la Fuerza (pero no precisamente bonito), Joe Dante regresa al terror con Labirintus al tiempo que Annabelle tendr&aacute; secuela, Chirstopher McQuarrie podr&iacute;a estar participando en el gui&oacute;n de Star Wars Anthology: Rogue One y nuevo avance del regreso de Expediente X&#8230;\"}]},{\"@type\":\"WebSite\",\"@id\":\"https:\/\/www.uruloki.org\/felipeblog\/#website\",\"url\":\"https:\/\/www.uruloki.org\/felipeblog\/\",\"name\":\"Uruloki :: Blog\",\"description\":\"Blog de cine, terror, ciencia ficci\u00f3n, fantas\u00eda y c\u00f3mics\",\"potentialAction\":[{\"@type\":\"SearchAction\",\"target\":{\"@type\":\"EntryPoint\",\"urlTemplate\":\"https:\/\/www.uruloki.org\/felipeblog\/?s={search_term_string}\"},\"query-input\":{\"@type\":\"PropertyValueSpecification\",\"valueRequired\":true,\"valueName\":\"search_term_string\"}}],\"inLanguage\":\"es\"},{\"@type\":\"Person\",\"@id\":\"https:\/\/www.uruloki.org\/felipeblog\/#\/schema\/person\/ddba06ddaa27edf0c370460d05c51bb3\",\"name\":\"Uruloki\",\"image\":{\"@type\":\"ImageObject\",\"inLanguage\":\"es\",\"@id\":\"https:\/\/www.uruloki.org\/felipeblog\/#\/schema\/person\/image\/\",\"url\":\"https:\/\/secure.gravatar.com\/avatar\/68d5301c5f52ba88fd63f02c75b8c4d1b3c3fc4b21e2998a1e98c4b3a54d9f7c?s=96&d=mm&r=g\",\"contentUrl\":\"https:\/\/secure.gravatar.com\/avatar\/68d5301c5f52ba88fd63f02c75b8c4d1b3c3fc4b21e2998a1e98c4b3a54d9f7c?s=96&d=mm&r=g\",\"caption\":\"Uruloki\"},\"sameAs\":[\"https:\/\/uruloki.org\"],\"url\":\"https:\/\/www.uruloki.org\/felipeblog\/author\/admin-2-2-2\"}]}<\/script>\n<!-- \/ Yoast SEO plugin. -->","yoast_head_json":{"title":"Edgar Wright ficha a Jon Hamm para Baby Driver","description":"Adelantan en TheWrap que Jon Hamm se suma a Ansel Elgort y Jamie Foxx en Baby Driver de Edgar Wright. El veterano actor encarnar\u00e1 a uno de los villanos de la pel\u00edcula.","robots":{"index":"index","follow":"follow","max-snippet":"max-snippet:-1","max-image-preview":"max-image-preview:large","max-video-preview":"max-video-preview:-1"},"canonical":"https:\/\/www.uruloki.org\/felipeblog\/cine\/edgar-wright-ficha-a-jon-hamm-para-baby-driver-y-judy-greer-ser-otra-vez-cornelia-en-war-of-the-planet-of-the-apes-un-nuevo-cartel-imax-de-star-wars-el-despertar-de-la-fuerza-pero-no-precis","og_locale":"es_ES","og_type":"article","og_title":"Edgar Wright ficha a Jon Hamm para Baby Driver","og_description":"Adelantan en TheWrap que Jon Hamm se suma a Ansel Elgort y Jamie Foxx en Baby Driver de Edgar Wright. El veterano actor encarnar\u00e1 a uno de los villanos de la pel\u00edcula.","og_url":"https:\/\/www.uruloki.org\/felipeblog\/cine\/edgar-wright-ficha-a-jon-hamm-para-baby-driver-y-judy-greer-ser-otra-vez-cornelia-en-war-of-the-planet-of-the-apes-un-nuevo-cartel-imax-de-star-wars-el-despertar-de-la-fuerza-pero-no-precis","og_site_name":"Uruloki :: Blog","article_publisher":"https:\/\/www.facebook.com\/uruloki.org","article_published_time":"2015-10-21T21:03:28+00:00","og_image":[{"url":"https:\/\/uruloki.org\/felipeblog\/images2015\/20151021-starwars.jpg","type":"","width":"","height":""}],"author":"Uruloki","twitter_card":"summary_large_image","twitter_creator":"@uruloki","twitter_site":"@uruloki","twitter_misc":{"Escrito por":"Uruloki","Tiempo de lectura":"3 minutos"},"schema":{"@context":"https:\/\/schema.org","@graph":[{"@type":"WebPage","@id":"https:\/\/www.uruloki.org\/felipeblog\/cine\/edgar-wright-ficha-a-jon-hamm-para-baby-driver-y-judy-greer-ser-otra-vez-cornelia-en-war-of-the-planet-of-the-apes-un-nuevo-cartel-imax-de-star-wars-el-despertar-de-la-fuerza-pero-no-precis","url":"https:\/\/www.uruloki.org\/felipeblog\/cine\/edgar-wright-ficha-a-jon-hamm-para-baby-driver-y-judy-greer-ser-otra-vez-cornelia-en-war-of-the-planet-of-the-apes-un-nuevo-cartel-imax-de-star-wars-el-despertar-de-la-fuerza-pero-no-precis","name":"Edgar Wright ficha a Jon Hamm para Baby Driver","isPartOf":{"@id":"https:\/\/www.uruloki.org\/felipeblog\/#website"},"primaryImageOfPage":{"@id":"https:\/\/www.uruloki.org\/felipeblog\/cine\/edgar-wright-ficha-a-jon-hamm-para-baby-driver-y-judy-greer-ser-otra-vez-cornelia-en-war-of-the-planet-of-the-apes-un-nuevo-cartel-imax-de-star-wars-el-despertar-de-la-fuerza-pero-no-precis#primaryimage"},"image":{"@id":"https:\/\/www.uruloki.org\/felipeblog\/cine\/edgar-wright-ficha-a-jon-hamm-para-baby-driver-y-judy-greer-ser-otra-vez-cornelia-en-war-of-the-planet-of-the-apes-un-nuevo-cartel-imax-de-star-wars-el-despertar-de-la-fuerza-pero-no-precis#primaryimage"},"thumbnailUrl":"https:\/\/uruloki.org\/felipeblog\/images2015\/20151021-starwars.jpg","datePublished":"2015-10-21T21:03:28+00:00","dateModified":"2015-10-21T21:03:28+00:00","author":{"@id":"https:\/\/www.uruloki.org\/felipeblog\/#\/schema\/person\/ddba06ddaa27edf0c370460d05c51bb3"},"description":"Adelantan en TheWrap que Jon Hamm se suma a Ansel Elgort y Jamie Foxx en Baby Driver de Edgar Wright. El veterano actor encarnar\u00e1 a uno de los villanos de la pel\u00edcula.","breadcrumb":{"@id":"https:\/\/www.uruloki.org\/felipeblog\/cine\/edgar-wright-ficha-a-jon-hamm-para-baby-driver-y-judy-greer-ser-otra-vez-cornelia-en-war-of-the-planet-of-the-apes-un-nuevo-cartel-imax-de-star-wars-el-despertar-de-la-fuerza-pero-no-precis#breadcrumb"},"inLanguage":"es","potentialAction":[{"@type":"ReadAction","target":["https:\/\/www.uruloki.org\/felipeblog\/cine\/edgar-wright-ficha-a-jon-hamm-para-baby-driver-y-judy-greer-ser-otra-vez-cornelia-en-war-of-the-planet-of-the-apes-un-nuevo-cartel-imax-de-star-wars-el-despertar-de-la-fuerza-pero-no-precis"]}]},{"@type":"ImageObject","inLanguage":"es","@id":"https:\/\/www.uruloki.org\/felipeblog\/cine\/edgar-wright-ficha-a-jon-hamm-para-baby-driver-y-judy-greer-ser-otra-vez-cornelia-en-war-of-the-planet-of-the-apes-un-nuevo-cartel-imax-de-star-wars-el-despertar-de-la-fuerza-pero-no-precis#primaryimage","url":"https:\/\/uruloki.org\/felipeblog\/images2015\/20151021-starwars.jpg","contentUrl":"https:\/\/uruloki.org\/felipeblog\/images2015\/20151021-starwars.jpg"},{"@type":"BreadcrumbList","@id":"https:\/\/www.uruloki.org\/felipeblog\/cine\/edgar-wright-ficha-a-jon-hamm-para-baby-driver-y-judy-greer-ser-otra-vez-cornelia-en-war-of-the-planet-of-the-apes-un-nuevo-cartel-imax-de-star-wars-el-despertar-de-la-fuerza-pero-no-precis#breadcrumb","itemListElement":[{"@type":"ListItem","position":1,"name":"Portada","item":"https:\/\/www.uruloki.org\/felipeblog"},{"@type":"ListItem","position":2,"name":"Edgar Wright ficha a Jon Hamm para Baby Driver y Judy Greer ser&aacute; otra vez Cornelia en War of the Planet of the Apes, un nuevo cartel IMAX de Star Wars: El Despertar de la Fuerza (pero no precisamente bonito), Joe Dante regresa al terror con Labirintus al tiempo que Annabelle tendr&aacute; secuela, Chirstopher McQuarrie podr&iacute;a estar participando en el gui&oacute;n de Star Wars Anthology: Rogue One y nuevo avance del regreso de Expediente X&#8230;"}]},{"@type":"WebSite","@id":"https:\/\/www.uruloki.org\/felipeblog\/#website","url":"https:\/\/www.uruloki.org\/felipeblog\/","name":"Uruloki :: Blog","description":"Blog de cine, terror, ciencia ficci\u00f3n, fantas\u00eda y c\u00f3mics","potentialAction":[{"@type":"SearchAction","target":{"@type":"EntryPoint","urlTemplate":"https:\/\/www.uruloki.org\/felipeblog\/?s={search_term_string}"},"query-input":{"@type":"PropertyValueSpecification","valueRequired":true,"valueName":"search_term_string"}}],"inLanguage":"es"},{"@type":"Person","@id":"https:\/\/www.uruloki.org\/felipeblog\/#\/schema\/person\/ddba06ddaa27edf0c370460d05c51bb3","name":"Uruloki","image":{"@type":"ImageObject","inLanguage":"es","@id":"https:\/\/www.uruloki.org\/felipeblog\/#\/schema\/person\/image\/","url":"https:\/\/secure.gravatar.com\/avatar\/68d5301c5f52ba88fd63f02c75b8c4d1b3c3fc4b21e2998a1e98c4b3a54d9f7c?s=96&d=mm&r=g","contentUrl":"https:\/\/secure.gravatar.com\/avatar\/68d5301c5f52ba88fd63f02c75b8c4d1b3c3fc4b21e2998a1e98c4b3a54d9f7c?s=96&d=mm&r=g","caption":"Uruloki"},"sameAs":["https:\/\/uruloki.org"],"url":"https:\/\/www.uruloki.org\/felipeblog\/author\/admin-2-2-2"}]}},"_links":{"self":[{"href":"https:\/\/www.uruloki.org\/felipeblog\/wp-json\/wp\/v2\/posts\/14948","targetHints":{"allow":["GET"]}}],"collection":[{"href":"https:\/\/www.uruloki.org\/felipeblog\/wp-json\/wp\/v2\/posts"}],"about":[{"href":"https:\/\/www.uruloki.org\/felipeblog\/wp-json\/wp\/v2\/types\/post"}],"author":[{"embeddable":true,"href":"https:\/\/www.uruloki.org\/felipeblog\/wp-json\/wp\/v2\/users\/28"}],"replies":[{"embeddable":true,"href":"https:\/\/www.uruloki.org\/felipeblog\/wp-json\/wp\/v2\/comments?post=14948"}],"version-history":[{"count":1,"href":"https:\/\/www.uruloki.org\/felipeblog\/wp-json\/wp\/v2\/posts\/14948\/revisions"}],"predecessor-version":[{"id":14949,"href":"https:\/\/www.uruloki.org\/felipeblog\/wp-json\/wp\/v2\/posts\/14948\/revisions\/14949"}],"wp:attachment":[{"href":"https:\/\/www.uruloki.org\/felipeblog\/wp-json\/wp\/v2\/media?parent=14948"}],"wp:term":[{"taxonomy":"category","embeddable":true,"href":"https:\/\/www.uruloki.org\/felipeblog\/wp-json\/wp\/v2\/categories?post=14948"},{"taxonomy":"post_tag","embeddable":true,"href":"https:\/\/www.uruloki.org\/felipeblog\/wp-json\/wp\/v2\/tags?post=14948"}],"curies":[{"name":"wp","href":"https:\/\/api.w.org\/{rel}","templated":true}]}}