{"id":14730,"date":"2015-08-18T22:53:13","date_gmt":"2015-08-18T20:53:13","guid":{"rendered":"https:\/\/uruloki.org\/felipeblog\/?p=14730"},"modified":"2015-08-18T22:53:13","modified_gmt":"2015-08-18T20:53:13","slug":"el-primer-cartel-y-trailer-de-victor-frankenstein-o-una-nueva-vuelta-de-tuerca-al-mito-creado-por-mary-shelley-en-modo-daniel-radcliffe-y-james-mcavoy","status":"publish","type":"post","link":"https:\/\/www.uruloki.org\/felipeblog\/cine-de-terror\/el-primer-cartel-y-trailer-de-victor-frankenstein-o-una-nueva-vuelta-de-tuerca-al-mito-creado-por-mary-shelley-en-modo-daniel-radcliffe-y-james-mcavoy","title":{"rendered":"El primer cartel y trailer de Victor Frankenstein, o una nueva vuelta de tuerca al mito creado por Mary Shelley en modo Daniel Radcliffe y James McAvoy&#8230;"},"content":{"rendered":"<p>Pues la verdad, de la forma m&aacute;s inesperada posible ha aparecido en la red el primer trailer de <strong>Victor Frankenstein<\/strong> (2015) de <strong>Paul McGuigan<\/strong>, gui&oacute;n de <strong>Max Landis<\/strong>, cosa por la que podemos tener algo de ilusi&oacute;n. Vale, visualmente interesante, qu&eacute; no lo es hoy en d&iacute;a, pero tratando de innovar con un giro &quot;inesperado&quot; de la historia&#8230; el punto de vista de la vida y obra de <strong>Frankenstein<\/strong> (<em>McAvoy<\/em>) nos la ofrece su ahora protegido <strong>Igor Strausman<\/strong> (<em>Radcliffe<\/em>). La cosa parece ser que no pasar&aacute; de ser una <em>monster movie<\/em> moderna, con pruebas, pruebas y m&aacute;s pruebas&#8230; hasta obtener el bicharraco final que har&aacute; cosas funestas. Parece un producto un pel&iacute;n gen&eacute;rico&#8230; &iquest;no? Junto las estrellas brit&aacute;nicas, calvo est&aacute; el bueno de <strong>McAvoy<\/strong>, pues <strong>Jessica Brown Findlay<\/strong> o <strong>Andrew Scott<\/strong>.<\/p>\n<div class=\"video\"><iframe loading=\"lazy\" width=\"100%\" height=\"380\" src=\"https:\/\/www.youtube.com\/embed\/7pxZxY_Siyc\" allowfullscreen=\"true\"><\/iframe><\/div>\n<p>Aqu&iacute; abajo os dejo con la versi&oacute;n brit&aacute;nica del mismo trailer, alguna escena diferente pero la misma propuesta que el anterior, y un horroroso o monstruoso primer cartel&#8230; casi da m&aacute;s miedo que la propia criatura. Eso s&iacute;, los FX de la compa&ntilde;&iacute;a brit&aacute;nica <strong>Millennium FX<\/strong>, ha trabajado un porr&oacute;n ofreciendo efectos de primer nivel para <strong>&quot;Doctor Who&quot; <\/strong>(2005-&iquest;?) as&iacute; que mola.<\/p>\n<div class=\"video\"><iframe loading=\"lazy\" width=\"100%\" height=\"380\" src=\"https:\/\/www.youtube.com\/embed\/uOi62LUywhc\" allowfullscreen=\"true\"><\/iframe><\/div>\n<p class=\"centrado\"><img loading=\"lazy\" decoding=\"async\" src=\"https:\/\/uruloki.org\/felipeblog\/images2015\/20150818-victorfrankenstein.jpg\" alt=\"El primer cartel de Victor Frankenstein... monstruoso\" width=\"625\" height=\"926\" \/><br \/><em>El primer cartel de Victor Frankenstein&#8230; monstruoso<\/em> <\/p>\n","protected":false},"excerpt":{"rendered":"<p>Pues la verdad, de la forma m&aacute;s inesperada posible ha aparecido en la red el primer trailer de Victor Frankenstein (2015) de Paul McGuigan, gui&oacute;n de Max Landis, cosa por la que podemos tener algo de ilusi&oacute;n. Vale, visualmente interesante, qu&eacute; no lo es hoy en d&iacute;a, pero tratando de innovar con un giro &quot;inesperado&quot; [&hellip;]<\/p>\n","protected":false},"author":28,"featured_media":0,"comment_status":"open","ping_status":"open","sticky":false,"template":"","format":"standard","meta":{"footnotes":""},"categories":[9,19],"tags":[3047],"class_list":["post-14730","post","type-post","status-publish","format-standard","hentry","category-cine-de-terror","category-cine-inclasificable","tag-victor-frankenstein"],"yoast_head":"<!-- This site is optimized with the Yoast SEO plugin v24.3 - https:\/\/yoast.com\/wordpress\/plugins\/seo\/ -->\n<title>El primer cartel y trailer de Victor Frankenstein, o una nueva vuelta de tuerca al mito creado por Mary Shelley en modo Daniel Radcliffe y James McAvoy<\/title>\n<meta name=\"description\" content=\"Pues la verdad, de la forma m\u00e1s inesperada posible ha aparecido en la red el primer trailer de Victor Frankenstein de Paul McGuigan, gui\u00f3n de Max Landis, cosa por la que podemos tener algo de ilusi\u00f3n.\" \/>\n<meta name=\"robots\" content=\"index, follow, max-snippet:-1, max-image-preview:large, max-video-preview:-1\" \/>\n<link rel=\"canonical\" href=\"https:\/\/www.uruloki.org\/felipeblog\/cine-de-terror\/el-primer-cartel-y-trailer-de-victor-frankenstein-o-una-nueva-vuelta-de-tuerca-al-mito-creado-por-mary-shelley-en-modo-daniel-radcliffe-y-james-mcavoy\" \/>\n<meta property=\"og:locale\" content=\"es_ES\" \/>\n<meta property=\"og:type\" content=\"article\" \/>\n<meta property=\"og:title\" content=\"El primer cartel y trailer de Victor Frankenstein, o una nueva vuelta de tuerca al mito creado por Mary Shelley en modo Daniel Radcliffe y James McAvoy\" \/>\n<meta property=\"og:description\" content=\"Pues la verdad, de la forma m\u00e1s inesperada posible ha aparecido en la red el primer trailer de Victor Frankenstein de Paul McGuigan, gui\u00f3n de Max Landis, cosa por la que podemos tener algo de ilusi\u00f3n.\" \/>\n<meta property=\"og:url\" content=\"https:\/\/www.uruloki.org\/felipeblog\/cine-de-terror\/el-primer-cartel-y-trailer-de-victor-frankenstein-o-una-nueva-vuelta-de-tuerca-al-mito-creado-por-mary-shelley-en-modo-daniel-radcliffe-y-james-mcavoy\" \/>\n<meta property=\"og:site_name\" content=\"Uruloki :: Blog\" \/>\n<meta property=\"article:publisher\" content=\"https:\/\/www.facebook.com\/uruloki.org\" \/>\n<meta property=\"article:published_time\" content=\"2015-08-18T20:53:13+00:00\" \/>\n<meta property=\"og:image\" content=\"https:\/\/uruloki.org\/felipeblog\/images2015\/20150818-victorfrankenstein.jpg\" \/>\n<meta name=\"author\" content=\"Uruloki\" \/>\n<meta name=\"twitter:card\" content=\"summary_large_image\" \/>\n<meta name=\"twitter:creator\" content=\"@uruloki\" \/>\n<meta name=\"twitter:site\" content=\"@uruloki\" \/>\n<meta name=\"twitter:label1\" content=\"Escrito por\" \/>\n\t<meta name=\"twitter:data1\" content=\"Uruloki\" \/>\n\t<meta name=\"twitter:label2\" content=\"Tiempo de lectura\" \/>\n\t<meta name=\"twitter:data2\" content=\"1 minuto\" \/>\n<script type=\"application\/ld+json\" class=\"yoast-schema-graph\">{\"@context\":\"https:\/\/schema.org\",\"@graph\":[{\"@type\":\"WebPage\",\"@id\":\"https:\/\/www.uruloki.org\/felipeblog\/cine-de-terror\/el-primer-cartel-y-trailer-de-victor-frankenstein-o-una-nueva-vuelta-de-tuerca-al-mito-creado-por-mary-shelley-en-modo-daniel-radcliffe-y-james-mcavoy\",\"url\":\"https:\/\/www.uruloki.org\/felipeblog\/cine-de-terror\/el-primer-cartel-y-trailer-de-victor-frankenstein-o-una-nueva-vuelta-de-tuerca-al-mito-creado-por-mary-shelley-en-modo-daniel-radcliffe-y-james-mcavoy\",\"name\":\"El primer cartel y trailer de Victor Frankenstein, o una nueva vuelta de tuerca al mito creado por Mary Shelley en modo Daniel Radcliffe y James McAvoy\",\"isPartOf\":{\"@id\":\"https:\/\/www.uruloki.org\/felipeblog\/#website\"},\"primaryImageOfPage\":{\"@id\":\"https:\/\/www.uruloki.org\/felipeblog\/cine-de-terror\/el-primer-cartel-y-trailer-de-victor-frankenstein-o-una-nueva-vuelta-de-tuerca-al-mito-creado-por-mary-shelley-en-modo-daniel-radcliffe-y-james-mcavoy#primaryimage\"},\"image\":{\"@id\":\"https:\/\/www.uruloki.org\/felipeblog\/cine-de-terror\/el-primer-cartel-y-trailer-de-victor-frankenstein-o-una-nueva-vuelta-de-tuerca-al-mito-creado-por-mary-shelley-en-modo-daniel-radcliffe-y-james-mcavoy#primaryimage\"},\"thumbnailUrl\":\"https:\/\/uruloki.org\/felipeblog\/images2015\/20150818-victorfrankenstein.jpg\",\"datePublished\":\"2015-08-18T20:53:13+00:00\",\"dateModified\":\"2015-08-18T20:53:13+00:00\",\"author\":{\"@id\":\"https:\/\/www.uruloki.org\/felipeblog\/#\/schema\/person\/ddba06ddaa27edf0c370460d05c51bb3\"},\"description\":\"Pues la verdad, de la forma m\u00e1s inesperada posible ha aparecido en la red el primer trailer de Victor Frankenstein de Paul McGuigan, gui\u00f3n de Max Landis, cosa por la que podemos tener algo de ilusi\u00f3n.\",\"breadcrumb\":{\"@id\":\"https:\/\/www.uruloki.org\/felipeblog\/cine-de-terror\/el-primer-cartel-y-trailer-de-victor-frankenstein-o-una-nueva-vuelta-de-tuerca-al-mito-creado-por-mary-shelley-en-modo-daniel-radcliffe-y-james-mcavoy#breadcrumb\"},\"inLanguage\":\"es\",\"potentialAction\":[{\"@type\":\"ReadAction\",\"target\":[\"https:\/\/www.uruloki.org\/felipeblog\/cine-de-terror\/el-primer-cartel-y-trailer-de-victor-frankenstein-o-una-nueva-vuelta-de-tuerca-al-mito-creado-por-mary-shelley-en-modo-daniel-radcliffe-y-james-mcavoy\"]}]},{\"@type\":\"ImageObject\",\"inLanguage\":\"es\",\"@id\":\"https:\/\/www.uruloki.org\/felipeblog\/cine-de-terror\/el-primer-cartel-y-trailer-de-victor-frankenstein-o-una-nueva-vuelta-de-tuerca-al-mito-creado-por-mary-shelley-en-modo-daniel-radcliffe-y-james-mcavoy#primaryimage\",\"url\":\"https:\/\/uruloki.org\/felipeblog\/images2015\/20150818-victorfrankenstein.jpg\",\"contentUrl\":\"https:\/\/uruloki.org\/felipeblog\/images2015\/20150818-victorfrankenstein.jpg\"},{\"@type\":\"BreadcrumbList\",\"@id\":\"https:\/\/www.uruloki.org\/felipeblog\/cine-de-terror\/el-primer-cartel-y-trailer-de-victor-frankenstein-o-una-nueva-vuelta-de-tuerca-al-mito-creado-por-mary-shelley-en-modo-daniel-radcliffe-y-james-mcavoy#breadcrumb\",\"itemListElement\":[{\"@type\":\"ListItem\",\"position\":1,\"name\":\"Portada\",\"item\":\"https:\/\/www.uruloki.org\/felipeblog\"},{\"@type\":\"ListItem\",\"position\":2,\"name\":\"El primer cartel y trailer de Victor Frankenstein, o una nueva vuelta de tuerca al mito creado por Mary Shelley en modo Daniel Radcliffe y James McAvoy&#8230;\"}]},{\"@type\":\"WebSite\",\"@id\":\"https:\/\/www.uruloki.org\/felipeblog\/#website\",\"url\":\"https:\/\/www.uruloki.org\/felipeblog\/\",\"name\":\"Uruloki :: Blog\",\"description\":\"Blog de cine, terror, ciencia ficci\u00f3n, fantas\u00eda y c\u00f3mics\",\"potentialAction\":[{\"@type\":\"SearchAction\",\"target\":{\"@type\":\"EntryPoint\",\"urlTemplate\":\"https:\/\/www.uruloki.org\/felipeblog\/?s={search_term_string}\"},\"query-input\":{\"@type\":\"PropertyValueSpecification\",\"valueRequired\":true,\"valueName\":\"search_term_string\"}}],\"inLanguage\":\"es\"},{\"@type\":\"Person\",\"@id\":\"https:\/\/www.uruloki.org\/felipeblog\/#\/schema\/person\/ddba06ddaa27edf0c370460d05c51bb3\",\"name\":\"Uruloki\",\"image\":{\"@type\":\"ImageObject\",\"inLanguage\":\"es\",\"@id\":\"https:\/\/www.uruloki.org\/felipeblog\/#\/schema\/person\/image\/\",\"url\":\"https:\/\/secure.gravatar.com\/avatar\/68d5301c5f52ba88fd63f02c75b8c4d1b3c3fc4b21e2998a1e98c4b3a54d9f7c?s=96&d=mm&r=g\",\"contentUrl\":\"https:\/\/secure.gravatar.com\/avatar\/68d5301c5f52ba88fd63f02c75b8c4d1b3c3fc4b21e2998a1e98c4b3a54d9f7c?s=96&d=mm&r=g\",\"caption\":\"Uruloki\"},\"sameAs\":[\"https:\/\/uruloki.org\"],\"url\":\"https:\/\/www.uruloki.org\/felipeblog\/author\/admin-2-2-2\"}]}<\/script>\n<!-- \/ Yoast SEO plugin. -->","yoast_head_json":{"title":"El primer cartel y trailer de Victor Frankenstein, o una nueva vuelta de tuerca al mito creado por Mary Shelley en modo Daniel Radcliffe y James McAvoy","description":"Pues la verdad, de la forma m\u00e1s inesperada posible ha aparecido en la red el primer trailer de Victor Frankenstein de Paul McGuigan, gui\u00f3n de Max Landis, cosa por la que podemos tener algo de ilusi\u00f3n.","robots":{"index":"index","follow":"follow","max-snippet":"max-snippet:-1","max-image-preview":"max-image-preview:large","max-video-preview":"max-video-preview:-1"},"canonical":"https:\/\/www.uruloki.org\/felipeblog\/cine-de-terror\/el-primer-cartel-y-trailer-de-victor-frankenstein-o-una-nueva-vuelta-de-tuerca-al-mito-creado-por-mary-shelley-en-modo-daniel-radcliffe-y-james-mcavoy","og_locale":"es_ES","og_type":"article","og_title":"El primer cartel y trailer de Victor Frankenstein, o una nueva vuelta de tuerca al mito creado por Mary Shelley en modo Daniel Radcliffe y James McAvoy","og_description":"Pues la verdad, de la forma m\u00e1s inesperada posible ha aparecido en la red el primer trailer de Victor Frankenstein de Paul McGuigan, gui\u00f3n de Max Landis, cosa por la que podemos tener algo de ilusi\u00f3n.","og_url":"https:\/\/www.uruloki.org\/felipeblog\/cine-de-terror\/el-primer-cartel-y-trailer-de-victor-frankenstein-o-una-nueva-vuelta-de-tuerca-al-mito-creado-por-mary-shelley-en-modo-daniel-radcliffe-y-james-mcavoy","og_site_name":"Uruloki :: Blog","article_publisher":"https:\/\/www.facebook.com\/uruloki.org","article_published_time":"2015-08-18T20:53:13+00:00","og_image":[{"url":"https:\/\/uruloki.org\/felipeblog\/images2015\/20150818-victorfrankenstein.jpg","type":"","width":"","height":""}],"author":"Uruloki","twitter_card":"summary_large_image","twitter_creator":"@uruloki","twitter_site":"@uruloki","twitter_misc":{"Escrito por":"Uruloki","Tiempo de lectura":"1 minuto"},"schema":{"@context":"https:\/\/schema.org","@graph":[{"@type":"WebPage","@id":"https:\/\/www.uruloki.org\/felipeblog\/cine-de-terror\/el-primer-cartel-y-trailer-de-victor-frankenstein-o-una-nueva-vuelta-de-tuerca-al-mito-creado-por-mary-shelley-en-modo-daniel-radcliffe-y-james-mcavoy","url":"https:\/\/www.uruloki.org\/felipeblog\/cine-de-terror\/el-primer-cartel-y-trailer-de-victor-frankenstein-o-una-nueva-vuelta-de-tuerca-al-mito-creado-por-mary-shelley-en-modo-daniel-radcliffe-y-james-mcavoy","name":"El primer cartel y trailer de Victor Frankenstein, o una nueva vuelta de tuerca al mito creado por Mary Shelley en modo Daniel Radcliffe y James McAvoy","isPartOf":{"@id":"https:\/\/www.uruloki.org\/felipeblog\/#website"},"primaryImageOfPage":{"@id":"https:\/\/www.uruloki.org\/felipeblog\/cine-de-terror\/el-primer-cartel-y-trailer-de-victor-frankenstein-o-una-nueva-vuelta-de-tuerca-al-mito-creado-por-mary-shelley-en-modo-daniel-radcliffe-y-james-mcavoy#primaryimage"},"image":{"@id":"https:\/\/www.uruloki.org\/felipeblog\/cine-de-terror\/el-primer-cartel-y-trailer-de-victor-frankenstein-o-una-nueva-vuelta-de-tuerca-al-mito-creado-por-mary-shelley-en-modo-daniel-radcliffe-y-james-mcavoy#primaryimage"},"thumbnailUrl":"https:\/\/uruloki.org\/felipeblog\/images2015\/20150818-victorfrankenstein.jpg","datePublished":"2015-08-18T20:53:13+00:00","dateModified":"2015-08-18T20:53:13+00:00","author":{"@id":"https:\/\/www.uruloki.org\/felipeblog\/#\/schema\/person\/ddba06ddaa27edf0c370460d05c51bb3"},"description":"Pues la verdad, de la forma m\u00e1s inesperada posible ha aparecido en la red el primer trailer de Victor Frankenstein de Paul McGuigan, gui\u00f3n de Max Landis, cosa por la que podemos tener algo de ilusi\u00f3n.","breadcrumb":{"@id":"https:\/\/www.uruloki.org\/felipeblog\/cine-de-terror\/el-primer-cartel-y-trailer-de-victor-frankenstein-o-una-nueva-vuelta-de-tuerca-al-mito-creado-por-mary-shelley-en-modo-daniel-radcliffe-y-james-mcavoy#breadcrumb"},"inLanguage":"es","potentialAction":[{"@type":"ReadAction","target":["https:\/\/www.uruloki.org\/felipeblog\/cine-de-terror\/el-primer-cartel-y-trailer-de-victor-frankenstein-o-una-nueva-vuelta-de-tuerca-al-mito-creado-por-mary-shelley-en-modo-daniel-radcliffe-y-james-mcavoy"]}]},{"@type":"ImageObject","inLanguage":"es","@id":"https:\/\/www.uruloki.org\/felipeblog\/cine-de-terror\/el-primer-cartel-y-trailer-de-victor-frankenstein-o-una-nueva-vuelta-de-tuerca-al-mito-creado-por-mary-shelley-en-modo-daniel-radcliffe-y-james-mcavoy#primaryimage","url":"https:\/\/uruloki.org\/felipeblog\/images2015\/20150818-victorfrankenstein.jpg","contentUrl":"https:\/\/uruloki.org\/felipeblog\/images2015\/20150818-victorfrankenstein.jpg"},{"@type":"BreadcrumbList","@id":"https:\/\/www.uruloki.org\/felipeblog\/cine-de-terror\/el-primer-cartel-y-trailer-de-victor-frankenstein-o-una-nueva-vuelta-de-tuerca-al-mito-creado-por-mary-shelley-en-modo-daniel-radcliffe-y-james-mcavoy#breadcrumb","itemListElement":[{"@type":"ListItem","position":1,"name":"Portada","item":"https:\/\/www.uruloki.org\/felipeblog"},{"@type":"ListItem","position":2,"name":"El primer cartel y trailer de Victor Frankenstein, o una nueva vuelta de tuerca al mito creado por Mary Shelley en modo Daniel Radcliffe y James McAvoy&#8230;"}]},{"@type":"WebSite","@id":"https:\/\/www.uruloki.org\/felipeblog\/#website","url":"https:\/\/www.uruloki.org\/felipeblog\/","name":"Uruloki :: Blog","description":"Blog de cine, terror, ciencia ficci\u00f3n, fantas\u00eda y c\u00f3mics","potentialAction":[{"@type":"SearchAction","target":{"@type":"EntryPoint","urlTemplate":"https:\/\/www.uruloki.org\/felipeblog\/?s={search_term_string}"},"query-input":{"@type":"PropertyValueSpecification","valueRequired":true,"valueName":"search_term_string"}}],"inLanguage":"es"},{"@type":"Person","@id":"https:\/\/www.uruloki.org\/felipeblog\/#\/schema\/person\/ddba06ddaa27edf0c370460d05c51bb3","name":"Uruloki","image":{"@type":"ImageObject","inLanguage":"es","@id":"https:\/\/www.uruloki.org\/felipeblog\/#\/schema\/person\/image\/","url":"https:\/\/secure.gravatar.com\/avatar\/68d5301c5f52ba88fd63f02c75b8c4d1b3c3fc4b21e2998a1e98c4b3a54d9f7c?s=96&d=mm&r=g","contentUrl":"https:\/\/secure.gravatar.com\/avatar\/68d5301c5f52ba88fd63f02c75b8c4d1b3c3fc4b21e2998a1e98c4b3a54d9f7c?s=96&d=mm&r=g","caption":"Uruloki"},"sameAs":["https:\/\/uruloki.org"],"url":"https:\/\/www.uruloki.org\/felipeblog\/author\/admin-2-2-2"}]}},"_links":{"self":[{"href":"https:\/\/www.uruloki.org\/felipeblog\/wp-json\/wp\/v2\/posts\/14730","targetHints":{"allow":["GET"]}}],"collection":[{"href":"https:\/\/www.uruloki.org\/felipeblog\/wp-json\/wp\/v2\/posts"}],"about":[{"href":"https:\/\/www.uruloki.org\/felipeblog\/wp-json\/wp\/v2\/types\/post"}],"author":[{"embeddable":true,"href":"https:\/\/www.uruloki.org\/felipeblog\/wp-json\/wp\/v2\/users\/28"}],"replies":[{"embeddable":true,"href":"https:\/\/www.uruloki.org\/felipeblog\/wp-json\/wp\/v2\/comments?post=14730"}],"version-history":[{"count":1,"href":"https:\/\/www.uruloki.org\/felipeblog\/wp-json\/wp\/v2\/posts\/14730\/revisions"}],"predecessor-version":[{"id":14731,"href":"https:\/\/www.uruloki.org\/felipeblog\/wp-json\/wp\/v2\/posts\/14730\/revisions\/14731"}],"wp:attachment":[{"href":"https:\/\/www.uruloki.org\/felipeblog\/wp-json\/wp\/v2\/media?parent=14730"}],"wp:term":[{"taxonomy":"category","embeddable":true,"href":"https:\/\/www.uruloki.org\/felipeblog\/wp-json\/wp\/v2\/categories?post=14730"},{"taxonomy":"post_tag","embeddable":true,"href":"https:\/\/www.uruloki.org\/felipeblog\/wp-json\/wp\/v2\/tags?post=14730"}],"curies":[{"name":"wp","href":"https:\/\/api.w.org\/{rel}","templated":true}]}}