{"id":14676,"date":"2015-08-01T18:38:31","date_gmt":"2015-08-01T16:38:31","guid":{"rendered":"https:\/\/uruloki.org\/felipeblog\/?p=14676"},"modified":"2015-08-01T18:39:22","modified_gmt":"2015-08-01T16:39:22","slug":"batman-v-superman-el-amanecer-de-la-justicia-y-quienes-seran-jena-malone-y-scott-mcnairy","status":"publish","type":"post","link":"https:\/\/www.uruloki.org\/felipeblog\/personalisimo\/batman-v-superman-el-amanecer-de-la-justicia-y-quienes-seran-jena-malone-y-scott-mcnairy","title":{"rendered":"Batman v Superman: El Amanecer de la Justicia y qui&eacute;nes ser&aacute;n Jena Malone y Scott McNairy, as&iacute; es el logo de &quot;Marvel&#8217;s Jessica Jones&quot;, puede que el rey del hampa Cornell Cottonmouth sea el gran villano de &quot;Marvel&#8217;s Luke Cage&quot;, primera imagen de Lucy Lawless en &quot;Ash vs. Evil Dead&quot; y ha fallecido Roddy Piper&#8230;"},"content":{"rendered":"<p>Falta menos para la partida, ya s&oacute;lo dos d&iacute;as, y a partir de la semana que viene tocar&aacute; relajarse mucho, descansar, tomar el sol, y pillar fuerzas para el retorno al trabajo y otros menesteres. Arranco el d&iacute;a con tres rumores dedicados al mundo comiquero compartido por <strong>Marvel<\/strong> y <strong>DC<\/strong>. Todos los rumores salen de la misma fuente as&iacute; que habr&aacute; de ser tomados con pinzas por si las moscas. El primer rumor indica que <a href=\"http:\/\/heroichollywood.com\/home-1\/2015\/7\/30\/rumor-jena-malone-is-playing-barbara-gordon-in-batman-v-superman-doj\" target=\"_blank\"><strong>Jena Malone<\/strong> podr&iacute;a encarnar a <strong>Barbara Gordon<\/strong><\/a> en <strong>Batman v Superman: El Amanecer de la Justicia<\/strong> (<em>Batman v Superman: Dawn of Justice<\/em>, 2016). La verdad, a d&iacute;a de hoy no se sabe para qu&eacute; papel fue fichada la actriz, se coment&oacute; que hasta podr&iacute;a ser la versi&oacute;n femenina de <strong>Robin<\/strong>, pero la verdad es que encaja m&aacute;s como la Gordon AKA <strong>Batgirl<\/strong> AKA <strong>Or&aacute;culo<\/strong>. Relacionado con este film el mismo portal indica que <a href=\"http:\/\/heroichollywood.com\/home-1\/2015\/7\/30\/scoot-mcnairy-bvs-role\" target=\"_blank\"><strong>Scott McNairy<\/strong> podr&iacute;a ser <strong>Jimmy Olsen<\/strong><\/a>. El personaje fue olvidado en <strong>El Hombre de Acero<\/strong> (<em>Man of Steel<\/em>, 2013) aunque se le asoci&oacute; un cambio de g&eacute;nero, nunca aclarada la referencia. Ahora el rumor est&aacute; ah&iacute; y podr&iacute;a ser real.<\/p>\n<p class=\"centrado\"><img loading=\"lazy\" decoding=\"async\" src=\"https:\/\/uruloki.org\/felipeblog\/images2015\/20150801-jessicajones.jpg\" alt=\"Logo oficial de AKA Jessica Jones o, por lo que se ve ahora, &quot;Jessica Jones&quot;\" width=\"625\" height=\"305\" \/><br \/><em>Logo oficial de AKA Jessica Jones o, por lo que se ve ahora, &quot;Jessica Jones&quot;<\/em><\/p>\n<p>Aqu&iacute; os dejo con el logo oficial de <strong>&quot;Marvel&#8217;s Jessica Jones&quot;<\/strong> (2015), conocida hasta no hace mucho como <strong>&quot;AKA Jessica Jones&quot;<\/strong>. Poco se puede comentar por ahora, pero podemos recordar quienes trabajan&#8230; <strong>Krysten Ritter<\/strong> como <em>Jessica Jones<\/em>, <strong>David Tennant<\/strong> como <em>Kilgrave<\/em>, <strong>Mike Colter<\/strong> como <em>Luke Cage<\/em>, <strong>Rachael Taylor<\/strong> como <em>Patsy Walker<\/em> o <strong>Carrie-Ann Moss<\/strong> como <em>Harper<\/em>. Y hablando de <strong>Marvel<\/strong>, nuevamente Heroic Hollywood es la que nos indica que <a href=\"http:\/\/heroichollywood.com\/home-1\/2015\/7\/31\/luke-cage-villain-cornell-cottonmouth\" target=\"_blank\"><em>Cornell Cottonmouth<\/em> ser&aacute; uno de los villanos que veremos en <strong>&quot;Luke Cage&quot;<\/strong> (2016)<\/a>. De este personaje comentar que es un se&ntilde;or de la droga de New York, que contaba con superfuerza, con una especie de mand&iacute;bula mec&aacute;nica con dientes afilados en forma de sierra, dependiendo de la versi&oacute;n del personaje, y que era capaz de plantarle cara cuerpo a cuerpo al mism&iacute;simo <em>Luke Cage<\/em> AKA <em>Power Man<\/em>.<\/p>\n<p class=\"centrado\"><img loading=\"lazy\" decoding=\"async\" src=\"https:\/\/uruloki.org\/felipeblog\/images2015\/20150801-ashvsevildead.jpg\" alt=\"Primera imagen de Lucy Lawless como Ruby en &quot;Ash vs. Evil Dead&quot; \" width=\"625\" height=\"500\" \/><br \/><em>Primera imagen de <a href=\"http:\/\/www.comingsoon.net\/movies\/news\/467471-ash-vs-evil-photo-lucy-lawless-as-ruby-in-the-starz-series#\/slide\/1\" target=\"_blank\">Lucy Lawless como Ruby en &quot;Ash vs. Evil Dead&quot;<\/a> <\/em><\/p>\n<p>Tenemos tambi&eacute;n que contar una triste noticia. Ha fallecido <strong>Roddy Piper &quot;el gaitero&quot;<\/strong> a los 61 a&ntilde;os. El m&iacute;tico luchador de la conocida como WWF se hizo un nombre junto a otras figuras ic&oacute;nicas como <strong>Hulk Hogan<\/strong>, <strong>Paul Orndorff<\/strong>, <strong>&quot;Cowboy&quot; Bob Orton<\/strong> o <strong>Mr. T<\/strong>. En mi caso, no soy fan de la WWF, ser&aacute; recordado  por ser el protagonista de <strong>Est&aacute;n vivos<\/strong> (<em>They Live<\/em>, 1988), cl&aacute;sico del gran <strong>John Carpenter<\/strong> que adaptada el relato corto de <strong>Ray Nelson &quot;A las ocho de la ma&ntilde;ana&quot;<\/strong>. <strong>Piper<\/strong> compart&iacute;a pantalla con <strong>Keith David<\/strong>, con quien manten&iacute;a una pelea eterna por unas pu&ntilde;eteras gafas, o <strong>Meg Foster<\/strong>.<\/p>\n<div class=\"video\"><iframe loading=\"lazy\" width=\"100%\" height=\"380\" src=\"https:\/\/www.youtube.com\/embed\/4-MVMbm6c0k\" allowfullscreen=\"true\"><\/iframe><\/div>\n","protected":false},"excerpt":{"rendered":"<p>Falta menos para la partida, ya s&oacute;lo dos d&iacute;as, y a partir de la semana que viene tocar&aacute; relajarse mucho, descansar, tomar el sol, y pillar fuerzas para el retorno al trabajo y otros menesteres. Arranco el d&iacute;a con tres rumores dedicados al mundo comiquero compartido por Marvel y DC. Todos los rumores salen de [&hellip;]<\/p>\n","protected":false},"author":28,"featured_media":0,"comment_status":"open","ping_status":"open","sticky":false,"template":"","format":"standard","meta":{"footnotes":""},"categories":[10,9,4],"tags":[3203,3032,2793,395,1491],"class_list":["post-14676","post","type-post","status-publish","format-standard","hentry","category-cine-de-comics","category-cine-de-terror","category-personalisimo","tag-ash-vs-evil-dead","tag-batman-v-superman-dawn-of-justice","tag-jessica-jones","tag-luke-cage","tag-they-live"],"yoast_head":"<!-- This site is optimized with the Yoast SEO plugin v24.3 - https:\/\/yoast.com\/wordpress\/plugins\/seo\/ -->\n<title>Batman v Superman y qui\u00e9nes ser\u00e1n Jena Malone y Scott McNairy<\/title>\n<meta name=\"description\" content=\"El primer rumor indica que Jena Malone podr\u00eda encarnar a Barbara Gordon en Batman v Superman: El Amanecer de la Justicia mientras que Scott McNairy podr\u00eda ser Jimmy Olsen.\" \/>\n<meta name=\"robots\" content=\"index, follow, max-snippet:-1, max-image-preview:large, max-video-preview:-1\" \/>\n<link rel=\"canonical\" href=\"https:\/\/www.uruloki.org\/felipeblog\/personalisimo\/batman-v-superman-el-amanecer-de-la-justicia-y-quienes-seran-jena-malone-y-scott-mcnairy\" \/>\n<meta property=\"og:locale\" content=\"es_ES\" \/>\n<meta property=\"og:type\" content=\"article\" \/>\n<meta property=\"og:title\" content=\"Batman v Superman y qui\u00e9nes ser\u00e1n Jena Malone y Scott McNairy\" \/>\n<meta property=\"og:description\" content=\"El primer rumor indica que Jena Malone podr\u00eda encarnar a Barbara Gordon en Batman v Superman: El Amanecer de la Justicia mientras que Scott McNairy podr\u00eda ser Jimmy Olsen.\" \/>\n<meta property=\"og:url\" content=\"https:\/\/www.uruloki.org\/felipeblog\/personalisimo\/batman-v-superman-el-amanecer-de-la-justicia-y-quienes-seran-jena-malone-y-scott-mcnairy\" \/>\n<meta property=\"og:site_name\" content=\"Uruloki :: Blog\" \/>\n<meta property=\"article:publisher\" content=\"https:\/\/www.facebook.com\/uruloki.org\" \/>\n<meta property=\"article:published_time\" content=\"2015-08-01T16:38:31+00:00\" \/>\n<meta property=\"article:modified_time\" content=\"2015-08-01T16:39:22+00:00\" \/>\n<meta property=\"og:image\" content=\"https:\/\/uruloki.org\/felipeblog\/images2015\/20150801-jessicajones.jpg\" \/>\n<meta name=\"author\" content=\"Uruloki\" \/>\n<meta name=\"twitter:card\" content=\"summary_large_image\" \/>\n<meta name=\"twitter:creator\" content=\"@uruloki\" \/>\n<meta name=\"twitter:site\" content=\"@uruloki\" \/>\n<meta name=\"twitter:label1\" content=\"Escrito por\" \/>\n\t<meta name=\"twitter:data1\" content=\"Uruloki\" \/>\n\t<meta name=\"twitter:label2\" content=\"Tiempo de lectura\" \/>\n\t<meta name=\"twitter:data2\" content=\"3 minutos\" \/>\n<script type=\"application\/ld+json\" class=\"yoast-schema-graph\">{\"@context\":\"https:\/\/schema.org\",\"@graph\":[{\"@type\":\"WebPage\",\"@id\":\"https:\/\/www.uruloki.org\/felipeblog\/personalisimo\/batman-v-superman-el-amanecer-de-la-justicia-y-quienes-seran-jena-malone-y-scott-mcnairy\",\"url\":\"https:\/\/www.uruloki.org\/felipeblog\/personalisimo\/batman-v-superman-el-amanecer-de-la-justicia-y-quienes-seran-jena-malone-y-scott-mcnairy\",\"name\":\"Batman v Superman y qui\u00e9nes ser\u00e1n Jena Malone y Scott McNairy\",\"isPartOf\":{\"@id\":\"https:\/\/www.uruloki.org\/felipeblog\/#website\"},\"primaryImageOfPage\":{\"@id\":\"https:\/\/www.uruloki.org\/felipeblog\/personalisimo\/batman-v-superman-el-amanecer-de-la-justicia-y-quienes-seran-jena-malone-y-scott-mcnairy#primaryimage\"},\"image\":{\"@id\":\"https:\/\/www.uruloki.org\/felipeblog\/personalisimo\/batman-v-superman-el-amanecer-de-la-justicia-y-quienes-seran-jena-malone-y-scott-mcnairy#primaryimage\"},\"thumbnailUrl\":\"https:\/\/uruloki.org\/felipeblog\/images2015\/20150801-jessicajones.jpg\",\"datePublished\":\"2015-08-01T16:38:31+00:00\",\"dateModified\":\"2015-08-01T16:39:22+00:00\",\"author\":{\"@id\":\"https:\/\/www.uruloki.org\/felipeblog\/#\/schema\/person\/ddba06ddaa27edf0c370460d05c51bb3\"},\"description\":\"El primer rumor indica que Jena Malone podr\u00eda encarnar a Barbara Gordon en Batman v Superman: El Amanecer de la Justicia mientras que Scott McNairy podr\u00eda ser Jimmy Olsen.\",\"breadcrumb\":{\"@id\":\"https:\/\/www.uruloki.org\/felipeblog\/personalisimo\/batman-v-superman-el-amanecer-de-la-justicia-y-quienes-seran-jena-malone-y-scott-mcnairy#breadcrumb\"},\"inLanguage\":\"es\",\"potentialAction\":[{\"@type\":\"ReadAction\",\"target\":[\"https:\/\/www.uruloki.org\/felipeblog\/personalisimo\/batman-v-superman-el-amanecer-de-la-justicia-y-quienes-seran-jena-malone-y-scott-mcnairy\"]}]},{\"@type\":\"ImageObject\",\"inLanguage\":\"es\",\"@id\":\"https:\/\/www.uruloki.org\/felipeblog\/personalisimo\/batman-v-superman-el-amanecer-de-la-justicia-y-quienes-seran-jena-malone-y-scott-mcnairy#primaryimage\",\"url\":\"https:\/\/uruloki.org\/felipeblog\/images2015\/20150801-jessicajones.jpg\",\"contentUrl\":\"https:\/\/uruloki.org\/felipeblog\/images2015\/20150801-jessicajones.jpg\"},{\"@type\":\"BreadcrumbList\",\"@id\":\"https:\/\/www.uruloki.org\/felipeblog\/personalisimo\/batman-v-superman-el-amanecer-de-la-justicia-y-quienes-seran-jena-malone-y-scott-mcnairy#breadcrumb\",\"itemListElement\":[{\"@type\":\"ListItem\",\"position\":1,\"name\":\"Portada\",\"item\":\"https:\/\/www.uruloki.org\/felipeblog\"},{\"@type\":\"ListItem\",\"position\":2,\"name\":\"Batman v Superman: El Amanecer de la Justicia y qui&eacute;nes ser&aacute;n Jena Malone y Scott McNairy, as&iacute; es el logo de &quot;Marvel&#8217;s Jessica Jones&quot;, puede que el rey del hampa Cornell Cottonmouth sea el gran villano de &quot;Marvel&#8217;s Luke Cage&quot;, primera imagen de Lucy Lawless en &quot;Ash vs. Evil Dead&quot; y ha fallecido Roddy Piper&#8230;\"}]},{\"@type\":\"WebSite\",\"@id\":\"https:\/\/www.uruloki.org\/felipeblog\/#website\",\"url\":\"https:\/\/www.uruloki.org\/felipeblog\/\",\"name\":\"Uruloki :: Blog\",\"description\":\"Blog de cine, terror, ciencia ficci\u00f3n, fantas\u00eda y c\u00f3mics\",\"potentialAction\":[{\"@type\":\"SearchAction\",\"target\":{\"@type\":\"EntryPoint\",\"urlTemplate\":\"https:\/\/www.uruloki.org\/felipeblog\/?s={search_term_string}\"},\"query-input\":{\"@type\":\"PropertyValueSpecification\",\"valueRequired\":true,\"valueName\":\"search_term_string\"}}],\"inLanguage\":\"es\"},{\"@type\":\"Person\",\"@id\":\"https:\/\/www.uruloki.org\/felipeblog\/#\/schema\/person\/ddba06ddaa27edf0c370460d05c51bb3\",\"name\":\"Uruloki\",\"image\":{\"@type\":\"ImageObject\",\"inLanguage\":\"es\",\"@id\":\"https:\/\/www.uruloki.org\/felipeblog\/#\/schema\/person\/image\/\",\"url\":\"https:\/\/secure.gravatar.com\/avatar\/68d5301c5f52ba88fd63f02c75b8c4d1b3c3fc4b21e2998a1e98c4b3a54d9f7c?s=96&d=mm&r=g\",\"contentUrl\":\"https:\/\/secure.gravatar.com\/avatar\/68d5301c5f52ba88fd63f02c75b8c4d1b3c3fc4b21e2998a1e98c4b3a54d9f7c?s=96&d=mm&r=g\",\"caption\":\"Uruloki\"},\"sameAs\":[\"https:\/\/uruloki.org\"],\"url\":\"https:\/\/www.uruloki.org\/felipeblog\/author\/admin-2-2-2\"}]}<\/script>\n<!-- \/ Yoast SEO plugin. -->","yoast_head_json":{"title":"Batman v Superman y qui\u00e9nes ser\u00e1n Jena Malone y Scott McNairy","description":"El primer rumor indica que Jena Malone podr\u00eda encarnar a Barbara Gordon en Batman v Superman: El Amanecer de la Justicia mientras que Scott McNairy podr\u00eda ser Jimmy Olsen.","robots":{"index":"index","follow":"follow","max-snippet":"max-snippet:-1","max-image-preview":"max-image-preview:large","max-video-preview":"max-video-preview:-1"},"canonical":"https:\/\/www.uruloki.org\/felipeblog\/personalisimo\/batman-v-superman-el-amanecer-de-la-justicia-y-quienes-seran-jena-malone-y-scott-mcnairy","og_locale":"es_ES","og_type":"article","og_title":"Batman v Superman y qui\u00e9nes ser\u00e1n Jena Malone y Scott McNairy","og_description":"El primer rumor indica que Jena Malone podr\u00eda encarnar a Barbara Gordon en Batman v Superman: El Amanecer de la Justicia mientras que Scott McNairy podr\u00eda ser Jimmy Olsen.","og_url":"https:\/\/www.uruloki.org\/felipeblog\/personalisimo\/batman-v-superman-el-amanecer-de-la-justicia-y-quienes-seran-jena-malone-y-scott-mcnairy","og_site_name":"Uruloki :: Blog","article_publisher":"https:\/\/www.facebook.com\/uruloki.org","article_published_time":"2015-08-01T16:38:31+00:00","article_modified_time":"2015-08-01T16:39:22+00:00","og_image":[{"url":"https:\/\/uruloki.org\/felipeblog\/images2015\/20150801-jessicajones.jpg","type":"","width":"","height":""}],"author":"Uruloki","twitter_card":"summary_large_image","twitter_creator":"@uruloki","twitter_site":"@uruloki","twitter_misc":{"Escrito por":"Uruloki","Tiempo de lectura":"3 minutos"},"schema":{"@context":"https:\/\/schema.org","@graph":[{"@type":"WebPage","@id":"https:\/\/www.uruloki.org\/felipeblog\/personalisimo\/batman-v-superman-el-amanecer-de-la-justicia-y-quienes-seran-jena-malone-y-scott-mcnairy","url":"https:\/\/www.uruloki.org\/felipeblog\/personalisimo\/batman-v-superman-el-amanecer-de-la-justicia-y-quienes-seran-jena-malone-y-scott-mcnairy","name":"Batman v Superman y qui\u00e9nes ser\u00e1n Jena Malone y Scott McNairy","isPartOf":{"@id":"https:\/\/www.uruloki.org\/felipeblog\/#website"},"primaryImageOfPage":{"@id":"https:\/\/www.uruloki.org\/felipeblog\/personalisimo\/batman-v-superman-el-amanecer-de-la-justicia-y-quienes-seran-jena-malone-y-scott-mcnairy#primaryimage"},"image":{"@id":"https:\/\/www.uruloki.org\/felipeblog\/personalisimo\/batman-v-superman-el-amanecer-de-la-justicia-y-quienes-seran-jena-malone-y-scott-mcnairy#primaryimage"},"thumbnailUrl":"https:\/\/uruloki.org\/felipeblog\/images2015\/20150801-jessicajones.jpg","datePublished":"2015-08-01T16:38:31+00:00","dateModified":"2015-08-01T16:39:22+00:00","author":{"@id":"https:\/\/www.uruloki.org\/felipeblog\/#\/schema\/person\/ddba06ddaa27edf0c370460d05c51bb3"},"description":"El primer rumor indica que Jena Malone podr\u00eda encarnar a Barbara Gordon en Batman v Superman: El Amanecer de la Justicia mientras que Scott McNairy podr\u00eda ser Jimmy Olsen.","breadcrumb":{"@id":"https:\/\/www.uruloki.org\/felipeblog\/personalisimo\/batman-v-superman-el-amanecer-de-la-justicia-y-quienes-seran-jena-malone-y-scott-mcnairy#breadcrumb"},"inLanguage":"es","potentialAction":[{"@type":"ReadAction","target":["https:\/\/www.uruloki.org\/felipeblog\/personalisimo\/batman-v-superman-el-amanecer-de-la-justicia-y-quienes-seran-jena-malone-y-scott-mcnairy"]}]},{"@type":"ImageObject","inLanguage":"es","@id":"https:\/\/www.uruloki.org\/felipeblog\/personalisimo\/batman-v-superman-el-amanecer-de-la-justicia-y-quienes-seran-jena-malone-y-scott-mcnairy#primaryimage","url":"https:\/\/uruloki.org\/felipeblog\/images2015\/20150801-jessicajones.jpg","contentUrl":"https:\/\/uruloki.org\/felipeblog\/images2015\/20150801-jessicajones.jpg"},{"@type":"BreadcrumbList","@id":"https:\/\/www.uruloki.org\/felipeblog\/personalisimo\/batman-v-superman-el-amanecer-de-la-justicia-y-quienes-seran-jena-malone-y-scott-mcnairy#breadcrumb","itemListElement":[{"@type":"ListItem","position":1,"name":"Portada","item":"https:\/\/www.uruloki.org\/felipeblog"},{"@type":"ListItem","position":2,"name":"Batman v Superman: El Amanecer de la Justicia y qui&eacute;nes ser&aacute;n Jena Malone y Scott McNairy, as&iacute; es el logo de &quot;Marvel&#8217;s Jessica Jones&quot;, puede que el rey del hampa Cornell Cottonmouth sea el gran villano de &quot;Marvel&#8217;s Luke Cage&quot;, primera imagen de Lucy Lawless en &quot;Ash vs. Evil Dead&quot; y ha fallecido Roddy Piper&#8230;"}]},{"@type":"WebSite","@id":"https:\/\/www.uruloki.org\/felipeblog\/#website","url":"https:\/\/www.uruloki.org\/felipeblog\/","name":"Uruloki :: Blog","description":"Blog de cine, terror, ciencia ficci\u00f3n, fantas\u00eda y c\u00f3mics","potentialAction":[{"@type":"SearchAction","target":{"@type":"EntryPoint","urlTemplate":"https:\/\/www.uruloki.org\/felipeblog\/?s={search_term_string}"},"query-input":{"@type":"PropertyValueSpecification","valueRequired":true,"valueName":"search_term_string"}}],"inLanguage":"es"},{"@type":"Person","@id":"https:\/\/www.uruloki.org\/felipeblog\/#\/schema\/person\/ddba06ddaa27edf0c370460d05c51bb3","name":"Uruloki","image":{"@type":"ImageObject","inLanguage":"es","@id":"https:\/\/www.uruloki.org\/felipeblog\/#\/schema\/person\/image\/","url":"https:\/\/secure.gravatar.com\/avatar\/68d5301c5f52ba88fd63f02c75b8c4d1b3c3fc4b21e2998a1e98c4b3a54d9f7c?s=96&d=mm&r=g","contentUrl":"https:\/\/secure.gravatar.com\/avatar\/68d5301c5f52ba88fd63f02c75b8c4d1b3c3fc4b21e2998a1e98c4b3a54d9f7c?s=96&d=mm&r=g","caption":"Uruloki"},"sameAs":["https:\/\/uruloki.org"],"url":"https:\/\/www.uruloki.org\/felipeblog\/author\/admin-2-2-2"}]}},"_links":{"self":[{"href":"https:\/\/www.uruloki.org\/felipeblog\/wp-json\/wp\/v2\/posts\/14676","targetHints":{"allow":["GET"]}}],"collection":[{"href":"https:\/\/www.uruloki.org\/felipeblog\/wp-json\/wp\/v2\/posts"}],"about":[{"href":"https:\/\/www.uruloki.org\/felipeblog\/wp-json\/wp\/v2\/types\/post"}],"author":[{"embeddable":true,"href":"https:\/\/www.uruloki.org\/felipeblog\/wp-json\/wp\/v2\/users\/28"}],"replies":[{"embeddable":true,"href":"https:\/\/www.uruloki.org\/felipeblog\/wp-json\/wp\/v2\/comments?post=14676"}],"version-history":[{"count":1,"href":"https:\/\/www.uruloki.org\/felipeblog\/wp-json\/wp\/v2\/posts\/14676\/revisions"}],"predecessor-version":[{"id":14677,"href":"https:\/\/www.uruloki.org\/felipeblog\/wp-json\/wp\/v2\/posts\/14676\/revisions\/14677"}],"wp:attachment":[{"href":"https:\/\/www.uruloki.org\/felipeblog\/wp-json\/wp\/v2\/media?parent=14676"}],"wp:term":[{"taxonomy":"category","embeddable":true,"href":"https:\/\/www.uruloki.org\/felipeblog\/wp-json\/wp\/v2\/categories?post=14676"},{"taxonomy":"post_tag","embeddable":true,"href":"https:\/\/www.uruloki.org\/felipeblog\/wp-json\/wp\/v2\/tags?post=14676"}],"curies":[{"name":"wp","href":"https:\/\/api.w.org\/{rel}","templated":true}]}}