{"id":14600,"date":"2015-07-12T01:03:06","date_gmt":"2015-07-11T23:03:06","guid":{"rendered":"https:\/\/uruloki.org\/felipeblog\/?p=14600"},"modified":"2015-07-12T01:03:06","modified_gmt":"2015-07-11T23:03:06","slug":"comic-con-2015-the-hateful-eight-levanta-pasiones-y-algo-ms","status":"publish","type":"post","link":"https:\/\/www.uruloki.org\/felipeblog\/cine\/comic-con-2015-the-hateful-eight-levanta-pasiones-y-algo-ms","title":{"rendered":"Comic-Con 2015: The Hateful Eight levanta pasiones y algo m&aacute;s&#8230;"},"content":{"rendered":"<p>Otro de los esperados momentos de este s&aacute;bado, ya domingo de madrugada, en la Comic-Con de San Diego, la presentaci&oacute;n del primer metraje de <strong>The Hateful Eight<\/strong> (2015) de <strong>Quentin Tarantino<\/strong>. Pero como no s&oacute;lo se vive de este tipo de cosas hay que anunciar varios de los descubrimientos del d&iacute;a.<\/p>\n<p>La primera gran revelaci&oacute;n de la jornada fue el anuncio de que <strong>Ennio Morricone<\/strong> se har&aacute; cargo de componer la banda sonora del film y que supondr&aacute; un retorno al western del genio italiano tras m&aacute;s de 30 a&ntilde;os de ausencia. <strong>Morricone<\/strong> ya escribe la m&uacute;sica y la idea es comenzar a instrumentar en un par de semanas.<\/p>\n<div class=\"twittercentrado\">\n<blockquote class=\"twitter-tweet\" lang=\"es\">\n<p lang=\"en\" dir=\"ltr\">HUGE NEWS: The great Ennio Morricone will be doing an original score for <a href=\"https:\/\/twitter.com\/hashtag\/TheHatefulEight?src=hash\">#TheHatefulEight<\/a>! <a href=\"https:\/\/twitter.com\/hashtag\/SDCC?src=hash\">#SDCC<\/a> <a href=\"http:\/\/t.co\/fiSoiJCwHP\">pic.twitter.com\/fiSoiJCwHP<\/a><\/p>\n<p>&mdash; The Hateful Eight (@thehatefuleight) <a href=\"https:\/\/twitter.com\/thehatefuleight\/status\/619979696495685632\">julio 11, 2015<\/a><\/p><\/blockquote>\n<p><script async src=\"\/\/platform.twitter.com\/widgets.js\" charset=\"utf-8\"><\/script><\/div>\n<p>Se present&oacute; al p&uacute;blico 7 minutos de metraje. La gente con la boca abierta&#8230; poco m&aacute;s que decir. No creo que tengamos suerte de ver este megatrailer, qui&eacute;n nos diera! Acompa&ntilde;ando al metraje el nuevo cartel del film, os lo dejo por aqu&iacute;, as&iacute; como las cuentas sociales, muchas y seguro que fuente de informaci&oacute;n futura a tener en cuenta.<\/p>\n<div class=\"twittercentrado\">\n<blockquote class=\"twitter-tweet\" lang=\"es\">\n<p lang=\"en\" dir=\"ltr\">No one comes up here without a damn good reason. Check out the new poster for <a href=\"https:\/\/twitter.com\/hashtag\/TheHatefulEight?src=hash\">#TheHatefulEight<\/a> <a href=\"http:\/\/t.co\/SlMeBW7WA6\">http:\/\/t.co\/SlMeBW7WA6<\/a> <a href=\"http:\/\/t.co\/MAHqyfJcpb\">pic.twitter.com\/MAHqyfJcpb<\/a><\/p>\n<p>&mdash; The Hateful Eight (@thehatefuleight) <a href=\"https:\/\/twitter.com\/thehatefuleight\/status\/619959249158823936\">julio 11, 2015<\/a><\/p><\/blockquote>\n<\/div>\n<p>El dato final, si bien la charla sobre <strong>Kill Bill 3<\/strong> sigue ah&iacute; con <strong>Uma Thurman<\/strong>, lo que <strong>Tarantino<\/strong> advierte es que uno no se puede considerar director de <em>western<\/em> si no rueda al menos tres pel&iacute;culas&#8230; el g&eacute;nero le llama y regresar&aacute;. Por lo tanto, eso de su retirada es una tonter&iacute;a (palabra de QT).<\/p>\n<div class=\"twittercentrado\">\n<blockquote class=\"twitter-tweet\" lang=\"es\">\n<p lang=\"en\" dir=\"ltr\">&quot;You have to make at least 3 westerns to call yourself a &#39;Western Director.&#39; I&#39;ll make a 3rd so I can call myself that&quot; -Quentin Tarantino<\/p>\n<p>&mdash; The Hateful Eight (@thehatefuleight) <a href=\"https:\/\/twitter.com\/thehatefuleight\/status\/619976269422198784\">julio 11, 2015<\/a><\/p><\/blockquote>\n<p><script async src=\"\/\/platform.twitter.com\/widgets.js\" charset=\"utf-8\"><\/script><\/div>\n<p>El cartel en alta calidad&#8230;<\/p>\n<p class=\"centrado\"><img loading=\"lazy\" decoding=\"async\" src=\"https:\/\/uruloki.org\/felipeblog\/images2015\/20150712-thehatefuleight.jpg\" alt=\"Fabuloso p&oacute;ster de The Hateful Eight de Quentin Tarantino\" width=\"625\" height=\"979\" \/><br \/><em>Fabuloso p&oacute;ster de The Hateful Eight de Quentin Tarantino<\/em><\/p>\n","protected":false},"excerpt":{"rendered":"<p>Otro de los esperados momentos de este s&aacute;bado, ya domingo de madrugada, en la Comic-Con de San Diego, la presentaci&oacute;n del primer metraje de The Hateful Eight (2015) de Quentin Tarantino. Pero como no s&oacute;lo se vive de este tipo de cosas hay que anunciar varios de los descubrimientos del d&iacute;a. La primera gran revelaci&oacute;n [&hellip;]<\/p>\n","protected":false},"author":28,"featured_media":0,"comment_status":"open","ping_status":"open","sticky":false,"template":"","format":"standard","meta":{"footnotes":""},"categories":[6,3344],"tags":[3345,2870],"class_list":["post-14600","post","type-post","status-publish","format-standard","hentry","category-cine","category-comic-con-2015","tag-comic-con-2015","tag-the-hateful-eight"],"yoast_head":"<!-- This site is optimized with the Yoast SEO plugin v24.3 - https:\/\/yoast.com\/wordpress\/plugins\/seo\/ -->\n<title>Comic-Con 2015: The Hateful Eight levanta pasiones y algo m\u00e1s<\/title>\n<meta name=\"description\" content=\"Otro de los esperados momentos de este s\u00e1bado en la Comic-Con de San Diego, la presentaci\u00f3n del primer metraje de The Hateful Eight (2015) de Quentin Tarantino.\" \/>\n<meta name=\"robots\" content=\"index, follow, max-snippet:-1, max-image-preview:large, max-video-preview:-1\" \/>\n<link rel=\"canonical\" href=\"https:\/\/www.uruloki.org\/felipeblog\/cine\/comic-con-2015-the-hateful-eight-levanta-pasiones-y-algo-ms\" \/>\n<meta property=\"og:locale\" content=\"es_ES\" \/>\n<meta property=\"og:type\" content=\"article\" \/>\n<meta property=\"og:title\" content=\"Comic-Con 2015: The Hateful Eight levanta pasiones y algo m\u00e1s\" \/>\n<meta property=\"og:description\" content=\"Otro de los esperados momentos de este s\u00e1bado en la Comic-Con de San Diego, la presentaci\u00f3n del primer metraje de The Hateful Eight (2015) de Quentin Tarantino.\" \/>\n<meta property=\"og:url\" content=\"https:\/\/www.uruloki.org\/felipeblog\/cine\/comic-con-2015-the-hateful-eight-levanta-pasiones-y-algo-ms\" \/>\n<meta property=\"og:site_name\" content=\"Uruloki :: Blog\" \/>\n<meta property=\"article:publisher\" content=\"https:\/\/www.facebook.com\/uruloki.org\" \/>\n<meta property=\"article:published_time\" content=\"2015-07-11T23:03:06+00:00\" \/>\n<meta property=\"og:image\" content=\"https:\/\/uruloki.org\/felipeblog\/images2015\/20150712-thehatefuleight.jpg\" \/>\n<meta name=\"author\" content=\"Uruloki\" \/>\n<meta name=\"twitter:card\" content=\"summary_large_image\" \/>\n<meta name=\"twitter:creator\" content=\"@uruloki\" \/>\n<meta name=\"twitter:site\" content=\"@uruloki\" \/>\n<meta name=\"twitter:label1\" content=\"Escrito por\" \/>\n\t<meta name=\"twitter:data1\" content=\"Uruloki\" \/>\n\t<meta name=\"twitter:label2\" content=\"Tiempo de lectura\" \/>\n\t<meta name=\"twitter:data2\" content=\"2 minutos\" \/>\n<script type=\"application\/ld+json\" class=\"yoast-schema-graph\">{\"@context\":\"https:\/\/schema.org\",\"@graph\":[{\"@type\":\"WebPage\",\"@id\":\"https:\/\/www.uruloki.org\/felipeblog\/cine\/comic-con-2015-the-hateful-eight-levanta-pasiones-y-algo-ms\",\"url\":\"https:\/\/www.uruloki.org\/felipeblog\/cine\/comic-con-2015-the-hateful-eight-levanta-pasiones-y-algo-ms\",\"name\":\"Comic-Con 2015: The Hateful Eight levanta pasiones y algo m\u00e1s\",\"isPartOf\":{\"@id\":\"https:\/\/www.uruloki.org\/felipeblog\/#website\"},\"primaryImageOfPage\":{\"@id\":\"https:\/\/www.uruloki.org\/felipeblog\/cine\/comic-con-2015-the-hateful-eight-levanta-pasiones-y-algo-ms#primaryimage\"},\"image\":{\"@id\":\"https:\/\/www.uruloki.org\/felipeblog\/cine\/comic-con-2015-the-hateful-eight-levanta-pasiones-y-algo-ms#primaryimage\"},\"thumbnailUrl\":\"https:\/\/uruloki.org\/felipeblog\/images2015\/20150712-thehatefuleight.jpg\",\"datePublished\":\"2015-07-11T23:03:06+00:00\",\"dateModified\":\"2015-07-11T23:03:06+00:00\",\"author\":{\"@id\":\"https:\/\/www.uruloki.org\/felipeblog\/#\/schema\/person\/ddba06ddaa27edf0c370460d05c51bb3\"},\"description\":\"Otro de los esperados momentos de este s\u00e1bado en la Comic-Con de San Diego, la presentaci\u00f3n del primer metraje de The Hateful Eight (2015) de Quentin Tarantino.\",\"breadcrumb\":{\"@id\":\"https:\/\/www.uruloki.org\/felipeblog\/cine\/comic-con-2015-the-hateful-eight-levanta-pasiones-y-algo-ms#breadcrumb\"},\"inLanguage\":\"es\",\"potentialAction\":[{\"@type\":\"ReadAction\",\"target\":[\"https:\/\/www.uruloki.org\/felipeblog\/cine\/comic-con-2015-the-hateful-eight-levanta-pasiones-y-algo-ms\"]}]},{\"@type\":\"ImageObject\",\"inLanguage\":\"es\",\"@id\":\"https:\/\/www.uruloki.org\/felipeblog\/cine\/comic-con-2015-the-hateful-eight-levanta-pasiones-y-algo-ms#primaryimage\",\"url\":\"https:\/\/uruloki.org\/felipeblog\/images2015\/20150712-thehatefuleight.jpg\",\"contentUrl\":\"https:\/\/uruloki.org\/felipeblog\/images2015\/20150712-thehatefuleight.jpg\"},{\"@type\":\"BreadcrumbList\",\"@id\":\"https:\/\/www.uruloki.org\/felipeblog\/cine\/comic-con-2015-the-hateful-eight-levanta-pasiones-y-algo-ms#breadcrumb\",\"itemListElement\":[{\"@type\":\"ListItem\",\"position\":1,\"name\":\"Portada\",\"item\":\"https:\/\/www.uruloki.org\/felipeblog\"},{\"@type\":\"ListItem\",\"position\":2,\"name\":\"Comic-Con 2015: The Hateful Eight levanta pasiones y algo m&aacute;s&#8230;\"}]},{\"@type\":\"WebSite\",\"@id\":\"https:\/\/www.uruloki.org\/felipeblog\/#website\",\"url\":\"https:\/\/www.uruloki.org\/felipeblog\/\",\"name\":\"Uruloki :: Blog\",\"description\":\"Blog de cine, terror, ciencia ficci\u00f3n, fantas\u00eda y c\u00f3mics\",\"potentialAction\":[{\"@type\":\"SearchAction\",\"target\":{\"@type\":\"EntryPoint\",\"urlTemplate\":\"https:\/\/www.uruloki.org\/felipeblog\/?s={search_term_string}\"},\"query-input\":{\"@type\":\"PropertyValueSpecification\",\"valueRequired\":true,\"valueName\":\"search_term_string\"}}],\"inLanguage\":\"es\"},{\"@type\":\"Person\",\"@id\":\"https:\/\/www.uruloki.org\/felipeblog\/#\/schema\/person\/ddba06ddaa27edf0c370460d05c51bb3\",\"name\":\"Uruloki\",\"image\":{\"@type\":\"ImageObject\",\"inLanguage\":\"es\",\"@id\":\"https:\/\/www.uruloki.org\/felipeblog\/#\/schema\/person\/image\/\",\"url\":\"https:\/\/secure.gravatar.com\/avatar\/68d5301c5f52ba88fd63f02c75b8c4d1b3c3fc4b21e2998a1e98c4b3a54d9f7c?s=96&d=mm&r=g\",\"contentUrl\":\"https:\/\/secure.gravatar.com\/avatar\/68d5301c5f52ba88fd63f02c75b8c4d1b3c3fc4b21e2998a1e98c4b3a54d9f7c?s=96&d=mm&r=g\",\"caption\":\"Uruloki\"},\"sameAs\":[\"https:\/\/uruloki.org\"],\"url\":\"https:\/\/www.uruloki.org\/felipeblog\/author\/admin-2-2-2\"}]}<\/script>\n<!-- \/ Yoast SEO plugin. -->","yoast_head_json":{"title":"Comic-Con 2015: The Hateful Eight levanta pasiones y algo m\u00e1s","description":"Otro de los esperados momentos de este s\u00e1bado en la Comic-Con de San Diego, la presentaci\u00f3n del primer metraje de The Hateful Eight (2015) de Quentin Tarantino.","robots":{"index":"index","follow":"follow","max-snippet":"max-snippet:-1","max-image-preview":"max-image-preview:large","max-video-preview":"max-video-preview:-1"},"canonical":"https:\/\/www.uruloki.org\/felipeblog\/cine\/comic-con-2015-the-hateful-eight-levanta-pasiones-y-algo-ms","og_locale":"es_ES","og_type":"article","og_title":"Comic-Con 2015: The Hateful Eight levanta pasiones y algo m\u00e1s","og_description":"Otro de los esperados momentos de este s\u00e1bado en la Comic-Con de San Diego, la presentaci\u00f3n del primer metraje de The Hateful Eight (2015) de Quentin Tarantino.","og_url":"https:\/\/www.uruloki.org\/felipeblog\/cine\/comic-con-2015-the-hateful-eight-levanta-pasiones-y-algo-ms","og_site_name":"Uruloki :: Blog","article_publisher":"https:\/\/www.facebook.com\/uruloki.org","article_published_time":"2015-07-11T23:03:06+00:00","og_image":[{"url":"https:\/\/uruloki.org\/felipeblog\/images2015\/20150712-thehatefuleight.jpg","type":"","width":"","height":""}],"author":"Uruloki","twitter_card":"summary_large_image","twitter_creator":"@uruloki","twitter_site":"@uruloki","twitter_misc":{"Escrito por":"Uruloki","Tiempo de lectura":"2 minutos"},"schema":{"@context":"https:\/\/schema.org","@graph":[{"@type":"WebPage","@id":"https:\/\/www.uruloki.org\/felipeblog\/cine\/comic-con-2015-the-hateful-eight-levanta-pasiones-y-algo-ms","url":"https:\/\/www.uruloki.org\/felipeblog\/cine\/comic-con-2015-the-hateful-eight-levanta-pasiones-y-algo-ms","name":"Comic-Con 2015: The Hateful Eight levanta pasiones y algo m\u00e1s","isPartOf":{"@id":"https:\/\/www.uruloki.org\/felipeblog\/#website"},"primaryImageOfPage":{"@id":"https:\/\/www.uruloki.org\/felipeblog\/cine\/comic-con-2015-the-hateful-eight-levanta-pasiones-y-algo-ms#primaryimage"},"image":{"@id":"https:\/\/www.uruloki.org\/felipeblog\/cine\/comic-con-2015-the-hateful-eight-levanta-pasiones-y-algo-ms#primaryimage"},"thumbnailUrl":"https:\/\/uruloki.org\/felipeblog\/images2015\/20150712-thehatefuleight.jpg","datePublished":"2015-07-11T23:03:06+00:00","dateModified":"2015-07-11T23:03:06+00:00","author":{"@id":"https:\/\/www.uruloki.org\/felipeblog\/#\/schema\/person\/ddba06ddaa27edf0c370460d05c51bb3"},"description":"Otro de los esperados momentos de este s\u00e1bado en la Comic-Con de San Diego, la presentaci\u00f3n del primer metraje de The Hateful Eight (2015) de Quentin Tarantino.","breadcrumb":{"@id":"https:\/\/www.uruloki.org\/felipeblog\/cine\/comic-con-2015-the-hateful-eight-levanta-pasiones-y-algo-ms#breadcrumb"},"inLanguage":"es","potentialAction":[{"@type":"ReadAction","target":["https:\/\/www.uruloki.org\/felipeblog\/cine\/comic-con-2015-the-hateful-eight-levanta-pasiones-y-algo-ms"]}]},{"@type":"ImageObject","inLanguage":"es","@id":"https:\/\/www.uruloki.org\/felipeblog\/cine\/comic-con-2015-the-hateful-eight-levanta-pasiones-y-algo-ms#primaryimage","url":"https:\/\/uruloki.org\/felipeblog\/images2015\/20150712-thehatefuleight.jpg","contentUrl":"https:\/\/uruloki.org\/felipeblog\/images2015\/20150712-thehatefuleight.jpg"},{"@type":"BreadcrumbList","@id":"https:\/\/www.uruloki.org\/felipeblog\/cine\/comic-con-2015-the-hateful-eight-levanta-pasiones-y-algo-ms#breadcrumb","itemListElement":[{"@type":"ListItem","position":1,"name":"Portada","item":"https:\/\/www.uruloki.org\/felipeblog"},{"@type":"ListItem","position":2,"name":"Comic-Con 2015: The Hateful Eight levanta pasiones y algo m&aacute;s&#8230;"}]},{"@type":"WebSite","@id":"https:\/\/www.uruloki.org\/felipeblog\/#website","url":"https:\/\/www.uruloki.org\/felipeblog\/","name":"Uruloki :: Blog","description":"Blog de cine, terror, ciencia ficci\u00f3n, fantas\u00eda y c\u00f3mics","potentialAction":[{"@type":"SearchAction","target":{"@type":"EntryPoint","urlTemplate":"https:\/\/www.uruloki.org\/felipeblog\/?s={search_term_string}"},"query-input":{"@type":"PropertyValueSpecification","valueRequired":true,"valueName":"search_term_string"}}],"inLanguage":"es"},{"@type":"Person","@id":"https:\/\/www.uruloki.org\/felipeblog\/#\/schema\/person\/ddba06ddaa27edf0c370460d05c51bb3","name":"Uruloki","image":{"@type":"ImageObject","inLanguage":"es","@id":"https:\/\/www.uruloki.org\/felipeblog\/#\/schema\/person\/image\/","url":"https:\/\/secure.gravatar.com\/avatar\/68d5301c5f52ba88fd63f02c75b8c4d1b3c3fc4b21e2998a1e98c4b3a54d9f7c?s=96&d=mm&r=g","contentUrl":"https:\/\/secure.gravatar.com\/avatar\/68d5301c5f52ba88fd63f02c75b8c4d1b3c3fc4b21e2998a1e98c4b3a54d9f7c?s=96&d=mm&r=g","caption":"Uruloki"},"sameAs":["https:\/\/uruloki.org"],"url":"https:\/\/www.uruloki.org\/felipeblog\/author\/admin-2-2-2"}]}},"_links":{"self":[{"href":"https:\/\/www.uruloki.org\/felipeblog\/wp-json\/wp\/v2\/posts\/14600","targetHints":{"allow":["GET"]}}],"collection":[{"href":"https:\/\/www.uruloki.org\/felipeblog\/wp-json\/wp\/v2\/posts"}],"about":[{"href":"https:\/\/www.uruloki.org\/felipeblog\/wp-json\/wp\/v2\/types\/post"}],"author":[{"embeddable":true,"href":"https:\/\/www.uruloki.org\/felipeblog\/wp-json\/wp\/v2\/users\/28"}],"replies":[{"embeddable":true,"href":"https:\/\/www.uruloki.org\/felipeblog\/wp-json\/wp\/v2\/comments?post=14600"}],"version-history":[{"count":1,"href":"https:\/\/www.uruloki.org\/felipeblog\/wp-json\/wp\/v2\/posts\/14600\/revisions"}],"predecessor-version":[{"id":14601,"href":"https:\/\/www.uruloki.org\/felipeblog\/wp-json\/wp\/v2\/posts\/14600\/revisions\/14601"}],"wp:attachment":[{"href":"https:\/\/www.uruloki.org\/felipeblog\/wp-json\/wp\/v2\/media?parent=14600"}],"wp:term":[{"taxonomy":"category","embeddable":true,"href":"https:\/\/www.uruloki.org\/felipeblog\/wp-json\/wp\/v2\/categories?post=14600"},{"taxonomy":"post_tag","embeddable":true,"href":"https:\/\/www.uruloki.org\/felipeblog\/wp-json\/wp\/v2\/tags?post=14600"}],"curies":[{"name":"wp","href":"https:\/\/api.w.org\/{rel}","templated":true}]}}