{"id":1450,"date":"2008-05-21T21:23:47","date_gmt":"2008-05-21T20:23:47","guid":{"rendered":"https:\/\/uruloki.org\/felipeblog\/cine-de-ciencia-ficcin\/remakes-de-los-inmortales-y-flash-gordon-guillermo-del-toro-habla-sobre-hater-the-hobbit-y-at-the-mountain-of-madness-john-connor-estar-presente-en-los-tres-terminators-y-cosas-de-avatar-e"},"modified":"2008-05-21T21:23:47","modified_gmt":"2008-05-21T20:23:47","slug":"remakes-de-los-inmortales-y-flash-gordon-guillermo-del-toro-habla-sobre-hater-the-hobbit-y-at-the-mountain-of-madness-john-connor-estar-presente-en-los-tres-terminators-y-cosas-de-avatar-e","status":"publish","type":"post","link":"https:\/\/www.uruloki.org\/felipeblog\/cine-de-ciencia-ficcion\/remakes-de-los-inmortales-y-flash-gordon-guillermo-del-toro-habla-sobre-hater-the-hobbit-y-at-the-mountain-of-madness-john-connor-estar-presente-en-los-tres-terminators-y-cosas-de-avatar-e","title":{"rendered":"Remakes de Los Inmortales y Flash Gordon, Guillermo del Toro habla sobre Hater, The Hobbit y At the Mountain of Madness, John Connor estar&aacute; presente en los tres Terminators y cosas de Avatar, El Eternauta y el 7&ordm; Concurso Uruloki&#8230;"},"content":{"rendered":"<p>Es triste decirlo pero la era del <em>remake<\/em> sigue en sus trece ampliando la lista de desafortunados proyectos. Esta vez nos llegan en forma de dos viejas obras que, al 50%, creo que no se merecen para nada este trato. <a href=\"http:\/\/www.hollywoodreporter.com\/hr\/content_display\/news\/e3if545c66bc7e57054442cdd46721ae9c0\" target=\"_blank\">Cuentan en The Hollywood Reporter<\/a> que la productora independiente <strong>Summit Entertainment<\/strong> se ha liado la manta a la cabeza para ofrecernos una revisi&oacute;n del cl&aacute;sico de la ciencia ficci&oacute;n <a href=\"http:\/\/www.imdb.com\/title\/tt0091203\/\" target=\"_blank\">Los Inmortales<\/a> (1986) de <a href=\"http:\/\/www.imdb.com\/name\/nm0611683\/\" target=\"_blank\">Russell Mulcahy<\/a>. Al frente del gui&oacute;n estar&aacute;n <a href=\"http:\/\/www.imdb.com\/name\/nm1436466\/\" target=\"_blank\">Art Marcum<\/a> y <a href=\"http:\/\/www.imdb.com\/name\/nm1957266\/\" target=\"_blank\">Matt Holloway<\/a>, los responsables de lo escrito en el hasta ahora gran bombazo de la temporada, el film de <strong>Marvel<\/strong> <a href=\"http:\/\/www.imdb.com\/title\/tt0371746\/\" target=\"_blank\">Iron Man<\/a> (2008). Personalmente creo que la pel&iacute;cula de <strong>Mulcahy<\/strong>, con sus pros y contras incluidos, es una pieza insustituible y, pese a quien pese, dificil de superar. Protagonizada por <a href=\"http:\/\/www.imdb.com\/name\/nm0000483\/\" target=\"_blank\">Christopher Lambert<\/a>, <a href=\"http:\/\/www.imdb.com\/name\/nm0000125\/\" target=\"_blank\">Sean Connery<\/a> y <a href=\"http:\/\/www.imdb.com\/name\/nm0000317\/\" target=\"_blank\">Clancy Brown<\/a>, narraba la historia a trav&eacute;s de los tiempos del enfrentamiento entre un grupo de hombres inmortales. Esta lucha sin cuartel durar&iacute;a hasta que quedara uno solo con vida. M&iacute;ticos personajes como <strong>Connor MacLeod<\/strong> o <strong>El Kurgan<\/strong> quedar&aacute;n para siempre en la mente del aficionado. M&aacute;s todav&iacute;a gracias a la magn&iacute;fica banda sonora compuesta por <strong>Queen<\/strong>. Del nuevo proyecto apuran a decir que no es un <em>remake<\/em> al uso ya que incorporar&aacute; m&aacute;s historia y factores dignos de una precuela que rejuvenecer&aacute;n por completo la historia. La pel&iacute;cula deber&aacute; ser vista m&aacute;s como un obra de amor imposible y eterno en el tiempo que un film de combates con espadas.<\/p>\n<p><img loading=\"lazy\" decoding=\"async\" src=\"https:\/\/uruloki.org\/felipeblog\/imagesflickr3\/20080521_hulk1.jpg\" alt=\"Nuevo p&oacute;ster rectanguar de The Incredible Hulk\" width=\"498\" height=\"373\" border=\"1\" \/><\/p>\n<p>El otro proyecto que ha ca&iacute;do en gracia ha sido <strong>Flash Gordon<\/strong>. Aunque no es un <em>remake<\/em> directamente, m&aacute;s bien un relanzamiento  de la franquicia, los productores han tenido que hacerse con los derechos cinematogr&aacute;ficos sobre el personaje que estaban en el aire desde su &uacute;ltima adaptaci&oacute;n  a la gran pantalla, <a href=\"http:\/\/www.imdb.com\/title\/tt0080745\/\" target=\"_blank\">Flash Gordon<\/a> (1980) de <a href=\"http:\/\/www.imdb.com\/name\/nm0388198\/\" target=\"_blank\">Mike Hodges<\/a>. <a href=\"http:\/\/www.hollywoodreporter.com\/hr\/content_display\/film\/news\/e3ic93424cac69485c2b4d16b3bf3d933dc\" target=\"_blank\">The Hollywood Reporter nos indica<\/a> que <a href=\"http:\/\/www.imdb.com\/name\/nm0252135\/\" target=\"_blank\">Breck Eisner<\/a> ha sido fichado por <strong>Columbia Pictures<\/strong> para hacerse cargo de la direcci&oacute;n del nuevo film como <a href=\"http:\/\/www.imdb.com\/name\/nm0605775\/\" target=\"_blank\">Neal Moritz<\/a> al frente de la producci&oacute;n del mismo. Como era de esperar el argumento del futuro proyecto recuperar&aacute; la base del inicio del personaje con <strong>Flash Gordon<\/strong>, un atleta, viajando al planeta <strong>Mongo<\/strong> con su amada <strong>Dale Arden<\/strong> y un cient&iacute;fico loco llamado <strong>Dr. Hans Zarkov<\/strong>. All&iacute; descubrir&aacute;n que el mundo est&aacute; gobernado por el villano <strong>Ming<\/strong> y poblado por extra&ntilde;os habitantes como los <strong>Hombres Halc&oacute;n<\/strong> o los <strong>Hombres Tibur&oacute;n<\/strong>. Ciencia ficci&oacute;n <em>pulp<\/em> de la buena. Nuevamente, y por pura casualidad, su &uacute;nica adaptaci&oacute;n a la gran pantalla ser&aacute; recordada m&aacute;s por su m&uacute;sica, de nuevo de <strong>Queen<\/strong>, que por la calidad del film.<\/p>\n<p>Ahora unas cuantas breves. <a href=\"http:\/\/www.variety.com\/article\/VR1117986200.html?categoryid=13&amp;cs=1&amp;nid=2564\" target=\"_blank\">Variety viene hoy a apuntar<\/a> que <a href=\"http:\/\/www.imdb.com\/name\/nm0868219\/\" target=\"_blank\">Guillermo del Toro<\/a> ser&aacute; finalmente el director creativo de la adaptaci&oacute;n cinematogr&aacute;fica de <strong>&quot;Hater&quot;<\/strong> de <strong>David Moody<\/strong> que planea <strong>Universal Pictures<\/strong> para un tiempo futuro teniendo en cuenta como est&aacute; el percal. La obra, que cuenta como un d&iacute;a, as&iacute; de repente, gente normal comienza a actuar de manera aleatoria y extremadamente violenta contra completos desconocidos sin tener conciencia de lo que hacen, ser&aacute; adaptada por <a href=\"http:\/\/www.imdb.com\/name\/nm1185659\/\" target=\"_blank\">Glen Mazzara<\/a>. <strong>Guillermo del Toro<\/strong> ha declarado que el acuerdo firmado con <strong>Universal<\/strong> fue alcanzado a ra&iacute;z de la producci&oacute;n de <a href=\"http:\/\/www.imdb.com\/title\/tt0411477\/\" target=\"_blank\">Hellboy II: el Ej&eacute;rcito Dorado<\/a> (2008) y que, pese a tener los pr&oacute;ximo 4 a&ntilde;os ocupados con la direcci&oacute;n de <a href=\"http:\/\/www.imdb.com\/title\/tt0903624\/\" target=\"_blank\">The Hobbit<\/a> (2010) y su secuela, se ha comprometido, por gusto, a participar en el proyecto como productor y como mente creativa en cuanto a elementos a usar, <em>storyboards<\/em> e ideas. Eso si, el plato fuerte lo realizar&aacute;n <a href=\"http:\/\/www.imdb.com\/name\/nm0425741\/\" target=\"_blank\">Mark Johnson<\/a> y el director de la pel&iacute;cula. Al tiempo que comentaba esto <strong>Del Toro<\/strong> ha indicado que su adaptaci&oacute;n de <a href=\"http:\/\/www.imdb.com\/title\/tt1118070\/\" target=\"_blank\">At the Mountains of Madness<\/a> (&iquest;?) sigue viva en <strong>Universal<\/strong> y que alg&uacute;n d&iacute;a llegar&aacute; el momento de revitalizar el g&eacute;nero de terror. De su viaje a la <strong>Tierra Media<\/strong>, el director mexicano confirma contactos preliminares para la participaci&oacute;n de <a href=\"http:\/\/www.imdb.com\/name\/nm0001557\/\" target=\"_blank\">Viggo Mortensen<\/a>, <a href=\"http:\/\/www.imdb.com\/name\/nm0005212\/\" target=\"_blank\">Ian McKellen<\/a> y <a href=\"http:\/\/www.imdb.com\/name\/nm0785227\/\" target=\"_blank\">Andy Serkis<\/a> retomando sus papeles en la trilog&iacute;a de <strong>El Se&ntilde;or de los Anillos<\/strong>. Supongo que unos aparecer&aacute;n en una parte y otros, <strong>Aragorn<\/strong>, en la segunda&#8230; La preproducci&oacute;n  de los viajes a la tierra de los hobbits, los elfos y los enanos comenzar&aacute; en breves.<\/p>\n<p><img loading=\"lazy\" decoding=\"async\" src=\"https:\/\/uruloki.org\/felipeblog\/imagesflickr3\/20080521_hulk2.jpg\" alt=\"Nuevo p&oacute;ster rectanguar de The Incredible Hulk\" width=\"498\" height=\"374\" border=\"1\" \/><\/p>\n<p>Ahora de verdad llegan las breves. <a href=\"http:\/\/www.firstshowing.net\/2008\/05\/20\/christian-bale-officially-signed-on-for-three-terminator-films\/\" target=\"_blank\">FirstShowing.net recupera una noticia aparecida en la BBC<\/a> donde se indica que <a href=\"http:\/\/www.imdb.com\/name\/nm0000288\/\" target=\"_blank\">Christian Bale<\/a> ha firmado con <strong>Halcyon Company<\/strong> para participar en las tres nuevas pel&iacute;culas de la saga <strong>Terminator<\/strong>. El dato ha sido ofrecido por uno de los due&ntilde;os de la compa&ntilde;&iacute;a, <a href=\"http:\/\/www.imdb.com\/name\/nm2203770\/\" target=\"_blank\">Derek Anderson<\/a>, quien ha indicado que cuando <strong>Bale<\/strong> ley&oacute; el gui&oacute;n de <a href=\"http:\/\/www.imdb.com\/title\/tt0438488\/\" target=\"_blank\">Terminator Salvation: The Future Begins a.k.a. Terminator 4<\/a> (2009) se qued&oacute; tan enganchado que firm&oacute; para ser <strong>John Connor<\/strong> en las tres partes. Algo positivo para esta versi&oacute;n <strong>PG-13<\/strong> que dirige en estos momento <a href=\"http:\/\/www.imdb.com\/name\/nm0629334\/\" target=\"_blank\">McG<\/a>. <a href=\"http:\/\/www.variety.com\/index.asp?layout=festivals&amp;jump=story&amp;id=1061&amp;articleid=VR1117986077&amp;cs=1\" target=\"_blank\">Cuentan desde Cannes<\/a> que la obra gr&aacute;fica argentina de ciencia ficci&oacute;n <strong>&quot;El Eternauta&quot;<\/strong> de <strong>H&eacute;ctor Germ&aacute;n Oesterheld<\/strong> y el dibujante <strong>Francisco Solano L&oacute;pez<\/strong> ser&aacute; llevada al cine por <a href=\"http:\/\/www.imdb.com\/name\/nm0551506\/\" target=\"_blank\">Lucrecia Martel<\/a> bajo el amparo de <strong>K&amp;S Films<\/strong>, <strong>Film Maker<\/strong> y <strong>El Deseo<\/strong>. Tras una nevada fosforescente y mort&iacute;fera que cae sobre <strong>Buenos Aires<\/strong>, un peque&ntilde;o grupo de supervivientes deber&aacute;n combatir a unos extraterrestres invasores y su ej&eacute;rcito de insectos gigantes, los <strong>&quot;Cascarudos&quot;<\/strong>. Cuentan que el gui&oacute;n se escribir&aacute; en cuanto remate el festival franc&eacute;s y que el proyecto saldr&aacute; caro al necesitar de actores y efectos que puedan llevar el film al mercado mundial.<\/p>\n<p>Para rematar otro par de detalles importantes. Primero, <a href=\"http:\/\/www.imdb.com\/name\/nm0000116\/\" target=\"_blank\">James Cameron<\/a> ha declarado que <a href=\"http:\/\/www.imdb.com\/title\/tt0499549\/\" target=\"_blank\">Avatar<\/a> (2009), que ser&aacute; estrenada finalmente el <strong>18 de diciembre del 2009<\/strong>, ser&aacute; una experiencia &uacute;nica, el hiperrealismo de los personajes creados en <strong>3D CGI<\/strong> es tal que superar&aacute; por completo cualquier idea que tengamos en mente hasta el momento. <a href=\"http:\/\/www.comingsoon.net\/news\/avatarnews.php?id=45317\" target=\"_blank\">Para poder ver como alucina Cameron pasaros por Coming Soon<\/a>. El pr&oacute;ximo s&aacute;bado d&iacute;a 24 a las 20:00 se celebrar&aacute; el <strong>S&eacute;ptimo Concurso Uruloki<\/strong>. Esta vez la gente de <strong>Warner Bros.<\/strong> se ha portado de maravilla y ha proporcionado <strong>2 DVDs<\/strong> de <a href=\"http:\/\/www.imdb.com\/title\/tt0480249\/\" target=\"_blank\">Soy leyenda<\/a> (2007) de <a href=\"http:\/\/www.imdb.com\/name\/nm1349376\/\" target=\"_blank\">Francis Lawrence<\/a>.<\/p>\n","protected":false},"excerpt":{"rendered":"<p>Es triste decirlo pero la era del remake sigue en sus trece ampliando la lista de desafortunados proyectos. Esta vez nos llegan en forma de dos viejas obras que, al 50%, creo que no se merecen para nada este trato. Cuentan en The Hollywood Reporter que la productora independiente Summit Entertainment se ha liado la [&hellip;]<\/p>\n","protected":false},"author":28,"featured_media":0,"comment_status":"open","ping_status":"open","sticky":false,"template":"","format":"standard","meta":{"footnotes":""},"categories":[10,8,12,9,26],"tags":[193,405,276,406,403,42,404,402,146,123],"class_list":["post-1450","post","type-post","status-publish","format-standard","hentry","category-cine-de-comics","category-cine-de-ciencia-ficcion","category-cine-de-fantasia","category-cine-de-terror","category-gdt","tag-at-the-mountain-of-madness","tag-avatar","tag-concurso","tag-el-eternauta","tag-flash-gordon","tag-guillermo-del-toro","tag-hater","tag-los-inmortales","tag-terminator","tag-the-hobbit"],"yoast_head":"<!-- This site is optimized with the Yoast SEO plugin v24.3 - https:\/\/yoast.com\/wordpress\/plugins\/seo\/ -->\n<title>Remakes de Los Inmortales y Flash Gordon, Guillermo del Toro habla sobre Hater, The Hobbit y At the Mountain of Madness, John Connor estar&aacute; presente en los tres Terminators y cosas de Avatar, El Eternauta y el 7&ordm; Concurso Uruloki... - Uruloki :: Blog<\/title>\n<meta name=\"robots\" content=\"index, follow, max-snippet:-1, max-image-preview:large, max-video-preview:-1\" \/>\n<link rel=\"canonical\" href=\"https:\/\/www.uruloki.org\/felipeblog\/cine-de-ciencia-ficcion\/remakes-de-los-inmortales-y-flash-gordon-guillermo-del-toro-habla-sobre-hater-the-hobbit-y-at-the-mountain-of-madness-john-connor-estar-presente-en-los-tres-terminators-y-cosas-de-avatar-e\" \/>\n<meta property=\"og:locale\" content=\"es_ES\" \/>\n<meta property=\"og:type\" content=\"article\" \/>\n<meta property=\"og:title\" content=\"Remakes de Los Inmortales y Flash Gordon, Guillermo del Toro habla sobre Hater, The Hobbit y At the Mountain of Madness, John Connor estar&aacute; presente en los tres Terminators y cosas de Avatar, El Eternauta y el 7&ordm; Concurso Uruloki... - Uruloki :: Blog\" \/>\n<meta property=\"og:description\" content=\"Es triste decirlo pero la era del remake sigue en sus trece ampliando la lista de desafortunados proyectos. Esta vez nos llegan en forma de dos viejas obras que, al 50%, creo que no se merecen para nada este trato. Cuentan en The Hollywood Reporter que la productora independiente Summit Entertainment se ha liado la [&hellip;]\" \/>\n<meta property=\"og:url\" content=\"https:\/\/www.uruloki.org\/felipeblog\/cine-de-ciencia-ficcion\/remakes-de-los-inmortales-y-flash-gordon-guillermo-del-toro-habla-sobre-hater-the-hobbit-y-at-the-mountain-of-madness-john-connor-estar-presente-en-los-tres-terminators-y-cosas-de-avatar-e\" \/>\n<meta property=\"og:site_name\" content=\"Uruloki :: Blog\" \/>\n<meta property=\"article:publisher\" content=\"https:\/\/www.facebook.com\/uruloki.org\" \/>\n<meta property=\"article:published_time\" content=\"2008-05-21T20:23:47+00:00\" \/>\n<meta property=\"og:image\" content=\"https:\/\/uruloki.org\/felipeblog\/imagesflickr3\/20080521_hulk1.jpg\" \/>\n<meta name=\"author\" content=\"Uruloki\" \/>\n<meta name=\"twitter:card\" content=\"summary_large_image\" \/>\n<meta name=\"twitter:creator\" content=\"@uruloki\" \/>\n<meta name=\"twitter:site\" content=\"@uruloki\" \/>\n<meta name=\"twitter:label1\" content=\"Escrito por\" \/>\n\t<meta name=\"twitter:data1\" content=\"Uruloki\" \/>\n\t<meta name=\"twitter:label2\" content=\"Tiempo de lectura\" \/>\n\t<meta name=\"twitter:data2\" content=\"6 minutos\" \/>\n<script type=\"application\/ld+json\" class=\"yoast-schema-graph\">{\"@context\":\"https:\/\/schema.org\",\"@graph\":[{\"@type\":\"WebPage\",\"@id\":\"https:\/\/www.uruloki.org\/felipeblog\/cine-de-ciencia-ficcion\/remakes-de-los-inmortales-y-flash-gordon-guillermo-del-toro-habla-sobre-hater-the-hobbit-y-at-the-mountain-of-madness-john-connor-estar-presente-en-los-tres-terminators-y-cosas-de-avatar-e\",\"url\":\"https:\/\/www.uruloki.org\/felipeblog\/cine-de-ciencia-ficcion\/remakes-de-los-inmortales-y-flash-gordon-guillermo-del-toro-habla-sobre-hater-the-hobbit-y-at-the-mountain-of-madness-john-connor-estar-presente-en-los-tres-terminators-y-cosas-de-avatar-e\",\"name\":\"Remakes de Los Inmortales y Flash Gordon, Guillermo del Toro habla sobre Hater, The Hobbit y At the Mountain of Madness, John Connor estar&aacute; presente en los tres Terminators y cosas de Avatar, El Eternauta y el 7&ordm; Concurso Uruloki... - Uruloki :: Blog\",\"isPartOf\":{\"@id\":\"https:\/\/www.uruloki.org\/felipeblog\/#website\"},\"primaryImageOfPage\":{\"@id\":\"https:\/\/www.uruloki.org\/felipeblog\/cine-de-ciencia-ficcion\/remakes-de-los-inmortales-y-flash-gordon-guillermo-del-toro-habla-sobre-hater-the-hobbit-y-at-the-mountain-of-madness-john-connor-estar-presente-en-los-tres-terminators-y-cosas-de-avatar-e#primaryimage\"},\"image\":{\"@id\":\"https:\/\/www.uruloki.org\/felipeblog\/cine-de-ciencia-ficcion\/remakes-de-los-inmortales-y-flash-gordon-guillermo-del-toro-habla-sobre-hater-the-hobbit-y-at-the-mountain-of-madness-john-connor-estar-presente-en-los-tres-terminators-y-cosas-de-avatar-e#primaryimage\"},\"thumbnailUrl\":\"https:\/\/uruloki.org\/felipeblog\/imagesflickr3\/20080521_hulk1.jpg\",\"datePublished\":\"2008-05-21T20:23:47+00:00\",\"dateModified\":\"2008-05-21T20:23:47+00:00\",\"author\":{\"@id\":\"https:\/\/www.uruloki.org\/felipeblog\/#\/schema\/person\/ddba06ddaa27edf0c370460d05c51bb3\"},\"breadcrumb\":{\"@id\":\"https:\/\/www.uruloki.org\/felipeblog\/cine-de-ciencia-ficcion\/remakes-de-los-inmortales-y-flash-gordon-guillermo-del-toro-habla-sobre-hater-the-hobbit-y-at-the-mountain-of-madness-john-connor-estar-presente-en-los-tres-terminators-y-cosas-de-avatar-e#breadcrumb\"},\"inLanguage\":\"es\",\"potentialAction\":[{\"@type\":\"ReadAction\",\"target\":[\"https:\/\/www.uruloki.org\/felipeblog\/cine-de-ciencia-ficcion\/remakes-de-los-inmortales-y-flash-gordon-guillermo-del-toro-habla-sobre-hater-the-hobbit-y-at-the-mountain-of-madness-john-connor-estar-presente-en-los-tres-terminators-y-cosas-de-avatar-e\"]}]},{\"@type\":\"ImageObject\",\"inLanguage\":\"es\",\"@id\":\"https:\/\/www.uruloki.org\/felipeblog\/cine-de-ciencia-ficcion\/remakes-de-los-inmortales-y-flash-gordon-guillermo-del-toro-habla-sobre-hater-the-hobbit-y-at-the-mountain-of-madness-john-connor-estar-presente-en-los-tres-terminators-y-cosas-de-avatar-e#primaryimage\",\"url\":\"https:\/\/uruloki.org\/felipeblog\/imagesflickr3\/20080521_hulk1.jpg\",\"contentUrl\":\"https:\/\/uruloki.org\/felipeblog\/imagesflickr3\/20080521_hulk1.jpg\"},{\"@type\":\"BreadcrumbList\",\"@id\":\"https:\/\/www.uruloki.org\/felipeblog\/cine-de-ciencia-ficcion\/remakes-de-los-inmortales-y-flash-gordon-guillermo-del-toro-habla-sobre-hater-the-hobbit-y-at-the-mountain-of-madness-john-connor-estar-presente-en-los-tres-terminators-y-cosas-de-avatar-e#breadcrumb\",\"itemListElement\":[{\"@type\":\"ListItem\",\"position\":1,\"name\":\"Portada\",\"item\":\"https:\/\/www.uruloki.org\/felipeblog\"},{\"@type\":\"ListItem\",\"position\":2,\"name\":\"Remakes de Los Inmortales y Flash Gordon, Guillermo del Toro habla sobre Hater, The Hobbit y At the Mountain of Madness, John Connor estar&aacute; presente en los tres Terminators y cosas de Avatar, El Eternauta y el 7&ordm; Concurso Uruloki&#8230;\"}]},{\"@type\":\"WebSite\",\"@id\":\"https:\/\/www.uruloki.org\/felipeblog\/#website\",\"url\":\"https:\/\/www.uruloki.org\/felipeblog\/\",\"name\":\"Uruloki :: Blog\",\"description\":\"Blog de cine, terror, ciencia ficci\u00f3n, fantas\u00eda y c\u00f3mics\",\"potentialAction\":[{\"@type\":\"SearchAction\",\"target\":{\"@type\":\"EntryPoint\",\"urlTemplate\":\"https:\/\/www.uruloki.org\/felipeblog\/?s={search_term_string}\"},\"query-input\":{\"@type\":\"PropertyValueSpecification\",\"valueRequired\":true,\"valueName\":\"search_term_string\"}}],\"inLanguage\":\"es\"},{\"@type\":\"Person\",\"@id\":\"https:\/\/www.uruloki.org\/felipeblog\/#\/schema\/person\/ddba06ddaa27edf0c370460d05c51bb3\",\"name\":\"Uruloki\",\"image\":{\"@type\":\"ImageObject\",\"inLanguage\":\"es\",\"@id\":\"https:\/\/www.uruloki.org\/felipeblog\/#\/schema\/person\/image\/\",\"url\":\"https:\/\/secure.gravatar.com\/avatar\/68d5301c5f52ba88fd63f02c75b8c4d1b3c3fc4b21e2998a1e98c4b3a54d9f7c?s=96&d=mm&r=g\",\"contentUrl\":\"https:\/\/secure.gravatar.com\/avatar\/68d5301c5f52ba88fd63f02c75b8c4d1b3c3fc4b21e2998a1e98c4b3a54d9f7c?s=96&d=mm&r=g\",\"caption\":\"Uruloki\"},\"sameAs\":[\"https:\/\/uruloki.org\"],\"url\":\"https:\/\/www.uruloki.org\/felipeblog\/author\/admin-2-2-2\"}]}<\/script>\n<!-- \/ Yoast SEO plugin. -->","yoast_head_json":{"title":"Remakes de Los Inmortales y Flash Gordon, Guillermo del Toro habla sobre Hater, The Hobbit y At the Mountain of Madness, John Connor estar&aacute; presente en los tres Terminators y cosas de Avatar, El Eternauta y el 7&ordm; Concurso Uruloki... - Uruloki :: Blog","robots":{"index":"index","follow":"follow","max-snippet":"max-snippet:-1","max-image-preview":"max-image-preview:large","max-video-preview":"max-video-preview:-1"},"canonical":"https:\/\/www.uruloki.org\/felipeblog\/cine-de-ciencia-ficcion\/remakes-de-los-inmortales-y-flash-gordon-guillermo-del-toro-habla-sobre-hater-the-hobbit-y-at-the-mountain-of-madness-john-connor-estar-presente-en-los-tres-terminators-y-cosas-de-avatar-e","og_locale":"es_ES","og_type":"article","og_title":"Remakes de Los Inmortales y Flash Gordon, Guillermo del Toro habla sobre Hater, The Hobbit y At the Mountain of Madness, John Connor estar&aacute; presente en los tres Terminators y cosas de Avatar, El Eternauta y el 7&ordm; Concurso Uruloki... - Uruloki :: Blog","og_description":"Es triste decirlo pero la era del remake sigue en sus trece ampliando la lista de desafortunados proyectos. Esta vez nos llegan en forma de dos viejas obras que, al 50%, creo que no se merecen para nada este trato. Cuentan en The Hollywood Reporter que la productora independiente Summit Entertainment se ha liado la [&hellip;]","og_url":"https:\/\/www.uruloki.org\/felipeblog\/cine-de-ciencia-ficcion\/remakes-de-los-inmortales-y-flash-gordon-guillermo-del-toro-habla-sobre-hater-the-hobbit-y-at-the-mountain-of-madness-john-connor-estar-presente-en-los-tres-terminators-y-cosas-de-avatar-e","og_site_name":"Uruloki :: Blog","article_publisher":"https:\/\/www.facebook.com\/uruloki.org","article_published_time":"2008-05-21T20:23:47+00:00","og_image":[{"url":"https:\/\/uruloki.org\/felipeblog\/imagesflickr3\/20080521_hulk1.jpg","type":"","width":"","height":""}],"author":"Uruloki","twitter_card":"summary_large_image","twitter_creator":"@uruloki","twitter_site":"@uruloki","twitter_misc":{"Escrito por":"Uruloki","Tiempo de lectura":"6 minutos"},"schema":{"@context":"https:\/\/schema.org","@graph":[{"@type":"WebPage","@id":"https:\/\/www.uruloki.org\/felipeblog\/cine-de-ciencia-ficcion\/remakes-de-los-inmortales-y-flash-gordon-guillermo-del-toro-habla-sobre-hater-the-hobbit-y-at-the-mountain-of-madness-john-connor-estar-presente-en-los-tres-terminators-y-cosas-de-avatar-e","url":"https:\/\/www.uruloki.org\/felipeblog\/cine-de-ciencia-ficcion\/remakes-de-los-inmortales-y-flash-gordon-guillermo-del-toro-habla-sobre-hater-the-hobbit-y-at-the-mountain-of-madness-john-connor-estar-presente-en-los-tres-terminators-y-cosas-de-avatar-e","name":"Remakes de Los Inmortales y Flash Gordon, Guillermo del Toro habla sobre Hater, The Hobbit y At the Mountain of Madness, John Connor estar&aacute; presente en los tres Terminators y cosas de Avatar, El Eternauta y el 7&ordm; Concurso Uruloki... - Uruloki :: Blog","isPartOf":{"@id":"https:\/\/www.uruloki.org\/felipeblog\/#website"},"primaryImageOfPage":{"@id":"https:\/\/www.uruloki.org\/felipeblog\/cine-de-ciencia-ficcion\/remakes-de-los-inmortales-y-flash-gordon-guillermo-del-toro-habla-sobre-hater-the-hobbit-y-at-the-mountain-of-madness-john-connor-estar-presente-en-los-tres-terminators-y-cosas-de-avatar-e#primaryimage"},"image":{"@id":"https:\/\/www.uruloki.org\/felipeblog\/cine-de-ciencia-ficcion\/remakes-de-los-inmortales-y-flash-gordon-guillermo-del-toro-habla-sobre-hater-the-hobbit-y-at-the-mountain-of-madness-john-connor-estar-presente-en-los-tres-terminators-y-cosas-de-avatar-e#primaryimage"},"thumbnailUrl":"https:\/\/uruloki.org\/felipeblog\/imagesflickr3\/20080521_hulk1.jpg","datePublished":"2008-05-21T20:23:47+00:00","dateModified":"2008-05-21T20:23:47+00:00","author":{"@id":"https:\/\/www.uruloki.org\/felipeblog\/#\/schema\/person\/ddba06ddaa27edf0c370460d05c51bb3"},"breadcrumb":{"@id":"https:\/\/www.uruloki.org\/felipeblog\/cine-de-ciencia-ficcion\/remakes-de-los-inmortales-y-flash-gordon-guillermo-del-toro-habla-sobre-hater-the-hobbit-y-at-the-mountain-of-madness-john-connor-estar-presente-en-los-tres-terminators-y-cosas-de-avatar-e#breadcrumb"},"inLanguage":"es","potentialAction":[{"@type":"ReadAction","target":["https:\/\/www.uruloki.org\/felipeblog\/cine-de-ciencia-ficcion\/remakes-de-los-inmortales-y-flash-gordon-guillermo-del-toro-habla-sobre-hater-the-hobbit-y-at-the-mountain-of-madness-john-connor-estar-presente-en-los-tres-terminators-y-cosas-de-avatar-e"]}]},{"@type":"ImageObject","inLanguage":"es","@id":"https:\/\/www.uruloki.org\/felipeblog\/cine-de-ciencia-ficcion\/remakes-de-los-inmortales-y-flash-gordon-guillermo-del-toro-habla-sobre-hater-the-hobbit-y-at-the-mountain-of-madness-john-connor-estar-presente-en-los-tres-terminators-y-cosas-de-avatar-e#primaryimage","url":"https:\/\/uruloki.org\/felipeblog\/imagesflickr3\/20080521_hulk1.jpg","contentUrl":"https:\/\/uruloki.org\/felipeblog\/imagesflickr3\/20080521_hulk1.jpg"},{"@type":"BreadcrumbList","@id":"https:\/\/www.uruloki.org\/felipeblog\/cine-de-ciencia-ficcion\/remakes-de-los-inmortales-y-flash-gordon-guillermo-del-toro-habla-sobre-hater-the-hobbit-y-at-the-mountain-of-madness-john-connor-estar-presente-en-los-tres-terminators-y-cosas-de-avatar-e#breadcrumb","itemListElement":[{"@type":"ListItem","position":1,"name":"Portada","item":"https:\/\/www.uruloki.org\/felipeblog"},{"@type":"ListItem","position":2,"name":"Remakes de Los Inmortales y Flash Gordon, Guillermo del Toro habla sobre Hater, The Hobbit y At the Mountain of Madness, John Connor estar&aacute; presente en los tres Terminators y cosas de Avatar, El Eternauta y el 7&ordm; Concurso Uruloki&#8230;"}]},{"@type":"WebSite","@id":"https:\/\/www.uruloki.org\/felipeblog\/#website","url":"https:\/\/www.uruloki.org\/felipeblog\/","name":"Uruloki :: Blog","description":"Blog de cine, terror, ciencia ficci\u00f3n, fantas\u00eda y c\u00f3mics","potentialAction":[{"@type":"SearchAction","target":{"@type":"EntryPoint","urlTemplate":"https:\/\/www.uruloki.org\/felipeblog\/?s={search_term_string}"},"query-input":{"@type":"PropertyValueSpecification","valueRequired":true,"valueName":"search_term_string"}}],"inLanguage":"es"},{"@type":"Person","@id":"https:\/\/www.uruloki.org\/felipeblog\/#\/schema\/person\/ddba06ddaa27edf0c370460d05c51bb3","name":"Uruloki","image":{"@type":"ImageObject","inLanguage":"es","@id":"https:\/\/www.uruloki.org\/felipeblog\/#\/schema\/person\/image\/","url":"https:\/\/secure.gravatar.com\/avatar\/68d5301c5f52ba88fd63f02c75b8c4d1b3c3fc4b21e2998a1e98c4b3a54d9f7c?s=96&d=mm&r=g","contentUrl":"https:\/\/secure.gravatar.com\/avatar\/68d5301c5f52ba88fd63f02c75b8c4d1b3c3fc4b21e2998a1e98c4b3a54d9f7c?s=96&d=mm&r=g","caption":"Uruloki"},"sameAs":["https:\/\/uruloki.org"],"url":"https:\/\/www.uruloki.org\/felipeblog\/author\/admin-2-2-2"}]}},"_links":{"self":[{"href":"https:\/\/www.uruloki.org\/felipeblog\/wp-json\/wp\/v2\/posts\/1450","targetHints":{"allow":["GET"]}}],"collection":[{"href":"https:\/\/www.uruloki.org\/felipeblog\/wp-json\/wp\/v2\/posts"}],"about":[{"href":"https:\/\/www.uruloki.org\/felipeblog\/wp-json\/wp\/v2\/types\/post"}],"author":[{"embeddable":true,"href":"https:\/\/www.uruloki.org\/felipeblog\/wp-json\/wp\/v2\/users\/28"}],"replies":[{"embeddable":true,"href":"https:\/\/www.uruloki.org\/felipeblog\/wp-json\/wp\/v2\/comments?post=1450"}],"version-history":[{"count":0,"href":"https:\/\/www.uruloki.org\/felipeblog\/wp-json\/wp\/v2\/posts\/1450\/revisions"}],"wp:attachment":[{"href":"https:\/\/www.uruloki.org\/felipeblog\/wp-json\/wp\/v2\/media?parent=1450"}],"wp:term":[{"taxonomy":"category","embeddable":true,"href":"https:\/\/www.uruloki.org\/felipeblog\/wp-json\/wp\/v2\/categories?post=1450"},{"taxonomy":"post_tag","embeddable":true,"href":"https:\/\/www.uruloki.org\/felipeblog\/wp-json\/wp\/v2\/tags?post=1450"}],"curies":[{"name":"wp","href":"https:\/\/api.w.org\/{rel}","templated":true}]}}