{"id":14353,"date":"2015-04-26T11:02:12","date_gmt":"2015-04-26T09:02:12","guid":{"rendered":"https:\/\/uruloki.org\/felipeblog\/?p=14353"},"modified":"2015-04-26T11:02:12","modified_gmt":"2015-04-26T09:02:12","slug":"disfrutad-de-grieta-en-la-oscuridad-de-xavi-rull","status":"publish","type":"post","link":"https:\/\/www.uruloki.org\/felipeblog\/personalisimo\/disfrutad-de-grieta-en-la-oscuridad-de-xavi-rull","title":{"rendered":"Disfrutad de &quot;Grieta en la Oscuridad&quot; de Xavi Rull&#8230;"},"content":{"rendered":"<p>El a&ntilde;o pasado en el <strong>Festival de Sitges<\/strong> hice migas con dos pares de personas. Del segundo par hablar&eacute; m&aacute;s pronto que tarde, esos Hermanos Prada son unos cracks, pero ahora es momento de pararme con <strong>Xavi Rull<\/strong>, director, y <strong>Mar&iacute;a  Costa Rocher<\/strong>, guionista y productora. Resulta que esta muy agradable pareja produjeron y realizaron hace ya unos a&ntilde;os un cortometraje titulado <strong>&quot;Grieta en la Oscuridad&quot;<\/strong> que durante largo tiempo, casi tres a&ntilde;os de viaje, ha ido cosechando  &eacute;xito en multitud de festivales como el XIV Certamen de &quot;J&oacute;venes Creadores&quot; de Salamanca, Primer Premio a mejor cortometraje, Festival de Bujaraloz, 5th FIC Festival Internacional del Cortometraje de Argentina, Competici&oacute;n oficial del Meme Pas Peur Festival International, CinemaFest de M&eacute;xico, IV Setmana de Cinema Fant&agrave;stic i de Terror de Girona, II Dracula Film Horror and Fantasy Festival de Ruman&iacute;a, International Film Festival of Fine Arts de Hungr&iacute;a o el Festival International du film de Tanger, Marruecos. En fin, que merece mucho disfrutarlo. M&aacute;s informaci&oacute;n en <a href=\"https:\/\/www.facebook.com\/Grieta.en.la.Oscuridad\">la p&aacute;gina de Facebook de <strong>&quot;Grieta en la Oscuridad&quot;<\/strong><\/a>.<\/p>\n<div class=\"video\"><iframe loading=\"lazy\" width=\"100%\" height=\"380\" src=\"https:\/\/www.youtube.com\/embed\/vH-NjxXSOjE\" allowfullscreen=\"true\"><\/iframe><\/div>\n<blockquote><p>Grieta en la Oscuridad es un thriller de suspense de veinte  minutos de duraci&oacute;n, rodado en cinematograf&iacute;a digital que gira entorno a Carlos (Roger Berruezo) un escritor joven y brillante que acaba de obtener un exitoso reconocimiento internacional por su &uacute;ltima obra. Durante una conversaci&oacute;n casual, recuerda la figura de su mentor y r&aacute;pidamente se da cuenta que no todo el mundo tiene una visi&oacute;n tan positiva como la suya de &Aacute;ngel Mill&aacute;n (Ferran Ra&ntilde;&eacute;) quien, tras un silencio creativo de varios a&ntilde;os, vuelve a estar en boca de todos gracias a una pol&eacute;mica trilog&iacute;a. Decidido a probar que Mill&aacute;n sigue siendo el hombre que &eacute;l conoci&oacute;, Carlos le hace una visita, pero se encuentra que en su casa habita un personaje siniestro y extra&ntilde;o.<\/p><\/blockquote>\n<p class=\"centrado\"><img loading=\"lazy\" decoding=\"async\" src=\"https:\/\/uruloki.org\/felipeblog\/images2015\/20150425-grietaenlaoscuridad.jpg\" alt=\"Cartel de &quot;Grieta en la Oscuridad&quot;\" width=\"550\" height=\"786\" \/><br \/><em>Cartel de &quot;Grieta en la Oscuridad&quot;<\/em> <\/p>\n","protected":false},"excerpt":{"rendered":"<p>El a&ntilde;o pasado en el Festival de Sitges hice migas con dos pares de personas. Del segundo par hablar&eacute; m&aacute;s pronto que tarde, esos Hermanos Prada son unos cracks, pero ahora es momento de pararme con Xavi Rull, director, y Mar&iacute;a Costa Rocher, guionista y productora. Resulta que esta muy agradable pareja produjeron y realizaron [&hellip;]<\/p>\n","protected":false},"author":28,"featured_media":0,"comment_status":"open","ping_status":"open","sticky":false,"template":"","format":"standard","meta":{"footnotes":""},"categories":[9,4],"tags":[3294],"class_list":["post-14353","post","type-post","status-publish","format-standard","hentry","category-cine-de-terror","category-personalisimo","tag-grieta-en-la-oscuridad"],"yoast_head":"<!-- This site is optimized with the Yoast SEO plugin v24.3 - https:\/\/yoast.com\/wordpress\/plugins\/seo\/ -->\n<title>Disfrutad de &quot;Grieta en la Oscuridad&quot; de Xavi Rull<\/title>\n<meta name=\"description\" content=\"Xavi Rull y Mar\u00eda Costa Rocher produjeron y realizaron hace ya unos a\u00f1os un cortometraje titulado &quot;Grieta en la Oscuridad&quot; que ha ido cosechando \u00e9xito en multitud de festivales.\" \/>\n<meta name=\"robots\" content=\"index, follow, max-snippet:-1, max-image-preview:large, max-video-preview:-1\" \/>\n<link rel=\"canonical\" href=\"https:\/\/www.uruloki.org\/felipeblog\/personalisimo\/disfrutad-de-grieta-en-la-oscuridad-de-xavi-rull\" \/>\n<meta property=\"og:locale\" content=\"es_ES\" \/>\n<meta property=\"og:type\" content=\"article\" \/>\n<meta property=\"og:title\" content=\"Disfrutad de &quot;Grieta en la Oscuridad&quot; de Xavi Rull\" \/>\n<meta property=\"og:description\" content=\"Xavi Rull y Mar\u00eda Costa Rocher produjeron y realizaron hace ya unos a\u00f1os un cortometraje titulado &quot;Grieta en la Oscuridad&quot; que ha ido cosechando \u00e9xito en multitud de festivales.\" \/>\n<meta property=\"og:url\" content=\"https:\/\/www.uruloki.org\/felipeblog\/personalisimo\/disfrutad-de-grieta-en-la-oscuridad-de-xavi-rull\" \/>\n<meta property=\"og:site_name\" content=\"Uruloki :: Blog\" \/>\n<meta property=\"article:publisher\" content=\"https:\/\/www.facebook.com\/uruloki.org\" \/>\n<meta property=\"article:published_time\" content=\"2015-04-26T09:02:12+00:00\" \/>\n<meta property=\"og:image\" content=\"https:\/\/uruloki.org\/felipeblog\/images2015\/20150425-grietaenlaoscuridad.jpg\" \/>\n<meta name=\"author\" content=\"Uruloki\" \/>\n<meta name=\"twitter:card\" content=\"summary_large_image\" \/>\n<meta name=\"twitter:creator\" content=\"@uruloki\" \/>\n<meta name=\"twitter:site\" content=\"@uruloki\" \/>\n<meta name=\"twitter:label1\" content=\"Escrito por\" \/>\n\t<meta name=\"twitter:data1\" content=\"Uruloki\" \/>\n\t<meta name=\"twitter:label2\" content=\"Tiempo de lectura\" \/>\n\t<meta name=\"twitter:data2\" content=\"2 minutos\" \/>\n<script type=\"application\/ld+json\" class=\"yoast-schema-graph\">{\"@context\":\"https:\/\/schema.org\",\"@graph\":[{\"@type\":\"WebPage\",\"@id\":\"https:\/\/www.uruloki.org\/felipeblog\/personalisimo\/disfrutad-de-grieta-en-la-oscuridad-de-xavi-rull\",\"url\":\"https:\/\/www.uruloki.org\/felipeblog\/personalisimo\/disfrutad-de-grieta-en-la-oscuridad-de-xavi-rull\",\"name\":\"Disfrutad de \\\"Grieta en la Oscuridad\\\" de Xavi Rull\",\"isPartOf\":{\"@id\":\"https:\/\/www.uruloki.org\/felipeblog\/#website\"},\"primaryImageOfPage\":{\"@id\":\"https:\/\/www.uruloki.org\/felipeblog\/personalisimo\/disfrutad-de-grieta-en-la-oscuridad-de-xavi-rull#primaryimage\"},\"image\":{\"@id\":\"https:\/\/www.uruloki.org\/felipeblog\/personalisimo\/disfrutad-de-grieta-en-la-oscuridad-de-xavi-rull#primaryimage\"},\"thumbnailUrl\":\"https:\/\/uruloki.org\/felipeblog\/images2015\/20150425-grietaenlaoscuridad.jpg\",\"datePublished\":\"2015-04-26T09:02:12+00:00\",\"dateModified\":\"2015-04-26T09:02:12+00:00\",\"author\":{\"@id\":\"https:\/\/www.uruloki.org\/felipeblog\/#\/schema\/person\/ddba06ddaa27edf0c370460d05c51bb3\"},\"description\":\"Xavi Rull y Mar\u00eda Costa Rocher produjeron y realizaron hace ya unos a\u00f1os un cortometraje titulado \\\"Grieta en la Oscuridad\\\" que ha ido cosechando \u00e9xito en multitud de festivales.\",\"breadcrumb\":{\"@id\":\"https:\/\/www.uruloki.org\/felipeblog\/personalisimo\/disfrutad-de-grieta-en-la-oscuridad-de-xavi-rull#breadcrumb\"},\"inLanguage\":\"es\",\"potentialAction\":[{\"@type\":\"ReadAction\",\"target\":[\"https:\/\/www.uruloki.org\/felipeblog\/personalisimo\/disfrutad-de-grieta-en-la-oscuridad-de-xavi-rull\"]}]},{\"@type\":\"ImageObject\",\"inLanguage\":\"es\",\"@id\":\"https:\/\/www.uruloki.org\/felipeblog\/personalisimo\/disfrutad-de-grieta-en-la-oscuridad-de-xavi-rull#primaryimage\",\"url\":\"https:\/\/uruloki.org\/felipeblog\/images2015\/20150425-grietaenlaoscuridad.jpg\",\"contentUrl\":\"https:\/\/uruloki.org\/felipeblog\/images2015\/20150425-grietaenlaoscuridad.jpg\"},{\"@type\":\"BreadcrumbList\",\"@id\":\"https:\/\/www.uruloki.org\/felipeblog\/personalisimo\/disfrutad-de-grieta-en-la-oscuridad-de-xavi-rull#breadcrumb\",\"itemListElement\":[{\"@type\":\"ListItem\",\"position\":1,\"name\":\"Portada\",\"item\":\"https:\/\/www.uruloki.org\/felipeblog\"},{\"@type\":\"ListItem\",\"position\":2,\"name\":\"Disfrutad de &quot;Grieta en la Oscuridad&quot; de Xavi Rull&#8230;\"}]},{\"@type\":\"WebSite\",\"@id\":\"https:\/\/www.uruloki.org\/felipeblog\/#website\",\"url\":\"https:\/\/www.uruloki.org\/felipeblog\/\",\"name\":\"Uruloki :: Blog\",\"description\":\"Blog de cine, terror, ciencia ficci\u00f3n, fantas\u00eda y c\u00f3mics\",\"potentialAction\":[{\"@type\":\"SearchAction\",\"target\":{\"@type\":\"EntryPoint\",\"urlTemplate\":\"https:\/\/www.uruloki.org\/felipeblog\/?s={search_term_string}\"},\"query-input\":{\"@type\":\"PropertyValueSpecification\",\"valueRequired\":true,\"valueName\":\"search_term_string\"}}],\"inLanguage\":\"es\"},{\"@type\":\"Person\",\"@id\":\"https:\/\/www.uruloki.org\/felipeblog\/#\/schema\/person\/ddba06ddaa27edf0c370460d05c51bb3\",\"name\":\"Uruloki\",\"image\":{\"@type\":\"ImageObject\",\"inLanguage\":\"es\",\"@id\":\"https:\/\/www.uruloki.org\/felipeblog\/#\/schema\/person\/image\/\",\"url\":\"https:\/\/secure.gravatar.com\/avatar\/68d5301c5f52ba88fd63f02c75b8c4d1b3c3fc4b21e2998a1e98c4b3a54d9f7c?s=96&d=mm&r=g\",\"contentUrl\":\"https:\/\/secure.gravatar.com\/avatar\/68d5301c5f52ba88fd63f02c75b8c4d1b3c3fc4b21e2998a1e98c4b3a54d9f7c?s=96&d=mm&r=g\",\"caption\":\"Uruloki\"},\"sameAs\":[\"https:\/\/uruloki.org\"],\"url\":\"https:\/\/www.uruloki.org\/felipeblog\/author\/admin-2-2-2\"}]}<\/script>\n<!-- \/ Yoast SEO plugin. -->","yoast_head_json":{"title":"Disfrutad de \"Grieta en la Oscuridad\" de Xavi Rull","description":"Xavi Rull y Mar\u00eda Costa Rocher produjeron y realizaron hace ya unos a\u00f1os un cortometraje titulado \"Grieta en la Oscuridad\" que ha ido cosechando \u00e9xito en multitud de festivales.","robots":{"index":"index","follow":"follow","max-snippet":"max-snippet:-1","max-image-preview":"max-image-preview:large","max-video-preview":"max-video-preview:-1"},"canonical":"https:\/\/www.uruloki.org\/felipeblog\/personalisimo\/disfrutad-de-grieta-en-la-oscuridad-de-xavi-rull","og_locale":"es_ES","og_type":"article","og_title":"Disfrutad de \"Grieta en la Oscuridad\" de Xavi Rull","og_description":"Xavi Rull y Mar\u00eda Costa Rocher produjeron y realizaron hace ya unos a\u00f1os un cortometraje titulado \"Grieta en la Oscuridad\" que ha ido cosechando \u00e9xito en multitud de festivales.","og_url":"https:\/\/www.uruloki.org\/felipeblog\/personalisimo\/disfrutad-de-grieta-en-la-oscuridad-de-xavi-rull","og_site_name":"Uruloki :: Blog","article_publisher":"https:\/\/www.facebook.com\/uruloki.org","article_published_time":"2015-04-26T09:02:12+00:00","og_image":[{"url":"https:\/\/uruloki.org\/felipeblog\/images2015\/20150425-grietaenlaoscuridad.jpg","type":"","width":"","height":""}],"author":"Uruloki","twitter_card":"summary_large_image","twitter_creator":"@uruloki","twitter_site":"@uruloki","twitter_misc":{"Escrito por":"Uruloki","Tiempo de lectura":"2 minutos"},"schema":{"@context":"https:\/\/schema.org","@graph":[{"@type":"WebPage","@id":"https:\/\/www.uruloki.org\/felipeblog\/personalisimo\/disfrutad-de-grieta-en-la-oscuridad-de-xavi-rull","url":"https:\/\/www.uruloki.org\/felipeblog\/personalisimo\/disfrutad-de-grieta-en-la-oscuridad-de-xavi-rull","name":"Disfrutad de \"Grieta en la Oscuridad\" de Xavi Rull","isPartOf":{"@id":"https:\/\/www.uruloki.org\/felipeblog\/#website"},"primaryImageOfPage":{"@id":"https:\/\/www.uruloki.org\/felipeblog\/personalisimo\/disfrutad-de-grieta-en-la-oscuridad-de-xavi-rull#primaryimage"},"image":{"@id":"https:\/\/www.uruloki.org\/felipeblog\/personalisimo\/disfrutad-de-grieta-en-la-oscuridad-de-xavi-rull#primaryimage"},"thumbnailUrl":"https:\/\/uruloki.org\/felipeblog\/images2015\/20150425-grietaenlaoscuridad.jpg","datePublished":"2015-04-26T09:02:12+00:00","dateModified":"2015-04-26T09:02:12+00:00","author":{"@id":"https:\/\/www.uruloki.org\/felipeblog\/#\/schema\/person\/ddba06ddaa27edf0c370460d05c51bb3"},"description":"Xavi Rull y Mar\u00eda Costa Rocher produjeron y realizaron hace ya unos a\u00f1os un cortometraje titulado \"Grieta en la Oscuridad\" que ha ido cosechando \u00e9xito en multitud de festivales.","breadcrumb":{"@id":"https:\/\/www.uruloki.org\/felipeblog\/personalisimo\/disfrutad-de-grieta-en-la-oscuridad-de-xavi-rull#breadcrumb"},"inLanguage":"es","potentialAction":[{"@type":"ReadAction","target":["https:\/\/www.uruloki.org\/felipeblog\/personalisimo\/disfrutad-de-grieta-en-la-oscuridad-de-xavi-rull"]}]},{"@type":"ImageObject","inLanguage":"es","@id":"https:\/\/www.uruloki.org\/felipeblog\/personalisimo\/disfrutad-de-grieta-en-la-oscuridad-de-xavi-rull#primaryimage","url":"https:\/\/uruloki.org\/felipeblog\/images2015\/20150425-grietaenlaoscuridad.jpg","contentUrl":"https:\/\/uruloki.org\/felipeblog\/images2015\/20150425-grietaenlaoscuridad.jpg"},{"@type":"BreadcrumbList","@id":"https:\/\/www.uruloki.org\/felipeblog\/personalisimo\/disfrutad-de-grieta-en-la-oscuridad-de-xavi-rull#breadcrumb","itemListElement":[{"@type":"ListItem","position":1,"name":"Portada","item":"https:\/\/www.uruloki.org\/felipeblog"},{"@type":"ListItem","position":2,"name":"Disfrutad de &quot;Grieta en la Oscuridad&quot; de Xavi Rull&#8230;"}]},{"@type":"WebSite","@id":"https:\/\/www.uruloki.org\/felipeblog\/#website","url":"https:\/\/www.uruloki.org\/felipeblog\/","name":"Uruloki :: Blog","description":"Blog de cine, terror, ciencia ficci\u00f3n, fantas\u00eda y c\u00f3mics","potentialAction":[{"@type":"SearchAction","target":{"@type":"EntryPoint","urlTemplate":"https:\/\/www.uruloki.org\/felipeblog\/?s={search_term_string}"},"query-input":{"@type":"PropertyValueSpecification","valueRequired":true,"valueName":"search_term_string"}}],"inLanguage":"es"},{"@type":"Person","@id":"https:\/\/www.uruloki.org\/felipeblog\/#\/schema\/person\/ddba06ddaa27edf0c370460d05c51bb3","name":"Uruloki","image":{"@type":"ImageObject","inLanguage":"es","@id":"https:\/\/www.uruloki.org\/felipeblog\/#\/schema\/person\/image\/","url":"https:\/\/secure.gravatar.com\/avatar\/68d5301c5f52ba88fd63f02c75b8c4d1b3c3fc4b21e2998a1e98c4b3a54d9f7c?s=96&d=mm&r=g","contentUrl":"https:\/\/secure.gravatar.com\/avatar\/68d5301c5f52ba88fd63f02c75b8c4d1b3c3fc4b21e2998a1e98c4b3a54d9f7c?s=96&d=mm&r=g","caption":"Uruloki"},"sameAs":["https:\/\/uruloki.org"],"url":"https:\/\/www.uruloki.org\/felipeblog\/author\/admin-2-2-2"}]}},"_links":{"self":[{"href":"https:\/\/www.uruloki.org\/felipeblog\/wp-json\/wp\/v2\/posts\/14353","targetHints":{"allow":["GET"]}}],"collection":[{"href":"https:\/\/www.uruloki.org\/felipeblog\/wp-json\/wp\/v2\/posts"}],"about":[{"href":"https:\/\/www.uruloki.org\/felipeblog\/wp-json\/wp\/v2\/types\/post"}],"author":[{"embeddable":true,"href":"https:\/\/www.uruloki.org\/felipeblog\/wp-json\/wp\/v2\/users\/28"}],"replies":[{"embeddable":true,"href":"https:\/\/www.uruloki.org\/felipeblog\/wp-json\/wp\/v2\/comments?post=14353"}],"version-history":[{"count":1,"href":"https:\/\/www.uruloki.org\/felipeblog\/wp-json\/wp\/v2\/posts\/14353\/revisions"}],"predecessor-version":[{"id":14354,"href":"https:\/\/www.uruloki.org\/felipeblog\/wp-json\/wp\/v2\/posts\/14353\/revisions\/14354"}],"wp:attachment":[{"href":"https:\/\/www.uruloki.org\/felipeblog\/wp-json\/wp\/v2\/media?parent=14353"}],"wp:term":[{"taxonomy":"category","embeddable":true,"href":"https:\/\/www.uruloki.org\/felipeblog\/wp-json\/wp\/v2\/categories?post=14353"},{"taxonomy":"post_tag","embeddable":true,"href":"https:\/\/www.uruloki.org\/felipeblog\/wp-json\/wp\/v2\/tags?post=14353"}],"curies":[{"name":"wp","href":"https:\/\/api.w.org\/{rel}","templated":true}]}}