{"id":14262,"date":"2015-04-04T00:42:14","date_gmt":"2015-04-03T22:42:14","guid":{"rendered":"https:\/\/uruloki.org\/felipeblog\/?p=14262"},"modified":"2015-04-04T01:05:37","modified_gmt":"2015-04-03T23:05:37","slug":"un-par-de-nuevos-spots-de-vengadores-la-era-de-ultrn-nos-acerca-ms-y-ms-al-da-del-estreno-resulta-que-tom-hardy-tiene-un-contrato-con-warner-bros-que-le-vincula-a-mad","status":"publish","type":"post","link":"https:\/\/www.uruloki.org\/felipeblog\/cine-de-ciencia-ficcion\/un-par-de-nuevos-spots-de-vengadores-la-era-de-ultrn-nos-acerca-ms-y-ms-al-da-del-estreno-resulta-que-tom-hardy-tiene-un-contrato-con-warner-bros-que-le-vincula-a-mad","title":{"rendered":"Un par de nuevos spots de Vengadores: La Era de Ultr&oacute;n nos acerca m&aacute;s y m&aacute;s al d&iacute;a del estreno, resulta que Tom Hardy tiene un contrato con Warner Bros que le vincula a Mad Max durante tres proyectos m&aacute;s, Guillermo del Toro advierte que Justice League Dark AKA Dark Universe todav&iacute;a es posible si las fichas encajan como se espera, un nuevo trailer internacional de Fantastic Four incide m&aacute;s en el estilo narrativo del film de Josh Trank y &quot;Ash vs. Evil Dead&quot; debuta con un cartel y un teaser muy teaser&#8230;"},"content":{"rendered":"<p>Bueno, tras pasar el d&iacute;a entre Cangas y Moa&ntilde;a, ruta por la Fraga de Coiro de 18km, regreso a Santiago y dedico unos minutos al blog&#8230; ma&ntilde;ana toca Pontevedra y esta vez no regresar&eacute; hasta el domingo. La cosa est&aacute; animada en todo lo que sea aspecto visual, poca noticia en formato letra, aunque alguna hay. Arranco la entrada con dos nuevos <em>spots<\/em> de <strong>Vengadores: La Era de Ultr&oacute;n<\/strong> (<em>Avengers: Age of Ultron<\/em>, 2015) de <strong>Joss Whedon<\/strong>. Falta cada vez menos para el final de abril y el momento de disfrutar del principio del posible fin en la relaci&oacute;n entre varios de los miembros del famoso supergrupo. Eso s&iacute;, antes de que os pong&aacute;is con los v&iacute;deos comentaros que <strong>Tom Hardy<\/strong> ha declarado a la gente de Esquire que <a href=\"http:\/\/www.esquire.co.uk\/culture\/film-tv\/8074\/tom-hardy-esquire-interview\/\" target=\"_blank\">su contrato con <strong>Warner Bros<\/strong> prolonga su estancia en el apocal&iacute;ptico mundo de <strong>Mad Max<\/strong> por tres pel&iacute;culas m&aacute;s<\/a>. Lo que tambi&eacute;n es cierto es que no sabremos si esto es una realidad mientras que el film no amase los prometidos millones&#8230; como dice <strong>Hardy<\/strong> &quot;<em>Inevitablemente es un negocio<\/em>&quot;.<\/p>\n<div class=\"video\"><iframe loading=\"lazy\" width=\"100%\" height=\"380\" src=\"https:\/\/www.youtube.com\/embed\/qZ2G8JSbpEo\" allowfullscreen=\"true\"><\/iframe><\/div>\n<div class=\"video\"><iframe loading=\"lazy\" width=\"100%\" height=\"380\" src=\"https:\/\/www.youtube.com\/embed\/jJ0psSGUkWU\" allowfullscreen=\"true\"><\/iframe><\/div>\n<p>Antes de entrar en m&aacute;s madera en formato trailer vale la pena comentar que <strong>Guillermo del Toro<\/strong> ha declarado a la gente de IGN que <a href=\"http:\/\/www.ign.com\/articles\/2015\/04\/02\/guillermo-del-toro-offers-update-on-justice-league-dark\" target=\"_blank\">la pel&iacute;cula <strong>Dark Universe<\/strong> o <strong>Justice League Dark<\/strong>, t&iacute;tulos barajados a lo largo del tiempo, podr&iacute;a ser una realidad si el calendario lo permite<\/a>. <strong>Del Toro<\/strong> comenta que su gui&oacute;n ya ha sido entregado a <strong>Warner<\/strong> y que ahora c&oacute;mo encaje el proyecto en el plan del estudio ser&aacute; lo que incline la balanza a favor de que esto sea una realidad, ya sea en sus manos o en las de otro. El director mexicano comenta que si puede se har&aacute; cargo ya que el gui&oacute;n y los personajes son muy s&oacute;lidos, pero que si el tiempo no lo permite, el d&iacute;a a d&iacute;a cinematogr&aacute;fico da much&iacute;simas vueltas, no se opondr&aacute; a que otro dirija el film. Veremos si la idea de <strong>Del Toro<\/strong> tiene cabida en el plan DCCU, plan que todo sea dicho todav&iacute;a no ha arrancado como tal. \u00a1Hala!, ahora tenemos un nuevo avance, para el mercado japon&eacute;s, de <strong>Fantastic Four<\/strong> (2015). El modelo planteado por <strong>Josh Trank<\/strong> me gusta y me llama cada vez m&aacute;s la atenci&oacute;n.<\/p>\n<div class=\"video\"><iframe loading=\"lazy\" width=\"100%\" height=\"380\" src=\"https:\/\/www.youtube.com\/embed\/6GipL8pbRb0\" allowfullscreen=\"true\"><\/iframe><\/div>\n<p>Y para rematar el primer cartel de la serie de televisi&oacute;n <strong>&quot;Ash vs. Evil Dead&quot;<\/strong> (2015) del canal <strong>Starz<\/strong> y <strong>Sam Raimi<\/strong>. Tenemos tambi&eacute;n <a href=\"https:\/\/www.youtube.com\/watch?v=C8qegW5xJh8\" target=\"_blank\">un teaser de 15 segundos donde no es que se vea nada<\/a>, pero mola echarle un vistazo.<\/p>\n<p class=\"centrado\"><img loading=\"lazy\" decoding=\"async\" src=\"https:\/\/uruloki.org\/felipeblog\/images2015\/20150503-ashvsevildead.jpg\" alt=\"El primer cartel, muy bueno, de &quot;Ash vs. Evil Dead&quot;... la serie\" width=\"550\" height=\"825\" \/><br \/><em>El primer cartel, muy bueno, de &quot;Ash vs. Evil Dead&quot;&#8230; la serie<\/em><\/p>\n","protected":false},"excerpt":{"rendered":"<p>Bueno, tras pasar el d&iacute;a entre Cangas y Moa&ntilde;a, ruta por la Fraga de Coiro de 18km, regreso a Santiago y dedico unos minutos al blog&#8230; ma&ntilde;ana toca Pontevedra y esta vez no regresar&eacute; hasta el domingo. La cosa est&aacute; animada en todo lo que sea aspecto visual, poca noticia en formato letra, aunque alguna [&hellip;]<\/p>\n","protected":false},"author":28,"featured_media":0,"comment_status":"open","ping_status":"open","sticky":false,"template":"","format":"standard","meta":{"footnotes":""},"categories":[10,8,9],"tags":[3203,2631,2416,942,2475,1385,1379],"class_list":["post-14262","post","type-post","status-publish","format-standard","hentry","category-cine-de-comics","category-cine-de-ciencia-ficcion","category-cine-de-terror","tag-ash-vs-evil-dead","tag-avengers-age-of-ultron","tag-dark-universe","tag-fantastic-four","tag-justice-league-dark","tag-mad-max-furiosa","tag-mad-max-fury-road"],"yoast_head":"<!-- This site is optimized with the Yoast SEO plugin v24.3 - https:\/\/yoast.com\/wordpress\/plugins\/seo\/ -->\n<title>Un par de nuevos spots de Vengadores: La Era de Ultr\u00f3n nos acerca m\u00e1s y m\u00e1s al d\u00eda del estreno<\/title>\n<meta name=\"description\" content=\"Arranco la entrada con dos nuevos spots de Vengadores: La Era de Ultr\u00f3n (Avengers: Age of Ultron, 2015) de Joss Whedon. Falta cada vez menos para el final de abril.\" \/>\n<meta name=\"robots\" content=\"index, follow, max-snippet:-1, max-image-preview:large, max-video-preview:-1\" \/>\n<link rel=\"canonical\" href=\"https:\/\/www.uruloki.org\/felipeblog\/cine-de-ciencia-ficcion\/un-par-de-nuevos-spots-de-vengadores-la-era-de-ultrn-nos-acerca-ms-y-ms-al-da-del-estreno-resulta-que-tom-hardy-tiene-un-contrato-con-warner-bros-que-le-vincula-a-mad\" \/>\n<meta property=\"og:locale\" content=\"es_ES\" \/>\n<meta property=\"og:type\" content=\"article\" \/>\n<meta property=\"og:title\" content=\"Un par de nuevos spots de Vengadores: La Era de Ultr\u00f3n nos acerca m\u00e1s y m\u00e1s al d\u00eda del estreno\" \/>\n<meta property=\"og:description\" content=\"Arranco la entrada con dos nuevos spots de Vengadores: La Era de Ultr\u00f3n (Avengers: Age of Ultron, 2015) de Joss Whedon. Falta cada vez menos para el final de abril.\" \/>\n<meta property=\"og:url\" content=\"https:\/\/www.uruloki.org\/felipeblog\/cine-de-ciencia-ficcion\/un-par-de-nuevos-spots-de-vengadores-la-era-de-ultrn-nos-acerca-ms-y-ms-al-da-del-estreno-resulta-que-tom-hardy-tiene-un-contrato-con-warner-bros-que-le-vincula-a-mad\" \/>\n<meta property=\"og:site_name\" content=\"Uruloki :: Blog\" \/>\n<meta property=\"article:publisher\" content=\"https:\/\/www.facebook.com\/uruloki.org\" \/>\n<meta property=\"article:published_time\" content=\"2015-04-03T22:42:14+00:00\" \/>\n<meta property=\"article:modified_time\" content=\"2015-04-03T23:05:37+00:00\" \/>\n<meta property=\"og:image\" content=\"https:\/\/uruloki.org\/felipeblog\/images2015\/20150503-ashvsevildead.jpg\" \/>\n<meta name=\"author\" content=\"Uruloki\" \/>\n<meta name=\"twitter:card\" content=\"summary_large_image\" \/>\n<meta name=\"twitter:creator\" content=\"@uruloki\" \/>\n<meta name=\"twitter:site\" content=\"@uruloki\" \/>\n<meta name=\"twitter:label1\" content=\"Escrito por\" \/>\n\t<meta name=\"twitter:data1\" content=\"Uruloki\" \/>\n\t<meta name=\"twitter:label2\" content=\"Tiempo de lectura\" \/>\n\t<meta name=\"twitter:data2\" content=\"2 minutos\" \/>\n<script type=\"application\/ld+json\" class=\"yoast-schema-graph\">{\"@context\":\"https:\/\/schema.org\",\"@graph\":[{\"@type\":\"WebPage\",\"@id\":\"https:\/\/www.uruloki.org\/felipeblog\/cine-de-ciencia-ficcion\/un-par-de-nuevos-spots-de-vengadores-la-era-de-ultrn-nos-acerca-ms-y-ms-al-da-del-estreno-resulta-que-tom-hardy-tiene-un-contrato-con-warner-bros-que-le-vincula-a-mad\",\"url\":\"https:\/\/www.uruloki.org\/felipeblog\/cine-de-ciencia-ficcion\/un-par-de-nuevos-spots-de-vengadores-la-era-de-ultrn-nos-acerca-ms-y-ms-al-da-del-estreno-resulta-que-tom-hardy-tiene-un-contrato-con-warner-bros-que-le-vincula-a-mad\",\"name\":\"Un par de nuevos spots de Vengadores: La Era de Ultr\u00f3n nos acerca m\u00e1s y m\u00e1s al d\u00eda del estreno\",\"isPartOf\":{\"@id\":\"https:\/\/www.uruloki.org\/felipeblog\/#website\"},\"primaryImageOfPage\":{\"@id\":\"https:\/\/www.uruloki.org\/felipeblog\/cine-de-ciencia-ficcion\/un-par-de-nuevos-spots-de-vengadores-la-era-de-ultrn-nos-acerca-ms-y-ms-al-da-del-estreno-resulta-que-tom-hardy-tiene-un-contrato-con-warner-bros-que-le-vincula-a-mad#primaryimage\"},\"image\":{\"@id\":\"https:\/\/www.uruloki.org\/felipeblog\/cine-de-ciencia-ficcion\/un-par-de-nuevos-spots-de-vengadores-la-era-de-ultrn-nos-acerca-ms-y-ms-al-da-del-estreno-resulta-que-tom-hardy-tiene-un-contrato-con-warner-bros-que-le-vincula-a-mad#primaryimage\"},\"thumbnailUrl\":\"https:\/\/uruloki.org\/felipeblog\/images2015\/20150503-ashvsevildead.jpg\",\"datePublished\":\"2015-04-03T22:42:14+00:00\",\"dateModified\":\"2015-04-03T23:05:37+00:00\",\"author\":{\"@id\":\"https:\/\/www.uruloki.org\/felipeblog\/#\/schema\/person\/ddba06ddaa27edf0c370460d05c51bb3\"},\"description\":\"Arranco la entrada con dos nuevos spots de Vengadores: La Era de Ultr\u00f3n (Avengers: Age of Ultron, 2015) de Joss Whedon. Falta cada vez menos para el final de abril.\",\"breadcrumb\":{\"@id\":\"https:\/\/www.uruloki.org\/felipeblog\/cine-de-ciencia-ficcion\/un-par-de-nuevos-spots-de-vengadores-la-era-de-ultrn-nos-acerca-ms-y-ms-al-da-del-estreno-resulta-que-tom-hardy-tiene-un-contrato-con-warner-bros-que-le-vincula-a-mad#breadcrumb\"},\"inLanguage\":\"es\",\"potentialAction\":[{\"@type\":\"ReadAction\",\"target\":[\"https:\/\/www.uruloki.org\/felipeblog\/cine-de-ciencia-ficcion\/un-par-de-nuevos-spots-de-vengadores-la-era-de-ultrn-nos-acerca-ms-y-ms-al-da-del-estreno-resulta-que-tom-hardy-tiene-un-contrato-con-warner-bros-que-le-vincula-a-mad\"]}]},{\"@type\":\"ImageObject\",\"inLanguage\":\"es\",\"@id\":\"https:\/\/www.uruloki.org\/felipeblog\/cine-de-ciencia-ficcion\/un-par-de-nuevos-spots-de-vengadores-la-era-de-ultrn-nos-acerca-ms-y-ms-al-da-del-estreno-resulta-que-tom-hardy-tiene-un-contrato-con-warner-bros-que-le-vincula-a-mad#primaryimage\",\"url\":\"https:\/\/uruloki.org\/felipeblog\/images2015\/20150503-ashvsevildead.jpg\",\"contentUrl\":\"https:\/\/uruloki.org\/felipeblog\/images2015\/20150503-ashvsevildead.jpg\"},{\"@type\":\"BreadcrumbList\",\"@id\":\"https:\/\/www.uruloki.org\/felipeblog\/cine-de-ciencia-ficcion\/un-par-de-nuevos-spots-de-vengadores-la-era-de-ultrn-nos-acerca-ms-y-ms-al-da-del-estreno-resulta-que-tom-hardy-tiene-un-contrato-con-warner-bros-que-le-vincula-a-mad#breadcrumb\",\"itemListElement\":[{\"@type\":\"ListItem\",\"position\":1,\"name\":\"Portada\",\"item\":\"https:\/\/www.uruloki.org\/felipeblog\"},{\"@type\":\"ListItem\",\"position\":2,\"name\":\"Un par de nuevos spots de Vengadores: La Era de Ultr&oacute;n nos acerca m&aacute;s y m&aacute;s al d&iacute;a del estreno, resulta que Tom Hardy tiene un contrato con Warner Bros que le vincula a Mad Max durante tres proyectos m&aacute;s, Guillermo del Toro advierte que Justice League Dark AKA Dark Universe todav&iacute;a es posible si las fichas encajan como se espera, un nuevo trailer internacional de Fantastic Four incide m&aacute;s en el estilo narrativo del film de Josh Trank y &quot;Ash vs. Evil Dead&quot; debuta con un cartel y un teaser muy teaser&#8230;\"}]},{\"@type\":\"WebSite\",\"@id\":\"https:\/\/www.uruloki.org\/felipeblog\/#website\",\"url\":\"https:\/\/www.uruloki.org\/felipeblog\/\",\"name\":\"Uruloki :: Blog\",\"description\":\"Blog de cine, terror, ciencia ficci\u00f3n, fantas\u00eda y c\u00f3mics\",\"potentialAction\":[{\"@type\":\"SearchAction\",\"target\":{\"@type\":\"EntryPoint\",\"urlTemplate\":\"https:\/\/www.uruloki.org\/felipeblog\/?s={search_term_string}\"},\"query-input\":{\"@type\":\"PropertyValueSpecification\",\"valueRequired\":true,\"valueName\":\"search_term_string\"}}],\"inLanguage\":\"es\"},{\"@type\":\"Person\",\"@id\":\"https:\/\/www.uruloki.org\/felipeblog\/#\/schema\/person\/ddba06ddaa27edf0c370460d05c51bb3\",\"name\":\"Uruloki\",\"image\":{\"@type\":\"ImageObject\",\"inLanguage\":\"es\",\"@id\":\"https:\/\/www.uruloki.org\/felipeblog\/#\/schema\/person\/image\/\",\"url\":\"https:\/\/secure.gravatar.com\/avatar\/68d5301c5f52ba88fd63f02c75b8c4d1b3c3fc4b21e2998a1e98c4b3a54d9f7c?s=96&d=mm&r=g\",\"contentUrl\":\"https:\/\/secure.gravatar.com\/avatar\/68d5301c5f52ba88fd63f02c75b8c4d1b3c3fc4b21e2998a1e98c4b3a54d9f7c?s=96&d=mm&r=g\",\"caption\":\"Uruloki\"},\"sameAs\":[\"https:\/\/uruloki.org\"],\"url\":\"https:\/\/www.uruloki.org\/felipeblog\/author\/admin-2-2-2\"}]}<\/script>\n<!-- \/ Yoast SEO plugin. -->","yoast_head_json":{"title":"Un par de nuevos spots de Vengadores: La Era de Ultr\u00f3n nos acerca m\u00e1s y m\u00e1s al d\u00eda del estreno","description":"Arranco la entrada con dos nuevos spots de Vengadores: La Era de Ultr\u00f3n (Avengers: Age of Ultron, 2015) de Joss Whedon. Falta cada vez menos para el final de abril.","robots":{"index":"index","follow":"follow","max-snippet":"max-snippet:-1","max-image-preview":"max-image-preview:large","max-video-preview":"max-video-preview:-1"},"canonical":"https:\/\/www.uruloki.org\/felipeblog\/cine-de-ciencia-ficcion\/un-par-de-nuevos-spots-de-vengadores-la-era-de-ultrn-nos-acerca-ms-y-ms-al-da-del-estreno-resulta-que-tom-hardy-tiene-un-contrato-con-warner-bros-que-le-vincula-a-mad","og_locale":"es_ES","og_type":"article","og_title":"Un par de nuevos spots de Vengadores: La Era de Ultr\u00f3n nos acerca m\u00e1s y m\u00e1s al d\u00eda del estreno","og_description":"Arranco la entrada con dos nuevos spots de Vengadores: La Era de Ultr\u00f3n (Avengers: Age of Ultron, 2015) de Joss Whedon. Falta cada vez menos para el final de abril.","og_url":"https:\/\/www.uruloki.org\/felipeblog\/cine-de-ciencia-ficcion\/un-par-de-nuevos-spots-de-vengadores-la-era-de-ultrn-nos-acerca-ms-y-ms-al-da-del-estreno-resulta-que-tom-hardy-tiene-un-contrato-con-warner-bros-que-le-vincula-a-mad","og_site_name":"Uruloki :: Blog","article_publisher":"https:\/\/www.facebook.com\/uruloki.org","article_published_time":"2015-04-03T22:42:14+00:00","article_modified_time":"2015-04-03T23:05:37+00:00","og_image":[{"url":"https:\/\/uruloki.org\/felipeblog\/images2015\/20150503-ashvsevildead.jpg","type":"","width":"","height":""}],"author":"Uruloki","twitter_card":"summary_large_image","twitter_creator":"@uruloki","twitter_site":"@uruloki","twitter_misc":{"Escrito por":"Uruloki","Tiempo de lectura":"2 minutos"},"schema":{"@context":"https:\/\/schema.org","@graph":[{"@type":"WebPage","@id":"https:\/\/www.uruloki.org\/felipeblog\/cine-de-ciencia-ficcion\/un-par-de-nuevos-spots-de-vengadores-la-era-de-ultrn-nos-acerca-ms-y-ms-al-da-del-estreno-resulta-que-tom-hardy-tiene-un-contrato-con-warner-bros-que-le-vincula-a-mad","url":"https:\/\/www.uruloki.org\/felipeblog\/cine-de-ciencia-ficcion\/un-par-de-nuevos-spots-de-vengadores-la-era-de-ultrn-nos-acerca-ms-y-ms-al-da-del-estreno-resulta-que-tom-hardy-tiene-un-contrato-con-warner-bros-que-le-vincula-a-mad","name":"Un par de nuevos spots de Vengadores: La Era de Ultr\u00f3n nos acerca m\u00e1s y m\u00e1s al d\u00eda del estreno","isPartOf":{"@id":"https:\/\/www.uruloki.org\/felipeblog\/#website"},"primaryImageOfPage":{"@id":"https:\/\/www.uruloki.org\/felipeblog\/cine-de-ciencia-ficcion\/un-par-de-nuevos-spots-de-vengadores-la-era-de-ultrn-nos-acerca-ms-y-ms-al-da-del-estreno-resulta-que-tom-hardy-tiene-un-contrato-con-warner-bros-que-le-vincula-a-mad#primaryimage"},"image":{"@id":"https:\/\/www.uruloki.org\/felipeblog\/cine-de-ciencia-ficcion\/un-par-de-nuevos-spots-de-vengadores-la-era-de-ultrn-nos-acerca-ms-y-ms-al-da-del-estreno-resulta-que-tom-hardy-tiene-un-contrato-con-warner-bros-que-le-vincula-a-mad#primaryimage"},"thumbnailUrl":"https:\/\/uruloki.org\/felipeblog\/images2015\/20150503-ashvsevildead.jpg","datePublished":"2015-04-03T22:42:14+00:00","dateModified":"2015-04-03T23:05:37+00:00","author":{"@id":"https:\/\/www.uruloki.org\/felipeblog\/#\/schema\/person\/ddba06ddaa27edf0c370460d05c51bb3"},"description":"Arranco la entrada con dos nuevos spots de Vengadores: La Era de Ultr\u00f3n (Avengers: Age of Ultron, 2015) de Joss Whedon. Falta cada vez menos para el final de abril.","breadcrumb":{"@id":"https:\/\/www.uruloki.org\/felipeblog\/cine-de-ciencia-ficcion\/un-par-de-nuevos-spots-de-vengadores-la-era-de-ultrn-nos-acerca-ms-y-ms-al-da-del-estreno-resulta-que-tom-hardy-tiene-un-contrato-con-warner-bros-que-le-vincula-a-mad#breadcrumb"},"inLanguage":"es","potentialAction":[{"@type":"ReadAction","target":["https:\/\/www.uruloki.org\/felipeblog\/cine-de-ciencia-ficcion\/un-par-de-nuevos-spots-de-vengadores-la-era-de-ultrn-nos-acerca-ms-y-ms-al-da-del-estreno-resulta-que-tom-hardy-tiene-un-contrato-con-warner-bros-que-le-vincula-a-mad"]}]},{"@type":"ImageObject","inLanguage":"es","@id":"https:\/\/www.uruloki.org\/felipeblog\/cine-de-ciencia-ficcion\/un-par-de-nuevos-spots-de-vengadores-la-era-de-ultrn-nos-acerca-ms-y-ms-al-da-del-estreno-resulta-que-tom-hardy-tiene-un-contrato-con-warner-bros-que-le-vincula-a-mad#primaryimage","url":"https:\/\/uruloki.org\/felipeblog\/images2015\/20150503-ashvsevildead.jpg","contentUrl":"https:\/\/uruloki.org\/felipeblog\/images2015\/20150503-ashvsevildead.jpg"},{"@type":"BreadcrumbList","@id":"https:\/\/www.uruloki.org\/felipeblog\/cine-de-ciencia-ficcion\/un-par-de-nuevos-spots-de-vengadores-la-era-de-ultrn-nos-acerca-ms-y-ms-al-da-del-estreno-resulta-que-tom-hardy-tiene-un-contrato-con-warner-bros-que-le-vincula-a-mad#breadcrumb","itemListElement":[{"@type":"ListItem","position":1,"name":"Portada","item":"https:\/\/www.uruloki.org\/felipeblog"},{"@type":"ListItem","position":2,"name":"Un par de nuevos spots de Vengadores: La Era de Ultr&oacute;n nos acerca m&aacute;s y m&aacute;s al d&iacute;a del estreno, resulta que Tom Hardy tiene un contrato con Warner Bros que le vincula a Mad Max durante tres proyectos m&aacute;s, Guillermo del Toro advierte que Justice League Dark AKA Dark Universe todav&iacute;a es posible si las fichas encajan como se espera, un nuevo trailer internacional de Fantastic Four incide m&aacute;s en el estilo narrativo del film de Josh Trank y &quot;Ash vs. Evil Dead&quot; debuta con un cartel y un teaser muy teaser&#8230;"}]},{"@type":"WebSite","@id":"https:\/\/www.uruloki.org\/felipeblog\/#website","url":"https:\/\/www.uruloki.org\/felipeblog\/","name":"Uruloki :: Blog","description":"Blog de cine, terror, ciencia ficci\u00f3n, fantas\u00eda y c\u00f3mics","potentialAction":[{"@type":"SearchAction","target":{"@type":"EntryPoint","urlTemplate":"https:\/\/www.uruloki.org\/felipeblog\/?s={search_term_string}"},"query-input":{"@type":"PropertyValueSpecification","valueRequired":true,"valueName":"search_term_string"}}],"inLanguage":"es"},{"@type":"Person","@id":"https:\/\/www.uruloki.org\/felipeblog\/#\/schema\/person\/ddba06ddaa27edf0c370460d05c51bb3","name":"Uruloki","image":{"@type":"ImageObject","inLanguage":"es","@id":"https:\/\/www.uruloki.org\/felipeblog\/#\/schema\/person\/image\/","url":"https:\/\/secure.gravatar.com\/avatar\/68d5301c5f52ba88fd63f02c75b8c4d1b3c3fc4b21e2998a1e98c4b3a54d9f7c?s=96&d=mm&r=g","contentUrl":"https:\/\/secure.gravatar.com\/avatar\/68d5301c5f52ba88fd63f02c75b8c4d1b3c3fc4b21e2998a1e98c4b3a54d9f7c?s=96&d=mm&r=g","caption":"Uruloki"},"sameAs":["https:\/\/uruloki.org"],"url":"https:\/\/www.uruloki.org\/felipeblog\/author\/admin-2-2-2"}]}},"_links":{"self":[{"href":"https:\/\/www.uruloki.org\/felipeblog\/wp-json\/wp\/v2\/posts\/14262","targetHints":{"allow":["GET"]}}],"collection":[{"href":"https:\/\/www.uruloki.org\/felipeblog\/wp-json\/wp\/v2\/posts"}],"about":[{"href":"https:\/\/www.uruloki.org\/felipeblog\/wp-json\/wp\/v2\/types\/post"}],"author":[{"embeddable":true,"href":"https:\/\/www.uruloki.org\/felipeblog\/wp-json\/wp\/v2\/users\/28"}],"replies":[{"embeddable":true,"href":"https:\/\/www.uruloki.org\/felipeblog\/wp-json\/wp\/v2\/comments?post=14262"}],"version-history":[{"count":2,"href":"https:\/\/www.uruloki.org\/felipeblog\/wp-json\/wp\/v2\/posts\/14262\/revisions"}],"predecessor-version":[{"id":14264,"href":"https:\/\/www.uruloki.org\/felipeblog\/wp-json\/wp\/v2\/posts\/14262\/revisions\/14264"}],"wp:attachment":[{"href":"https:\/\/www.uruloki.org\/felipeblog\/wp-json\/wp\/v2\/media?parent=14262"}],"wp:term":[{"taxonomy":"category","embeddable":true,"href":"https:\/\/www.uruloki.org\/felipeblog\/wp-json\/wp\/v2\/categories?post=14262"},{"taxonomy":"post_tag","embeddable":true,"href":"https:\/\/www.uruloki.org\/felipeblog\/wp-json\/wp\/v2\/tags?post=14262"}],"curies":[{"name":"wp","href":"https:\/\/api.w.org\/{rel}","templated":true}]}}