{"id":14222,"date":"2015-03-28T09:36:02","date_gmt":"2015-03-28T08:36:02","guid":{"rendered":"https:\/\/uruloki.org\/felipeblog\/?p=14222"},"modified":"2015-03-29T00:33:31","modified_gmt":"2015-03-28T23:33:31","slug":"el-primer-trailer-de-spectre-nos-introduce-en-lo-nuevo-de-james-bond","status":"publish","type":"post","link":"https:\/\/www.uruloki.org\/felipeblog\/cine\/el-primer-trailer-de-spectre-nos-introduce-en-lo-nuevo-de-james-bond","title":{"rendered":"El primer trailer de SPECTRE nos introduce en lo nuevo de James Bond&#8230;"},"content":{"rendered":"<p>Se anunciaba para ayer y dicho y hecho, aqu\u00ed tenemos el primer trailer oficial de <strong>SPECTRE<\/strong> (2015) de <strong>Sam Mendes<\/strong>. <strong>Daniel Craig<\/strong> regresa en una aventura que por lo que se ve en el avance apunta a muy personal y vinculada como no pod\u00eda ser de otra forma a <strong>Skyfall<\/strong> (2012). Por ahora detalles, sombras en la vida de <strong>Bond<\/strong>, secretos que no se pueden contar y vistazos breves y ocultos a <strong>Christoph Waltz<\/strong> como <strong>Franz Oberhause<\/strong> o <strong>Monica Bellucci<\/strong> como <strong>Lucia Sciarra<\/strong>. Tenemos tambi\u00e9n a <strong>L\u00e9a Seydoux<\/strong> como la <strong>Dr. Madeleine Swann<\/strong>, <strong>Andrew Scott<\/strong> como <strong>Denbigh<\/strong>, <strong>Dave Bautista<\/strong> como el villano <strong>Mr. Hinx<\/strong>, <strong>Ralph Fiennes<\/strong> como <strong>M<\/strong>, <strong>Naomie Harris<\/strong> como <strong>Eve Moneypenny<\/strong>, <strong>Ben Whishaw<\/strong> como <strong>Q<\/strong>, <strong>Rory Kinnear<\/strong> como <strong>Bill Tanner<\/strong> o <strong>Jesper Christensen<\/strong> regresando como <strong>Mr. White<\/strong>. Tiene muy buena pinta!!!<\/p>\n<div class=\"video\"><iframe loading=\"lazy\" width=\"100%\" height=\"380\" src=\"https:\/\/www.youtube.com\/embed\/GvQJbF2CXLQ\" allowfullscreen=\"true\"><\/iframe><\/div>\n<p>Tambi\u00e9n tenemos el trailer doblado al castellano y mola igualmente&#8230; <strong>SPECTRE<\/strong> va a romper moldes!!!<\/p>\n<div class=\"video\"><iframe loading=\"lazy\" width=\"100%\" height=\"380\" src=\"https:\/\/www.youtube.com\/embed\/p9lUfMvBsvo\" allowfullscreen=\"true\"><\/iframe><\/div>\n<p class=\"centrado\"><img loading=\"lazy\" decoding=\"async\" src=\"https:\/\/uruloki.org\/felipeblog\/images2015\/20150317-spectre-b.jpg\" alt=\"James Bond en SPECTRE\" width=\"625\" height=\"926\" \/><br \/><em>James Bond en SPECTRE<\/em> <\/p>\n","protected":false},"excerpt":{"rendered":"<p>Se anunciaba para ayer y dicho y hecho, aqu\u00ed tenemos el primer trailer oficial de SPECTRE (2015) de Sam Mendes. Daniel Craig regresa en una aventura que por lo que se ve en el avance apunta a muy personal y vinculada como no pod\u00eda ser de otra forma a Skyfall (2012). Por ahora detalles, sombras [&hellip;]<\/p>\n","protected":false},"author":28,"featured_media":0,"comment_status":"open","ping_status":"open","sticky":false,"template":"","format":"standard","meta":{"footnotes":""},"categories":[6],"tags":[3215],"class_list":["post-14222","post","type-post","status-publish","format-standard","hentry","category-cine","tag-spectre"],"yoast_head":"<!-- This site is optimized with the Yoast SEO plugin v24.3 - https:\/\/yoast.com\/wordpress\/plugins\/seo\/ -->\n<title>El primer trailer de SPECTRE nos introduce en lo nuevo de James Bond...<\/title>\n<meta name=\"description\" content=\"Se anunciaba para ayer y dicho y hecho, aqu\u00ed tenemos el primer trailer oficial de SPECTRE (2015) de Sam Mendes. Daniel Craig regresa en una aventura que por lo que se ve en el avance apunta a muy personal.\" \/>\n<meta name=\"robots\" content=\"index, follow, max-snippet:-1, max-image-preview:large, max-video-preview:-1\" \/>\n<link rel=\"canonical\" href=\"https:\/\/www.uruloki.org\/felipeblog\/cine\/el-primer-trailer-de-spectre-nos-introduce-en-lo-nuevo-de-james-bond\" \/>\n<meta property=\"og:locale\" content=\"es_ES\" \/>\n<meta property=\"og:type\" content=\"article\" \/>\n<meta property=\"og:title\" content=\"El primer trailer de SPECTRE nos introduce en lo nuevo de James Bond...\" \/>\n<meta property=\"og:description\" content=\"Se anunciaba para ayer y dicho y hecho, aqu\u00ed tenemos el primer trailer oficial de SPECTRE (2015) de Sam Mendes. Daniel Craig regresa en una aventura que por lo que se ve en el avance apunta a muy personal.\" \/>\n<meta property=\"og:url\" content=\"https:\/\/www.uruloki.org\/felipeblog\/cine\/el-primer-trailer-de-spectre-nos-introduce-en-lo-nuevo-de-james-bond\" \/>\n<meta property=\"og:site_name\" content=\"Uruloki :: Blog\" \/>\n<meta property=\"article:publisher\" content=\"https:\/\/www.facebook.com\/uruloki.org\" \/>\n<meta property=\"article:published_time\" content=\"2015-03-28T08:36:02+00:00\" \/>\n<meta property=\"article:modified_time\" content=\"2015-03-28T23:33:31+00:00\" \/>\n<meta property=\"og:image\" content=\"https:\/\/uruloki.org\/felipeblog\/images2015\/20150317-spectre-b.jpg\" \/>\n<meta name=\"author\" content=\"Uruloki\" \/>\n<meta name=\"twitter:card\" content=\"summary_large_image\" \/>\n<meta name=\"twitter:creator\" content=\"@uruloki\" \/>\n<meta name=\"twitter:site\" content=\"@uruloki\" \/>\n<meta name=\"twitter:label1\" content=\"Escrito por\" \/>\n\t<meta name=\"twitter:data1\" content=\"Uruloki\" \/>\n\t<meta name=\"twitter:label2\" content=\"Tiempo de lectura\" \/>\n\t<meta name=\"twitter:data2\" content=\"1 minuto\" \/>\n<script type=\"application\/ld+json\" class=\"yoast-schema-graph\">{\"@context\":\"https:\/\/schema.org\",\"@graph\":[{\"@type\":\"WebPage\",\"@id\":\"https:\/\/www.uruloki.org\/felipeblog\/cine\/el-primer-trailer-de-spectre-nos-introduce-en-lo-nuevo-de-james-bond\",\"url\":\"https:\/\/www.uruloki.org\/felipeblog\/cine\/el-primer-trailer-de-spectre-nos-introduce-en-lo-nuevo-de-james-bond\",\"name\":\"El primer trailer de SPECTRE nos introduce en lo nuevo de James Bond...\",\"isPartOf\":{\"@id\":\"https:\/\/www.uruloki.org\/felipeblog\/#website\"},\"primaryImageOfPage\":{\"@id\":\"https:\/\/www.uruloki.org\/felipeblog\/cine\/el-primer-trailer-de-spectre-nos-introduce-en-lo-nuevo-de-james-bond#primaryimage\"},\"image\":{\"@id\":\"https:\/\/www.uruloki.org\/felipeblog\/cine\/el-primer-trailer-de-spectre-nos-introduce-en-lo-nuevo-de-james-bond#primaryimage\"},\"thumbnailUrl\":\"https:\/\/uruloki.org\/felipeblog\/images2015\/20150317-spectre-b.jpg\",\"datePublished\":\"2015-03-28T08:36:02+00:00\",\"dateModified\":\"2015-03-28T23:33:31+00:00\",\"author\":{\"@id\":\"https:\/\/www.uruloki.org\/felipeblog\/#\/schema\/person\/ddba06ddaa27edf0c370460d05c51bb3\"},\"description\":\"Se anunciaba para ayer y dicho y hecho, aqu\u00ed tenemos el primer trailer oficial de SPECTRE (2015) de Sam Mendes. Daniel Craig regresa en una aventura que por lo que se ve en el avance apunta a muy personal.\",\"breadcrumb\":{\"@id\":\"https:\/\/www.uruloki.org\/felipeblog\/cine\/el-primer-trailer-de-spectre-nos-introduce-en-lo-nuevo-de-james-bond#breadcrumb\"},\"inLanguage\":\"es\",\"potentialAction\":[{\"@type\":\"ReadAction\",\"target\":[\"https:\/\/www.uruloki.org\/felipeblog\/cine\/el-primer-trailer-de-spectre-nos-introduce-en-lo-nuevo-de-james-bond\"]}]},{\"@type\":\"ImageObject\",\"inLanguage\":\"es\",\"@id\":\"https:\/\/www.uruloki.org\/felipeblog\/cine\/el-primer-trailer-de-spectre-nos-introduce-en-lo-nuevo-de-james-bond#primaryimage\",\"url\":\"https:\/\/uruloki.org\/felipeblog\/images2015\/20150317-spectre-b.jpg\",\"contentUrl\":\"https:\/\/uruloki.org\/felipeblog\/images2015\/20150317-spectre-b.jpg\"},{\"@type\":\"BreadcrumbList\",\"@id\":\"https:\/\/www.uruloki.org\/felipeblog\/cine\/el-primer-trailer-de-spectre-nos-introduce-en-lo-nuevo-de-james-bond#breadcrumb\",\"itemListElement\":[{\"@type\":\"ListItem\",\"position\":1,\"name\":\"Portada\",\"item\":\"https:\/\/www.uruloki.org\/felipeblog\"},{\"@type\":\"ListItem\",\"position\":2,\"name\":\"El primer trailer de SPECTRE nos introduce en lo nuevo de James Bond&#8230;\"}]},{\"@type\":\"WebSite\",\"@id\":\"https:\/\/www.uruloki.org\/felipeblog\/#website\",\"url\":\"https:\/\/www.uruloki.org\/felipeblog\/\",\"name\":\"Uruloki :: Blog\",\"description\":\"Blog de cine, terror, ciencia ficci\u00f3n, fantas\u00eda y c\u00f3mics\",\"potentialAction\":[{\"@type\":\"SearchAction\",\"target\":{\"@type\":\"EntryPoint\",\"urlTemplate\":\"https:\/\/www.uruloki.org\/felipeblog\/?s={search_term_string}\"},\"query-input\":{\"@type\":\"PropertyValueSpecification\",\"valueRequired\":true,\"valueName\":\"search_term_string\"}}],\"inLanguage\":\"es\"},{\"@type\":\"Person\",\"@id\":\"https:\/\/www.uruloki.org\/felipeblog\/#\/schema\/person\/ddba06ddaa27edf0c370460d05c51bb3\",\"name\":\"Uruloki\",\"image\":{\"@type\":\"ImageObject\",\"inLanguage\":\"es\",\"@id\":\"https:\/\/www.uruloki.org\/felipeblog\/#\/schema\/person\/image\/\",\"url\":\"https:\/\/secure.gravatar.com\/avatar\/68d5301c5f52ba88fd63f02c75b8c4d1b3c3fc4b21e2998a1e98c4b3a54d9f7c?s=96&d=mm&r=g\",\"contentUrl\":\"https:\/\/secure.gravatar.com\/avatar\/68d5301c5f52ba88fd63f02c75b8c4d1b3c3fc4b21e2998a1e98c4b3a54d9f7c?s=96&d=mm&r=g\",\"caption\":\"Uruloki\"},\"sameAs\":[\"https:\/\/uruloki.org\"],\"url\":\"https:\/\/www.uruloki.org\/felipeblog\/author\/admin-2-2-2\"}]}<\/script>\n<!-- \/ Yoast SEO plugin. -->","yoast_head_json":{"title":"El primer trailer de SPECTRE nos introduce en lo nuevo de James Bond...","description":"Se anunciaba para ayer y dicho y hecho, aqu\u00ed tenemos el primer trailer oficial de SPECTRE (2015) de Sam Mendes. Daniel Craig regresa en una aventura que por lo que se ve en el avance apunta a muy personal.","robots":{"index":"index","follow":"follow","max-snippet":"max-snippet:-1","max-image-preview":"max-image-preview:large","max-video-preview":"max-video-preview:-1"},"canonical":"https:\/\/www.uruloki.org\/felipeblog\/cine\/el-primer-trailer-de-spectre-nos-introduce-en-lo-nuevo-de-james-bond","og_locale":"es_ES","og_type":"article","og_title":"El primer trailer de SPECTRE nos introduce en lo nuevo de James Bond...","og_description":"Se anunciaba para ayer y dicho y hecho, aqu\u00ed tenemos el primer trailer oficial de SPECTRE (2015) de Sam Mendes. Daniel Craig regresa en una aventura que por lo que se ve en el avance apunta a muy personal.","og_url":"https:\/\/www.uruloki.org\/felipeblog\/cine\/el-primer-trailer-de-spectre-nos-introduce-en-lo-nuevo-de-james-bond","og_site_name":"Uruloki :: Blog","article_publisher":"https:\/\/www.facebook.com\/uruloki.org","article_published_time":"2015-03-28T08:36:02+00:00","article_modified_time":"2015-03-28T23:33:31+00:00","og_image":[{"url":"https:\/\/uruloki.org\/felipeblog\/images2015\/20150317-spectre-b.jpg","type":"","width":"","height":""}],"author":"Uruloki","twitter_card":"summary_large_image","twitter_creator":"@uruloki","twitter_site":"@uruloki","twitter_misc":{"Escrito por":"Uruloki","Tiempo de lectura":"1 minuto"},"schema":{"@context":"https:\/\/schema.org","@graph":[{"@type":"WebPage","@id":"https:\/\/www.uruloki.org\/felipeblog\/cine\/el-primer-trailer-de-spectre-nos-introduce-en-lo-nuevo-de-james-bond","url":"https:\/\/www.uruloki.org\/felipeblog\/cine\/el-primer-trailer-de-spectre-nos-introduce-en-lo-nuevo-de-james-bond","name":"El primer trailer de SPECTRE nos introduce en lo nuevo de James Bond...","isPartOf":{"@id":"https:\/\/www.uruloki.org\/felipeblog\/#website"},"primaryImageOfPage":{"@id":"https:\/\/www.uruloki.org\/felipeblog\/cine\/el-primer-trailer-de-spectre-nos-introduce-en-lo-nuevo-de-james-bond#primaryimage"},"image":{"@id":"https:\/\/www.uruloki.org\/felipeblog\/cine\/el-primer-trailer-de-spectre-nos-introduce-en-lo-nuevo-de-james-bond#primaryimage"},"thumbnailUrl":"https:\/\/uruloki.org\/felipeblog\/images2015\/20150317-spectre-b.jpg","datePublished":"2015-03-28T08:36:02+00:00","dateModified":"2015-03-28T23:33:31+00:00","author":{"@id":"https:\/\/www.uruloki.org\/felipeblog\/#\/schema\/person\/ddba06ddaa27edf0c370460d05c51bb3"},"description":"Se anunciaba para ayer y dicho y hecho, aqu\u00ed tenemos el primer trailer oficial de SPECTRE (2015) de Sam Mendes. Daniel Craig regresa en una aventura que por lo que se ve en el avance apunta a muy personal.","breadcrumb":{"@id":"https:\/\/www.uruloki.org\/felipeblog\/cine\/el-primer-trailer-de-spectre-nos-introduce-en-lo-nuevo-de-james-bond#breadcrumb"},"inLanguage":"es","potentialAction":[{"@type":"ReadAction","target":["https:\/\/www.uruloki.org\/felipeblog\/cine\/el-primer-trailer-de-spectre-nos-introduce-en-lo-nuevo-de-james-bond"]}]},{"@type":"ImageObject","inLanguage":"es","@id":"https:\/\/www.uruloki.org\/felipeblog\/cine\/el-primer-trailer-de-spectre-nos-introduce-en-lo-nuevo-de-james-bond#primaryimage","url":"https:\/\/uruloki.org\/felipeblog\/images2015\/20150317-spectre-b.jpg","contentUrl":"https:\/\/uruloki.org\/felipeblog\/images2015\/20150317-spectre-b.jpg"},{"@type":"BreadcrumbList","@id":"https:\/\/www.uruloki.org\/felipeblog\/cine\/el-primer-trailer-de-spectre-nos-introduce-en-lo-nuevo-de-james-bond#breadcrumb","itemListElement":[{"@type":"ListItem","position":1,"name":"Portada","item":"https:\/\/www.uruloki.org\/felipeblog"},{"@type":"ListItem","position":2,"name":"El primer trailer de SPECTRE nos introduce en lo nuevo de James Bond&#8230;"}]},{"@type":"WebSite","@id":"https:\/\/www.uruloki.org\/felipeblog\/#website","url":"https:\/\/www.uruloki.org\/felipeblog\/","name":"Uruloki :: Blog","description":"Blog de cine, terror, ciencia ficci\u00f3n, fantas\u00eda y c\u00f3mics","potentialAction":[{"@type":"SearchAction","target":{"@type":"EntryPoint","urlTemplate":"https:\/\/www.uruloki.org\/felipeblog\/?s={search_term_string}"},"query-input":{"@type":"PropertyValueSpecification","valueRequired":true,"valueName":"search_term_string"}}],"inLanguage":"es"},{"@type":"Person","@id":"https:\/\/www.uruloki.org\/felipeblog\/#\/schema\/person\/ddba06ddaa27edf0c370460d05c51bb3","name":"Uruloki","image":{"@type":"ImageObject","inLanguage":"es","@id":"https:\/\/www.uruloki.org\/felipeblog\/#\/schema\/person\/image\/","url":"https:\/\/secure.gravatar.com\/avatar\/68d5301c5f52ba88fd63f02c75b8c4d1b3c3fc4b21e2998a1e98c4b3a54d9f7c?s=96&d=mm&r=g","contentUrl":"https:\/\/secure.gravatar.com\/avatar\/68d5301c5f52ba88fd63f02c75b8c4d1b3c3fc4b21e2998a1e98c4b3a54d9f7c?s=96&d=mm&r=g","caption":"Uruloki"},"sameAs":["https:\/\/uruloki.org"],"url":"https:\/\/www.uruloki.org\/felipeblog\/author\/admin-2-2-2"}]}},"_links":{"self":[{"href":"https:\/\/www.uruloki.org\/felipeblog\/wp-json\/wp\/v2\/posts\/14222","targetHints":{"allow":["GET"]}}],"collection":[{"href":"https:\/\/www.uruloki.org\/felipeblog\/wp-json\/wp\/v2\/posts"}],"about":[{"href":"https:\/\/www.uruloki.org\/felipeblog\/wp-json\/wp\/v2\/types\/post"}],"author":[{"embeddable":true,"href":"https:\/\/www.uruloki.org\/felipeblog\/wp-json\/wp\/v2\/users\/28"}],"replies":[{"embeddable":true,"href":"https:\/\/www.uruloki.org\/felipeblog\/wp-json\/wp\/v2\/comments?post=14222"}],"version-history":[{"count":6,"href":"https:\/\/www.uruloki.org\/felipeblog\/wp-json\/wp\/v2\/posts\/14222\/revisions"}],"predecessor-version":[{"id":14238,"href":"https:\/\/www.uruloki.org\/felipeblog\/wp-json\/wp\/v2\/posts\/14222\/revisions\/14238"}],"wp:attachment":[{"href":"https:\/\/www.uruloki.org\/felipeblog\/wp-json\/wp\/v2\/media?parent=14222"}],"wp:term":[{"taxonomy":"category","embeddable":true,"href":"https:\/\/www.uruloki.org\/felipeblog\/wp-json\/wp\/v2\/categories?post=14222"},{"taxonomy":"post_tag","embeddable":true,"href":"https:\/\/www.uruloki.org\/felipeblog\/wp-json\/wp\/v2\/tags?post=14222"}],"curies":[{"name":"wp","href":"https:\/\/api.w.org\/{rel}","templated":true}]}}