{"id":13759,"date":"2014-11-14T23:28:52","date_gmt":"2014-11-14T22:28:52","guid":{"rendered":"https:\/\/uruloki.org\/felipeblog\/?p=13759"},"modified":"2014-11-14T23:41:22","modified_gmt":"2014-11-14T22:41:22","slug":"daniel-bruhl-se-adentra-en-captain-america-civil-war-como-el-gran-villano-y-quin","status":"publish","type":"post","link":"https:\/\/www.uruloki.org\/felipeblog\/cine-de-comics\/daniel-bruhl-se-adentra-en-captain-america-civil-war-como-el-gran-villano-y-quin","title":{"rendered":"\u00daLTIMA HORA! Daniel Br&uuml;hl se adentra en Captain America: Civil War como &iquest;el gran villano?, &iquest;y qui&eacute;n?&#8230;"},"content":{"rendered":"<p><strong class=\"nota\">&nbsp;ACTUALIZADO&nbsp;<\/strong> Variety indica que <a href=\"http:\/\/variety.com\/2014\/film\/news\/captain-america-3-daniel-bruhl-to-play-the-villain-1201356810\/\" target=\"_blank\">fuentes internas al proyecto dicen que <strong>Br&uuml;hl<\/strong> no ser&aacute; el gran villano<\/a>, pero si un villano que de rebote se haga m&aacute;s grande en <strong>Doctor Strange<\/strong> (2016)&#8230; &iquest;el <strong>Bar&oacute;n Mordo<\/strong>?<\/p>\n<p>Anuncio de <strong>Marvel Studios<\/strong> de ahora mismo. El medio alem&aacute;n medio espa&ntilde;ol <a href=\"http:\/\/marvel.com\/news\/movies\/23678\/daniel_bruhl_cast_in_marvels_captain_america_civil_war\" target=\"_blank\"><strong>Daniel Br&uuml;hl<\/strong> pasa a formar parte del reparto de <strong>Captain America: Civil War<\/strong> (2016)<\/a>. Tras ganar el Globo de Oro por <strong>Rush<\/strong> (2013) y participar en <strong>Malditos bastardos<\/strong> (<em>Inglorious Basterds<\/em>, 2009), adem&aacute;s de la maravillosa <strong>Good bye Lenin!<\/strong> (2003), <strong>Br&uuml;hl<\/strong> da un salto interesante al pasar a formar parte de uno de los productos m&aacute;s impactantes del Hollywood moderno&#8230; el MCU. Se unir&aacute; por lo tanto a <strong>Chris Evans<\/strong>, <strong>Robert Downey, Jr.<\/strong> y <strong>Chadwick Boseman<\/strong>, poni&eacute;ndose a los mandos de Joe y Anthony Russo. <a href=\"http:\/\/deadline.com\/2014\/11\/daniel-bruhl-captain-america-robert-downey-jr-chris-evans-1201284648\/\">El dato de que ser&aacute; el gran villano<\/a> sale de Deadline, aunque no sabe concretar qu&eacute; personaje ser&aacute;. <strong>Sebastian Stan<\/strong> regresar&aacute; como  <strong>Soldado de Invierno<\/strong> y se espera que <strong>Samuel L. Jackson<\/strong> y <strong>Scarlett Johansson<\/strong> repitan nuevamente. La duda ahora es&#8230; &iquest;Qui&eacute;n ser&aacute; <strong>Daniel Br&uuml;hl<\/strong>? Pues se admiten apuestas pero vistos los cambios que hace la compa&ntilde;&iacute;a en sus historias puede ser cualquiera. &iquest;Alguna idea? Algunos reclaman al <strong>Bar&oacute;n Zemo<\/strong> por eso de seguir explotando el mundillo de <strong>HYDRA<\/strong> tras <strong>Cr&aacute;neo Rojo<\/strong> o <strong>Armin Zola<\/strong>.<\/p>\n<p class=\"centrado\"><img loading=\"lazy\" decoding=\"async\" src=\"https:\/\/uruloki.org\/felipeblog\/images2014-1\/20141114-danielbruhl.jpg\" alt=\"Daniel Br&uuml;hl se adentra en Captain America: Civil War\" width=\"625\" height=\"902\" \/><br \/><em>Daniel Br&uuml;hl se adentra en Captain America: Civil War<\/em><\/p>\n","protected":false},"excerpt":{"rendered":"<p>&nbsp;ACTUALIZADO&nbsp; Variety indica que fuentes internas al proyecto dicen que Br&uuml;hl no ser&aacute; el gran villano, pero si un villano que de rebote se haga m&aacute;s grande en Doctor Strange (2016)&#8230; &iquest;el Bar&oacute;n Mordo? Anuncio de Marvel Studios de ahora mismo. El medio alem&aacute;n medio espa&ntilde;ol Daniel Br&uuml;hl pasa a formar parte del reparto de [&hellip;]<\/p>\n","protected":false},"author":28,"featured_media":0,"comment_status":"open","ping_status":"open","sticky":false,"template":"","format":"standard","meta":{"footnotes":""},"categories":[10],"tags":[3184],"class_list":["post-13759","post","type-post","status-publish","format-standard","hentry","category-cine-de-comics","tag-captain-america-civil-war"],"yoast_head":"<!-- This site is optimized with the Yoast SEO plugin v24.3 - https:\/\/yoast.com\/wordpress\/plugins\/seo\/ -->\n<title>Daniel Br\u00fchl se adentra en Captain America: Civil War como \u00bfel gran villano?, \u00bfy qui\u00e9n?...<\/title>\n<meta name=\"description\" content=\"Anuncio de Marvel Studios de ahora mismo. El medio alem\u00e1n medio espa\u00f1ol Daniel Br\u00fchl pasa a formar parte del reparto de Captain America: Civil War (2016).\" \/>\n<meta name=\"robots\" content=\"index, follow, max-snippet:-1, max-image-preview:large, max-video-preview:-1\" \/>\n<link rel=\"canonical\" href=\"https:\/\/www.uruloki.org\/felipeblog\/cine-de-comics\/daniel-bruhl-se-adentra-en-captain-america-civil-war-como-el-gran-villano-y-quin\" \/>\n<meta property=\"og:locale\" content=\"es_ES\" \/>\n<meta property=\"og:type\" content=\"article\" \/>\n<meta property=\"og:title\" content=\"Daniel Br\u00fchl se adentra en Captain America: Civil War como \u00bfel gran villano?, \u00bfy qui\u00e9n?...\" \/>\n<meta property=\"og:description\" content=\"Anuncio de Marvel Studios de ahora mismo. El medio alem\u00e1n medio espa\u00f1ol Daniel Br\u00fchl pasa a formar parte del reparto de Captain America: Civil War (2016).\" \/>\n<meta property=\"og:url\" content=\"https:\/\/www.uruloki.org\/felipeblog\/cine-de-comics\/daniel-bruhl-se-adentra-en-captain-america-civil-war-como-el-gran-villano-y-quin\" \/>\n<meta property=\"og:site_name\" content=\"Uruloki :: Blog\" \/>\n<meta property=\"article:publisher\" content=\"https:\/\/www.facebook.com\/uruloki.org\" \/>\n<meta property=\"article:published_time\" content=\"2014-11-14T22:28:52+00:00\" \/>\n<meta property=\"article:modified_time\" content=\"2014-11-14T22:41:22+00:00\" \/>\n<meta property=\"og:image\" content=\"https:\/\/uruloki.org\/felipeblog\/images2014-1\/20141114-danielbruhl.jpg\" \/>\n<meta name=\"author\" content=\"Uruloki\" \/>\n<meta name=\"twitter:card\" content=\"summary_large_image\" \/>\n<meta name=\"twitter:creator\" content=\"@uruloki\" \/>\n<meta name=\"twitter:site\" content=\"@uruloki\" \/>\n<meta name=\"twitter:label1\" content=\"Escrito por\" \/>\n\t<meta name=\"twitter:data1\" content=\"Uruloki\" \/>\n\t<meta name=\"twitter:label2\" content=\"Tiempo de lectura\" \/>\n\t<meta name=\"twitter:data2\" content=\"1 minuto\" \/>\n<script type=\"application\/ld+json\" class=\"yoast-schema-graph\">{\"@context\":\"https:\/\/schema.org\",\"@graph\":[{\"@type\":\"WebPage\",\"@id\":\"https:\/\/www.uruloki.org\/felipeblog\/cine-de-comics\/daniel-bruhl-se-adentra-en-captain-america-civil-war-como-el-gran-villano-y-quin\",\"url\":\"https:\/\/www.uruloki.org\/felipeblog\/cine-de-comics\/daniel-bruhl-se-adentra-en-captain-america-civil-war-como-el-gran-villano-y-quin\",\"name\":\"Daniel Br\u00fchl se adentra en Captain America: Civil War como \u00bfel gran villano?, \u00bfy qui\u00e9n?...\",\"isPartOf\":{\"@id\":\"https:\/\/www.uruloki.org\/felipeblog\/#website\"},\"primaryImageOfPage\":{\"@id\":\"https:\/\/www.uruloki.org\/felipeblog\/cine-de-comics\/daniel-bruhl-se-adentra-en-captain-america-civil-war-como-el-gran-villano-y-quin#primaryimage\"},\"image\":{\"@id\":\"https:\/\/www.uruloki.org\/felipeblog\/cine-de-comics\/daniel-bruhl-se-adentra-en-captain-america-civil-war-como-el-gran-villano-y-quin#primaryimage\"},\"thumbnailUrl\":\"https:\/\/uruloki.org\/felipeblog\/images2014-1\/20141114-danielbruhl.jpg\",\"datePublished\":\"2014-11-14T22:28:52+00:00\",\"dateModified\":\"2014-11-14T22:41:22+00:00\",\"author\":{\"@id\":\"https:\/\/www.uruloki.org\/felipeblog\/#\/schema\/person\/ddba06ddaa27edf0c370460d05c51bb3\"},\"description\":\"Anuncio de Marvel Studios de ahora mismo. El medio alem\u00e1n medio espa\u00f1ol Daniel Br\u00fchl pasa a formar parte del reparto de Captain America: Civil War (2016).\",\"breadcrumb\":{\"@id\":\"https:\/\/www.uruloki.org\/felipeblog\/cine-de-comics\/daniel-bruhl-se-adentra-en-captain-america-civil-war-como-el-gran-villano-y-quin#breadcrumb\"},\"inLanguage\":\"es\",\"potentialAction\":[{\"@type\":\"ReadAction\",\"target\":[\"https:\/\/www.uruloki.org\/felipeblog\/cine-de-comics\/daniel-bruhl-se-adentra-en-captain-america-civil-war-como-el-gran-villano-y-quin\"]}]},{\"@type\":\"ImageObject\",\"inLanguage\":\"es\",\"@id\":\"https:\/\/www.uruloki.org\/felipeblog\/cine-de-comics\/daniel-bruhl-se-adentra-en-captain-america-civil-war-como-el-gran-villano-y-quin#primaryimage\",\"url\":\"https:\/\/uruloki.org\/felipeblog\/images2014-1\/20141114-danielbruhl.jpg\",\"contentUrl\":\"https:\/\/uruloki.org\/felipeblog\/images2014-1\/20141114-danielbruhl.jpg\"},{\"@type\":\"BreadcrumbList\",\"@id\":\"https:\/\/www.uruloki.org\/felipeblog\/cine-de-comics\/daniel-bruhl-se-adentra-en-captain-america-civil-war-como-el-gran-villano-y-quin#breadcrumb\",\"itemListElement\":[{\"@type\":\"ListItem\",\"position\":1,\"name\":\"Portada\",\"item\":\"https:\/\/www.uruloki.org\/felipeblog\"},{\"@type\":\"ListItem\",\"position\":2,\"name\":\"\u00daLTIMA HORA! Daniel Br&uuml;hl se adentra en Captain America: Civil War como &iquest;el gran villano?, &iquest;y qui&eacute;n?&#8230;\"}]},{\"@type\":\"WebSite\",\"@id\":\"https:\/\/www.uruloki.org\/felipeblog\/#website\",\"url\":\"https:\/\/www.uruloki.org\/felipeblog\/\",\"name\":\"Uruloki :: Blog\",\"description\":\"Blog de cine, terror, ciencia ficci\u00f3n, fantas\u00eda y c\u00f3mics\",\"potentialAction\":[{\"@type\":\"SearchAction\",\"target\":{\"@type\":\"EntryPoint\",\"urlTemplate\":\"https:\/\/www.uruloki.org\/felipeblog\/?s={search_term_string}\"},\"query-input\":{\"@type\":\"PropertyValueSpecification\",\"valueRequired\":true,\"valueName\":\"search_term_string\"}}],\"inLanguage\":\"es\"},{\"@type\":\"Person\",\"@id\":\"https:\/\/www.uruloki.org\/felipeblog\/#\/schema\/person\/ddba06ddaa27edf0c370460d05c51bb3\",\"name\":\"Uruloki\",\"image\":{\"@type\":\"ImageObject\",\"inLanguage\":\"es\",\"@id\":\"https:\/\/www.uruloki.org\/felipeblog\/#\/schema\/person\/image\/\",\"url\":\"https:\/\/secure.gravatar.com\/avatar\/68d5301c5f52ba88fd63f02c75b8c4d1b3c3fc4b21e2998a1e98c4b3a54d9f7c?s=96&d=mm&r=g\",\"contentUrl\":\"https:\/\/secure.gravatar.com\/avatar\/68d5301c5f52ba88fd63f02c75b8c4d1b3c3fc4b21e2998a1e98c4b3a54d9f7c?s=96&d=mm&r=g\",\"caption\":\"Uruloki\"},\"sameAs\":[\"https:\/\/uruloki.org\"],\"url\":\"https:\/\/www.uruloki.org\/felipeblog\/author\/admin-2-2-2\"}]}<\/script>\n<!-- \/ Yoast SEO plugin. -->","yoast_head_json":{"title":"Daniel Br\u00fchl se adentra en Captain America: Civil War como \u00bfel gran villano?, \u00bfy qui\u00e9n?...","description":"Anuncio de Marvel Studios de ahora mismo. El medio alem\u00e1n medio espa\u00f1ol Daniel Br\u00fchl pasa a formar parte del reparto de Captain America: Civil War (2016).","robots":{"index":"index","follow":"follow","max-snippet":"max-snippet:-1","max-image-preview":"max-image-preview:large","max-video-preview":"max-video-preview:-1"},"canonical":"https:\/\/www.uruloki.org\/felipeblog\/cine-de-comics\/daniel-bruhl-se-adentra-en-captain-america-civil-war-como-el-gran-villano-y-quin","og_locale":"es_ES","og_type":"article","og_title":"Daniel Br\u00fchl se adentra en Captain America: Civil War como \u00bfel gran villano?, \u00bfy qui\u00e9n?...","og_description":"Anuncio de Marvel Studios de ahora mismo. El medio alem\u00e1n medio espa\u00f1ol Daniel Br\u00fchl pasa a formar parte del reparto de Captain America: Civil War (2016).","og_url":"https:\/\/www.uruloki.org\/felipeblog\/cine-de-comics\/daniel-bruhl-se-adentra-en-captain-america-civil-war-como-el-gran-villano-y-quin","og_site_name":"Uruloki :: Blog","article_publisher":"https:\/\/www.facebook.com\/uruloki.org","article_published_time":"2014-11-14T22:28:52+00:00","article_modified_time":"2014-11-14T22:41:22+00:00","og_image":[{"url":"https:\/\/uruloki.org\/felipeblog\/images2014-1\/20141114-danielbruhl.jpg","type":"","width":"","height":""}],"author":"Uruloki","twitter_card":"summary_large_image","twitter_creator":"@uruloki","twitter_site":"@uruloki","twitter_misc":{"Escrito por":"Uruloki","Tiempo de lectura":"1 minuto"},"schema":{"@context":"https:\/\/schema.org","@graph":[{"@type":"WebPage","@id":"https:\/\/www.uruloki.org\/felipeblog\/cine-de-comics\/daniel-bruhl-se-adentra-en-captain-america-civil-war-como-el-gran-villano-y-quin","url":"https:\/\/www.uruloki.org\/felipeblog\/cine-de-comics\/daniel-bruhl-se-adentra-en-captain-america-civil-war-como-el-gran-villano-y-quin","name":"Daniel Br\u00fchl se adentra en Captain America: Civil War como \u00bfel gran villano?, \u00bfy qui\u00e9n?...","isPartOf":{"@id":"https:\/\/www.uruloki.org\/felipeblog\/#website"},"primaryImageOfPage":{"@id":"https:\/\/www.uruloki.org\/felipeblog\/cine-de-comics\/daniel-bruhl-se-adentra-en-captain-america-civil-war-como-el-gran-villano-y-quin#primaryimage"},"image":{"@id":"https:\/\/www.uruloki.org\/felipeblog\/cine-de-comics\/daniel-bruhl-se-adentra-en-captain-america-civil-war-como-el-gran-villano-y-quin#primaryimage"},"thumbnailUrl":"https:\/\/uruloki.org\/felipeblog\/images2014-1\/20141114-danielbruhl.jpg","datePublished":"2014-11-14T22:28:52+00:00","dateModified":"2014-11-14T22:41:22+00:00","author":{"@id":"https:\/\/www.uruloki.org\/felipeblog\/#\/schema\/person\/ddba06ddaa27edf0c370460d05c51bb3"},"description":"Anuncio de Marvel Studios de ahora mismo. El medio alem\u00e1n medio espa\u00f1ol Daniel Br\u00fchl pasa a formar parte del reparto de Captain America: Civil War (2016).","breadcrumb":{"@id":"https:\/\/www.uruloki.org\/felipeblog\/cine-de-comics\/daniel-bruhl-se-adentra-en-captain-america-civil-war-como-el-gran-villano-y-quin#breadcrumb"},"inLanguage":"es","potentialAction":[{"@type":"ReadAction","target":["https:\/\/www.uruloki.org\/felipeblog\/cine-de-comics\/daniel-bruhl-se-adentra-en-captain-america-civil-war-como-el-gran-villano-y-quin"]}]},{"@type":"ImageObject","inLanguage":"es","@id":"https:\/\/www.uruloki.org\/felipeblog\/cine-de-comics\/daniel-bruhl-se-adentra-en-captain-america-civil-war-como-el-gran-villano-y-quin#primaryimage","url":"https:\/\/uruloki.org\/felipeblog\/images2014-1\/20141114-danielbruhl.jpg","contentUrl":"https:\/\/uruloki.org\/felipeblog\/images2014-1\/20141114-danielbruhl.jpg"},{"@type":"BreadcrumbList","@id":"https:\/\/www.uruloki.org\/felipeblog\/cine-de-comics\/daniel-bruhl-se-adentra-en-captain-america-civil-war-como-el-gran-villano-y-quin#breadcrumb","itemListElement":[{"@type":"ListItem","position":1,"name":"Portada","item":"https:\/\/www.uruloki.org\/felipeblog"},{"@type":"ListItem","position":2,"name":"\u00daLTIMA HORA! Daniel Br&uuml;hl se adentra en Captain America: Civil War como &iquest;el gran villano?, &iquest;y qui&eacute;n?&#8230;"}]},{"@type":"WebSite","@id":"https:\/\/www.uruloki.org\/felipeblog\/#website","url":"https:\/\/www.uruloki.org\/felipeblog\/","name":"Uruloki :: Blog","description":"Blog de cine, terror, ciencia ficci\u00f3n, fantas\u00eda y c\u00f3mics","potentialAction":[{"@type":"SearchAction","target":{"@type":"EntryPoint","urlTemplate":"https:\/\/www.uruloki.org\/felipeblog\/?s={search_term_string}"},"query-input":{"@type":"PropertyValueSpecification","valueRequired":true,"valueName":"search_term_string"}}],"inLanguage":"es"},{"@type":"Person","@id":"https:\/\/www.uruloki.org\/felipeblog\/#\/schema\/person\/ddba06ddaa27edf0c370460d05c51bb3","name":"Uruloki","image":{"@type":"ImageObject","inLanguage":"es","@id":"https:\/\/www.uruloki.org\/felipeblog\/#\/schema\/person\/image\/","url":"https:\/\/secure.gravatar.com\/avatar\/68d5301c5f52ba88fd63f02c75b8c4d1b3c3fc4b21e2998a1e98c4b3a54d9f7c?s=96&d=mm&r=g","contentUrl":"https:\/\/secure.gravatar.com\/avatar\/68d5301c5f52ba88fd63f02c75b8c4d1b3c3fc4b21e2998a1e98c4b3a54d9f7c?s=96&d=mm&r=g","caption":"Uruloki"},"sameAs":["https:\/\/uruloki.org"],"url":"https:\/\/www.uruloki.org\/felipeblog\/author\/admin-2-2-2"}]}},"_links":{"self":[{"href":"https:\/\/www.uruloki.org\/felipeblog\/wp-json\/wp\/v2\/posts\/13759","targetHints":{"allow":["GET"]}}],"collection":[{"href":"https:\/\/www.uruloki.org\/felipeblog\/wp-json\/wp\/v2\/posts"}],"about":[{"href":"https:\/\/www.uruloki.org\/felipeblog\/wp-json\/wp\/v2\/types\/post"}],"author":[{"embeddable":true,"href":"https:\/\/www.uruloki.org\/felipeblog\/wp-json\/wp\/v2\/users\/28"}],"replies":[{"embeddable":true,"href":"https:\/\/www.uruloki.org\/felipeblog\/wp-json\/wp\/v2\/comments?post=13759"}],"version-history":[{"count":3,"href":"https:\/\/www.uruloki.org\/felipeblog\/wp-json\/wp\/v2\/posts\/13759\/revisions"}],"predecessor-version":[{"id":13762,"href":"https:\/\/www.uruloki.org\/felipeblog\/wp-json\/wp\/v2\/posts\/13759\/revisions\/13762"}],"wp:attachment":[{"href":"https:\/\/www.uruloki.org\/felipeblog\/wp-json\/wp\/v2\/media?parent=13759"}],"wp:term":[{"taxonomy":"category","embeddable":true,"href":"https:\/\/www.uruloki.org\/felipeblog\/wp-json\/wp\/v2\/categories?post=13759"},{"taxonomy":"post_tag","embeddable":true,"href":"https:\/\/www.uruloki.org\/felipeblog\/wp-json\/wp\/v2\/tags?post=13759"}],"curies":[{"name":"wp","href":"https:\/\/api.w.org\/{rel}","templated":true}]}}